{"id":16997,"date":"2014-11-18T13:46:42","date_gmt":"2014-11-18T12:46:42","guid":{"rendered":"http:\/\/destinocastillayleon.es\/index\/?p=16997"},"modified":"2014-11-18T14:05:27","modified_gmt":"2014-11-18T13:05:27","slug":"ranking-los-10-rincones-imprescindibles-de-avila","status":"publish","type":"post","link":"https:\/\/destinocastillayleon.es\/index\/ranking-los-10-rincones-imprescindibles-de-avila\/","title":{"rendered":"Ranking: Los 10 rincones imprescindibles de \u00c1vila"},"content":{"rendered":"<p>La semana pasada lanzamos un <strong><a href=\"https:\/\/www.facebook.com\/DestinoCastillaYLeon\/app_79458893817\">concurso en Facebook<\/a><\/strong>\u00a0con la siguiente pregunta: <strong>\u00bfCu\u00e1l es tu rinc\u00f3n favorito de \u00c1vila? <\/strong>Los participantes nos han dado muchas pistas para realizar este ranking de los 10 lugares \u00abimprescindibles\u00bb de \u00c1vila, recomendados por nuestros lectores.<\/p>\n<blockquote>\n<p style=\"text-align: justify;\"><strong>A\u00fan est\u00e1s a tiempo de participar y llevarte uno de los 2 men\u00fas de tapeo en <a href=\"http:\/\/www.5restaurante.com\/cincorestaurante\/\">5 restaurante<\/a>\u00a0que sortearemos el 24 de noviembre. <\/strong><\/p>\n<\/blockquote>\n<h2 style=\"text-align: justify;\"><strong>Aqu\u00ed va este particular ranking!\u00a0<\/strong><\/h2>\n<h5><strong>1 Murallas: <\/strong>34 puntos.<\/h5>\n<h5><strong>2 Mirador de los cuatro postes:\u00a0<\/strong> 18 puntos.<\/h5>\n<h5><strong>3 Puerta del Alcazar: <\/strong>18 puntos.<\/h5>\n<h5><strong>4 La Catedral de \u00c1vila: <\/strong>17 puntos.<\/h5>\n<h5><strong>5 Iglesia Monasterio de Santo Tom\u00e1s: <\/strong>16 puntos.<\/h5>\n<h5><strong> 6 Puerta de la Encarnaci\u00f3n: <\/strong>15 puntos.<\/h5>\n<h5><strong>7 Paseo del rastro: <\/strong>14 puntos.<\/h5>\n<h5><strong>8 Bas\u00edlica de San Vicente: <\/strong>13 puntos.<\/h5>\n<h5><strong>9 Plaza del Mercado Grande: <\/strong>13 puntos.<\/h5>\n<p><strong>Y la posici\u00f3n 10 hay un empate a 12 puntos entre:<\/strong><\/p>\n<p><strong>&#8211; Circulo de Gredos<\/strong><\/p>\n<p><strong>&#8211; Plaza del Mercado chico<\/strong><\/p>\n<p><strong>&#8211; Arenas de San Pedro<\/strong><\/p>\n<p><strong>&#8211; Museo de la M\u00edstica<\/strong><\/p>\n<h2><strong>Se quedan fuera del ranking&#8230;.<\/strong><\/h2>\n<p><strong>Casillas <\/strong><\/p>\n<p><strong>Hoyocasero<\/strong><\/p>\n<p><strong>Hoyos del Espino<\/strong><\/p>\n<p><strong>Castillo de Malqueospese<\/strong><\/p>\n<p><strong>Piedralves<\/strong><\/p>\n<p><strong>Ermita de Sonsoloes<\/strong><\/p>\n<p><strong>El Barco de \u00c1vila<\/strong><\/p>\n<p><strong>El Tiemblo<\/strong><\/p>\n<p><strong>Presa de Fuentes Claras<\/strong><\/p>\n<p><strong>Ar\u00e9valo<\/strong><\/p>\n<p><strong>Valle del Tietar<\/strong><\/p>\n<p><strong>Ayuda a estos rincones a salir en el ranking. \u00a1Vota por tu favorito! \ud83d\ude09\u00a0<\/strong><br \/>\n<center><iframe src=\"http:\/\/bcdn.easypromosapp.com\/widget\/172561?ep1=widget&amp;ep2=embed\" width=\"640\" height=\"500\" frameborder=\"0\"><\/iframe><\/center><\/p>\n<p>&nbsp;<\/p>\n<p><strong>Tambi\u00e9n te puede interesar&#8230;<\/strong><\/p>\n<p><strong>&#8211;\u00a0<a href=\"http:\/\/destinocastillayleon.es\/index\/nuevo-sorteo-rincones-de-avila\/\">\u00a1Nuevo sorteo! \u00bfCu\u00e1l es tu rinc\u00f3n favorito de #\u00c1vila?<\/a><\/strong><\/p>\n<p><strong>&#8211;\u00a0<a href=\"http:\/\/destinocastillayleon.es\/index\/5-restaurante-una-nueva-propuesta-gastronomica-en-avila\/\">5 restaurante, una nueva propuesta gastron\u00f3mica en \u00c1vila<\/a><\/strong><\/p>\n<p><strong>&#8211;\u00a0<a href=\"http:\/\/destinocastillayleon.es\/index\/los-rincones-mas-impactantes-de-avila-visita-guiada\/\">Visita Guiada por \u00c1vila recorriendo sus rincones m\u00e1s impactantes<\/a><\/strong><\/p>\n<p><strong>&#8211;\u00a0<a href=\"http:\/\/destinocastillayleon.es\/index\/7-hitos-de-la-gastronomia-tipica-de-avila\/\">7 hitos de la gastronom\u00eda de \u00c1vila t\u00edpica<\/a><\/strong><\/p>\n","protected":false},"excerpt":{"rendered":"<p>Ranking los 10 rincones imprescindibles de \u00c1vila votados por nuestros lectores<\/p>\n","protected":false},"author":14,"featured_media":16998,"comment_status":"open","ping_status":"closed","sticky":false,"template":"","format":"standard","meta":{"rop_custom_images_group":[],"rop_custom_messages_group":[],"rop_publish_now":"initial","rop_publish_now_accounts":{"twitter_1150954226_1150954226":""},"rop_publish_now_history":[],"rop_publish_now_status":"pending","footnotes":""},"categories":[62,68],"tags":[692,3964,666],"class_list":["post-16997","post","type-post","status-publish","format-standard","has-post-thumbnail","hentry","category-avila","category-post_inicial","tag-que-ver-en-avila","tag-sitios-con-encanto-en-avila","tag-turismo-en-avila"],"yoast_head":"<!-- This site is optimized with the Yoast SEO Premium plugin v20.4 (Yoast SEO v27.4) - https:\/\/yoast.com\/product\/yoast-seo-premium-wordpress\/ -->\n<title>Ranking los 10 rincones imprescindibles de \u00c1vila<\/title>\n<meta name=\"description\" content=\"Ranking los 10 rincones imprescindibles de \u00c1vila votados por nuestros lectores\" \/>\n<meta name=\"robots\" content=\"index, follow, max-snippet:-1, max-image-preview:large, max-video-preview:-1\" \/>\n<link rel=\"canonical\" href=\"https:\/\/destinocastillayleon.es\/index\/ranking-los-10-rincones-imprescindibles-de-avila\/\" \/>\n<meta property=\"og:locale\" content=\"es_ES\" \/>\n<meta property=\"og:type\" content=\"article\" \/>\n<meta property=\"og:title\" content=\"Ranking: Los 10 rincones imprescindibles de \u00c1vila\" \/>\n<meta property=\"og:description\" content=\"Ranking los 10 rincones imprescindibles de \u00c1vila votados por nuestros lectores \u00a1Vota por tu favorito!\" \/>\n<meta property=\"og:url\" content=\"https:\/\/destinocastillayleon.es\/index\/ranking-los-10-rincones-imprescindibles-de-avila\/\" \/>\n<meta property=\"og:site_name\" content=\"Destino Castilla y Le\u00f3n\" \/>\n<meta property=\"article:publisher\" content=\"https:\/\/www.facebook.com\/DestinoCastillaYLeon\/\" \/>\n<meta property=\"article:published_time\" content=\"2014-11-18T12:46:42+00:00\" \/>\n<meta property=\"article:modified_time\" content=\"2014-11-18T13:05:27+00:00\" \/>\n<meta property=\"og:image\" content=\"https:\/\/destinocastillayleon.es\/index\/wp-content\/uploads\/2014\/11\/Avila-rincon-favorito.jpg\" \/>\n\t<meta property=\"og:image:width\" content=\"794\" \/>\n\t<meta property=\"og:image:height\" content=\"531\" \/>\n\t<meta property=\"og:image:type\" content=\"image\/jpeg\" \/>\n<meta name=\"author\" content=\"Destino CyL\" \/>\n<meta name=\"twitter:card\" content=\"summary_large_image\" \/>\n<meta name=\"twitter:creator\" content=\"@destinocyl\" \/>\n<meta name=\"twitter:site\" content=\"@destinocyl\" \/>\n<meta name=\"twitter:label1\" content=\"Escrito por\" \/>\n\t<meta name=\"twitter:data1\" content=\"Destino CyL\" \/>\n\t<meta name=\"twitter:label2\" content=\"Tiempo de lectura\" \/>\n\t<meta name=\"twitter:data2\" content=\"1 minuto\" \/>\n<script type=\"application\/ld+json\" class=\"yoast-schema-graph\">{\"@context\":\"https:\\\/\\\/schema.org\",\"@graph\":[{\"@type\":\"Article\",\"@id\":\"https:\\\/\\\/destinocastillayleon.es\\\/index\\\/ranking-los-10-rincones-imprescindibles-de-avila\\\/#article\",\"isPartOf\":{\"@id\":\"https:\\\/\\\/destinocastillayleon.es\\\/index\\\/ranking-los-10-rincones-imprescindibles-de-avila\\\/\"},\"author\":{\"name\":\"Destino CyL\",\"@id\":\"https:\\\/\\\/destinocastillayleon.es\\\/index\\\/#\\\/schema\\\/person\\\/820bc853671969462e3e479c4ef6f253\"},\"headline\":\"Ranking: Los 10 rincones imprescindibles de \u00c1vila\",\"datePublished\":\"2014-11-18T12:46:42+00:00\",\"dateModified\":\"2014-11-18T13:05:27+00:00\",\"mainEntityOfPage\":{\"@id\":\"https:\\\/\\\/destinocastillayleon.es\\\/index\\\/ranking-los-10-rincones-imprescindibles-de-avila\\\/\"},\"wordCount\":246,\"commentCount\":4,\"image\":{\"@id\":\"https:\\\/\\\/destinocastillayleon.es\\\/index\\\/ranking-los-10-rincones-imprescindibles-de-avila\\\/#primaryimage\"},\"thumbnailUrl\":\"https:\\\/\\\/destinocastillayleon.es\\\/index\\\/wp-content\\\/uploads\\\/2014\\\/11\\\/Avila-rincon-favorito.jpg\",\"keywords\":[\"Qu\u00e9 ver en \u00c1vila\",\"sitios con encanto en \u00c1vila\",\"Turismo en \u00c1vila\"],\"articleSection\":[\"Avila\",\"Post_inicial\"],\"inLanguage\":\"es\",\"potentialAction\":[{\"@type\":\"CommentAction\",\"name\":\"Comment\",\"target\":[\"https:\\\/\\\/destinocastillayleon.es\\\/index\\\/ranking-los-10-rincones-imprescindibles-de-avila\\\/#respond\"]}]},{\"@type\":\"WebPage\",\"@id\":\"https:\\\/\\\/destinocastillayleon.es\\\/index\\\/ranking-los-10-rincones-imprescindibles-de-avila\\\/\",\"url\":\"https:\\\/\\\/destinocastillayleon.es\\\/index\\\/ranking-los-10-rincones-imprescindibles-de-avila\\\/\",\"name\":\"Ranking los 10 rincones imprescindibles de \u00c1vila\",\"isPartOf\":{\"@id\":\"https:\\\/\\\/destinocastillayleon.es\\\/index\\\/#website\"},\"primaryImageOfPage\":{\"@id\":\"https:\\\/\\\/destinocastillayleon.es\\\/index\\\/ranking-los-10-rincones-imprescindibles-de-avila\\\/#primaryimage\"},\"image\":{\"@id\":\"https:\\\/\\\/destinocastillayleon.es\\\/index\\\/ranking-los-10-rincones-imprescindibles-de-avila\\\/#primaryimage\"},\"thumbnailUrl\":\"https:\\\/\\\/destinocastillayleon.es\\\/index\\\/wp-content\\\/uploads\\\/2014\\\/11\\\/Avila-rincon-favorito.jpg\",\"datePublished\":\"2014-11-18T12:46:42+00:00\",\"dateModified\":\"2014-11-18T13:05:27+00:00\",\"author\":{\"@id\":\"https:\\\/\\\/destinocastillayleon.es\\\/index\\\/#\\\/schema\\\/person\\\/820bc853671969462e3e479c4ef6f253\"},\"description\":\"Ranking los 10 rincones imprescindibles de \u00c1vila votados por nuestros lectores\",\"breadcrumb\":{\"@id\":\"https:\\\/\\\/destinocastillayleon.es\\\/index\\\/ranking-los-10-rincones-imprescindibles-de-avila\\\/#breadcrumb\"},\"inLanguage\":\"es\",\"potentialAction\":[{\"@type\":\"ReadAction\",\"target\":[\"https:\\\/\\\/destinocastillayleon.es\\\/index\\\/ranking-los-10-rincones-imprescindibles-de-avila\\\/\"]}]},{\"@type\":\"ImageObject\",\"inLanguage\":\"es\",\"@id\":\"https:\\\/\\\/destinocastillayleon.es\\\/index\\\/ranking-los-10-rincones-imprescindibles-de-avila\\\/#primaryimage\",\"url\":\"https:\\\/\\\/destinocastillayleon.es\\\/index\\\/wp-content\\\/uploads\\\/2014\\\/11\\\/Avila-rincon-favorito.jpg\",\"contentUrl\":\"https:\\\/\\\/destinocastillayleon.es\\\/index\\\/wp-content\\\/uploads\\\/2014\\\/11\\\/Avila-rincon-favorito.jpg\",\"width\":794,\"height\":531},{\"@type\":\"BreadcrumbList\",\"@id\":\"https:\\\/\\\/destinocastillayleon.es\\\/index\\\/ranking-los-10-rincones-imprescindibles-de-avila\\\/#breadcrumb\",\"itemListElement\":[{\"@type\":\"ListItem\",\"position\":1,\"name\":\"Portada\",\"item\":\"https:\\\/\\\/destinocastillayleon.es\\\/index\\\/\"},{\"@type\":\"ListItem\",\"position\":2,\"name\":\"Ranking: Los 10 rincones imprescindibles de \u00c1vila\"}]},{\"@type\":\"WebSite\",\"@id\":\"https:\\\/\\\/destinocastillayleon.es\\\/index\\\/#website\",\"url\":\"https:\\\/\\\/destinocastillayleon.es\\\/index\\\/\",\"name\":\"Destino Castilla y Le\u00f3n\",\"description\":\"Medio digital independiente y revista de Castilla y Le\u00f3n dedicado al turismo, gastronom\u00eda y vino de Castilla y Le\u00f3n\",\"potentialAction\":[{\"@type\":\"SearchAction\",\"target\":{\"@type\":\"EntryPoint\",\"urlTemplate\":\"https:\\\/\\\/destinocastillayleon.es\\\/index\\\/?s={search_term_string}\"},\"query-input\":{\"@type\":\"PropertyValueSpecification\",\"valueRequired\":true,\"valueName\":\"search_term_string\"}}],\"inLanguage\":\"es\"},{\"@type\":\"Person\",\"@id\":\"https:\\\/\\\/destinocastillayleon.es\\\/index\\\/#\\\/schema\\\/person\\\/820bc853671969462e3e479c4ef6f253\",\"name\":\"Destino CyL\",\"image\":{\"@type\":\"ImageObject\",\"inLanguage\":\"es\",\"@id\":\"https:\\\/\\\/secure.gravatar.com\\\/avatar\\\/3ab58882c96a1f667e4b7004a344de8a7e22e7396dda91bd580baf77b48c2711?s=96&d=mm&r=g\",\"url\":\"https:\\\/\\\/secure.gravatar.com\\\/avatar\\\/3ab58882c96a1f667e4b7004a344de8a7e22e7396dda91bd580baf77b48c2711?s=96&d=mm&r=g\",\"contentUrl\":\"https:\\\/\\\/secure.gravatar.com\\\/avatar\\\/3ab58882c96a1f667e4b7004a344de8a7e22e7396dda91bd580baf77b48c2711?s=96&d=mm&r=g\",\"caption\":\"Destino CyL\"},\"description\":\"Equipo de redacci\u00f3n de Destino Castilla y Le\u00f3n\",\"sameAs\":[\"http:\\\/\\\/www.destinocastillayleon.es\"],\"url\":\"https:\\\/\\\/destinocastillayleon.es\\\/index\\\/author\\\/administrador\\\/\"}]}<\/script>\n<!-- \/ Yoast SEO Premium plugin. -->","yoast_head_json":{"title":"Ranking los 10 rincones imprescindibles de \u00c1vila","description":"Ranking los 10 rincones imprescindibles de \u00c1vila votados por nuestros lectores","robots":{"index":"index","follow":"follow","max-snippet":"max-snippet:-1","max-image-preview":"max-image-preview:large","max-video-preview":"max-video-preview:-1"},"canonical":"https:\/\/destinocastillayleon.es\/index\/ranking-los-10-rincones-imprescindibles-de-avila\/","og_locale":"es_ES","og_type":"article","og_title":"Ranking: Los 10 rincones imprescindibles de \u00c1vila","og_description":"Ranking los 10 rincones imprescindibles de \u00c1vila votados por nuestros lectores \u00a1Vota por tu favorito!","og_url":"https:\/\/destinocastillayleon.es\/index\/ranking-los-10-rincones-imprescindibles-de-avila\/","og_site_name":"Destino Castilla y Le\u00f3n","article_publisher":"https:\/\/www.facebook.com\/DestinoCastillaYLeon\/","article_published_time":"2014-11-18T12:46:42+00:00","article_modified_time":"2014-11-18T13:05:27+00:00","og_image":[{"width":794,"height":531,"url":"https:\/\/destinocastillayleon.es\/index\/wp-content\/uploads\/2014\/11\/Avila-rincon-favorito.jpg","type":"image\/jpeg"}],"author":"Destino CyL","twitter_card":"summary_large_image","twitter_creator":"@destinocyl","twitter_site":"@destinocyl","twitter_misc":{"Escrito por":"Destino CyL","Tiempo de lectura":"1 minuto"},"schema":{"@context":"https:\/\/schema.org","@graph":[{"@type":"Article","@id":"https:\/\/destinocastillayleon.es\/index\/ranking-los-10-rincones-imprescindibles-de-avila\/#article","isPartOf":{"@id":"https:\/\/destinocastillayleon.es\/index\/ranking-los-10-rincones-imprescindibles-de-avila\/"},"author":{"name":"Destino CyL","@id":"https:\/\/destinocastillayleon.es\/index\/#\/schema\/person\/820bc853671969462e3e479c4ef6f253"},"headline":"Ranking: Los 10 rincones imprescindibles de \u00c1vila","datePublished":"2014-11-18T12:46:42+00:00","dateModified":"2014-11-18T13:05:27+00:00","mainEntityOfPage":{"@id":"https:\/\/destinocastillayleon.es\/index\/ranking-los-10-rincones-imprescindibles-de-avila\/"},"wordCount":246,"commentCount":4,"image":{"@id":"https:\/\/destinocastillayleon.es\/index\/ranking-los-10-rincones-imprescindibles-de-avila\/#primaryimage"},"thumbnailUrl":"https:\/\/destinocastillayleon.es\/index\/wp-content\/uploads\/2014\/11\/Avila-rincon-favorito.jpg","keywords":["Qu\u00e9 ver en \u00c1vila","sitios con encanto en \u00c1vila","Turismo en \u00c1vila"],"articleSection":["Avila","Post_inicial"],"inLanguage":"es","potentialAction":[{"@type":"CommentAction","name":"Comment","target":["https:\/\/destinocastillayleon.es\/index\/ranking-los-10-rincones-imprescindibles-de-avila\/#respond"]}]},{"@type":"WebPage","@id":"https:\/\/destinocastillayleon.es\/index\/ranking-los-10-rincones-imprescindibles-de-avila\/","url":"https:\/\/destinocastillayleon.es\/index\/ranking-los-10-rincones-imprescindibles-de-avila\/","name":"Ranking los 10 rincones imprescindibles de \u00c1vila","isPartOf":{"@id":"https:\/\/destinocastillayleon.es\/index\/#website"},"primaryImageOfPage":{"@id":"https:\/\/destinocastillayleon.es\/index\/ranking-los-10-rincones-imprescindibles-de-avila\/#primaryimage"},"image":{"@id":"https:\/\/destinocastillayleon.es\/index\/ranking-los-10-rincones-imprescindibles-de-avila\/#primaryimage"},"thumbnailUrl":"https:\/\/destinocastillayleon.es\/index\/wp-content\/uploads\/2014\/11\/Avila-rincon-favorito.jpg","datePublished":"2014-11-18T12:46:42+00:00","dateModified":"2014-11-18T13:05:27+00:00","author":{"@id":"https:\/\/destinocastillayleon.es\/index\/#\/schema\/person\/820bc853671969462e3e479c4ef6f253"},"description":"Ranking los 10 rincones imprescindibles de \u00c1vila votados por nuestros lectores","breadcrumb":{"@id":"https:\/\/destinocastillayleon.es\/index\/ranking-los-10-rincones-imprescindibles-de-avila\/#breadcrumb"},"inLanguage":"es","potentialAction":[{"@type":"ReadAction","target":["https:\/\/destinocastillayleon.es\/index\/ranking-los-10-rincones-imprescindibles-de-avila\/"]}]},{"@type":"ImageObject","inLanguage":"es","@id":"https:\/\/destinocastillayleon.es\/index\/ranking-los-10-rincones-imprescindibles-de-avila\/#primaryimage","url":"https:\/\/destinocastillayleon.es\/index\/wp-content\/uploads\/2014\/11\/Avila-rincon-favorito.jpg","contentUrl":"https:\/\/destinocastillayleon.es\/index\/wp-content\/uploads\/2014\/11\/Avila-rincon-favorito.jpg","width":794,"height":531},{"@type":"BreadcrumbList","@id":"https:\/\/destinocastillayleon.es\/index\/ranking-los-10-rincones-imprescindibles-de-avila\/#breadcrumb","itemListElement":[{"@type":"ListItem","position":1,"name":"Portada","item":"https:\/\/destinocastillayleon.es\/index\/"},{"@type":"ListItem","position":2,"name":"Ranking: Los 10 rincones imprescindibles de \u00c1vila"}]},{"@type":"WebSite","@id":"https:\/\/destinocastillayleon.es\/index\/#website","url":"https:\/\/destinocastillayleon.es\/index\/","name":"Destino Castilla y Le\u00f3n","description":"Medio digital independiente y revista de Castilla y Le\u00f3n dedicado al turismo, gastronom\u00eda y vino de Castilla y Le\u00f3n","potentialAction":[{"@type":"SearchAction","target":{"@type":"EntryPoint","urlTemplate":"https:\/\/destinocastillayleon.es\/index\/?s={search_term_string}"},"query-input":{"@type":"PropertyValueSpecification","valueRequired":true,"valueName":"search_term_string"}}],"inLanguage":"es"},{"@type":"Person","@id":"https:\/\/destinocastillayleon.es\/index\/#\/schema\/person\/820bc853671969462e3e479c4ef6f253","name":"Destino CyL","image":{"@type":"ImageObject","inLanguage":"es","@id":"https:\/\/secure.gravatar.com\/avatar\/3ab58882c96a1f667e4b7004a344de8a7e22e7396dda91bd580baf77b48c2711?s=96&d=mm&r=g","url":"https:\/\/secure.gravatar.com\/avatar\/3ab58882c96a1f667e4b7004a344de8a7e22e7396dda91bd580baf77b48c2711?s=96&d=mm&r=g","contentUrl":"https:\/\/secure.gravatar.com\/avatar\/3ab58882c96a1f667e4b7004a344de8a7e22e7396dda91bd580baf77b48c2711?s=96&d=mm&r=g","caption":"Destino CyL"},"description":"Equipo de redacci\u00f3n de Destino Castilla y Le\u00f3n","sameAs":["http:\/\/www.destinocastillayleon.es"],"url":"https:\/\/destinocastillayleon.es\/index\/author\/administrador\/"}]}},"_links":{"self":[{"href":"https:\/\/destinocastillayleon.es\/index\/wp-json\/wp\/v2\/posts\/16997","targetHints":{"allow":["GET"]}}],"collection":[{"href":"https:\/\/destinocastillayleon.es\/index\/wp-json\/wp\/v2\/posts"}],"about":[{"href":"https:\/\/destinocastillayleon.es\/index\/wp-json\/wp\/v2\/types\/post"}],"author":[{"embeddable":true,"href":"https:\/\/destinocastillayleon.es\/index\/wp-json\/wp\/v2\/users\/14"}],"replies":[{"embeddable":true,"href":"https:\/\/destinocastillayleon.es\/index\/wp-json\/wp\/v2\/comments?post=16997"}],"version-history":[{"count":4,"href":"https:\/\/destinocastillayleon.es\/index\/wp-json\/wp\/v2\/posts\/16997\/revisions"}],"predecessor-version":[{"id":17002,"href":"https:\/\/destinocastillayleon.es\/index\/wp-json\/wp\/v2\/posts\/16997\/revisions\/17002"}],"wp:featuredmedia":[{"embeddable":true,"href":"https:\/\/destinocastillayleon.es\/index\/wp-json\/wp\/v2\/media\/16998"}],"wp:attachment":[{"href":"https:\/\/destinocastillayleon.es\/index\/wp-json\/wp\/v2\/media?parent=16997"}],"wp:term":[{"taxonomy":"category","embeddable":true,"href":"https:\/\/destinocastillayleon.es\/index\/wp-json\/wp\/v2\/categories?post=16997"},{"taxonomy":"post_tag","embeddable":true,"href":"https:\/\/destinocastillayleon.es\/index\/wp-json\/wp\/v2\/tags?post=16997"}],"curies":[{"name":"wp","href":"https:\/\/api.w.org\/{rel}","templated":true}]}}