{"id":16978,"date":"2014-11-18T11:39:03","date_gmt":"2014-11-18T10:39:03","guid":{"rendered":"http:\/\/destinocastillayleon.es\/index\/?p=16978"},"modified":"2014-11-18T11:41:42","modified_gmt":"2014-11-18T10:41:42","slug":"festival-de-jazz-en-palencia","status":"publish","type":"post","link":"https:\/\/destinocastillayleon.es\/index\/festival-de-jazz-en-palencia\/","title":{"rendered":"I Festival de Jazz en Palencia"},"content":{"rendered":"<p style=\"text-align: justify;\">Es la primera vez que se organiza algo as\u00ed en la ciudad de Palencia y ha sido todo un \u00e9xito. Con dos semanas de antelaci\u00f3n ya estaban todas las entradas vendidas para algunas de las actuaciones. <strong>Y es que esta semana, las calles de Palencia vibrar\u00e1n al ritmo de\u00a0Jazz.\u00a0<\/strong><\/p>\n<p><a href=\"http:\/\/destinocastillayleon.es\/index\/wp-content\/uploads\/2014\/11\/Folleto-I-Jazz-Palencia-Festival-1.png\"><img decoding=\"async\" class=\"aligncenter size-full wp-image-16979\" src=\"http:\/\/destinocastillayleon.es\/index\/wp-content\/uploads\/2014\/11\/Folleto-I-Jazz-Palencia-Festival-1.png\" alt=\"Folleto I Jazz Palencia Festival-1\" width=\"450\" height=\"861\" srcset=\"https:\/\/destinocastillayleon.es\/index\/wp-content\/uploads\/2014\/11\/Folleto-I-Jazz-Palencia-Festival-1.png 278w, https:\/\/destinocastillayleon.es\/index\/wp-content\/uploads\/2014\/11\/Folleto-I-Jazz-Palencia-Festival-1-300x574.png 300w\" sizes=\"(max-width: 450px) 100vw, 450px\" \/><\/a><\/p>\n<p>Jazz Festival Palencia nace de la iniciativa privada, pero a su vez es una \u00absuma de voluntades\u00bb. Los organizadores quieren implicar a toda la ciudad de Palencia, a la vez que cuenta con el apoyo de las instituciones p\u00fablicas.<strong> El ciclo arranca hoy, 18 de noviembre hasta el domingo, 23.<\/strong><\/p>\n<p>El concierto did\u00e1ctico a cargo del m\u00fasico <strong>Jos\u00e9 Luis Guti\u00e9rrez es uno de los m\u00e1s esperados,\u00a0<\/strong>que se enmarca en la serie Musicaprendo, de la Fundaci\u00f3n Juan Manuel D\u00edaz-Caneja. Acompa\u00f1ado por Chuchi Cuadrado (guitarra), C\u00e9sar Diez (contrabajo) y Antol\u00edn Olea (bater\u00eda), el conocido saxofonista ofrecer\u00e1 un recorrido por la historia del jazz, sus estilos, instrumentos caracter\u00edsticos, grandes m\u00fasicos y curiosidades.<\/p>\n<p><a href=\"http:\/\/destinocastillayleon.es\/index\/wp-content\/uploads\/2014\/11\/Folleto-I-Jazz-Palencia-Festival-Conciertos.png\"><img decoding=\"async\" class=\"aligncenter size-full wp-image-16981\" src=\"http:\/\/destinocastillayleon.es\/index\/wp-content\/uploads\/2014\/11\/Folleto-I-Jazz-Palencia-Festival-Conciertos.png\" alt=\"Folleto I Jazz Palencia Festival- Conciertos\" width=\"450\" height=\"861\" srcset=\"https:\/\/destinocastillayleon.es\/index\/wp-content\/uploads\/2014\/11\/Folleto-I-Jazz-Palencia-Festival-Conciertos.png 278w, https:\/\/destinocastillayleon.es\/index\/wp-content\/uploads\/2014\/11\/Folleto-I-Jazz-Palencia-Festival-Conciertos-300x574.png 300w\" sizes=\"(max-width: 450px) 100vw, 450px\" \/><\/a><\/p>\n<p>Adem\u00e1s en la Librer\u00eda del Burgo se ha programado <strong>una charla y un v\u00eddeo audici\u00f3n<\/strong> a cargo de Miguel \u00c1ngel P\u00e9rez Mart\u00edn, Maguil, un gran conocedor del jazz, que hablar\u00e1 de los 20 \u00faltimos a\u00f1os del jazz en Espa\u00f1a, mientras que en el bar Pepita Chula se celebrar\u00e1 una fiesta tem\u00e1tica.<\/p>\n<blockquote><p>Aqu\u00ed puedes ver el Programa completo:\u00a0<strong><a href=\"http:\/\/destinocastillayleon.es\/index\/wp-content\/uploads\/2014\/11\/Folleto-I-Jazz-Palencia-Festival.pdf\">Folleto I Jazz Palencia Festival<\/a><\/strong><\/p><\/blockquote>\n<p>&nbsp;<\/p>\n<p><strong>Tambien te puede interesar&#8230;<\/strong><\/p>\n<p><strong>&#8211;\u00a0<a href=\"http:\/\/destinocastillayleon.es\/index\/tapear-por-palencia-iii-concurso-patatas-a-la-importancia\/\">A tapear por Palencia con sus patatas a la importancia<\/a><\/strong><\/p>\n<p><strong>&#8211;\u00a0<a href=\"http:\/\/destinocastillayleon.es\/index\/ruta-por-el-canal-de-castilla-de-valladolid-palencia\/\">Ruta por el canal de Castilla, de Valladolid a Palencia<\/a><\/strong><\/p>\n<p><strong>&#8211;\u00a0<a href=\"http:\/\/destinocastillayleon.es\/index\/ruta-de-tapas-por-palencia\/\">Ruta de tapas por Palencia<\/a><\/strong><\/p>\n<p><strong>&#8211;\u00a0<a href=\"http:\/\/destinocastillayleon.es\/index\/villa-romana-la-olmeda-un-fascinante-viaje-en-el-tiempo\/\">Villa romana la Olmeda, un fascinante viaje en el tiempo<\/a><\/strong><\/p>\n","protected":false},"excerpt":{"rendered":"<p>Es la primera vez que se organiza algo as\u00ed en la ciudad de Palencia y ha sido todo un \u00e9xito. Con dos semanas de antelaci\u00f3n ya estaban todas las entradas vendidas para algunas de las actuaciones. Y es que esta semana, las calles de Palencia vibrar\u00e1n al ritmo de\u00a0Jazz.\u00a0 Jazz Festival Palencia nace de la iniciativa privada, pero a su vez es una \u00absuma de voluntades\u00bb. Los organizadores quieren implicar a toda la ciudad de Palencia, a la vez que cuenta con el apoyo de las instituciones p\u00fablicas. El ciclo arranca hoy, 18 de noviembre hasta el domingo, 23. El concierto did\u00e1ctico a cargo del m\u00fasico Jos\u00e9 Luis Guti\u00e9rrez es &hellip; <\/p>\n","protected":false},"author":14,"featured_media":16979,"comment_status":"open","ping_status":"closed","sticky":false,"template":"","format":"standard","meta":{"rop_custom_images_group":[],"rop_custom_messages_group":[],"rop_publish_now":"initial","rop_publish_now_accounts":{"twitter_1150954226_1150954226":""},"rop_publish_now_history":[],"rop_publish_now_status":"pending","footnotes":""},"categories":[68],"tags":[3955,3957,3956],"class_list":["post-16978","post","type-post","status-publish","format-standard","has-post-thumbnail","hentry","category-post_inicial","tag-i-festival-de-jazz-palencia","tag-jazz-en-palencia","tag-ocio-en-palencia"],"yoast_head":"<!-- This site is optimized with the Yoast SEO Premium plugin v20.4 (Yoast SEO v27.4) - https:\/\/yoast.com\/product\/yoast-seo-premium-wordpress\/ -->\n<title>I Festival de Jazz en Palencia<\/title>\n<meta name=\"description\" content=\"I Festival de Jazz en Palencia es una iniciativa de Jos\u00e9 \u00c1ngel Zapatero para acercar el Jazz a la ciudad de Palencia. Del 18 al 23 de noviembre\" \/>\n<meta name=\"robots\" content=\"index, follow, max-snippet:-1, max-image-preview:large, max-video-preview:-1\" \/>\n<link rel=\"canonical\" href=\"https:\/\/destinocastillayleon.es\/index\/festival-de-jazz-en-palencia\/\" \/>\n<meta property=\"og:locale\" content=\"es_ES\" \/>\n<meta property=\"og:type\" content=\"article\" \/>\n<meta property=\"og:title\" content=\"I Festival de Jazz en Palencia\" \/>\n<meta property=\"og:description\" content=\"I Festival de Jazz en Palencia\" \/>\n<meta property=\"og:url\" content=\"https:\/\/destinocastillayleon.es\/index\/festival-de-jazz-en-palencia\/\" \/>\n<meta property=\"og:site_name\" content=\"Destino Castilla y Le\u00f3n\" \/>\n<meta property=\"article:publisher\" content=\"https:\/\/www.facebook.com\/DestinoCastillaYLeon\/\" \/>\n<meta property=\"article:published_time\" content=\"2014-11-18T10:39:03+00:00\" \/>\n<meta property=\"article:modified_time\" content=\"2014-11-18T10:41:42+00:00\" \/>\n<meta property=\"og:image\" content=\"https:\/\/destinocastillayleon.es\/index\/wp-content\/uploads\/2014\/11\/Folleto-I-Jazz-Palencia-Festival-1.png\" \/>\n\t<meta property=\"og:image:width\" content=\"278\" \/>\n\t<meta property=\"og:image:height\" content=\"531\" \/>\n\t<meta property=\"og:image:type\" content=\"image\/png\" \/>\n<meta name=\"author\" content=\"Destino CyL\" \/>\n<meta name=\"twitter:card\" content=\"summary_large_image\" \/>\n<meta name=\"twitter:creator\" content=\"@destinocyl\" \/>\n<meta name=\"twitter:site\" content=\"@destinocyl\" \/>\n<meta name=\"twitter:label1\" content=\"Escrito por\" \/>\n\t<meta name=\"twitter:data1\" content=\"Destino CyL\" \/>\n\t<meta name=\"twitter:label2\" content=\"Tiempo de lectura\" \/>\n\t<meta name=\"twitter:data2\" content=\"1 minuto\" \/>\n<script type=\"application\/ld+json\" class=\"yoast-schema-graph\">{\"@context\":\"https:\\\/\\\/schema.org\",\"@graph\":[{\"@type\":\"Article\",\"@id\":\"https:\\\/\\\/destinocastillayleon.es\\\/index\\\/festival-de-jazz-en-palencia\\\/#article\",\"isPartOf\":{\"@id\":\"https:\\\/\\\/destinocastillayleon.es\\\/index\\\/festival-de-jazz-en-palencia\\\/\"},\"author\":{\"name\":\"Destino CyL\",\"@id\":\"https:\\\/\\\/destinocastillayleon.es\\\/index\\\/#\\\/schema\\\/person\\\/820bc853671969462e3e479c4ef6f253\"},\"headline\":\"I Festival de Jazz en Palencia\",\"datePublished\":\"2014-11-18T10:39:03+00:00\",\"dateModified\":\"2014-11-18T10:41:42+00:00\",\"mainEntityOfPage\":{\"@id\":\"https:\\\/\\\/destinocastillayleon.es\\\/index\\\/festival-de-jazz-en-palencia\\\/\"},\"wordCount\":293,\"commentCount\":0,\"image\":{\"@id\":\"https:\\\/\\\/destinocastillayleon.es\\\/index\\\/festival-de-jazz-en-palencia\\\/#primaryimage\"},\"thumbnailUrl\":\"https:\\\/\\\/destinocastillayleon.es\\\/index\\\/wp-content\\\/uploads\\\/2014\\\/11\\\/Folleto-I-Jazz-Palencia-Festival-1.png\",\"keywords\":[\"I Festival de Jazz Palencia\",\"Jazz en Palencia\",\"Ocio en Palencia\"],\"articleSection\":[\"Post_inicial\"],\"inLanguage\":\"es\",\"potentialAction\":[{\"@type\":\"CommentAction\",\"name\":\"Comment\",\"target\":[\"https:\\\/\\\/destinocastillayleon.es\\\/index\\\/festival-de-jazz-en-palencia\\\/#respond\"]}]},{\"@type\":\"WebPage\",\"@id\":\"https:\\\/\\\/destinocastillayleon.es\\\/index\\\/festival-de-jazz-en-palencia\\\/\",\"url\":\"https:\\\/\\\/destinocastillayleon.es\\\/index\\\/festival-de-jazz-en-palencia\\\/\",\"name\":\"I Festival de Jazz en Palencia\",\"isPartOf\":{\"@id\":\"https:\\\/\\\/destinocastillayleon.es\\\/index\\\/#website\"},\"primaryImageOfPage\":{\"@id\":\"https:\\\/\\\/destinocastillayleon.es\\\/index\\\/festival-de-jazz-en-palencia\\\/#primaryimage\"},\"image\":{\"@id\":\"https:\\\/\\\/destinocastillayleon.es\\\/index\\\/festival-de-jazz-en-palencia\\\/#primaryimage\"},\"thumbnailUrl\":\"https:\\\/\\\/destinocastillayleon.es\\\/index\\\/wp-content\\\/uploads\\\/2014\\\/11\\\/Folleto-I-Jazz-Palencia-Festival-1.png\",\"datePublished\":\"2014-11-18T10:39:03+00:00\",\"dateModified\":\"2014-11-18T10:41:42+00:00\",\"author\":{\"@id\":\"https:\\\/\\\/destinocastillayleon.es\\\/index\\\/#\\\/schema\\\/person\\\/820bc853671969462e3e479c4ef6f253\"},\"description\":\"I Festival de Jazz en Palencia es una iniciativa de Jos\u00e9 \u00c1ngel Zapatero para acercar el Jazz a la ciudad de Palencia. Del 18 al 23 de noviembre\",\"breadcrumb\":{\"@id\":\"https:\\\/\\\/destinocastillayleon.es\\\/index\\\/festival-de-jazz-en-palencia\\\/#breadcrumb\"},\"inLanguage\":\"es\",\"potentialAction\":[{\"@type\":\"ReadAction\",\"target\":[\"https:\\\/\\\/destinocastillayleon.es\\\/index\\\/festival-de-jazz-en-palencia\\\/\"]}]},{\"@type\":\"ImageObject\",\"inLanguage\":\"es\",\"@id\":\"https:\\\/\\\/destinocastillayleon.es\\\/index\\\/festival-de-jazz-en-palencia\\\/#primaryimage\",\"url\":\"https:\\\/\\\/destinocastillayleon.es\\\/index\\\/wp-content\\\/uploads\\\/2014\\\/11\\\/Folleto-I-Jazz-Palencia-Festival-1.png\",\"contentUrl\":\"https:\\\/\\\/destinocastillayleon.es\\\/index\\\/wp-content\\\/uploads\\\/2014\\\/11\\\/Folleto-I-Jazz-Palencia-Festival-1.png\",\"width\":278,\"height\":531},{\"@type\":\"BreadcrumbList\",\"@id\":\"https:\\\/\\\/destinocastillayleon.es\\\/index\\\/festival-de-jazz-en-palencia\\\/#breadcrumb\",\"itemListElement\":[{\"@type\":\"ListItem\",\"position\":1,\"name\":\"Portada\",\"item\":\"https:\\\/\\\/destinocastillayleon.es\\\/index\\\/\"},{\"@type\":\"ListItem\",\"position\":2,\"name\":\"I Festival de Jazz en Palencia\"}]},{\"@type\":\"WebSite\",\"@id\":\"https:\\\/\\\/destinocastillayleon.es\\\/index\\\/#website\",\"url\":\"https:\\\/\\\/destinocastillayleon.es\\\/index\\\/\",\"name\":\"Destino Castilla y Le\u00f3n\",\"description\":\"Medio digital independiente y revista de Castilla y Le\u00f3n dedicado al turismo, gastronom\u00eda y vino de Castilla y Le\u00f3n\",\"potentialAction\":[{\"@type\":\"SearchAction\",\"target\":{\"@type\":\"EntryPoint\",\"urlTemplate\":\"https:\\\/\\\/destinocastillayleon.es\\\/index\\\/?s={search_term_string}\"},\"query-input\":{\"@type\":\"PropertyValueSpecification\",\"valueRequired\":true,\"valueName\":\"search_term_string\"}}],\"inLanguage\":\"es\"},{\"@type\":\"Person\",\"@id\":\"https:\\\/\\\/destinocastillayleon.es\\\/index\\\/#\\\/schema\\\/person\\\/820bc853671969462e3e479c4ef6f253\",\"name\":\"Destino CyL\",\"image\":{\"@type\":\"ImageObject\",\"inLanguage\":\"es\",\"@id\":\"https:\\\/\\\/secure.gravatar.com\\\/avatar\\\/3ab58882c96a1f667e4b7004a344de8a7e22e7396dda91bd580baf77b48c2711?s=96&d=mm&r=g\",\"url\":\"https:\\\/\\\/secure.gravatar.com\\\/avatar\\\/3ab58882c96a1f667e4b7004a344de8a7e22e7396dda91bd580baf77b48c2711?s=96&d=mm&r=g\",\"contentUrl\":\"https:\\\/\\\/secure.gravatar.com\\\/avatar\\\/3ab58882c96a1f667e4b7004a344de8a7e22e7396dda91bd580baf77b48c2711?s=96&d=mm&r=g\",\"caption\":\"Destino CyL\"},\"description\":\"Equipo de redacci\u00f3n de Destino Castilla y Le\u00f3n\",\"sameAs\":[\"http:\\\/\\\/www.destinocastillayleon.es\"],\"url\":\"https:\\\/\\\/destinocastillayleon.es\\\/index\\\/author\\\/administrador\\\/\"}]}<\/script>\n<!-- \/ Yoast SEO Premium plugin. -->","yoast_head_json":{"title":"I Festival de Jazz en Palencia","description":"I Festival de Jazz en Palencia es una iniciativa de Jos\u00e9 \u00c1ngel Zapatero para acercar el Jazz a la ciudad de Palencia. Del 18 al 23 de noviembre","robots":{"index":"index","follow":"follow","max-snippet":"max-snippet:-1","max-image-preview":"max-image-preview:large","max-video-preview":"max-video-preview:-1"},"canonical":"https:\/\/destinocastillayleon.es\/index\/festival-de-jazz-en-palencia\/","og_locale":"es_ES","og_type":"article","og_title":"I Festival de Jazz en Palencia","og_description":"I Festival de Jazz en Palencia","og_url":"https:\/\/destinocastillayleon.es\/index\/festival-de-jazz-en-palencia\/","og_site_name":"Destino Castilla y Le\u00f3n","article_publisher":"https:\/\/www.facebook.com\/DestinoCastillaYLeon\/","article_published_time":"2014-11-18T10:39:03+00:00","article_modified_time":"2014-11-18T10:41:42+00:00","og_image":[{"width":278,"height":531,"url":"https:\/\/destinocastillayleon.es\/index\/wp-content\/uploads\/2014\/11\/Folleto-I-Jazz-Palencia-Festival-1.png","type":"image\/png"}],"author":"Destino CyL","twitter_card":"summary_large_image","twitter_creator":"@destinocyl","twitter_site":"@destinocyl","twitter_misc":{"Escrito por":"Destino CyL","Tiempo de lectura":"1 minuto"},"schema":{"@context":"https:\/\/schema.org","@graph":[{"@type":"Article","@id":"https:\/\/destinocastillayleon.es\/index\/festival-de-jazz-en-palencia\/#article","isPartOf":{"@id":"https:\/\/destinocastillayleon.es\/index\/festival-de-jazz-en-palencia\/"},"author":{"name":"Destino CyL","@id":"https:\/\/destinocastillayleon.es\/index\/#\/schema\/person\/820bc853671969462e3e479c4ef6f253"},"headline":"I Festival de Jazz en Palencia","datePublished":"2014-11-18T10:39:03+00:00","dateModified":"2014-11-18T10:41:42+00:00","mainEntityOfPage":{"@id":"https:\/\/destinocastillayleon.es\/index\/festival-de-jazz-en-palencia\/"},"wordCount":293,"commentCount":0,"image":{"@id":"https:\/\/destinocastillayleon.es\/index\/festival-de-jazz-en-palencia\/#primaryimage"},"thumbnailUrl":"https:\/\/destinocastillayleon.es\/index\/wp-content\/uploads\/2014\/11\/Folleto-I-Jazz-Palencia-Festival-1.png","keywords":["I Festival de Jazz Palencia","Jazz en Palencia","Ocio en Palencia"],"articleSection":["Post_inicial"],"inLanguage":"es","potentialAction":[{"@type":"CommentAction","name":"Comment","target":["https:\/\/destinocastillayleon.es\/index\/festival-de-jazz-en-palencia\/#respond"]}]},{"@type":"WebPage","@id":"https:\/\/destinocastillayleon.es\/index\/festival-de-jazz-en-palencia\/","url":"https:\/\/destinocastillayleon.es\/index\/festival-de-jazz-en-palencia\/","name":"I Festival de Jazz en Palencia","isPartOf":{"@id":"https:\/\/destinocastillayleon.es\/index\/#website"},"primaryImageOfPage":{"@id":"https:\/\/destinocastillayleon.es\/index\/festival-de-jazz-en-palencia\/#primaryimage"},"image":{"@id":"https:\/\/destinocastillayleon.es\/index\/festival-de-jazz-en-palencia\/#primaryimage"},"thumbnailUrl":"https:\/\/destinocastillayleon.es\/index\/wp-content\/uploads\/2014\/11\/Folleto-I-Jazz-Palencia-Festival-1.png","datePublished":"2014-11-18T10:39:03+00:00","dateModified":"2014-11-18T10:41:42+00:00","author":{"@id":"https:\/\/destinocastillayleon.es\/index\/#\/schema\/person\/820bc853671969462e3e479c4ef6f253"},"description":"I Festival de Jazz en Palencia es una iniciativa de Jos\u00e9 \u00c1ngel Zapatero para acercar el Jazz a la ciudad de Palencia. Del 18 al 23 de noviembre","breadcrumb":{"@id":"https:\/\/destinocastillayleon.es\/index\/festival-de-jazz-en-palencia\/#breadcrumb"},"inLanguage":"es","potentialAction":[{"@type":"ReadAction","target":["https:\/\/destinocastillayleon.es\/index\/festival-de-jazz-en-palencia\/"]}]},{"@type":"ImageObject","inLanguage":"es","@id":"https:\/\/destinocastillayleon.es\/index\/festival-de-jazz-en-palencia\/#primaryimage","url":"https:\/\/destinocastillayleon.es\/index\/wp-content\/uploads\/2014\/11\/Folleto-I-Jazz-Palencia-Festival-1.png","contentUrl":"https:\/\/destinocastillayleon.es\/index\/wp-content\/uploads\/2014\/11\/Folleto-I-Jazz-Palencia-Festival-1.png","width":278,"height":531},{"@type":"BreadcrumbList","@id":"https:\/\/destinocastillayleon.es\/index\/festival-de-jazz-en-palencia\/#breadcrumb","itemListElement":[{"@type":"ListItem","position":1,"name":"Portada","item":"https:\/\/destinocastillayleon.es\/index\/"},{"@type":"ListItem","position":2,"name":"I Festival de Jazz en Palencia"}]},{"@type":"WebSite","@id":"https:\/\/destinocastillayleon.es\/index\/#website","url":"https:\/\/destinocastillayleon.es\/index\/","name":"Destino Castilla y Le\u00f3n","description":"Medio digital independiente y revista de Castilla y Le\u00f3n dedicado al turismo, gastronom\u00eda y vino de Castilla y Le\u00f3n","potentialAction":[{"@type":"SearchAction","target":{"@type":"EntryPoint","urlTemplate":"https:\/\/destinocastillayleon.es\/index\/?s={search_term_string}"},"query-input":{"@type":"PropertyValueSpecification","valueRequired":true,"valueName":"search_term_string"}}],"inLanguage":"es"},{"@type":"Person","@id":"https:\/\/destinocastillayleon.es\/index\/#\/schema\/person\/820bc853671969462e3e479c4ef6f253","name":"Destino CyL","image":{"@type":"ImageObject","inLanguage":"es","@id":"https:\/\/secure.gravatar.com\/avatar\/3ab58882c96a1f667e4b7004a344de8a7e22e7396dda91bd580baf77b48c2711?s=96&d=mm&r=g","url":"https:\/\/secure.gravatar.com\/avatar\/3ab58882c96a1f667e4b7004a344de8a7e22e7396dda91bd580baf77b48c2711?s=96&d=mm&r=g","contentUrl":"https:\/\/secure.gravatar.com\/avatar\/3ab58882c96a1f667e4b7004a344de8a7e22e7396dda91bd580baf77b48c2711?s=96&d=mm&r=g","caption":"Destino CyL"},"description":"Equipo de redacci\u00f3n de Destino Castilla y Le\u00f3n","sameAs":["http:\/\/www.destinocastillayleon.es"],"url":"https:\/\/destinocastillayleon.es\/index\/author\/administrador\/"}]}},"_links":{"self":[{"href":"https:\/\/destinocastillayleon.es\/index\/wp-json\/wp\/v2\/posts\/16978","targetHints":{"allow":["GET"]}}],"collection":[{"href":"https:\/\/destinocastillayleon.es\/index\/wp-json\/wp\/v2\/posts"}],"about":[{"href":"https:\/\/destinocastillayleon.es\/index\/wp-json\/wp\/v2\/types\/post"}],"author":[{"embeddable":true,"href":"https:\/\/destinocastillayleon.es\/index\/wp-json\/wp\/v2\/users\/14"}],"replies":[{"embeddable":true,"href":"https:\/\/destinocastillayleon.es\/index\/wp-json\/wp\/v2\/comments?post=16978"}],"version-history":[{"count":2,"href":"https:\/\/destinocastillayleon.es\/index\/wp-json\/wp\/v2\/posts\/16978\/revisions"}],"predecessor-version":[{"id":16983,"href":"https:\/\/destinocastillayleon.es\/index\/wp-json\/wp\/v2\/posts\/16978\/revisions\/16983"}],"wp:featuredmedia":[{"embeddable":true,"href":"https:\/\/destinocastillayleon.es\/index\/wp-json\/wp\/v2\/media\/16979"}],"wp:attachment":[{"href":"https:\/\/destinocastillayleon.es\/index\/wp-json\/wp\/v2\/media?parent=16978"}],"wp:term":[{"taxonomy":"category","embeddable":true,"href":"https:\/\/destinocastillayleon.es\/index\/wp-json\/wp\/v2\/categories?post=16978"},{"taxonomy":"post_tag","embeddable":true,"href":"https:\/\/destinocastillayleon.es\/index\/wp-json\/wp\/v2\/tags?post=16978"}],"curies":[{"name":"wp","href":"https:\/\/api.w.org\/{rel}","templated":true}]}}