{"id":16966,"date":"2014-11-18T11:05:19","date_gmt":"2014-11-18T10:05:19","guid":{"rendered":"http:\/\/destinocastillayleon.es\/index\/?p=16966"},"modified":"2014-11-18T11:05:19","modified_gmt":"2014-11-18T10:05:19","slug":"open-day-nupcial-en-el-patio-herreriano","status":"publish","type":"post","link":"https:\/\/destinocastillayleon.es\/index\/open-day-nupcial-en-el-patio-herreriano\/","title":{"rendered":"Open Day Nupcial en el Patio Herreriano"},"content":{"rendered":"<p>El pr\u00f3ximo domingo, <strong>23 de noviembre,<\/strong>\u00a0se celebra en el <strong>Patio Herreriano, <\/strong>(uno de los rincones m\u00e1s hermosos de Valladolid) el OPEN DAY NUPCIAL 2014, por el que pasar\u00e1n numerosas parejitas enamoradas que quieren que su enlace sea un d\u00eda especial y \u00fanico, repleto de ideas y sue\u00f1os.<\/p>\n<p style=\"text-align: justify;\">Destino Castilla y Le\u00f3n asistir\u00e1 como medio colaborador. Ya sab\u00e9is que en la<strong> <a href=\"http:\/\/issuu.com\/destinocyl\/docs\/revista_destino_castilla_y_le__n__3\" target=\"_blanck\">Revista Destino Castilla y Le\u00f3n<\/a><\/strong> os hablamos tambi\u00e9n de <strong>moda y tendencias<\/strong> de la mano de<strong> Ania Iglesias y Zyllan Fotograf\u00eda.<\/strong>\u00a0As\u00ed que c\u00e1mara en mano all\u00ed estaremos para no perder la ocasi\u00f3n de disfrutar de este evento en un espacio tan singular como el\u00a0Claustro del Patio de los Reyes &#8211; conocido como Patio Herreriano &#8211; en el Museo Contempor\u00e1neo de Valladolid.<\/p>\n<figure id=\"attachment_16967\" aria-describedby=\"caption-attachment-16967\" style=\"width: 640px\" class=\"wp-caption aligncenter\"><a href=\"http:\/\/destinocastillayleon.es\/index\/wp-content\/uploads\/2014\/11\/ok-open-day-nupcial-23-noviembre-Patrio-Herreriano.jpg\"><img decoding=\"async\" class=\"wp-image-16967\" src=\"http:\/\/destinocastillayleon.es\/index\/wp-content\/uploads\/2014\/11\/ok-open-day-nupcial-23-noviembre-Patrio-Herreriano.jpg\" alt=\"Open day nupcial 23 noviembre Patrio Herreriano\" width=\"640\" height=\"640\" srcset=\"https:\/\/destinocastillayleon.es\/index\/wp-content\/uploads\/2014\/11\/ok-open-day-nupcial-23-noviembre-Patrio-Herreriano.jpg 531w, https:\/\/destinocastillayleon.es\/index\/wp-content\/uploads\/2014\/11\/ok-open-day-nupcial-23-noviembre-Patrio-Herreriano-150x150.jpg 150w, https:\/\/destinocastillayleon.es\/index\/wp-content\/uploads\/2014\/11\/ok-open-day-nupcial-23-noviembre-Patrio-Herreriano-300x300.jpg 300w\" sizes=\"(max-width: 640px) 100vw, 640px\" \/><\/a><figcaption id=\"caption-attachment-16967\" class=\"wp-caption-text\">Open day nupcial 23 noviembre Patrio Herreriano<\/figcaption><\/figure>\n<p style=\"text-align: justify;\">Si tienes pareja y la boda te ronda por la cabeza, el domingo, de\u00a0<strong>17:00 a 21:00 horas, <\/strong>podr\u00e1s<strong>\u00a0<\/strong>cerrar algunos detalles con las<strong>\u00a0<\/strong>empresas all\u00ed presentes: de restauraci\u00f3n, agencias de viajes, peluquer\u00edas, estudios de fotograf\u00eda, casas de decoraci\u00f3n floral y artesan\u00eda, firmas de trajes de novia e invitadas, espacios de est\u00e9tica y belleza\u2026<\/p>\n<blockquote><p><em><strong>Habr\u00e1 sorteo de regalos para los asistentes. El momento m\u00e1s importante llegar\u00e1 con el desfile nupcial y de invitadas y\u00a0la estelar actuaci\u00f3n flamenca de Ver\u00f3nica de Lucas, la magia de Hector Sansegundo y de las delicias para el paladar gentileza del Restaurante Patio.<\/strong><\/em><\/p><\/blockquote>\n<p>&nbsp;<\/p>\n<h2>Participantes \u00a0en el Open Day Nupcial:<\/h2>\n<p><strong>RESTAURANTE PATIO:<\/strong> Distinguido por ser, adem\u00e1s de un marco incre\u00edble, una cocina venida del cielo combinada con una exquisita atenci\u00f3n. Prueba de ello es la cantidad de parejas que eligen Patio para su celebraci\u00f3n<\/p>\n<p><strong>VIAJES CARREFOUR:<\/strong> El viaje de novios sin duda es clave para esos primeros d\u00edas juntos, en un lugar especial, y en el que no puede haber fallos ni contratiempos indeseados. Viajes Carrefour tiene como experiencia en su organizaci\u00f3n su mayor aval.<\/p>\n<p><strong>FLORISTER\u00cdA CARMEN GIMENO:<\/strong> En sus manos las flores se convierten en arte consiguiendo dar forma a tu idea.<\/p>\n<p><strong>CENTRO MEDICO EST\u00c9TICO BIOVITAL:<\/strong> Los nervios y el stress de esos d\u00edas seguro que pasar\u00e1n factura a tu imagen. Cuidar la piel, para tener un rostro que refleje la alegr\u00eda de un d\u00eda tan especial, al igual que hacerlo del cuerpo son esenciales pues tendemos a poder subir o bajar de talla.<\/p>\n<p><strong>PELUQUER\u00cdA ONE:<\/strong> Exclusiva por sus trenzados maravillosos y recogidos nupciales reconocidos a nivel nacional con ayuda tambi\u00e9n de un cuidado maquillaje.<\/p>\n<p><strong>SOY FOT\u00d3GRAFO:<\/strong> La imagen de tu boda queda para el recuerdo. Por eso, elegir a los mejores para que tus fotos solo te traigan a la memoria aquel d\u00eda inolvidable es realmente importante.<\/p>\n<p><strong>ROSA ARTESAN\u00cdA:<\/strong> Artesana del vidrio para que puedas ofrecer unos regalos originales a tus invitados.<\/p>\n<p><strong>ADR ABOGADOS:<\/strong> Lo que bien empieza bien acaba. Para vuestra tranquilidad a la hora de emprender una vida en com\u00fan ya que el amor es la uni\u00f3n de dos libertades.<\/p>\n<p><strong>FUN PHOTO:<\/strong> Nada mejor que arrancar una sonrisa a tus invitados. Desde Fun Photo lo tendr\u00e1s muy f\u00e1cil con un recuerdo simp\u00e1tico de ese d\u00eda para tus familiares y amigos.<\/p>\n<p><strong>ELVIRA SAN JUAN:<\/strong> Reconocida dise\u00f1adora con a\u00f1os de experiencia en novias y ceremonia. El vestido de la novia es uno de los momentos mas esperados de toda la celebraci\u00f3n, elegir la tela ver como se va desarrollando tu vestido bajo las expertas manos de Elvira es realmente lo que cada novia deber\u00eda de hacer para ser original y no tener un vestido como el de las dem\u00e1s.<\/p>\n<p><strong>LIMUSINAS DELUXE 4: <\/strong>Llegar en una moderna Limusina deportiva con toda clase de lujos ese d\u00eda es empezar con \u00e9xito tu enlace. Date los caprichos que quieras en un d\u00eda tan singular. Ser\u00e1 \u00fanico y no tendr\u00e1s ocasi\u00f3n de repetirlo. Una limusina actual es sin duda un acierto.<\/p>\n<p>&nbsp;<\/p>\n<p><strong>All\u00ed estaremos. \u00a1Te esperamos! \ud83d\ude09\u00a0<\/strong><\/p>\n","protected":false},"excerpt":{"rendered":"<p>Open Day Nupcial es un evento dedicado a los novios que est\u00e9n organizando su boda para el 2015 con desfile, regalos y actuaci\u00f3n flamenca. <\/p>\n","protected":false},"author":14,"featured_media":16968,"comment_status":"open","ping_status":"closed","sticky":false,"template":"","format":"standard","meta":{"rop_custom_images_group":[],"rop_custom_messages_group":[],"rop_publish_now":"initial","rop_publish_now_accounts":{"twitter_1150954226_1150954226":""},"rop_publish_now_history":[],"rop_publish_now_status":"pending","footnotes":""},"categories":[1343,68],"tags":[3938,3937],"class_list":["post-16966","post","type-post","status-publish","format-standard","has-post-thumbnail","hentry","category-agenda","category-post_inicial","tag-evento-novios-valladolid","tag-open-day-nupcial-valladolid"],"yoast_head":"<!-- This site is optimized with the Yoast SEO Premium plugin v20.4 (Yoast SEO v27.4) - https:\/\/yoast.com\/product\/yoast-seo-premium-wordpress\/ -->\n<title>Open Day Nupcial<\/title>\n<meta name=\"description\" content=\"Open Day Nupcial es un evento dedicado a los novios que est\u00e9n organizando su boda para el 2015 con desfile, regalos y actuaci\u00f3n flamenca.\" \/>\n<meta name=\"robots\" content=\"index, follow, max-snippet:-1, max-image-preview:large, max-video-preview:-1\" \/>\n<link rel=\"canonical\" href=\"https:\/\/destinocastillayleon.es\/index\/open-day-nupcial-en-el-patio-herreriano\/\" \/>\n<meta property=\"og:locale\" content=\"es_ES\" \/>\n<meta property=\"og:type\" content=\"article\" \/>\n<meta property=\"og:title\" content=\"Open Day Nupcial en el Patio Herreriano\" \/>\n<meta property=\"og:description\" content=\"Open Day Nupcial es un evento dedicado a los novios que est\u00e9n organizando su boda para el 2015 con desfile, regalos y actuaci\u00f3n flamenca.\" \/>\n<meta property=\"og:url\" content=\"https:\/\/destinocastillayleon.es\/index\/open-day-nupcial-en-el-patio-herreriano\/\" \/>\n<meta property=\"og:site_name\" content=\"Destino Castilla y Le\u00f3n\" \/>\n<meta property=\"article:publisher\" content=\"https:\/\/www.facebook.com\/DestinoCastillaYLeon\/\" \/>\n<meta property=\"article:published_time\" content=\"2014-11-18T10:05:19+00:00\" \/>\n<meta property=\"og:image\" content=\"https:\/\/destinocastillayleon.es\/index\/wp-content\/uploads\/2014\/11\/Open-Day-Nucpial-copy.png\" \/>\n\t<meta property=\"og:image:width\" content=\"660\" \/>\n\t<meta property=\"og:image:height\" content=\"365\" \/>\n\t<meta property=\"og:image:type\" content=\"image\/png\" \/>\n<meta name=\"author\" content=\"Destino CyL\" \/>\n<meta name=\"twitter:card\" content=\"summary_large_image\" \/>\n<meta name=\"twitter:creator\" content=\"@destinocyl\" \/>\n<meta name=\"twitter:site\" content=\"@destinocyl\" \/>\n<meta name=\"twitter:label1\" content=\"Escrito por\" \/>\n\t<meta name=\"twitter:data1\" content=\"Destino CyL\" \/>\n\t<meta name=\"twitter:label2\" content=\"Tiempo de lectura\" \/>\n\t<meta name=\"twitter:data2\" content=\"3 minutos\" \/>\n<script type=\"application\/ld+json\" class=\"yoast-schema-graph\">{\"@context\":\"https:\\\/\\\/schema.org\",\"@graph\":[{\"@type\":\"Article\",\"@id\":\"https:\\\/\\\/destinocastillayleon.es\\\/index\\\/open-day-nupcial-en-el-patio-herreriano\\\/#article\",\"isPartOf\":{\"@id\":\"https:\\\/\\\/destinocastillayleon.es\\\/index\\\/open-day-nupcial-en-el-patio-herreriano\\\/\"},\"author\":{\"name\":\"Destino CyL\",\"@id\":\"https:\\\/\\\/destinocastillayleon.es\\\/index\\\/#\\\/schema\\\/person\\\/820bc853671969462e3e479c4ef6f253\"},\"headline\":\"Open Day Nupcial en el Patio Herreriano\",\"datePublished\":\"2014-11-18T10:05:19+00:00\",\"mainEntityOfPage\":{\"@id\":\"https:\\\/\\\/destinocastillayleon.es\\\/index\\\/open-day-nupcial-en-el-patio-herreriano\\\/\"},\"wordCount\":694,\"commentCount\":0,\"image\":{\"@id\":\"https:\\\/\\\/destinocastillayleon.es\\\/index\\\/open-day-nupcial-en-el-patio-herreriano\\\/#primaryimage\"},\"thumbnailUrl\":\"https:\\\/\\\/destinocastillayleon.es\\\/index\\\/wp-content\\\/uploads\\\/2014\\\/11\\\/Open-Day-Nucpial-copy.png\",\"keywords\":[\"evento novios Valladolid\",\"Open Day Nupcial Valladolid\"],\"articleSection\":[\"Agenda\",\"Post_inicial\"],\"inLanguage\":\"es\",\"potentialAction\":[{\"@type\":\"CommentAction\",\"name\":\"Comment\",\"target\":[\"https:\\\/\\\/destinocastillayleon.es\\\/index\\\/open-day-nupcial-en-el-patio-herreriano\\\/#respond\"]}]},{\"@type\":\"WebPage\",\"@id\":\"https:\\\/\\\/destinocastillayleon.es\\\/index\\\/open-day-nupcial-en-el-patio-herreriano\\\/\",\"url\":\"https:\\\/\\\/destinocastillayleon.es\\\/index\\\/open-day-nupcial-en-el-patio-herreriano\\\/\",\"name\":\"Open Day Nupcial\",\"isPartOf\":{\"@id\":\"https:\\\/\\\/destinocastillayleon.es\\\/index\\\/#website\"},\"primaryImageOfPage\":{\"@id\":\"https:\\\/\\\/destinocastillayleon.es\\\/index\\\/open-day-nupcial-en-el-patio-herreriano\\\/#primaryimage\"},\"image\":{\"@id\":\"https:\\\/\\\/destinocastillayleon.es\\\/index\\\/open-day-nupcial-en-el-patio-herreriano\\\/#primaryimage\"},\"thumbnailUrl\":\"https:\\\/\\\/destinocastillayleon.es\\\/index\\\/wp-content\\\/uploads\\\/2014\\\/11\\\/Open-Day-Nucpial-copy.png\",\"datePublished\":\"2014-11-18T10:05:19+00:00\",\"author\":{\"@id\":\"https:\\\/\\\/destinocastillayleon.es\\\/index\\\/#\\\/schema\\\/person\\\/820bc853671969462e3e479c4ef6f253\"},\"description\":\"Open Day Nupcial es un evento dedicado a los novios que est\u00e9n organizando su boda para el 2015 con desfile, regalos y actuaci\u00f3n flamenca.\",\"breadcrumb\":{\"@id\":\"https:\\\/\\\/destinocastillayleon.es\\\/index\\\/open-day-nupcial-en-el-patio-herreriano\\\/#breadcrumb\"},\"inLanguage\":\"es\",\"potentialAction\":[{\"@type\":\"ReadAction\",\"target\":[\"https:\\\/\\\/destinocastillayleon.es\\\/index\\\/open-day-nupcial-en-el-patio-herreriano\\\/\"]}]},{\"@type\":\"ImageObject\",\"inLanguage\":\"es\",\"@id\":\"https:\\\/\\\/destinocastillayleon.es\\\/index\\\/open-day-nupcial-en-el-patio-herreriano\\\/#primaryimage\",\"url\":\"https:\\\/\\\/destinocastillayleon.es\\\/index\\\/wp-content\\\/uploads\\\/2014\\\/11\\\/Open-Day-Nucpial-copy.png\",\"contentUrl\":\"https:\\\/\\\/destinocastillayleon.es\\\/index\\\/wp-content\\\/uploads\\\/2014\\\/11\\\/Open-Day-Nucpial-copy.png\",\"width\":660,\"height\":365},{\"@type\":\"BreadcrumbList\",\"@id\":\"https:\\\/\\\/destinocastillayleon.es\\\/index\\\/open-day-nupcial-en-el-patio-herreriano\\\/#breadcrumb\",\"itemListElement\":[{\"@type\":\"ListItem\",\"position\":1,\"name\":\"Portada\",\"item\":\"https:\\\/\\\/destinocastillayleon.es\\\/index\\\/\"},{\"@type\":\"ListItem\",\"position\":2,\"name\":\"Open Day Nupcial en el Patio Herreriano\"}]},{\"@type\":\"WebSite\",\"@id\":\"https:\\\/\\\/destinocastillayleon.es\\\/index\\\/#website\",\"url\":\"https:\\\/\\\/destinocastillayleon.es\\\/index\\\/\",\"name\":\"Destino Castilla y Le\u00f3n\",\"description\":\"Medio digital independiente y revista de Castilla y Le\u00f3n dedicado al turismo, gastronom\u00eda y vino de Castilla y Le\u00f3n\",\"potentialAction\":[{\"@type\":\"SearchAction\",\"target\":{\"@type\":\"EntryPoint\",\"urlTemplate\":\"https:\\\/\\\/destinocastillayleon.es\\\/index\\\/?s={search_term_string}\"},\"query-input\":{\"@type\":\"PropertyValueSpecification\",\"valueRequired\":true,\"valueName\":\"search_term_string\"}}],\"inLanguage\":\"es\"},{\"@type\":\"Person\",\"@id\":\"https:\\\/\\\/destinocastillayleon.es\\\/index\\\/#\\\/schema\\\/person\\\/820bc853671969462e3e479c4ef6f253\",\"name\":\"Destino CyL\",\"image\":{\"@type\":\"ImageObject\",\"inLanguage\":\"es\",\"@id\":\"https:\\\/\\\/secure.gravatar.com\\\/avatar\\\/3ab58882c96a1f667e4b7004a344de8a7e22e7396dda91bd580baf77b48c2711?s=96&d=mm&r=g\",\"url\":\"https:\\\/\\\/secure.gravatar.com\\\/avatar\\\/3ab58882c96a1f667e4b7004a344de8a7e22e7396dda91bd580baf77b48c2711?s=96&d=mm&r=g\",\"contentUrl\":\"https:\\\/\\\/secure.gravatar.com\\\/avatar\\\/3ab58882c96a1f667e4b7004a344de8a7e22e7396dda91bd580baf77b48c2711?s=96&d=mm&r=g\",\"caption\":\"Destino CyL\"},\"description\":\"Equipo de redacci\u00f3n de Destino Castilla y Le\u00f3n\",\"sameAs\":[\"http:\\\/\\\/www.destinocastillayleon.es\"],\"url\":\"https:\\\/\\\/destinocastillayleon.es\\\/index\\\/author\\\/administrador\\\/\"}]}<\/script>\n<!-- \/ Yoast SEO Premium plugin. -->","yoast_head_json":{"title":"Open Day Nupcial","description":"Open Day Nupcial es un evento dedicado a los novios que est\u00e9n organizando su boda para el 2015 con desfile, regalos y actuaci\u00f3n flamenca.","robots":{"index":"index","follow":"follow","max-snippet":"max-snippet:-1","max-image-preview":"max-image-preview:large","max-video-preview":"max-video-preview:-1"},"canonical":"https:\/\/destinocastillayleon.es\/index\/open-day-nupcial-en-el-patio-herreriano\/","og_locale":"es_ES","og_type":"article","og_title":"Open Day Nupcial en el Patio Herreriano","og_description":"Open Day Nupcial es un evento dedicado a los novios que est\u00e9n organizando su boda para el 2015 con desfile, regalos y actuaci\u00f3n flamenca.","og_url":"https:\/\/destinocastillayleon.es\/index\/open-day-nupcial-en-el-patio-herreriano\/","og_site_name":"Destino Castilla y Le\u00f3n","article_publisher":"https:\/\/www.facebook.com\/DestinoCastillaYLeon\/","article_published_time":"2014-11-18T10:05:19+00:00","og_image":[{"width":660,"height":365,"url":"https:\/\/destinocastillayleon.es\/index\/wp-content\/uploads\/2014\/11\/Open-Day-Nucpial-copy.png","type":"image\/png"}],"author":"Destino CyL","twitter_card":"summary_large_image","twitter_creator":"@destinocyl","twitter_site":"@destinocyl","twitter_misc":{"Escrito por":"Destino CyL","Tiempo de lectura":"3 minutos"},"schema":{"@context":"https:\/\/schema.org","@graph":[{"@type":"Article","@id":"https:\/\/destinocastillayleon.es\/index\/open-day-nupcial-en-el-patio-herreriano\/#article","isPartOf":{"@id":"https:\/\/destinocastillayleon.es\/index\/open-day-nupcial-en-el-patio-herreriano\/"},"author":{"name":"Destino CyL","@id":"https:\/\/destinocastillayleon.es\/index\/#\/schema\/person\/820bc853671969462e3e479c4ef6f253"},"headline":"Open Day Nupcial en el Patio Herreriano","datePublished":"2014-11-18T10:05:19+00:00","mainEntityOfPage":{"@id":"https:\/\/destinocastillayleon.es\/index\/open-day-nupcial-en-el-patio-herreriano\/"},"wordCount":694,"commentCount":0,"image":{"@id":"https:\/\/destinocastillayleon.es\/index\/open-day-nupcial-en-el-patio-herreriano\/#primaryimage"},"thumbnailUrl":"https:\/\/destinocastillayleon.es\/index\/wp-content\/uploads\/2014\/11\/Open-Day-Nucpial-copy.png","keywords":["evento novios Valladolid","Open Day Nupcial Valladolid"],"articleSection":["Agenda","Post_inicial"],"inLanguage":"es","potentialAction":[{"@type":"CommentAction","name":"Comment","target":["https:\/\/destinocastillayleon.es\/index\/open-day-nupcial-en-el-patio-herreriano\/#respond"]}]},{"@type":"WebPage","@id":"https:\/\/destinocastillayleon.es\/index\/open-day-nupcial-en-el-patio-herreriano\/","url":"https:\/\/destinocastillayleon.es\/index\/open-day-nupcial-en-el-patio-herreriano\/","name":"Open Day Nupcial","isPartOf":{"@id":"https:\/\/destinocastillayleon.es\/index\/#website"},"primaryImageOfPage":{"@id":"https:\/\/destinocastillayleon.es\/index\/open-day-nupcial-en-el-patio-herreriano\/#primaryimage"},"image":{"@id":"https:\/\/destinocastillayleon.es\/index\/open-day-nupcial-en-el-patio-herreriano\/#primaryimage"},"thumbnailUrl":"https:\/\/destinocastillayleon.es\/index\/wp-content\/uploads\/2014\/11\/Open-Day-Nucpial-copy.png","datePublished":"2014-11-18T10:05:19+00:00","author":{"@id":"https:\/\/destinocastillayleon.es\/index\/#\/schema\/person\/820bc853671969462e3e479c4ef6f253"},"description":"Open Day Nupcial es un evento dedicado a los novios que est\u00e9n organizando su boda para el 2015 con desfile, regalos y actuaci\u00f3n flamenca.","breadcrumb":{"@id":"https:\/\/destinocastillayleon.es\/index\/open-day-nupcial-en-el-patio-herreriano\/#breadcrumb"},"inLanguage":"es","potentialAction":[{"@type":"ReadAction","target":["https:\/\/destinocastillayleon.es\/index\/open-day-nupcial-en-el-patio-herreriano\/"]}]},{"@type":"ImageObject","inLanguage":"es","@id":"https:\/\/destinocastillayleon.es\/index\/open-day-nupcial-en-el-patio-herreriano\/#primaryimage","url":"https:\/\/destinocastillayleon.es\/index\/wp-content\/uploads\/2014\/11\/Open-Day-Nucpial-copy.png","contentUrl":"https:\/\/destinocastillayleon.es\/index\/wp-content\/uploads\/2014\/11\/Open-Day-Nucpial-copy.png","width":660,"height":365},{"@type":"BreadcrumbList","@id":"https:\/\/destinocastillayleon.es\/index\/open-day-nupcial-en-el-patio-herreriano\/#breadcrumb","itemListElement":[{"@type":"ListItem","position":1,"name":"Portada","item":"https:\/\/destinocastillayleon.es\/index\/"},{"@type":"ListItem","position":2,"name":"Open Day Nupcial en el Patio Herreriano"}]},{"@type":"WebSite","@id":"https:\/\/destinocastillayleon.es\/index\/#website","url":"https:\/\/destinocastillayleon.es\/index\/","name":"Destino Castilla y Le\u00f3n","description":"Medio digital independiente y revista de Castilla y Le\u00f3n dedicado al turismo, gastronom\u00eda y vino de Castilla y Le\u00f3n","potentialAction":[{"@type":"SearchAction","target":{"@type":"EntryPoint","urlTemplate":"https:\/\/destinocastillayleon.es\/index\/?s={search_term_string}"},"query-input":{"@type":"PropertyValueSpecification","valueRequired":true,"valueName":"search_term_string"}}],"inLanguage":"es"},{"@type":"Person","@id":"https:\/\/destinocastillayleon.es\/index\/#\/schema\/person\/820bc853671969462e3e479c4ef6f253","name":"Destino CyL","image":{"@type":"ImageObject","inLanguage":"es","@id":"https:\/\/secure.gravatar.com\/avatar\/3ab58882c96a1f667e4b7004a344de8a7e22e7396dda91bd580baf77b48c2711?s=96&d=mm&r=g","url":"https:\/\/secure.gravatar.com\/avatar\/3ab58882c96a1f667e4b7004a344de8a7e22e7396dda91bd580baf77b48c2711?s=96&d=mm&r=g","contentUrl":"https:\/\/secure.gravatar.com\/avatar\/3ab58882c96a1f667e4b7004a344de8a7e22e7396dda91bd580baf77b48c2711?s=96&d=mm&r=g","caption":"Destino CyL"},"description":"Equipo de redacci\u00f3n de Destino Castilla y Le\u00f3n","sameAs":["http:\/\/www.destinocastillayleon.es"],"url":"https:\/\/destinocastillayleon.es\/index\/author\/administrador\/"}]}},"_links":{"self":[{"href":"https:\/\/destinocastillayleon.es\/index\/wp-json\/wp\/v2\/posts\/16966","targetHints":{"allow":["GET"]}}],"collection":[{"href":"https:\/\/destinocastillayleon.es\/index\/wp-json\/wp\/v2\/posts"}],"about":[{"href":"https:\/\/destinocastillayleon.es\/index\/wp-json\/wp\/v2\/types\/post"}],"author":[{"embeddable":true,"href":"https:\/\/destinocastillayleon.es\/index\/wp-json\/wp\/v2\/users\/14"}],"replies":[{"embeddable":true,"href":"https:\/\/destinocastillayleon.es\/index\/wp-json\/wp\/v2\/comments?post=16966"}],"version-history":[{"count":2,"href":"https:\/\/destinocastillayleon.es\/index\/wp-json\/wp\/v2\/posts\/16966\/revisions"}],"predecessor-version":[{"id":16972,"href":"https:\/\/destinocastillayleon.es\/index\/wp-json\/wp\/v2\/posts\/16966\/revisions\/16972"}],"wp:featuredmedia":[{"embeddable":true,"href":"https:\/\/destinocastillayleon.es\/index\/wp-json\/wp\/v2\/media\/16968"}],"wp:attachment":[{"href":"https:\/\/destinocastillayleon.es\/index\/wp-json\/wp\/v2\/media?parent=16966"}],"wp:term":[{"taxonomy":"category","embeddable":true,"href":"https:\/\/destinocastillayleon.es\/index\/wp-json\/wp\/v2\/categories?post=16966"},{"taxonomy":"post_tag","embeddable":true,"href":"https:\/\/destinocastillayleon.es\/index\/wp-json\/wp\/v2\/tags?post=16966"}],"curies":[{"name":"wp","href":"https:\/\/api.w.org\/{rel}","templated":true}]}}