{"id":16290,"date":"2014-10-12T10:23:42","date_gmt":"2014-10-12T10:23:42","guid":{"rendered":"http:\/\/destinocastillayleon.es\/index\/?p=16290"},"modified":"2017-01-11T07:24:14","modified_gmt":"2017-01-11T06:24:14","slug":"el-bosque-encantado","status":"publish","type":"post","link":"https:\/\/destinocastillayleon.es\/index\/el-bosque-encantado\/","title":{"rendered":"El bosque encantado, un plan perfecto para viajar con peques"},"content":{"rendered":"<p style=\"text-align: justify;\">Hace poco descubrimos <strong><a href=\"http:\/\/bosqueencantado.net\/promofacebook\/fotos-y-videos.php\">El Bosque Encantado<\/a>,\u00a0un jard\u00edn bot\u00e1nico \u00fanico en Europa<\/strong> con m\u00e1s de t<strong>rescientas esculturas vivientes de tama\u00f1os imposibles,\u00a0<\/strong>realizadas por los mejores artistas de arte Topiario de Europa, y de m\u00e1s de<strong> 500 especies vegetales<\/strong> de todo el mundo plantadas por todo el parque.<br \/>\n&nbsp;<br \/>\n<center><\/p>\n<h2>El contenido sobre El bosque encantado se ha trasladado a <strong>Destino&#038;Sabor<\/strong><\/h2>\n<p>Pulsa sobre la imagen para seguir difrutando de esta entrada.<\/center><br \/>\n<a href=\"http:\/\/destinoysabor.com\/blog\/el-bosque-encantado\"><img decoding=\"async\" class=\"aligncenter size-full wp-image-16291\" src=\"http:\/\/destinocastillayleon.es\/index\/wp-content\/uploads\/2014\/10\/El-bosque-encantado.jpg\" alt=\"El bosque encantado\" width=\"640\" height=\"480\" srcset=\"https:\/\/destinocastillayleon.es\/index\/wp-content\/uploads\/2014\/10\/El-bosque-encantado.jpg 640w, https:\/\/destinocastillayleon.es\/index\/wp-content\/uploads\/2014\/10\/El-bosque-encantado-300x225.jpg 300w\" sizes=\"(max-width: 640px) 100vw, 640px\" \/><\/a><br \/>\n&nbsp; <\/p>\n","protected":false},"excerpt":{"rendered":"<p>El bosque encantado es un plan perfecto para viajar con peques. Un espacio natural en la Sierra oeste de Madrid muy cerca de la provincia de \u00c1vila podr\u00e1s disfrutar en familia de m\u00e1s de 300 esculturas hechas con plantas en un espacio m\u00e1gico y diferente. <\/p>\n","protected":false},"author":14,"featured_media":16298,"comment_status":"open","ping_status":"closed","sticky":false,"template":"","format":"standard","meta":{"rop_custom_images_group":[],"rop_custom_messages_group":[],"rop_publish_now":"initial","rop_publish_now_accounts":{"twitter_1150954226_1150954226":""},"rop_publish_now_history":[],"rop_publish_now_status":"pending","footnotes":""},"categories":[62,383,68,73,3471],"tags":[765,3467,3468,3469,666,3470,3572],"class_list":["post-16290","post","type-post","status-publish","format-standard","has-post-thumbnail","hentry","category-avila","category-cruzando_fronteras","category-post_inicial","category-punto_singular","category-viajar-con-ninos-rutas-2","tag-cruzando-fronteras","tag-el-bosque-encantado","tag-que-hacer-en-el-tiemblo","tag-que-hacer-en-la-sierra-oeste","tag-turismo-en-avila","tag-viajar-con-ninos","tag-visitar-san-martin-de-valdeiglesias"],"yoast_head":"<!-- This site is optimized with the Yoast SEO Premium plugin v20.4 (Yoast SEO v27.4) - https:\/\/yoast.com\/product\/yoast-seo-premium-wordpress\/ -->\n<title>El bosque encantado, un plan perfecto para viajar con peques<\/title>\n<meta name=\"description\" content=\"El bosque encantado es un plan perfecto para viajar con peques. En la Sierra oeste de Madrid muy cerca de \u00c1vila con m\u00e1s de 300 esculturas hechas con plantas\" \/>\n<meta name=\"robots\" content=\"index, follow, max-snippet:-1, max-image-preview:large, max-video-preview:-1\" \/>\n<link rel=\"canonical\" href=\"https:\/\/destinocastillayleon.es\/index\/el-bosque-encantado\/\" \/>\n<meta property=\"og:locale\" content=\"es_ES\" \/>\n<meta property=\"og:type\" content=\"article\" \/>\n<meta property=\"og:title\" content=\"El bosque encantado, un plan perfecto para viajar con peques\" \/>\n<meta property=\"og:description\" content=\"El bosque encantado es un plan perfecto para viajar con peques. En la Sierra oeste de Madrid muy cerca de \u00c1vila con m\u00e1s de 300 esculturas hechas con plantas\" \/>\n<meta property=\"og:url\" content=\"https:\/\/destinocastillayleon.es\/index\/el-bosque-encantado\/\" \/>\n<meta property=\"og:site_name\" content=\"Destino Castilla y Le\u00f3n\" \/>\n<meta property=\"article:publisher\" content=\"https:\/\/www.facebook.com\/DestinoCastillaYLeon\/\" \/>\n<meta property=\"article:published_time\" content=\"2014-10-12T10:23:42+00:00\" \/>\n<meta property=\"article:modified_time\" content=\"2017-01-11T06:24:14+00:00\" \/>\n<meta property=\"og:image\" content=\"https:\/\/destinocastillayleon.es\/index\/wp-content\/uploads\/2014\/10\/Carro-de-caballos-en-el-bosque-encantado.jpg\" \/>\n\t<meta property=\"og:image:width\" content=\"627\" \/>\n\t<meta property=\"og:image:height\" content=\"352\" \/>\n\t<meta property=\"og:image:type\" content=\"image\/jpeg\" \/>\n<meta name=\"author\" content=\"Destino CyL\" \/>\n<meta name=\"twitter:card\" content=\"summary_large_image\" \/>\n<meta name=\"twitter:creator\" content=\"@destinocyl\" \/>\n<meta name=\"twitter:site\" content=\"@destinocyl\" \/>\n<meta name=\"twitter:label1\" content=\"Escrito por\" \/>\n\t<meta name=\"twitter:data1\" content=\"Destino CyL\" \/>\n<script type=\"application\/ld+json\" class=\"yoast-schema-graph\">{\"@context\":\"https:\\\/\\\/schema.org\",\"@graph\":[{\"@type\":\"Article\",\"@id\":\"https:\\\/\\\/destinocastillayleon.es\\\/index\\\/el-bosque-encantado\\\/#article\",\"isPartOf\":{\"@id\":\"https:\\\/\\\/destinocastillayleon.es\\\/index\\\/el-bosque-encantado\\\/\"},\"author\":{\"name\":\"Destino CyL\",\"@id\":\"https:\\\/\\\/destinocastillayleon.es\\\/index\\\/#\\\/schema\\\/person\\\/820bc853671969462e3e479c4ef6f253\"},\"headline\":\"El bosque encantado, un plan perfecto para viajar con peques\",\"datePublished\":\"2014-10-12T10:23:42+00:00\",\"dateModified\":\"2017-01-11T06:24:14+00:00\",\"mainEntityOfPage\":{\"@id\":\"https:\\\/\\\/destinocastillayleon.es\\\/index\\\/el-bosque-encantado\\\/\"},\"wordCount\":85,\"commentCount\":0,\"image\":{\"@id\":\"https:\\\/\\\/destinocastillayleon.es\\\/index\\\/el-bosque-encantado\\\/#primaryimage\"},\"thumbnailUrl\":\"https:\\\/\\\/destinocastillayleon.es\\\/index\\\/wp-content\\\/uploads\\\/2014\\\/10\\\/Carro-de-caballos-en-el-bosque-encantado.jpg\",\"keywords\":[\"Cruzando fronteras\",\"El Bosque Encantado\",\"que hacer en el Tiemblo\",\"Que hacer en la sierra oeste\",\"Turismo en \u00c1vila\",\"viajar con ni\u00f1os\",\"visitar San Mart\u00edn de Valdeiglesias\"],\"articleSection\":[\"Avila\",\"cruzando_fronteras\",\"Post_inicial\",\"Punto Singular\",\"Viajar con ni\u00f1os\"],\"inLanguage\":\"es\",\"potentialAction\":[{\"@type\":\"CommentAction\",\"name\":\"Comment\",\"target\":[\"https:\\\/\\\/destinocastillayleon.es\\\/index\\\/el-bosque-encantado\\\/#respond\"]}]},{\"@type\":\"WebPage\",\"@id\":\"https:\\\/\\\/destinocastillayleon.es\\\/index\\\/el-bosque-encantado\\\/\",\"url\":\"https:\\\/\\\/destinocastillayleon.es\\\/index\\\/el-bosque-encantado\\\/\",\"name\":\"El bosque encantado, un plan perfecto para viajar con peques\",\"isPartOf\":{\"@id\":\"https:\\\/\\\/destinocastillayleon.es\\\/index\\\/#website\"},\"primaryImageOfPage\":{\"@id\":\"https:\\\/\\\/destinocastillayleon.es\\\/index\\\/el-bosque-encantado\\\/#primaryimage\"},\"image\":{\"@id\":\"https:\\\/\\\/destinocastillayleon.es\\\/index\\\/el-bosque-encantado\\\/#primaryimage\"},\"thumbnailUrl\":\"https:\\\/\\\/destinocastillayleon.es\\\/index\\\/wp-content\\\/uploads\\\/2014\\\/10\\\/Carro-de-caballos-en-el-bosque-encantado.jpg\",\"datePublished\":\"2014-10-12T10:23:42+00:00\",\"dateModified\":\"2017-01-11T06:24:14+00:00\",\"author\":{\"@id\":\"https:\\\/\\\/destinocastillayleon.es\\\/index\\\/#\\\/schema\\\/person\\\/820bc853671969462e3e479c4ef6f253\"},\"description\":\"El bosque encantado es un plan perfecto para viajar con peques. En la Sierra oeste de Madrid muy cerca de \u00c1vila con m\u00e1s de 300 esculturas hechas con plantas\",\"breadcrumb\":{\"@id\":\"https:\\\/\\\/destinocastillayleon.es\\\/index\\\/el-bosque-encantado\\\/#breadcrumb\"},\"inLanguage\":\"es\",\"potentialAction\":[{\"@type\":\"ReadAction\",\"target\":[\"https:\\\/\\\/destinocastillayleon.es\\\/index\\\/el-bosque-encantado\\\/\"]}]},{\"@type\":\"ImageObject\",\"inLanguage\":\"es\",\"@id\":\"https:\\\/\\\/destinocastillayleon.es\\\/index\\\/el-bosque-encantado\\\/#primaryimage\",\"url\":\"https:\\\/\\\/destinocastillayleon.es\\\/index\\\/wp-content\\\/uploads\\\/2014\\\/10\\\/Carro-de-caballos-en-el-bosque-encantado.jpg\",\"contentUrl\":\"https:\\\/\\\/destinocastillayleon.es\\\/index\\\/wp-content\\\/uploads\\\/2014\\\/10\\\/Carro-de-caballos-en-el-bosque-encantado.jpg\",\"width\":627,\"height\":352,\"caption\":\"Carro de caballos en el bosque encantado\"},{\"@type\":\"BreadcrumbList\",\"@id\":\"https:\\\/\\\/destinocastillayleon.es\\\/index\\\/el-bosque-encantado\\\/#breadcrumb\",\"itemListElement\":[{\"@type\":\"ListItem\",\"position\":1,\"name\":\"Portada\",\"item\":\"https:\\\/\\\/destinocastillayleon.es\\\/index\\\/\"},{\"@type\":\"ListItem\",\"position\":2,\"name\":\"El bosque encantado, un plan perfecto para viajar con peques\"}]},{\"@type\":\"WebSite\",\"@id\":\"https:\\\/\\\/destinocastillayleon.es\\\/index\\\/#website\",\"url\":\"https:\\\/\\\/destinocastillayleon.es\\\/index\\\/\",\"name\":\"Destino Castilla y Le\u00f3n\",\"description\":\"Medio digital independiente y revista de Castilla y Le\u00f3n dedicado al turismo, gastronom\u00eda y vino de Castilla y Le\u00f3n\",\"potentialAction\":[{\"@type\":\"SearchAction\",\"target\":{\"@type\":\"EntryPoint\",\"urlTemplate\":\"https:\\\/\\\/destinocastillayleon.es\\\/index\\\/?s={search_term_string}\"},\"query-input\":{\"@type\":\"PropertyValueSpecification\",\"valueRequired\":true,\"valueName\":\"search_term_string\"}}],\"inLanguage\":\"es\"},{\"@type\":\"Person\",\"@id\":\"https:\\\/\\\/destinocastillayleon.es\\\/index\\\/#\\\/schema\\\/person\\\/820bc853671969462e3e479c4ef6f253\",\"name\":\"Destino CyL\",\"image\":{\"@type\":\"ImageObject\",\"inLanguage\":\"es\",\"@id\":\"https:\\\/\\\/secure.gravatar.com\\\/avatar\\\/3ab58882c96a1f667e4b7004a344de8a7e22e7396dda91bd580baf77b48c2711?s=96&d=mm&r=g\",\"url\":\"https:\\\/\\\/secure.gravatar.com\\\/avatar\\\/3ab58882c96a1f667e4b7004a344de8a7e22e7396dda91bd580baf77b48c2711?s=96&d=mm&r=g\",\"contentUrl\":\"https:\\\/\\\/secure.gravatar.com\\\/avatar\\\/3ab58882c96a1f667e4b7004a344de8a7e22e7396dda91bd580baf77b48c2711?s=96&d=mm&r=g\",\"caption\":\"Destino CyL\"},\"description\":\"Equipo de redacci\u00f3n de Destino Castilla y Le\u00f3n\",\"sameAs\":[\"http:\\\/\\\/www.destinocastillayleon.es\"],\"url\":\"https:\\\/\\\/destinocastillayleon.es\\\/index\\\/author\\\/administrador\\\/\"}]}<\/script>\n<!-- \/ Yoast SEO Premium plugin. -->","yoast_head_json":{"title":"El bosque encantado, un plan perfecto para viajar con peques","description":"El bosque encantado es un plan perfecto para viajar con peques. En la Sierra oeste de Madrid muy cerca de \u00c1vila con m\u00e1s de 300 esculturas hechas con plantas","robots":{"index":"index","follow":"follow","max-snippet":"max-snippet:-1","max-image-preview":"max-image-preview:large","max-video-preview":"max-video-preview:-1"},"canonical":"https:\/\/destinocastillayleon.es\/index\/el-bosque-encantado\/","og_locale":"es_ES","og_type":"article","og_title":"El bosque encantado, un plan perfecto para viajar con peques","og_description":"El bosque encantado es un plan perfecto para viajar con peques. En la Sierra oeste de Madrid muy cerca de \u00c1vila con m\u00e1s de 300 esculturas hechas con plantas","og_url":"https:\/\/destinocastillayleon.es\/index\/el-bosque-encantado\/","og_site_name":"Destino Castilla y Le\u00f3n","article_publisher":"https:\/\/www.facebook.com\/DestinoCastillaYLeon\/","article_published_time":"2014-10-12T10:23:42+00:00","article_modified_time":"2017-01-11T06:24:14+00:00","og_image":[{"width":627,"height":352,"url":"https:\/\/destinocastillayleon.es\/index\/wp-content\/uploads\/2014\/10\/Carro-de-caballos-en-el-bosque-encantado.jpg","type":"image\/jpeg"}],"author":"Destino CyL","twitter_card":"summary_large_image","twitter_creator":"@destinocyl","twitter_site":"@destinocyl","twitter_misc":{"Escrito por":"Destino CyL"},"schema":{"@context":"https:\/\/schema.org","@graph":[{"@type":"Article","@id":"https:\/\/destinocastillayleon.es\/index\/el-bosque-encantado\/#article","isPartOf":{"@id":"https:\/\/destinocastillayleon.es\/index\/el-bosque-encantado\/"},"author":{"name":"Destino CyL","@id":"https:\/\/destinocastillayleon.es\/index\/#\/schema\/person\/820bc853671969462e3e479c4ef6f253"},"headline":"El bosque encantado, un plan perfecto para viajar con peques","datePublished":"2014-10-12T10:23:42+00:00","dateModified":"2017-01-11T06:24:14+00:00","mainEntityOfPage":{"@id":"https:\/\/destinocastillayleon.es\/index\/el-bosque-encantado\/"},"wordCount":85,"commentCount":0,"image":{"@id":"https:\/\/destinocastillayleon.es\/index\/el-bosque-encantado\/#primaryimage"},"thumbnailUrl":"https:\/\/destinocastillayleon.es\/index\/wp-content\/uploads\/2014\/10\/Carro-de-caballos-en-el-bosque-encantado.jpg","keywords":["Cruzando fronteras","El Bosque Encantado","que hacer en el Tiemblo","Que hacer en la sierra oeste","Turismo en \u00c1vila","viajar con ni\u00f1os","visitar San Mart\u00edn de Valdeiglesias"],"articleSection":["Avila","cruzando_fronteras","Post_inicial","Punto Singular","Viajar con ni\u00f1os"],"inLanguage":"es","potentialAction":[{"@type":"CommentAction","name":"Comment","target":["https:\/\/destinocastillayleon.es\/index\/el-bosque-encantado\/#respond"]}]},{"@type":"WebPage","@id":"https:\/\/destinocastillayleon.es\/index\/el-bosque-encantado\/","url":"https:\/\/destinocastillayleon.es\/index\/el-bosque-encantado\/","name":"El bosque encantado, un plan perfecto para viajar con peques","isPartOf":{"@id":"https:\/\/destinocastillayleon.es\/index\/#website"},"primaryImageOfPage":{"@id":"https:\/\/destinocastillayleon.es\/index\/el-bosque-encantado\/#primaryimage"},"image":{"@id":"https:\/\/destinocastillayleon.es\/index\/el-bosque-encantado\/#primaryimage"},"thumbnailUrl":"https:\/\/destinocastillayleon.es\/index\/wp-content\/uploads\/2014\/10\/Carro-de-caballos-en-el-bosque-encantado.jpg","datePublished":"2014-10-12T10:23:42+00:00","dateModified":"2017-01-11T06:24:14+00:00","author":{"@id":"https:\/\/destinocastillayleon.es\/index\/#\/schema\/person\/820bc853671969462e3e479c4ef6f253"},"description":"El bosque encantado es un plan perfecto para viajar con peques. En la Sierra oeste de Madrid muy cerca de \u00c1vila con m\u00e1s de 300 esculturas hechas con plantas","breadcrumb":{"@id":"https:\/\/destinocastillayleon.es\/index\/el-bosque-encantado\/#breadcrumb"},"inLanguage":"es","potentialAction":[{"@type":"ReadAction","target":["https:\/\/destinocastillayleon.es\/index\/el-bosque-encantado\/"]}]},{"@type":"ImageObject","inLanguage":"es","@id":"https:\/\/destinocastillayleon.es\/index\/el-bosque-encantado\/#primaryimage","url":"https:\/\/destinocastillayleon.es\/index\/wp-content\/uploads\/2014\/10\/Carro-de-caballos-en-el-bosque-encantado.jpg","contentUrl":"https:\/\/destinocastillayleon.es\/index\/wp-content\/uploads\/2014\/10\/Carro-de-caballos-en-el-bosque-encantado.jpg","width":627,"height":352,"caption":"Carro de caballos en el bosque encantado"},{"@type":"BreadcrumbList","@id":"https:\/\/destinocastillayleon.es\/index\/el-bosque-encantado\/#breadcrumb","itemListElement":[{"@type":"ListItem","position":1,"name":"Portada","item":"https:\/\/destinocastillayleon.es\/index\/"},{"@type":"ListItem","position":2,"name":"El bosque encantado, un plan perfecto para viajar con peques"}]},{"@type":"WebSite","@id":"https:\/\/destinocastillayleon.es\/index\/#website","url":"https:\/\/destinocastillayleon.es\/index\/","name":"Destino Castilla y Le\u00f3n","description":"Medio digital independiente y revista de Castilla y Le\u00f3n dedicado al turismo, gastronom\u00eda y vino de Castilla y Le\u00f3n","potentialAction":[{"@type":"SearchAction","target":{"@type":"EntryPoint","urlTemplate":"https:\/\/destinocastillayleon.es\/index\/?s={search_term_string}"},"query-input":{"@type":"PropertyValueSpecification","valueRequired":true,"valueName":"search_term_string"}}],"inLanguage":"es"},{"@type":"Person","@id":"https:\/\/destinocastillayleon.es\/index\/#\/schema\/person\/820bc853671969462e3e479c4ef6f253","name":"Destino CyL","image":{"@type":"ImageObject","inLanguage":"es","@id":"https:\/\/secure.gravatar.com\/avatar\/3ab58882c96a1f667e4b7004a344de8a7e22e7396dda91bd580baf77b48c2711?s=96&d=mm&r=g","url":"https:\/\/secure.gravatar.com\/avatar\/3ab58882c96a1f667e4b7004a344de8a7e22e7396dda91bd580baf77b48c2711?s=96&d=mm&r=g","contentUrl":"https:\/\/secure.gravatar.com\/avatar\/3ab58882c96a1f667e4b7004a344de8a7e22e7396dda91bd580baf77b48c2711?s=96&d=mm&r=g","caption":"Destino CyL"},"description":"Equipo de redacci\u00f3n de Destino Castilla y Le\u00f3n","sameAs":["http:\/\/www.destinocastillayleon.es"],"url":"https:\/\/destinocastillayleon.es\/index\/author\/administrador\/"}]}},"_links":{"self":[{"href":"https:\/\/destinocastillayleon.es\/index\/wp-json\/wp\/v2\/posts\/16290","targetHints":{"allow":["GET"]}}],"collection":[{"href":"https:\/\/destinocastillayleon.es\/index\/wp-json\/wp\/v2\/posts"}],"about":[{"href":"https:\/\/destinocastillayleon.es\/index\/wp-json\/wp\/v2\/types\/post"}],"author":[{"embeddable":true,"href":"https:\/\/destinocastillayleon.es\/index\/wp-json\/wp\/v2\/users\/14"}],"replies":[{"embeddable":true,"href":"https:\/\/destinocastillayleon.es\/index\/wp-json\/wp\/v2\/comments?post=16290"}],"version-history":[{"count":8,"href":"https:\/\/destinocastillayleon.es\/index\/wp-json\/wp\/v2\/posts\/16290\/revisions"}],"predecessor-version":[{"id":24360,"href":"https:\/\/destinocastillayleon.es\/index\/wp-json\/wp\/v2\/posts\/16290\/revisions\/24360"}],"wp:featuredmedia":[{"embeddable":true,"href":"https:\/\/destinocastillayleon.es\/index\/wp-json\/wp\/v2\/media\/16298"}],"wp:attachment":[{"href":"https:\/\/destinocastillayleon.es\/index\/wp-json\/wp\/v2\/media?parent=16290"}],"wp:term":[{"taxonomy":"category","embeddable":true,"href":"https:\/\/destinocastillayleon.es\/index\/wp-json\/wp\/v2\/categories?post=16290"},{"taxonomy":"post_tag","embeddable":true,"href":"https:\/\/destinocastillayleon.es\/index\/wp-json\/wp\/v2\/tags?post=16290"}],"curies":[{"name":"wp","href":"https:\/\/api.w.org\/{rel}","templated":true}]}}