{"id":16011,"date":"2014-09-25T10:56:32","date_gmt":"2014-09-25T10:56:32","guid":{"rendered":"http:\/\/destinocastillayleon.es\/index\/?p=16011"},"modified":"2018-02-04T23:10:15","modified_gmt":"2018-02-04T22:10:15","slug":"ruta-por-el-canal-de-castilla","status":"publish","type":"post","link":"https:\/\/destinocastillayleon.es\/index\/ruta-por-el-canal-de-castilla\/","title":{"rendered":"Ruta por el canal de Castilla, de Valladolid a Palencia"},"content":{"rendered":"<p><!--more--><\/p>\n<p>La construcci\u00f3n del Canal de Castilla supuso en el s.XVIII\u00a0una de las obras de ingenier\u00eda m\u00e1s importantes de la pen\u00ednsula ib\u00e9rica. Sirvi\u00f3 para transportar cereales del interior de la meseta al norte de Espa\u00f1a, hasta la llegada del ferrocarril. Hoy es un recursos tur\u00edstico m\u00e1s que puede recorrerse a pie o en bicicleta, sin apenas dificultad ya que el canal se construy\u00f3 sin desniveles importantes. En algunas localidades como Medina de Rioseco, tambi\u00e9n se ofrecen paseos en barco. Descubre qu\u00e9 se puede ver y hacer en el Canal de Castilla \u00a1Te sorprender\u00e1!<\/p>\n<h2>Ruta por el canal de Castilla, de Valladolid a Palencia<\/h2>\n<p style=\"text-align: justify;\">El Canal de Castilla <strong>es una ruta ideal para hacer en oto\u00f1o,<\/strong> ya que hace menos calor y los \u00e1rboles que acompa\u00f1an al canal en su vereda adquieren colores ocres y amarillos muy bonitos. Es un paseo muy relajante.<\/p>\n<figure id=\"attachment_15999\" aria-describedby=\"caption-attachment-15999\" style=\"width: 640px\" class=\"wp-caption aligncenter\"><a data-size=\"640x480\" href=\"http:\/\/destinocastillayleon.es\/index\/wp-content\/uploads\/2014\/09\/2ce382c99119c06b1c97cac4e9ad16a9.jpg\"><img decoding=\"async\" class=\"wp-image-15999 size-full\" src=\"http:\/\/destinocastillayleon.es\/index\/wp-content\/uploads\/2014\/09\/2ce382c99119c06b1c97cac4e9ad16a9.jpg\" alt=\"Canal de Castilla en oto\u00f1o fuente: santillan3.blogspot.com\" width=\"640\" height=\"480\" srcset=\"https:\/\/destinocastillayleon.es\/index\/wp-content\/uploads\/2014\/09\/2ce382c99119c06b1c97cac4e9ad16a9.jpg 640w, https:\/\/destinocastillayleon.es\/index\/wp-content\/uploads\/2014\/09\/2ce382c99119c06b1c97cac4e9ad16a9-300x225.jpg 300w\" sizes=\"(max-width: 640px) 100vw, 640px\" \/><\/a><figcaption id=\"caption-attachment-15999\" class=\"wp-caption-text\"><em>Canal de Castilla en oto\u00f1o fuente: santillan3.blogspot.com<\/em><\/figcaption><\/figure>\n<p style=\"text-align: justify;\">Desde Valladolid se puede a hacer pie desde <strong>la esclusa que se encuentra en la Avenida Gij\u00f3n<\/strong>. Puedes recorrer tantos kil\u00f3metros como desees. En nuestro caso, <strong>caminamos unos 12 kms <\/strong>hasta la esclusa 42, aunque en bicicleta puedes llegar mucho m\u00e1s lejos.<\/p>\n<blockquote>\n<p style=\"text-align: justify;\">A los que les guste menos el deporte tambi\u00e9n pueden recorrerlo con su propio veh\u00edculo haciendo parada en las esclusas y localidades m\u00e1s emblem\u00e1ticas del canal.<\/p>\n<\/blockquote>\n<p>&nbsp;<\/p>\n<h2>La historia del Canal<\/h2>\n<p style=\"text-align: justify;\">La construcci\u00f3n del canal era\u00a0<strong>una soluci\u00f3n pr\u00e1ctica para transportar el cereal<\/strong> que se cultivaba en la meseta al norte de la pen\u00ednsula ib\u00e9rica. El cereal que se recog\u00eda en verano necesitaba de un transporte r\u00e1pido y seguro sin que se estropease antes de llegar a su destino.<\/p>\n<p style=\"text-align: justify;\"><strong>Ya en la \u00e9poca de los Reyes Cat\u00f3licos<\/strong> se vio la necesidad de construir alg\u00fan \u00abingenio\u00bb (mecanismo) para mejorar y abaratar este transporte y se pens\u00f3 en el gran genio de los genios, <strong>Leonardo Da Vici<\/strong> para construirlo. Fue el mismo Leonardo qui\u00e9n ide\u00f3 el canal pero nunca se llegar\u00eda a construir <strong>hasta el s. XVIII,<\/strong> cuando el rey ilustrado <strong>Fernando VI retoma la idea<\/strong> y encarga al <strong>Marqu\u00e9s de la Ensenda<\/strong> la elaboraci\u00f3n y ejecuci\u00f3n del proyecto.<\/p>\n<p style=\"text-align: justify;\">En el proyecto inicial <strong>se contemplaban 4 canales<\/strong>, que <strong>unir\u00edan Segovia con Reinosa<\/strong>, con la intenci\u00f3n de, en un futuro, atravesar la cordillera Cant\u00e1brica y poder llegar al mar por el puerto de Santander.<\/p>\n<h3>Los cuatro canales eran:<\/h3>\n<p style=\"text-align: justify;\"><strong>El Canal del Norte<\/strong>\u00a0desde Reinosa (Santander) a Calahorra de Ribas (Palencia). Pero que solo se llega a construir desde Alar del Rey hasta Calahorra de Ribas.<\/p>\n<p style=\"text-align: justify;\"><strong>El ramal Canal de Campos<\/strong>, que continuar\u00eda desde <strong>Calahorra de Ribas<\/strong> (Palencia) por la comarca de Tierra de Campos hasta Medina de Rioseco (Valladolid).<\/p>\n<p style=\"text-align: justify;\"><strong>El Canal Sur:<\/strong> que tomar\u00eda las aguas del Canal de Campos en el sitio conocido como el<strong> Serr\u00f3n (Grijota)<\/strong>, para desembocar en el R\u00edo <strong>Pisuerga en Valladolid.<\/strong><\/p>\n<p style=\"text-align: justify;\"><strong>Y el Canal de Segovia:<\/strong> que unir\u00eda Segovia con Villanueva de Duero (Valladolid). \u00a0Pero que nunca fue realizado&#8230;<\/p>\n<p><a data-size=\"531x531\" href=\"http:\/\/destinocastillayleon.es\/index\/wp-content\/uploads\/2014\/09\/Mapa-canal-de-castilla.jpg\"><img decoding=\"async\" class=\"aligncenter size-full wp-image-16009\" src=\"http:\/\/destinocastillayleon.es\/index\/wp-content\/uploads\/2014\/09\/Mapa-canal-de-castilla.jpg\" alt=\"Mapa canal de castilla\" width=\"620\" height=\"620\" srcset=\"https:\/\/destinocastillayleon.es\/index\/wp-content\/uploads\/2014\/09\/Mapa-canal-de-castilla.jpg 531w, https:\/\/destinocastillayleon.es\/index\/wp-content\/uploads\/2014\/09\/Mapa-canal-de-castilla-150x150.jpg 150w, https:\/\/destinocastillayleon.es\/index\/wp-content\/uploads\/2014\/09\/Mapa-canal-de-castilla-300x300.jpg 300w\" sizes=\"(max-width: 620px) 100vw, 620px\" \/><\/a><\/p>\n<p>&nbsp;<\/p>\n<blockquote>\n<p style=\"text-align: justify;\">Con la guerra de la Independencia las obras se paralizan hasta el s.XIX, donde se terminan las obras a cargo de una empresa privada y llega la \u00e9poca dorada del canal, por el que pasaban 300 embarcaciones al d\u00eda y se construyen grandes f\u00e1bricas harineras en sus alrededores.<\/p>\n<\/blockquote>\n<p style=\"text-align: justify;\">Con la llegada del ferrocarril, el canal queda en desuso hasta la actualidad que se ha rehabilitado y aprovechado con fines tur\u00edsticos.<\/p>\n<p>&nbsp;<\/p>\n<blockquote>\n<p style=\"text-align: justify;\"><strong>Actualmente hay una ruta que consta de 9 etapas para recorrer en bicicleta todo el canal.\u00a0<\/strong><\/p>\n<\/blockquote>\n<p>&nbsp;<\/p>\n<h2>Qu\u00e9\u00a0puedes ver y hacer en el Canal de Castilla<\/h2>\n<p>El canal dispone de dos caminos paralelos que serv\u00edan a las mulas arrastrar las embarcaciones. Estos caminos sirven hoy en d\u00eda como buenos senderos para recorrer a pie o en bicicleta.<\/p>\n<p>Las localidades m\u00e1s interesantes para visitar <strong>desde el canal sur<\/strong>\u00a0-desde Valladolid- tenemos <strong>Cigales <\/strong>y su impresionante iglesia de Santiago<strong> y Cubillas de Santa Marta<\/strong> con sus famosas bodegas subterr\u00e1neas.<\/p>\n<p><a data-size=\"640x449\" href=\"http:\/\/destinocastillayleon.es\/index\/wp-content\/uploads\/2014\/09\/Cigales_iglesia_Santiago.jpg\"><img decoding=\"async\" class=\"aligncenter size-full wp-image-16002\" src=\"http:\/\/destinocastillayleon.es\/index\/wp-content\/uploads\/2014\/09\/Cigales_iglesia_Santiago.jpg\" alt=\"Cigales_iglesia_Santiago\" width=\"640\" height=\"449\" srcset=\"https:\/\/destinocastillayleon.es\/index\/wp-content\/uploads\/2014\/09\/Cigales_iglesia_Santiago.jpg 640w, https:\/\/destinocastillayleon.es\/index\/wp-content\/uploads\/2014\/09\/Cigales_iglesia_Santiago-300x210.jpg 300w\" sizes=\"(max-width: 640px) 100vw, 640px\" \/><\/a><\/p>\n<p style=\"text-align: justify;\">M\u00e1s adelante se encuentra <strong>Due\u00f1as,<\/strong> ya en la provincia de Palencia, declarada\u00a0<strong>Conjunto Hist\u00f3rico-Art\u00edstico. <\/strong>Su iglesia, dedicada a Santa Mar\u00eda de la Asunci\u00f3n es impresionante. <strong>Muy destacable su siller\u00eda g\u00f3tica<\/strong> con animales y motivos salvajes (haciendo referencia al nuevo mundo) <strong>\u00a0y su retablo<\/strong>, enmarcado en el tr\u00e1nsito\u00a0entre el G\u00f3tico final y el Renacimiento, considerado una<strong> obra maestra de la escultura castellana<\/strong> de este momento.<\/p>\n<p><a data-size=\"640x354\" href=\"http:\/\/destinocastillayleon.es\/index\/wp-content\/uploads\/2014\/07\/1f4bd287ffbbfbdefce4aa38985198dd.png\"><img decoding=\"async\" class=\"aligncenter size-full wp-image-14399\" src=\"http:\/\/destinocastillayleon.es\/index\/wp-content\/uploads\/2014\/07\/1f4bd287ffbbfbdefce4aa38985198dd.png\" alt=\"Due\u00f1as web\" width=\"640\" height=\"354\" srcset=\"https:\/\/destinocastillayleon.es\/index\/wp-content\/uploads\/2014\/07\/1f4bd287ffbbfbdefce4aa38985198dd.png 640w, https:\/\/destinocastillayleon.es\/index\/wp-content\/uploads\/2014\/07\/1f4bd287ffbbfbdefce4aa38985198dd-300x165.png 300w\" sizes=\"(max-width: 640px) 100vw, 640px\" \/><\/a><\/p>\n<p>Due\u00f1as da mucho de s\u00ed. Puedes visitar su <strong>plaza porticada llena de bares para tapear.\u00a0<\/strong><\/p>\n<h4>La Leyenda de Due\u00f1as<\/h4>\n<blockquote>\n<p style=\"text-align: justify;\"><em>Corre la leyenda que Fernando el Cat\u00f3lico estaba a las afueras de Due\u00f1as con parte de sus ej\u00e9rcitos para poder conocer a Isabel de Trast\u00e1mara \u00abLa Cat\u00f3lica\u00bb, alojada por los Condes de Buend\u00eda. El hermano de Isabel era Enrique IV quien se mostr\u00f3 contrario a este enlace pues quer\u00eda desposarla con el pr\u00edncipe Carlos de Viana. Enrique IV rodeaba la entonces villa para evitar que se conociesen. La leyenda dice que los eldanenses salieron al encuentro de Fernando y le vistieron con ropas humildes para que entrase en el pueblo, pues nadie conoc\u00eda su f\u00edsico real, como as\u00ed hizo, acompa\u00f1ado de dos hombres de su confianza&#8230;<\/em><\/p>\n<\/blockquote>\n<p>&nbsp;<\/p>\n<h3>El Ramal Canal de Campos<\/h3>\n<p>En el ramal del Canal de Campos se encuentra Medina de Rioseco. Una impresionante villa declarada conjunto hist\u00f3rico art\u00edstico. Si se quisiesenvisitar todos los museos e iglesias que alberga, necesitar\u00edamos m\u00e1s de un fin de semana.<\/p>\n<p><a data-size=\"640x480\" href=\"http:\/\/destinocastillayleon.es\/index\/wp-content\/uploads\/2014\/09\/Medina_de_Rioseco_-_Santiago_121.jpg\"><img decoding=\"async\" class=\"aligncenter size-full wp-image-16017\" src=\"http:\/\/destinocastillayleon.es\/index\/wp-content\/uploads\/2014\/09\/Medina_de_Rioseco_-_Santiago_121.jpg\" alt=\"Medina_de_Rioseco_-_Santiago_12\" width=\"640\" height=\"480\" srcset=\"https:\/\/destinocastillayleon.es\/index\/wp-content\/uploads\/2014\/09\/Medina_de_Rioseco_-_Santiago_121.jpg 640w, https:\/\/destinocastillayleon.es\/index\/wp-content\/uploads\/2014\/09\/Medina_de_Rioseco_-_Santiago_121-300x225.jpg 300w\" sizes=\"(max-width: 640px) 100vw, 640px\" \/><\/a><\/p>\n<p>A las afueras de la localidad encontramos <strong>una antigua harinera<\/strong> reconvertida en museo donde se muestran las antiguas m\u00e1quinas y se explica, mediante visita guiada, el proceso de transformaci\u00f3n del trigo en harina.<\/p>\n<p><a data-size=\"640x480\" href=\"http:\/\/destinocastillayleon.es\/index\/wp-content\/uploads\/2014\/09\/medina_rioseco1.jpg\"><img decoding=\"async\" class=\"aligncenter size-full wp-image-16016\" src=\"http:\/\/destinocastillayleon.es\/index\/wp-content\/uploads\/2014\/09\/medina_rioseco1.jpg\" alt=\"medina_rioseco\" width=\"640\" height=\"480\" srcset=\"https:\/\/destinocastillayleon.es\/index\/wp-content\/uploads\/2014\/09\/medina_rioseco1.jpg 640w, https:\/\/destinocastillayleon.es\/index\/wp-content\/uploads\/2014\/09\/medina_rioseco1-300x225.jpg 300w\" sizes=\"(max-width: 640px) 100vw, 640px\" \/><\/a><\/p>\n<p style=\"text-align: justify;\">Justo en frente de la harinera encontramos el <strong>alquiler de canoas<\/strong> para hacer pirag\u00fcismo por el canal, <strong>zonas para pesca libre<\/strong> de muerte y un<strong> barco tur\u00edstico<\/strong> que recorre parte del canal.<\/p>\n<p style=\"text-align: justify;\"><a data-size=\"700x525\" href=\"http:\/\/destinocastillayleon.es\/index\/wp-content\/uploads\/2014\/09\/canal_castillag.jpg\"><img decoding=\"async\" class=\"aligncenter size-full wp-image-16005\" src=\"http:\/\/destinocastillayleon.es\/index\/wp-content\/uploads\/2014\/09\/canal_castillag.jpg\" alt=\"canal_castillag\" width=\"700\" height=\"525\" srcset=\"https:\/\/destinocastillayleon.es\/index\/wp-content\/uploads\/2014\/09\/canal_castillag.jpg 700w, https:\/\/destinocastillayleon.es\/index\/wp-content\/uploads\/2014\/09\/canal_castillag-300x225.jpg 300w\" sizes=\"(max-width: 700px) 100vw, 700px\" \/><\/a><\/p>\n<p style=\"text-align: justify;\"><strong>\u00bfTe gustar\u00eda recorrer el canal de Castilla? \u00bfHas estado alguna vez?<\/strong> Cu\u00e9ntanoslo dejando un comentario m\u00e1s abajo \u00a1Te esperamos!<\/p>\n<p>&nbsp;<\/p>\n<h4><span style=\"color: #800080;\">tambi\u00e9n te puede interesar&#8230; <\/span><\/h4>\n<p><strong>\u2022 <\/strong><a href=\"http:\/\/destinocastillayleon.es\/index\/villa-romana-la-olmeda-un-fascinante-viaje-en-el-tiempo\/\">Villa romana la Olmeda, un fascinante viaje en el tiempo<\/a>.<br \/>\n<strong>\u2022 <\/strong><a href=\"http:\/\/destinocastillayleon.es\/index\/actividades-culturales-en-la-villa-romana-la-olmeda\/\">Actividades Culturales en la Villa Romana la Olmeda<\/a>.<br \/>\n<strong>\u2022 <\/strong><a href=\"http:\/\/destinocastillayleon.es\/index\/que-visitar-en-fromista\/\">Lo que no te puedes perder en Fr\u00f3mista, la joya del rom\u00e1nico palentino<\/a>.<br \/>\n<strong>\u2022 <\/strong><a href=\"http:\/\/destinocastillayleon.es\/index\/la-iglesia-de-san-martin-de-tours\/\">Descubre la iglesia de San Mart\u00edn de Tours en Fr\u00f3mista<\/a>.<br \/>\n<strong>\u2022 <\/strong><a href=\"http:\/\/destinocastillayleon.es\/index\/101-rincones-de-castilla-y-leon-para-visitar-una-vez-en-la-vida\/\">101 rincones de Castilla y Le\u00f3n para visitar una vez en la vida<\/a>.<\/p>\n","protected":false},"excerpt":{"rendered":"<p>Disfruta una ruta por el canal de Castilla, de Valladolid a Palencia. Paisajes increibles, patrimonio industrial de otra \u00e9poca m\u00e1s tranquila, mas serena<\/p>\n","protected":false},"author":14,"featured_media":15999,"comment_status":"open","ping_status":"closed","sticky":false,"template":"","format":"standard","meta":{"rop_custom_images_group":[],"rop_custom_messages_group":[],"rop_publish_now":"initial","rop_publish_now_accounts":{"twitter_1150954226_1150954226":""},"rop_publish_now_history":[],"rop_publish_now_status":"pending","footnotes":""},"categories":[77,42,4717,68,74,26,3471],"tags":[3692,3351,3378,3350,3346,3347,704,3349,3348,2173,1858],"class_list":["post-16011","post","type-post","status-publish","format-standard","has-post-thumbnail","hentry","category-actualidad-y-agenda-de-castilla-y-leon","category-palencia","category-palencia-turismo","category-post_inicial","category-rutas_por_cyl","category-valladolid","category-viajar-con-ninos-rutas-2","tag-destino-castilla-y-leon-el-la-radio","tag-paseo-en-barco-canal-de-castilla","tag-que-hacer-en-el-canal-de-castilla","tag-que-ver-en-canal-de-castilla","tag-ruta-canal-de-castilla","tag-senderismo-canal-de-castilla","tag-turismo-activo-en-castilla-y-leon","tag-turismo-canal-de-castilla","tag-viaje-al-canal-de-castilla","tag-visitar-palencia","tag-visitar-valladolid"],"yoast_head":"<!-- This site is optimized with the Yoast SEO Premium plugin v20.4 (Yoast SEO v27.4) - https:\/\/yoast.com\/product\/yoast-seo-premium-wordpress\/ -->\n<title>Ruta por el canal de Castilla, de Valladolid a Palencia<\/title>\n<meta name=\"description\" content=\"Disfruta una ruta por el canal de Castilla, de Valladolid a Palencia. Paisajes increibles, patrimonio industrial de otra \u00e9poca m\u00e1s tranquila, mas serena\" \/>\n<meta name=\"robots\" content=\"index, follow, max-snippet:-1, max-image-preview:large, max-video-preview:-1\" \/>\n<link rel=\"canonical\" href=\"https:\/\/destinocastillayleon.es\/index\/ruta-por-el-canal-de-castilla\/\" \/>\n<meta property=\"og:locale\" content=\"es_ES\" \/>\n<meta property=\"og:type\" content=\"article\" \/>\n<meta property=\"og:title\" content=\"Ruta por el canal de Castilla, de Valladolid a Palencia\" \/>\n<meta property=\"og:description\" content=\"Disfruta una ruta por el canal de Castilla, de Valladolid a Palencia. Paisajes increibles, patrimonio industrial de otra \u00e9poca m\u00e1s tranquila, mas serena\" \/>\n<meta property=\"og:url\" content=\"https:\/\/destinocastillayleon.es\/index\/ruta-por-el-canal-de-castilla\/\" \/>\n<meta property=\"og:site_name\" content=\"Destino Castilla y Le\u00f3n\" \/>\n<meta property=\"article:publisher\" content=\"https:\/\/www.facebook.com\/DestinoCastillaYLeon\/\" \/>\n<meta property=\"article:published_time\" content=\"2014-09-25T10:56:32+00:00\" \/>\n<meta property=\"article:modified_time\" content=\"2018-02-04T22:10:15+00:00\" \/>\n<meta property=\"og:image\" content=\"https:\/\/destinocastillayleon.es\/index\/wp-content\/uploads\/2014\/09\/2ce382c99119c06b1c97cac4e9ad16a9.jpg\" \/>\n\t<meta property=\"og:image:width\" content=\"640\" \/>\n\t<meta property=\"og:image:height\" content=\"480\" \/>\n\t<meta property=\"og:image:type\" content=\"image\/jpeg\" \/>\n<meta name=\"author\" content=\"Destino CyL\" \/>\n<meta name=\"twitter:card\" content=\"summary_large_image\" \/>\n<meta name=\"twitter:title\" content=\"Ruta por el canal de Castilla, de Valladolid a Palencia\" \/>\n<meta name=\"twitter:description\" content=\"Disfruta una ruta por el canal de Castilla, de Valladolid a Palencia. Paisajes increibles, patrimonio industrial de otra \u00e9poca m\u00e1s tranquila, mas serena\" \/>\n<meta name=\"twitter:image\" content=\"http:\/\/destinocastillayleon.es\/index\/wp-content\/uploads\/2014\/09\/2ce382c99119c06b1c97cac4e9ad16a9-300x225.jpg\" \/>\n<meta name=\"twitter:creator\" content=\"@destinocyl\" \/>\n<meta name=\"twitter:site\" content=\"@destinocyl\" \/>\n<meta name=\"twitter:label1\" content=\"Escrito por\" \/>\n\t<meta name=\"twitter:data1\" content=\"Destino CyL\" \/>\n\t<meta name=\"twitter:label2\" content=\"Tiempo de lectura\" \/>\n\t<meta name=\"twitter:data2\" content=\"6 minutos\" \/>\n<script type=\"application\/ld+json\" class=\"yoast-schema-graph\">{\"@context\":\"https:\\\/\\\/schema.org\",\"@graph\":[{\"@type\":\"Article\",\"@id\":\"https:\\\/\\\/destinocastillayleon.es\\\/index\\\/ruta-por-el-canal-de-castilla\\\/#article\",\"isPartOf\":{\"@id\":\"https:\\\/\\\/destinocastillayleon.es\\\/index\\\/ruta-por-el-canal-de-castilla\\\/\"},\"author\":{\"name\":\"Destino CyL\",\"@id\":\"https:\\\/\\\/destinocastillayleon.es\\\/index\\\/#\\\/schema\\\/person\\\/820bc853671969462e3e479c4ef6f253\"},\"headline\":\"Ruta por el canal de Castilla, de Valladolid a Palencia\",\"datePublished\":\"2014-09-25T10:56:32+00:00\",\"dateModified\":\"2018-02-04T22:10:15+00:00\",\"mainEntityOfPage\":{\"@id\":\"https:\\\/\\\/destinocastillayleon.es\\\/index\\\/ruta-por-el-canal-de-castilla\\\/\"},\"wordCount\":1120,\"commentCount\":21,\"image\":{\"@id\":\"https:\\\/\\\/destinocastillayleon.es\\\/index\\\/ruta-por-el-canal-de-castilla\\\/#primaryimage\"},\"thumbnailUrl\":\"https:\\\/\\\/destinocastillayleon.es\\\/index\\\/wp-content\\\/uploads\\\/2014\\\/09\\\/2ce382c99119c06b1c97cac4e9ad16a9.jpg\",\"keywords\":[\"Destino Castilla y Le\u00f3n el la radio\",\"paseo en barco canal de castilla\",\"que hacer en el canal de castilla\",\"que ver en canal de castilla\",\"ruta canal de castilla\",\"senderismo canal de castilla\",\"Turismo activo en Castilla y Le\u00f3n\",\"turismo canal de castilla\",\"viaje al canal de castilla\",\"visitar Palencia\",\"visitar Valladolid\"],\"articleSection\":[\"Actualidad\",\"Palencia\",\"Palencia turismo\",\"Post_inicial\",\"Rutas por Castilla y Le\u00f3n\",\"Valladolid\",\"Viajar con ni\u00f1os\"],\"inLanguage\":\"es\",\"potentialAction\":[{\"@type\":\"CommentAction\",\"name\":\"Comment\",\"target\":[\"https:\\\/\\\/destinocastillayleon.es\\\/index\\\/ruta-por-el-canal-de-castilla\\\/#respond\"]}]},{\"@type\":\"WebPage\",\"@id\":\"https:\\\/\\\/destinocastillayleon.es\\\/index\\\/ruta-por-el-canal-de-castilla\\\/\",\"url\":\"https:\\\/\\\/destinocastillayleon.es\\\/index\\\/ruta-por-el-canal-de-castilla\\\/\",\"name\":\"Ruta por el canal de Castilla, de Valladolid a Palencia\",\"isPartOf\":{\"@id\":\"https:\\\/\\\/destinocastillayleon.es\\\/index\\\/#website\"},\"primaryImageOfPage\":{\"@id\":\"https:\\\/\\\/destinocastillayleon.es\\\/index\\\/ruta-por-el-canal-de-castilla\\\/#primaryimage\"},\"image\":{\"@id\":\"https:\\\/\\\/destinocastillayleon.es\\\/index\\\/ruta-por-el-canal-de-castilla\\\/#primaryimage\"},\"thumbnailUrl\":\"https:\\\/\\\/destinocastillayleon.es\\\/index\\\/wp-content\\\/uploads\\\/2014\\\/09\\\/2ce382c99119c06b1c97cac4e9ad16a9.jpg\",\"datePublished\":\"2014-09-25T10:56:32+00:00\",\"dateModified\":\"2018-02-04T22:10:15+00:00\",\"author\":{\"@id\":\"https:\\\/\\\/destinocastillayleon.es\\\/index\\\/#\\\/schema\\\/person\\\/820bc853671969462e3e479c4ef6f253\"},\"description\":\"Disfruta una ruta por el canal de Castilla, de Valladolid a Palencia. Paisajes increibles, patrimonio industrial de otra \u00e9poca m\u00e1s tranquila, mas serena\",\"breadcrumb\":{\"@id\":\"https:\\\/\\\/destinocastillayleon.es\\\/index\\\/ruta-por-el-canal-de-castilla\\\/#breadcrumb\"},\"inLanguage\":\"es\",\"potentialAction\":[{\"@type\":\"ReadAction\",\"target\":[\"https:\\\/\\\/destinocastillayleon.es\\\/index\\\/ruta-por-el-canal-de-castilla\\\/\"]}]},{\"@type\":\"ImageObject\",\"inLanguage\":\"es\",\"@id\":\"https:\\\/\\\/destinocastillayleon.es\\\/index\\\/ruta-por-el-canal-de-castilla\\\/#primaryimage\",\"url\":\"https:\\\/\\\/destinocastillayleon.es\\\/index\\\/wp-content\\\/uploads\\\/2014\\\/09\\\/2ce382c99119c06b1c97cac4e9ad16a9.jpg\",\"contentUrl\":\"https:\\\/\\\/destinocastillayleon.es\\\/index\\\/wp-content\\\/uploads\\\/2014\\\/09\\\/2ce382c99119c06b1c97cac4e9ad16a9.jpg\",\"width\":640,\"height\":480,\"caption\":\"Canal de Castilla en oto\u00f1o\"},{\"@type\":\"BreadcrumbList\",\"@id\":\"https:\\\/\\\/destinocastillayleon.es\\\/index\\\/ruta-por-el-canal-de-castilla\\\/#breadcrumb\",\"itemListElement\":[{\"@type\":\"ListItem\",\"position\":1,\"name\":\"Portada\",\"item\":\"https:\\\/\\\/destinocastillayleon.es\\\/index\\\/\"},{\"@type\":\"ListItem\",\"position\":2,\"name\":\"Ruta por el canal de Castilla, de Valladolid a Palencia\"}]},{\"@type\":\"WebSite\",\"@id\":\"https:\\\/\\\/destinocastillayleon.es\\\/index\\\/#website\",\"url\":\"https:\\\/\\\/destinocastillayleon.es\\\/index\\\/\",\"name\":\"Destino Castilla y Le\u00f3n\",\"description\":\"Medio digital independiente y revista de Castilla y Le\u00f3n dedicado al turismo, gastronom\u00eda y vino de Castilla y Le\u00f3n\",\"potentialAction\":[{\"@type\":\"SearchAction\",\"target\":{\"@type\":\"EntryPoint\",\"urlTemplate\":\"https:\\\/\\\/destinocastillayleon.es\\\/index\\\/?s={search_term_string}\"},\"query-input\":{\"@type\":\"PropertyValueSpecification\",\"valueRequired\":true,\"valueName\":\"search_term_string\"}}],\"inLanguage\":\"es\"},{\"@type\":\"Person\",\"@id\":\"https:\\\/\\\/destinocastillayleon.es\\\/index\\\/#\\\/schema\\\/person\\\/820bc853671969462e3e479c4ef6f253\",\"name\":\"Destino CyL\",\"image\":{\"@type\":\"ImageObject\",\"inLanguage\":\"es\",\"@id\":\"https:\\\/\\\/secure.gravatar.com\\\/avatar\\\/3ab58882c96a1f667e4b7004a344de8a7e22e7396dda91bd580baf77b48c2711?s=96&d=mm&r=g\",\"url\":\"https:\\\/\\\/secure.gravatar.com\\\/avatar\\\/3ab58882c96a1f667e4b7004a344de8a7e22e7396dda91bd580baf77b48c2711?s=96&d=mm&r=g\",\"contentUrl\":\"https:\\\/\\\/secure.gravatar.com\\\/avatar\\\/3ab58882c96a1f667e4b7004a344de8a7e22e7396dda91bd580baf77b48c2711?s=96&d=mm&r=g\",\"caption\":\"Destino CyL\"},\"description\":\"Equipo de redacci\u00f3n de Destino Castilla y Le\u00f3n\",\"sameAs\":[\"http:\\\/\\\/www.destinocastillayleon.es\"],\"url\":\"https:\\\/\\\/destinocastillayleon.es\\\/index\\\/author\\\/administrador\\\/\"}]}<\/script>\n<!-- \/ Yoast SEO Premium plugin. -->","yoast_head_json":{"title":"Ruta por el canal de Castilla, de Valladolid a Palencia","description":"Disfruta una ruta por el canal de Castilla, de Valladolid a Palencia. Paisajes increibles, patrimonio industrial de otra \u00e9poca m\u00e1s tranquila, mas serena","robots":{"index":"index","follow":"follow","max-snippet":"max-snippet:-1","max-image-preview":"max-image-preview:large","max-video-preview":"max-video-preview:-1"},"canonical":"https:\/\/destinocastillayleon.es\/index\/ruta-por-el-canal-de-castilla\/","og_locale":"es_ES","og_type":"article","og_title":"Ruta por el canal de Castilla, de Valladolid a Palencia","og_description":"Disfruta una ruta por el canal de Castilla, de Valladolid a Palencia. Paisajes increibles, patrimonio industrial de otra \u00e9poca m\u00e1s tranquila, mas serena","og_url":"https:\/\/destinocastillayleon.es\/index\/ruta-por-el-canal-de-castilla\/","og_site_name":"Destino Castilla y Le\u00f3n","article_publisher":"https:\/\/www.facebook.com\/DestinoCastillaYLeon\/","article_published_time":"2014-09-25T10:56:32+00:00","article_modified_time":"2018-02-04T22:10:15+00:00","og_image":[{"width":640,"height":480,"url":"https:\/\/destinocastillayleon.es\/index\/wp-content\/uploads\/2014\/09\/2ce382c99119c06b1c97cac4e9ad16a9.jpg","type":"image\/jpeg"}],"author":"Destino CyL","twitter_card":"summary_large_image","twitter_title":"Ruta por el canal de Castilla, de Valladolid a Palencia","twitter_description":"Disfruta una ruta por el canal de Castilla, de Valladolid a Palencia. Paisajes increibles, patrimonio industrial de otra \u00e9poca m\u00e1s tranquila, mas serena","twitter_image":"http:\/\/destinocastillayleon.es\/index\/wp-content\/uploads\/2014\/09\/2ce382c99119c06b1c97cac4e9ad16a9-300x225.jpg","twitter_creator":"@destinocyl","twitter_site":"@destinocyl","twitter_misc":{"Escrito por":"Destino CyL","Tiempo de lectura":"6 minutos"},"schema":{"@context":"https:\/\/schema.org","@graph":[{"@type":"Article","@id":"https:\/\/destinocastillayleon.es\/index\/ruta-por-el-canal-de-castilla\/#article","isPartOf":{"@id":"https:\/\/destinocastillayleon.es\/index\/ruta-por-el-canal-de-castilla\/"},"author":{"name":"Destino CyL","@id":"https:\/\/destinocastillayleon.es\/index\/#\/schema\/person\/820bc853671969462e3e479c4ef6f253"},"headline":"Ruta por el canal de Castilla, de Valladolid a Palencia","datePublished":"2014-09-25T10:56:32+00:00","dateModified":"2018-02-04T22:10:15+00:00","mainEntityOfPage":{"@id":"https:\/\/destinocastillayleon.es\/index\/ruta-por-el-canal-de-castilla\/"},"wordCount":1120,"commentCount":21,"image":{"@id":"https:\/\/destinocastillayleon.es\/index\/ruta-por-el-canal-de-castilla\/#primaryimage"},"thumbnailUrl":"https:\/\/destinocastillayleon.es\/index\/wp-content\/uploads\/2014\/09\/2ce382c99119c06b1c97cac4e9ad16a9.jpg","keywords":["Destino Castilla y Le\u00f3n el la radio","paseo en barco canal de castilla","que hacer en el canal de castilla","que ver en canal de castilla","ruta canal de castilla","senderismo canal de castilla","Turismo activo en Castilla y Le\u00f3n","turismo canal de castilla","viaje al canal de castilla","visitar Palencia","visitar Valladolid"],"articleSection":["Actualidad","Palencia","Palencia turismo","Post_inicial","Rutas por Castilla y Le\u00f3n","Valladolid","Viajar con ni\u00f1os"],"inLanguage":"es","potentialAction":[{"@type":"CommentAction","name":"Comment","target":["https:\/\/destinocastillayleon.es\/index\/ruta-por-el-canal-de-castilla\/#respond"]}]},{"@type":"WebPage","@id":"https:\/\/destinocastillayleon.es\/index\/ruta-por-el-canal-de-castilla\/","url":"https:\/\/destinocastillayleon.es\/index\/ruta-por-el-canal-de-castilla\/","name":"Ruta por el canal de Castilla, de Valladolid a Palencia","isPartOf":{"@id":"https:\/\/destinocastillayleon.es\/index\/#website"},"primaryImageOfPage":{"@id":"https:\/\/destinocastillayleon.es\/index\/ruta-por-el-canal-de-castilla\/#primaryimage"},"image":{"@id":"https:\/\/destinocastillayleon.es\/index\/ruta-por-el-canal-de-castilla\/#primaryimage"},"thumbnailUrl":"https:\/\/destinocastillayleon.es\/index\/wp-content\/uploads\/2014\/09\/2ce382c99119c06b1c97cac4e9ad16a9.jpg","datePublished":"2014-09-25T10:56:32+00:00","dateModified":"2018-02-04T22:10:15+00:00","author":{"@id":"https:\/\/destinocastillayleon.es\/index\/#\/schema\/person\/820bc853671969462e3e479c4ef6f253"},"description":"Disfruta una ruta por el canal de Castilla, de Valladolid a Palencia. Paisajes increibles, patrimonio industrial de otra \u00e9poca m\u00e1s tranquila, mas serena","breadcrumb":{"@id":"https:\/\/destinocastillayleon.es\/index\/ruta-por-el-canal-de-castilla\/#breadcrumb"},"inLanguage":"es","potentialAction":[{"@type":"ReadAction","target":["https:\/\/destinocastillayleon.es\/index\/ruta-por-el-canal-de-castilla\/"]}]},{"@type":"ImageObject","inLanguage":"es","@id":"https:\/\/destinocastillayleon.es\/index\/ruta-por-el-canal-de-castilla\/#primaryimage","url":"https:\/\/destinocastillayleon.es\/index\/wp-content\/uploads\/2014\/09\/2ce382c99119c06b1c97cac4e9ad16a9.jpg","contentUrl":"https:\/\/destinocastillayleon.es\/index\/wp-content\/uploads\/2014\/09\/2ce382c99119c06b1c97cac4e9ad16a9.jpg","width":640,"height":480,"caption":"Canal de Castilla en oto\u00f1o"},{"@type":"BreadcrumbList","@id":"https:\/\/destinocastillayleon.es\/index\/ruta-por-el-canal-de-castilla\/#breadcrumb","itemListElement":[{"@type":"ListItem","position":1,"name":"Portada","item":"https:\/\/destinocastillayleon.es\/index\/"},{"@type":"ListItem","position":2,"name":"Ruta por el canal de Castilla, de Valladolid a Palencia"}]},{"@type":"WebSite","@id":"https:\/\/destinocastillayleon.es\/index\/#website","url":"https:\/\/destinocastillayleon.es\/index\/","name":"Destino Castilla y Le\u00f3n","description":"Medio digital independiente y revista de Castilla y Le\u00f3n dedicado al turismo, gastronom\u00eda y vino de Castilla y Le\u00f3n","potentialAction":[{"@type":"SearchAction","target":{"@type":"EntryPoint","urlTemplate":"https:\/\/destinocastillayleon.es\/index\/?s={search_term_string}"},"query-input":{"@type":"PropertyValueSpecification","valueRequired":true,"valueName":"search_term_string"}}],"inLanguage":"es"},{"@type":"Person","@id":"https:\/\/destinocastillayleon.es\/index\/#\/schema\/person\/820bc853671969462e3e479c4ef6f253","name":"Destino CyL","image":{"@type":"ImageObject","inLanguage":"es","@id":"https:\/\/secure.gravatar.com\/avatar\/3ab58882c96a1f667e4b7004a344de8a7e22e7396dda91bd580baf77b48c2711?s=96&d=mm&r=g","url":"https:\/\/secure.gravatar.com\/avatar\/3ab58882c96a1f667e4b7004a344de8a7e22e7396dda91bd580baf77b48c2711?s=96&d=mm&r=g","contentUrl":"https:\/\/secure.gravatar.com\/avatar\/3ab58882c96a1f667e4b7004a344de8a7e22e7396dda91bd580baf77b48c2711?s=96&d=mm&r=g","caption":"Destino CyL"},"description":"Equipo de redacci\u00f3n de Destino Castilla y Le\u00f3n","sameAs":["http:\/\/www.destinocastillayleon.es"],"url":"https:\/\/destinocastillayleon.es\/index\/author\/administrador\/"}]}},"_links":{"self":[{"href":"https:\/\/destinocastillayleon.es\/index\/wp-json\/wp\/v2\/posts\/16011","targetHints":{"allow":["GET"]}}],"collection":[{"href":"https:\/\/destinocastillayleon.es\/index\/wp-json\/wp\/v2\/posts"}],"about":[{"href":"https:\/\/destinocastillayleon.es\/index\/wp-json\/wp\/v2\/types\/post"}],"author":[{"embeddable":true,"href":"https:\/\/destinocastillayleon.es\/index\/wp-json\/wp\/v2\/users\/14"}],"replies":[{"embeddable":true,"href":"https:\/\/destinocastillayleon.es\/index\/wp-json\/wp\/v2\/comments?post=16011"}],"version-history":[{"count":14,"href":"https:\/\/destinocastillayleon.es\/index\/wp-json\/wp\/v2\/posts\/16011\/revisions"}],"predecessor-version":[{"id":27448,"href":"https:\/\/destinocastillayleon.es\/index\/wp-json\/wp\/v2\/posts\/16011\/revisions\/27448"}],"wp:featuredmedia":[{"embeddable":true,"href":"https:\/\/destinocastillayleon.es\/index\/wp-json\/wp\/v2\/media\/15999"}],"wp:attachment":[{"href":"https:\/\/destinocastillayleon.es\/index\/wp-json\/wp\/v2\/media?parent=16011"}],"wp:term":[{"taxonomy":"category","embeddable":true,"href":"https:\/\/destinocastillayleon.es\/index\/wp-json\/wp\/v2\/categories?post=16011"},{"taxonomy":"post_tag","embeddable":true,"href":"https:\/\/destinocastillayleon.es\/index\/wp-json\/wp\/v2\/tags?post=16011"}],"curies":[{"name":"wp","href":"https:\/\/api.w.org\/{rel}","templated":true}]}}