{"id":15905,"date":"2014-09-17T12:25:17","date_gmt":"2014-09-17T12:25:17","guid":{"rendered":"http:\/\/destinocastillayleon.es\/index\/?p=15905"},"modified":"2015-01-09T11:53:33","modified_gmt":"2015-01-09T10:53:33","slug":"vive-la-fiesta-de-la-vendimia-de-cigales-2014","status":"publish","type":"post","link":"https:\/\/destinocastillayleon.es\/index\/vive-la-fiesta-de-la-vendimia-de-cigales-2014\/","title":{"rendered":"Vive la Fiesta de la Vendimia de Cigales 2014"},"content":{"rendered":"<p style=\"text-align: justify;\"><strong>Del 18 al 21 de septiembre<\/strong> se va a celebrar en Cigales (Valladolid) la<strong> \u00a0XXXV Edici\u00f3n de la Fiesta de la Vendimia de Cigales<\/strong> declarada de Inter\u00e9s Tur\u00edstico Regional, la m\u00e1s antigua de Castilla y Le\u00f3n y una de las m\u00e1s antiguas de Espa\u00f1a.<\/p>\n<p style=\"text-align: justify;\">Cuatro d\u00edas en los que Cigales se convertir\u00e1 en punto de encuentro de <strong>tradici\u00f3n, cultura y gastronom\u00eda en torno al vino. L<\/strong>a Plaza Mayor, el Parque Municipal y la Plaza del Lagunajo ser\u00e1n el escenario de catas, degustaciones, artesan\u00eda, gastronom\u00eda y folklore.<\/p>\n<p>&nbsp;<\/p>\n<h3>Fiesta de la Vendimia de Cigales 2014<\/h3>\n<p>&nbsp;<br \/>\n<a href=\"http:\/\/destinocastillayleon.es\/index\/wp-content\/uploads\/2014\/09\/cartel-vendimia-2014.png\"><img decoding=\"async\" class=\"aligncenter size-full wp-image-15907\" src=\"http:\/\/destinocastillayleon.es\/index\/wp-content\/uploads\/2014\/09\/cartel-vendimia-2014.png\" alt=\"cartel vendimia 2014\" width=\"640\" height=\"923\" srcset=\"https:\/\/destinocastillayleon.es\/index\/wp-content\/uploads\/2014\/09\/cartel-vendimia-2014.png 368w, https:\/\/destinocastillayleon.es\/index\/wp-content\/uploads\/2014\/09\/cartel-vendimia-2014-208x300.png 208w, https:\/\/destinocastillayleon.es\/index\/wp-content\/uploads\/2014\/09\/cartel-vendimia-2014-300x432.png 300w\" sizes=\"(max-width: 640px) 100vw, 640px\" \/><\/a><\/p>\n<h3><strong>Programa Feria del Vino y Fiesta de la Vendimia de Cigales<\/strong><\/h3>\n<p><span style=\"color: #800080;\"><strong>Jueves 18 de septiembre<\/strong><\/span><\/p>\n<p>Como es tradici\u00f3n, e<strong>l jueves por la tarde comenzar\u00e1n las actividades<\/strong> con el campeonato de juegos aut\u00f3ctonos para ni\u00f1os de 6 a 12 a\u00f1os en la Plaza Mayor.<\/p>\n<p>&nbsp;<\/p>\n<p><strong><span style=\"color: #800080;\">Viernes 19 de septiembre<\/span><\/strong><\/p>\n<p style=\"text-align: justify;\">El viernes por la tarde el Consejo Regulador ofrecer\u00e1 <strong>una cata musical en el parque municipal<\/strong> para acto seguido arrancar la V Edici\u00f3n de la Feria del <strong>Pincho Uvero y el V Concurso del \u201cPincho Uvero\u201d<\/strong> con la participaci\u00f3n de 9 establecimientos que durante el fin de semana ofrecer\u00e1n su pincho + consumici\u00f3n al precio de 2,50 \u20ac A<\/p>\n<p><strong>19:00 h. Cata comentada<\/strong> por los en\u00f3logos del Consejo Regulador de la Denominaci\u00f3n de\u00a0Origen Cigales con acompa\u00f1amiento del d\u00fao musical de flauta y guitarra \u201cCAF\u00c9 DUO\u201d<\/p>\n<p><strong>21:30 h. Concierto por el grupo de Carlos Soto<\/strong> de los Celtas Cortos con la actuaci\u00f3n de \u201cAWEN MAGIC LAND\u201d con proyecciones de luz en la Plaza Mayor de Cigales.<\/p>\n<p style=\"text-align: justify;\"><span style=\"color: #800080;\"><strong>S\u00e1bado 20 de septiembre<\/strong><\/span><\/p>\n<p style=\"text-align: justify;\">El s\u00e1bado se celebrar\u00e1 el emblem\u00e1tico\u00a0<strong>desfile de bodegueras y el pisado de la uva<\/strong> con la posterior degustaci\u00f3n del primer mosto, este a\u00f1o el preg\u00f3n correr\u00e1 a cargo del Cigale\u00f1o Gerardo Gallo;<\/p>\n<p><strong>11:00 h. Encierro Ecol\u00f3gico en<\/strong> la Plaza Mayor y en la Calle de las Armas\u00a0Organizado por las pe\u00f1as \u201cEl rinc\u00f3n\u201d y \u201cEl desfase\u201d<\/p>\n<p><strong>12:00 h. Apertura de la feria de D\u00eda<\/strong> en la Plaza Mayor de Cigales<\/p>\n<p><strong>12:00 h. Talleres artesanales<\/strong> participativos (estampaci\u00f3n y grabado, cester\u00eda y carteras de\u00a0com\u00edcs) y muestra de oficios<\/p>\n<p><strong>12:00 h. Actuaci\u00f3n musical<\/strong> por Ruben Gonzalez (guitarra) y Nuria Garcia (flauta) profesores\u00a0del aula de m\u00fasica Cigales y actuaci\u00f3n del el grupo de saxofonistas de Javier la Torre.<\/p>\n<p><strong>13:00 h. Exhibici\u00f3n de Talla de mader<\/strong>a con motosierra a cargo del artesano Lorenzo Garrido.<\/p>\n<p><strong>17:45 h. Recepci\u00f3n de Autoridades<\/strong> y Bodegueras. Ayuntamiento, Plaza Mayor.<br \/>\n<strong>18:00 h. Misa Castellana<\/strong><br \/>\n<strong>18:00 h. Talleres artesanales<\/strong> participativos (cester\u00eda, estampaci\u00f3n y grabado, carteras de comic)<br \/>\ny muestra de oficios en el Parque Municipal<\/p>\n<p><strong>18:45 Apertura de la Feria de D\u00eda<\/strong> de Cigales en la Plaza Mayor.<\/p>\n<blockquote><p>Los amantes del vino y la gastronom\u00eda no se pueden perder<strong> la feria del vino\u00a0el s\u00e1bado de 18:00 a 22:00 h. en la Plaza del Lagunajo<\/strong> donde se podr\u00e1n degustar los vinos de nuestra tierra.<\/p><\/blockquote>\n<p>1<strong>9:15 h. Desfile de Bodegueras<\/strong> y Grupos de Danzas.<br \/>\n<strong>19:00 h. Imposici\u00f3n de Banda<\/strong>s y entrega de ramos de flores en la Plaza del Lagunajo\u00a0Proclamaci\u00f3n de la Bodeguera Mayor. \u00a0Pisado de la uva y degustaci\u00f3n del primer mosto.<br \/>\n<strong>19:30 h. Preg\u00f3n XXXV Feria del Vino y Fiesta de la Vendimia<\/strong> a cargo de Gerardo Gallo\u00a0Camargo. Viticultor y vinicultor de Cigales.<\/p>\n<p><strong>19:45 h. XXXV Encuentro de Folklore<\/strong> en la Plaza del Lagunajo a cargo de las agrupaciones\u00a0locales \u201cA.C. Vacceos\u201d y \u201cA.C. Las Torres de Cigales\u201d con los grupos invitados \u201cGrupo de\u00a0danzas San Pedruco\u201d de Solares (Cantabria) y la \u201cAgrupaci\u00f3n Cultural Folkl\u00f3rica Andr\u00e9\u00a0Laguna\u201d de Segovia.<\/p>\n<p><strong>22:00 h. Actuaci\u00f3n del grupo de m\u00fasica HAPPENING<\/strong> en la Plaza Mayor<\/p>\n<p><strong>23:30 h. DISCOMOVIL TORITO MIX<\/strong> en la Plaza Mayor<\/p>\n<p style=\"text-align: justify;\"><span style=\"color: #800080;\"><strong>Domingo 21 \u00a0de septiembre<\/strong><\/span><\/p>\n<blockquote>\n<p style=\"text-align: justify;\">Este a\u00f1o la Fiesta de la Vendimia de Cigales incluir\u00e1 de nuevo un evento taurino, <strong>un encierro por el campo<\/strong> el domingo 21 de septiembre a partir de las 10:00 h.<\/p>\n<\/blockquote>\n<p><strong>10:00. h Encierro por el campo:<\/strong> T\u00e9rmino de Matap\u00e1n, detr\u00e1s de la Emita de la Virgen de\u00a0Viloria.<\/p>\n<p><strong>11:00 h. Exposici\u00f3n fotogr\u00e1fica \u201cUn a\u00f1o de Im\u00e1genes\u201d<\/strong>, en los Arcos de Piedra de el Lagunajo.\u00a0Abierto ininterrumpidamente hasta las 21:00h<\/p>\n<p><strong>11:30 h. Torneo de Baloncesto<\/strong> de Vendimia Bodega Hiriart Cigales vs Viana de Cega en el\u00a0Polideportivo de Cigales.<\/p>\n<p><strong>12:00 h.Talleres artesanales participativos<\/strong> ( talla en tablillas de piedra y taller de creaci\u00f3n de\u00a0marionetas) y muestra de oficios.<\/p>\n<p><strong>12:00 h. Apertura de Feria de Dia<\/strong> en la Plaza Mayor de Cigales.<\/p>\n<p><strong>12:00 h. Exhibici\u00f3n de fabricaci\u00f3n de barrica<\/strong> de modo artesano tradicional en la Plaza Mayor, \u00a0de la mano de Juan Antonio Burgos, de la empresa tonelera familiar de Nava del Rey desde\u00a01941<\/p>\n<p><strong>12:30 h. Actuaci\u00f3n de la compa\u00f1\u00eda Circortito<\/strong> \u201cLa risa es bella\u201d para p\u00fablico familiar, \u00a01\u00ba premio del VIII festival internacional de teatro de Calle de \u00c1vila 2013, y 1\u00ba premio\u00a0de la XV Muestra de Teatro de calle de Palencia 2013.<\/p>\n<p><strong>14:00 h. Acto solidario<\/strong> con los enfermos y familiares de la ELA. Animamos a todas las\u00a0personas que quieran participar a traer su cubo para realizar entre todos este acto solidario.<\/p>\n<p><strong>18:00 h. Apertura de la Feria de D\u00eda<\/strong> en la Plaza Mayor.<\/p>\n<p><strong>18:00 h. Talleres artesanales participativos<\/strong> ( talla en tablillas de piedra y taller de creaci\u00f3n de\u00a0marionetas) y muestra de oficios<\/p>\n<p><strong>18:30 h. Actuaci\u00f3n de los grupos de folklore infantiles<\/strong> de la Asociaci\u00f3n Cultural Vacceos<br \/>\n<strong>19:30 h. Entrega de Premios:<\/strong><br \/>\n&#8211; Concurso del Pincho Uvero<br \/>\n&#8211; Concurso de carteles de \u201cel arte est\u00e1 en la calle\u201d<\/p>\n<p><strong>19:35 h. Exhibici\u00f3n de Talla de madera<\/strong> con motosierra a cargo del artesano Lorenzo Garrido.<\/p>\n<blockquote>\n<p style=\"text-align: justify;\"><strong>El domingo a las 14:00 h,<\/strong> en la Ermita de Viloria se llevar\u00e1 a cabo un evento solidario en favor de la esclerosis m\u00faltiple lateral, <strong>el cubo de agua fria para quien quiera colaborar.\u00a0<\/strong><\/p>\n<\/blockquote>\n<p style=\"text-align: justify;\"><span style=\"color: #800080;\"><strong>Durante todo el fin de semana<\/strong><\/span><\/p>\n<p>A lo largo del fin de semana se celebra la<strong> XV muestra de oficios artesanos<\/strong> con \u00a0paseos en burros y camellos, granja, talleres de artesan\u00eda, zonas de juego y carruseles de madera para los m\u00e1s peque\u00f1os y este a\u00f1o como novedad demostraci\u00f3n de talla de madera con motosierra y elaboraci\u00f3n de barricas al modo artesanal.<\/p>\n<p>Tambi\u00e9n se llevar\u00e1 a cabo la la <strong>V Edici\u00f3n del Concurso de Fotograf\u00eda Digital<\/strong> <strong>de la Fiesta de la Vendimia<\/strong> que cada a\u00f1o cuenta con m\u00e1s adeptos.<\/p>\n<h3>El V Concurso del Pincho Uvero<\/h3>\n<p>La Asociaci\u00f3n de Hosteleros de Cigales y la Oficina Municipal\u00a0de Turismo organizan la quinta edici\u00f3n del Concurso del pincho uvero donde un jurado\u00a0profesional encabezado por el Gerente de la Escuela Internacional de cocina Angel Moret\u00f3n y\u00a0el Presidente de la Academia Gastron\u00f3mica de Valladolid Rafael Garc\u00eda valorar\u00e1n los pinchos\u00a0a concurso que <strong>se dar\u00e1n a degustar desde el viernes a part ir de las 19:00 h. al precio de 2,50 \u20ac\u00a0pincho + vino \/ agua o cerveza<\/strong><\/p>\n<blockquote><p>Cervecer\u00eda Zocha \u201cCroqueta de cecina rebozada en palomitas de ma\u00edz con membrillo de uva\u201d<br \/>\nBar La Uno \u201cCarrilleras al vino tinto de Cigales\u201d<br \/>\nLas Barricas \u201cVentresca de sardina ahumada, mermelada de tomate, reducci\u00f3n de uva, pasas y queso\u201d<br \/>\nEl Atrio \u201cMusllitos de pollo asados con vino de la tierra\u201d<br \/>\nMes\u00f3n Cigales \u201cBarquillo de gelatina de vino tinto roble Salvueros con Foie\u201d<br \/>\nCervecer\u00eda El Arco \u201cBrocheta de champi\u00f1\u00f3n, pimientos uvas y gambas \u201d<br \/>\nBar Eclipse \u201cSolomillo de cerdo ib\u00e9rico con cebolla caramelizada y reducci\u00f3n de tinto de Cigales\u201d<br \/>\nBar Menfis \u201cBrocheta de pollo marinado con tosta de setas\u201d<br \/>\nEl Moral Cafeter\u00eda \u201cMilhoja de berenjena con productos de la tierra y reducci\u00f3n de Cigales\u201d<\/p><\/blockquote>\n<p>La entrega del <strong>premio al mejor \u201cPincho Uvero\u201d<\/strong> se realizar\u00e1 el Domingo 15 de Septiembre a las\u00a020:15 en la Plaza Mayor.<\/p>\n<p>No faltar\u00e1 tampoco el <strong>XXXV encuentro de folklore<\/strong> con la actuaci\u00f3n de los grupos de danza y paloteo locales de las Asociaciones Culturales \u201cVacceos\u201d y \u201cLas Torres\u201d de Cigales\u201d acompa\u00f1ados este a\u00f1o por<strong> grupos de Cantabria y Segovia.<\/strong><\/p>\n<blockquote><p>Una oportunidad para disfrutar de esta localidad vallisoletana y empaparse de la intensa \u00a0cultura del vino que viven sus vecinos durante estos d\u00edas de vendimia.<\/p><\/blockquote>\n<p>&nbsp;<\/p>\n<h4><span style=\"color: #800080;\">Art\u00edculos Relacionados: <\/span><\/h4>\n<p>&nbsp; &nbsp; <strong>\u2022 <\/strong><a href=\"http:\/\/destinocastillayleon.es\/index\/las-fiestas-del-vino-en-castilla-leon\/\">Las fiestas de la vendimia y el vino en Castilla y Le\u00f3n<\/a>.<br \/>\n&nbsp; &nbsp; <strong>\u2022 <\/strong><a href=\"http:\/\/destinocastillayleon.es\/index\/la-ruta-del-vino-cigales-tiene-nueva-imagen\/\">La Ruta del Vino Cigales, tiene nueva imagen<\/a>.<br \/>\n&nbsp; &nbsp; <strong>\u2022 <\/strong><a href=\"http:\/\/destinocastillayleon.es\/index\/descubre-la-nueva-imagen-de-la-cigales\/\">Descubre la nueva imagen de la DO Cigales<\/a>.<br \/>\n&nbsp; &nbsp; <strong>\u2022 <\/strong><a href=\"http:\/\/destinocastillayleon.es\/index\/las-de-ribera-del-duero-rueda-cigales-baten-record-historico-de-ventas-en-2013\/\">Las DO de Ribera del Duero, Rueda y Cigales baten r\u00e9cord hist\u00f3rico de ventas en 2013<\/a>.<br \/>\n&nbsp; &nbsp; <strong>\u2022 <\/strong><a href=\"http:\/\/destinocastillayleon.es\/index\/bodegas-ovidio-garcia\/\">Visitando las Bodegas Ovidio Garc\u00eda, en la D.O. Cigales<\/a>.<br \/>\n&nbsp; &nbsp; <strong>\u2022 <\/strong><a href=\"http:\/\/destinocastillayleon.es\/index\/cata-del-hiliart-elite-2013\/\">Cata del rosado de Bodegas Hiliart, Hiliart \u00c9lite 2013<\/a>.<br \/>\n&nbsp;<\/p>\n","protected":false},"excerpt":{"rendered":"<p>Vive la Fiesta de la Vendimia de Cigales 2014<\/p>\n","protected":false},"author":6,"featured_media":15907,"comment_status":"open","ping_status":"closed","sticky":false,"template":"","format":"standard","meta":{"rop_custom_images_group":[],"rop_custom_messages_group":[],"rop_publish_now":"initial","rop_publish_now_accounts":{"twitter_1150954226_1150954226":""},"rop_publish_now_history":[],"rop_publish_now_status":"pending","footnotes":""},"categories":[1343,48,68,26],"tags":[3338,530,3310,3312,3311,3313,4226,529,3357],"class_list":["post-15905","post","type-post","status-publish","format-standard","has-post-thumbnail","hentry","category-agenda","category-enoturismo","category-post_inicial","category-valladolid","tag-actividades-en-cigales","tag-enoturismo-en-cigales","tag-feria-de-la-vendimia-de-cigales-2014","tag-fiesta-del-vino-en-cigales","tag-programa-feria-de-la-vendimia-cigales-2014","tag-que-ver-en-cigales","tag-turismo-en-castila-y-leon","tag-turismo-en-cigales","tag-vendimia-en-cigales"],"yoast_head":"<!-- This site is optimized with the Yoast SEO Premium plugin v20.4 (Yoast SEO v27.4) - https:\/\/yoast.com\/product\/yoast-seo-premium-wordpress\/ -->\n<title>Vive la Fiesta de la Vendimia de Cigales 2014<\/title>\n<meta name=\"description\" content=\"Vive la Fiesta de la Vendimia de Cigales 2014\" \/>\n<meta name=\"robots\" content=\"index, follow, max-snippet:-1, max-image-preview:large, max-video-preview:-1\" \/>\n<link rel=\"canonical\" href=\"https:\/\/destinocastillayleon.es\/index\/vive-la-fiesta-de-la-vendimia-de-cigales-2014\/\" \/>\n<meta property=\"og:locale\" content=\"es_ES\" \/>\n<meta property=\"og:type\" content=\"article\" \/>\n<meta property=\"og:title\" content=\"Vive la Fiesta de la Vendimia de Cigales 2014\" \/>\n<meta property=\"og:description\" content=\"Vive la Fiesta de la Vendimia de Cigales 2014\" \/>\n<meta property=\"og:url\" content=\"https:\/\/destinocastillayleon.es\/index\/vive-la-fiesta-de-la-vendimia-de-cigales-2014\/\" \/>\n<meta property=\"og:site_name\" content=\"Destino Castilla y Le\u00f3n\" \/>\n<meta property=\"article:publisher\" content=\"https:\/\/www.facebook.com\/DestinoCastillaYLeon\/\" \/>\n<meta property=\"article:published_time\" content=\"2014-09-17T12:25:17+00:00\" \/>\n<meta property=\"article:modified_time\" content=\"2015-01-09T10:53:33+00:00\" \/>\n<meta property=\"og:image\" content=\"https:\/\/destinocastillayleon.es\/index\/wp-content\/uploads\/2014\/09\/cartel-vendimia-2014.png\" \/>\n\t<meta property=\"og:image:width\" content=\"368\" \/>\n\t<meta property=\"og:image:height\" content=\"531\" \/>\n\t<meta property=\"og:image:type\" content=\"image\/png\" \/>\n<meta name=\"author\" content=\"Lola Hernandez\" \/>\n<meta name=\"twitter:card\" content=\"summary_large_image\" \/>\n<meta name=\"twitter:creator\" content=\"@destinocyl\" \/>\n<meta name=\"twitter:site\" content=\"@destinocyl\" \/>\n<meta name=\"twitter:label1\" content=\"Escrito por\" \/>\n\t<meta name=\"twitter:data1\" content=\"Lola Hernandez\" \/>\n\t<meta name=\"twitter:label2\" content=\"Tiempo de lectura\" \/>\n\t<meta name=\"twitter:data2\" content=\"7 minutos\" \/>\n<script type=\"application\/ld+json\" class=\"yoast-schema-graph\">{\"@context\":\"https:\\\/\\\/schema.org\",\"@graph\":[{\"@type\":\"Article\",\"@id\":\"https:\\\/\\\/destinocastillayleon.es\\\/index\\\/vive-la-fiesta-de-la-vendimia-de-cigales-2014\\\/#article\",\"isPartOf\":{\"@id\":\"https:\\\/\\\/destinocastillayleon.es\\\/index\\\/vive-la-fiesta-de-la-vendimia-de-cigales-2014\\\/\"},\"author\":{\"name\":\"Lola Hernandez\",\"@id\":\"https:\\\/\\\/destinocastillayleon.es\\\/index\\\/#\\\/schema\\\/person\\\/49ffcb7eb307589ba529009335ed7767\"},\"headline\":\"Vive la Fiesta de la Vendimia de Cigales 2014\",\"datePublished\":\"2014-09-17T12:25:17+00:00\",\"dateModified\":\"2015-01-09T10:53:33+00:00\",\"mainEntityOfPage\":{\"@id\":\"https:\\\/\\\/destinocastillayleon.es\\\/index\\\/vive-la-fiesta-de-la-vendimia-de-cigales-2014\\\/\"},\"wordCount\":1468,\"commentCount\":0,\"image\":{\"@id\":\"https:\\\/\\\/destinocastillayleon.es\\\/index\\\/vive-la-fiesta-de-la-vendimia-de-cigales-2014\\\/#primaryimage\"},\"thumbnailUrl\":\"https:\\\/\\\/destinocastillayleon.es\\\/index\\\/wp-content\\\/uploads\\\/2014\\\/09\\\/cartel-vendimia-2014.png\",\"keywords\":[\"actividades en Cigales\",\"enoturismo en Cigales\",\"Feria de la vendimia de Cigales 2014\",\"Fiesta del vino en Cigales\",\"programa feria de la vendimia Cigales 2014\",\"Que ver en Cigales\",\"turismo en Castila y Le\u00f3n\",\"turismo en Cigales\",\"vendimia en Cigales\"],\"articleSection\":[\"Agenda\",\"enoturismo\",\"Post_inicial\",\"Valladolid\"],\"inLanguage\":\"es\",\"potentialAction\":[{\"@type\":\"CommentAction\",\"name\":\"Comment\",\"target\":[\"https:\\\/\\\/destinocastillayleon.es\\\/index\\\/vive-la-fiesta-de-la-vendimia-de-cigales-2014\\\/#respond\"]}]},{\"@type\":\"WebPage\",\"@id\":\"https:\\\/\\\/destinocastillayleon.es\\\/index\\\/vive-la-fiesta-de-la-vendimia-de-cigales-2014\\\/\",\"url\":\"https:\\\/\\\/destinocastillayleon.es\\\/index\\\/vive-la-fiesta-de-la-vendimia-de-cigales-2014\\\/\",\"name\":\"Vive la Fiesta de la Vendimia de Cigales 2014\",\"isPartOf\":{\"@id\":\"https:\\\/\\\/destinocastillayleon.es\\\/index\\\/#website\"},\"primaryImageOfPage\":{\"@id\":\"https:\\\/\\\/destinocastillayleon.es\\\/index\\\/vive-la-fiesta-de-la-vendimia-de-cigales-2014\\\/#primaryimage\"},\"image\":{\"@id\":\"https:\\\/\\\/destinocastillayleon.es\\\/index\\\/vive-la-fiesta-de-la-vendimia-de-cigales-2014\\\/#primaryimage\"},\"thumbnailUrl\":\"https:\\\/\\\/destinocastillayleon.es\\\/index\\\/wp-content\\\/uploads\\\/2014\\\/09\\\/cartel-vendimia-2014.png\",\"datePublished\":\"2014-09-17T12:25:17+00:00\",\"dateModified\":\"2015-01-09T10:53:33+00:00\",\"author\":{\"@id\":\"https:\\\/\\\/destinocastillayleon.es\\\/index\\\/#\\\/schema\\\/person\\\/49ffcb7eb307589ba529009335ed7767\"},\"description\":\"Vive la Fiesta de la Vendimia de Cigales 2014\",\"breadcrumb\":{\"@id\":\"https:\\\/\\\/destinocastillayleon.es\\\/index\\\/vive-la-fiesta-de-la-vendimia-de-cigales-2014\\\/#breadcrumb\"},\"inLanguage\":\"es\",\"potentialAction\":[{\"@type\":\"ReadAction\",\"target\":[\"https:\\\/\\\/destinocastillayleon.es\\\/index\\\/vive-la-fiesta-de-la-vendimia-de-cigales-2014\\\/\"]}]},{\"@type\":\"ImageObject\",\"inLanguage\":\"es\",\"@id\":\"https:\\\/\\\/destinocastillayleon.es\\\/index\\\/vive-la-fiesta-de-la-vendimia-de-cigales-2014\\\/#primaryimage\",\"url\":\"https:\\\/\\\/destinocastillayleon.es\\\/index\\\/wp-content\\\/uploads\\\/2014\\\/09\\\/cartel-vendimia-2014.png\",\"contentUrl\":\"https:\\\/\\\/destinocastillayleon.es\\\/index\\\/wp-content\\\/uploads\\\/2014\\\/09\\\/cartel-vendimia-2014.png\",\"width\":368,\"height\":531},{\"@type\":\"BreadcrumbList\",\"@id\":\"https:\\\/\\\/destinocastillayleon.es\\\/index\\\/vive-la-fiesta-de-la-vendimia-de-cigales-2014\\\/#breadcrumb\",\"itemListElement\":[{\"@type\":\"ListItem\",\"position\":1,\"name\":\"Portada\",\"item\":\"https:\\\/\\\/destinocastillayleon.es\\\/index\\\/\"},{\"@type\":\"ListItem\",\"position\":2,\"name\":\"Vive la Fiesta de la Vendimia de Cigales 2014\"}]},{\"@type\":\"WebSite\",\"@id\":\"https:\\\/\\\/destinocastillayleon.es\\\/index\\\/#website\",\"url\":\"https:\\\/\\\/destinocastillayleon.es\\\/index\\\/\",\"name\":\"Destino Castilla y Le\u00f3n\",\"description\":\"Medio digital independiente y revista de Castilla y Le\u00f3n dedicado al turismo, gastronom\u00eda y vino de Castilla y Le\u00f3n\",\"potentialAction\":[{\"@type\":\"SearchAction\",\"target\":{\"@type\":\"EntryPoint\",\"urlTemplate\":\"https:\\\/\\\/destinocastillayleon.es\\\/index\\\/?s={search_term_string}\"},\"query-input\":{\"@type\":\"PropertyValueSpecification\",\"valueRequired\":true,\"valueName\":\"search_term_string\"}}],\"inLanguage\":\"es\"},{\"@type\":\"Person\",\"@id\":\"https:\\\/\\\/destinocastillayleon.es\\\/index\\\/#\\\/schema\\\/person\\\/49ffcb7eb307589ba529009335ed7767\",\"name\":\"Lola Hernandez\",\"image\":{\"@type\":\"ImageObject\",\"inLanguage\":\"es\",\"@id\":\"https:\\\/\\\/secure.gravatar.com\\\/avatar\\\/72ead65e55ad0522fba484acfe2842bf78b2f7c727df41d76fed78a85519da34?s=96&d=mm&r=g\",\"url\":\"https:\\\/\\\/secure.gravatar.com\\\/avatar\\\/72ead65e55ad0522fba484acfe2842bf78b2f7c727df41d76fed78a85519da34?s=96&d=mm&r=g\",\"contentUrl\":\"https:\\\/\\\/secure.gravatar.com\\\/avatar\\\/72ead65e55ad0522fba484acfe2842bf78b2f7c727df41d76fed78a85519da34?s=96&d=mm&r=g\",\"caption\":\"Lola Hernandez\"},\"description\":\"Lola Hern\u00e1ndez fue fundadora y directora de www.destinocastillayleon.es Escribiendo sobre turismo, gastronom\u00eda y vino de su tierra de origen, Castilla y Le\u00f3n.\",\"sameAs\":[\"http:\\\/\\\/www.destinoysabor.com\\\/blog\"],\"url\":\"https:\\\/\\\/destinocastillayleon.es\\\/index\\\/author\\\/lola-hernandez\\\/\"}]}<\/script>\n<!-- \/ Yoast SEO Premium plugin. -->","yoast_head_json":{"title":"Vive la Fiesta de la Vendimia de Cigales 2014","description":"Vive la Fiesta de la Vendimia de Cigales 2014","robots":{"index":"index","follow":"follow","max-snippet":"max-snippet:-1","max-image-preview":"max-image-preview:large","max-video-preview":"max-video-preview:-1"},"canonical":"https:\/\/destinocastillayleon.es\/index\/vive-la-fiesta-de-la-vendimia-de-cigales-2014\/","og_locale":"es_ES","og_type":"article","og_title":"Vive la Fiesta de la Vendimia de Cigales 2014","og_description":"Vive la Fiesta de la Vendimia de Cigales 2014","og_url":"https:\/\/destinocastillayleon.es\/index\/vive-la-fiesta-de-la-vendimia-de-cigales-2014\/","og_site_name":"Destino Castilla y Le\u00f3n","article_publisher":"https:\/\/www.facebook.com\/DestinoCastillaYLeon\/","article_published_time":"2014-09-17T12:25:17+00:00","article_modified_time":"2015-01-09T10:53:33+00:00","og_image":[{"width":368,"height":531,"url":"https:\/\/destinocastillayleon.es\/index\/wp-content\/uploads\/2014\/09\/cartel-vendimia-2014.png","type":"image\/png"}],"author":"Lola Hernandez","twitter_card":"summary_large_image","twitter_creator":"@destinocyl","twitter_site":"@destinocyl","twitter_misc":{"Escrito por":"Lola Hernandez","Tiempo de lectura":"7 minutos"},"schema":{"@context":"https:\/\/schema.org","@graph":[{"@type":"Article","@id":"https:\/\/destinocastillayleon.es\/index\/vive-la-fiesta-de-la-vendimia-de-cigales-2014\/#article","isPartOf":{"@id":"https:\/\/destinocastillayleon.es\/index\/vive-la-fiesta-de-la-vendimia-de-cigales-2014\/"},"author":{"name":"Lola Hernandez","@id":"https:\/\/destinocastillayleon.es\/index\/#\/schema\/person\/49ffcb7eb307589ba529009335ed7767"},"headline":"Vive la Fiesta de la Vendimia de Cigales 2014","datePublished":"2014-09-17T12:25:17+00:00","dateModified":"2015-01-09T10:53:33+00:00","mainEntityOfPage":{"@id":"https:\/\/destinocastillayleon.es\/index\/vive-la-fiesta-de-la-vendimia-de-cigales-2014\/"},"wordCount":1468,"commentCount":0,"image":{"@id":"https:\/\/destinocastillayleon.es\/index\/vive-la-fiesta-de-la-vendimia-de-cigales-2014\/#primaryimage"},"thumbnailUrl":"https:\/\/destinocastillayleon.es\/index\/wp-content\/uploads\/2014\/09\/cartel-vendimia-2014.png","keywords":["actividades en Cigales","enoturismo en Cigales","Feria de la vendimia de Cigales 2014","Fiesta del vino en Cigales","programa feria de la vendimia Cigales 2014","Que ver en Cigales","turismo en Castila y Le\u00f3n","turismo en Cigales","vendimia en Cigales"],"articleSection":["Agenda","enoturismo","Post_inicial","Valladolid"],"inLanguage":"es","potentialAction":[{"@type":"CommentAction","name":"Comment","target":["https:\/\/destinocastillayleon.es\/index\/vive-la-fiesta-de-la-vendimia-de-cigales-2014\/#respond"]}]},{"@type":"WebPage","@id":"https:\/\/destinocastillayleon.es\/index\/vive-la-fiesta-de-la-vendimia-de-cigales-2014\/","url":"https:\/\/destinocastillayleon.es\/index\/vive-la-fiesta-de-la-vendimia-de-cigales-2014\/","name":"Vive la Fiesta de la Vendimia de Cigales 2014","isPartOf":{"@id":"https:\/\/destinocastillayleon.es\/index\/#website"},"primaryImageOfPage":{"@id":"https:\/\/destinocastillayleon.es\/index\/vive-la-fiesta-de-la-vendimia-de-cigales-2014\/#primaryimage"},"image":{"@id":"https:\/\/destinocastillayleon.es\/index\/vive-la-fiesta-de-la-vendimia-de-cigales-2014\/#primaryimage"},"thumbnailUrl":"https:\/\/destinocastillayleon.es\/index\/wp-content\/uploads\/2014\/09\/cartel-vendimia-2014.png","datePublished":"2014-09-17T12:25:17+00:00","dateModified":"2015-01-09T10:53:33+00:00","author":{"@id":"https:\/\/destinocastillayleon.es\/index\/#\/schema\/person\/49ffcb7eb307589ba529009335ed7767"},"description":"Vive la Fiesta de la Vendimia de Cigales 2014","breadcrumb":{"@id":"https:\/\/destinocastillayleon.es\/index\/vive-la-fiesta-de-la-vendimia-de-cigales-2014\/#breadcrumb"},"inLanguage":"es","potentialAction":[{"@type":"ReadAction","target":["https:\/\/destinocastillayleon.es\/index\/vive-la-fiesta-de-la-vendimia-de-cigales-2014\/"]}]},{"@type":"ImageObject","inLanguage":"es","@id":"https:\/\/destinocastillayleon.es\/index\/vive-la-fiesta-de-la-vendimia-de-cigales-2014\/#primaryimage","url":"https:\/\/destinocastillayleon.es\/index\/wp-content\/uploads\/2014\/09\/cartel-vendimia-2014.png","contentUrl":"https:\/\/destinocastillayleon.es\/index\/wp-content\/uploads\/2014\/09\/cartel-vendimia-2014.png","width":368,"height":531},{"@type":"BreadcrumbList","@id":"https:\/\/destinocastillayleon.es\/index\/vive-la-fiesta-de-la-vendimia-de-cigales-2014\/#breadcrumb","itemListElement":[{"@type":"ListItem","position":1,"name":"Portada","item":"https:\/\/destinocastillayleon.es\/index\/"},{"@type":"ListItem","position":2,"name":"Vive la Fiesta de la Vendimia de Cigales 2014"}]},{"@type":"WebSite","@id":"https:\/\/destinocastillayleon.es\/index\/#website","url":"https:\/\/destinocastillayleon.es\/index\/","name":"Destino Castilla y Le\u00f3n","description":"Medio digital independiente y revista de Castilla y Le\u00f3n dedicado al turismo, gastronom\u00eda y vino de Castilla y Le\u00f3n","potentialAction":[{"@type":"SearchAction","target":{"@type":"EntryPoint","urlTemplate":"https:\/\/destinocastillayleon.es\/index\/?s={search_term_string}"},"query-input":{"@type":"PropertyValueSpecification","valueRequired":true,"valueName":"search_term_string"}}],"inLanguage":"es"},{"@type":"Person","@id":"https:\/\/destinocastillayleon.es\/index\/#\/schema\/person\/49ffcb7eb307589ba529009335ed7767","name":"Lola Hernandez","image":{"@type":"ImageObject","inLanguage":"es","@id":"https:\/\/secure.gravatar.com\/avatar\/72ead65e55ad0522fba484acfe2842bf78b2f7c727df41d76fed78a85519da34?s=96&d=mm&r=g","url":"https:\/\/secure.gravatar.com\/avatar\/72ead65e55ad0522fba484acfe2842bf78b2f7c727df41d76fed78a85519da34?s=96&d=mm&r=g","contentUrl":"https:\/\/secure.gravatar.com\/avatar\/72ead65e55ad0522fba484acfe2842bf78b2f7c727df41d76fed78a85519da34?s=96&d=mm&r=g","caption":"Lola Hernandez"},"description":"Lola Hern\u00e1ndez fue fundadora y directora de www.destinocastillayleon.es Escribiendo sobre turismo, gastronom\u00eda y vino de su tierra de origen, Castilla y Le\u00f3n.","sameAs":["http:\/\/www.destinoysabor.com\/blog"],"url":"https:\/\/destinocastillayleon.es\/index\/author\/lola-hernandez\/"}]}},"_links":{"self":[{"href":"https:\/\/destinocastillayleon.es\/index\/wp-json\/wp\/v2\/posts\/15905","targetHints":{"allow":["GET"]}}],"collection":[{"href":"https:\/\/destinocastillayleon.es\/index\/wp-json\/wp\/v2\/posts"}],"about":[{"href":"https:\/\/destinocastillayleon.es\/index\/wp-json\/wp\/v2\/types\/post"}],"author":[{"embeddable":true,"href":"https:\/\/destinocastillayleon.es\/index\/wp-json\/wp\/v2\/users\/6"}],"replies":[{"embeddable":true,"href":"https:\/\/destinocastillayleon.es\/index\/wp-json\/wp\/v2\/comments?post=15905"}],"version-history":[{"count":4,"href":"https:\/\/destinocastillayleon.es\/index\/wp-json\/wp\/v2\/posts\/15905\/revisions"}],"predecessor-version":[{"id":15962,"href":"https:\/\/destinocastillayleon.es\/index\/wp-json\/wp\/v2\/posts\/15905\/revisions\/15962"}],"wp:featuredmedia":[{"embeddable":true,"href":"https:\/\/destinocastillayleon.es\/index\/wp-json\/wp\/v2\/media\/15907"}],"wp:attachment":[{"href":"https:\/\/destinocastillayleon.es\/index\/wp-json\/wp\/v2\/media?parent=15905"}],"wp:term":[{"taxonomy":"category","embeddable":true,"href":"https:\/\/destinocastillayleon.es\/index\/wp-json\/wp\/v2\/categories?post=15905"},{"taxonomy":"post_tag","embeddable":true,"href":"https:\/\/destinocastillayleon.es\/index\/wp-json\/wp\/v2\/tags?post=15905"}],"curies":[{"name":"wp","href":"https:\/\/api.w.org\/{rel}","templated":true}]}}