{"id":15721,"date":"2014-09-10T09:41:05","date_gmt":"2014-09-10T09:41:05","guid":{"rendered":"http:\/\/destinocastillayleon.es\/index\/?p=15721"},"modified":"2018-04-12T23:26:18","modified_gmt":"2018-04-12T21:26:18","slug":"programa-del-ii-festival-internacional-de-circo-circo-2014","status":"publish","type":"post","link":"https:\/\/destinocastillayleon.es\/index\/programa-del-ii-festival-internacional-de-circo-circo-2014\/","title":{"rendered":"Programa del II Festival Internacional de Circo &#8216;Cir&#038;Co 2014"},"content":{"rendered":"<p>Ya os hemos contado c\u00f3mo ser\u00e1 el <strong><a href=\"http:\/\/destinocastillayleon.es\/index\/ii-festival-internacional-de-circo-de-castilla-y-leon-circo-2014\/\"> II\u00a0Festival Internacional de Circo &#8216;Cir&amp;Co<\/a>, <\/strong>un festival \u00abpor todo lo alto\u00bb con algunos de los acr\u00f3batas y circenses m\u00e1s importantes del panorama internacional y reunidos en \u00c1vila, del<strong> jueves 11 al domingo\u00a014 de septiembre.<\/strong><br \/>\n&nbsp;<\/p>\n<h3><strong>Programa del II Festival Internacional de Circo &#8216;Cir&amp;Co 2014<\/strong><\/h3>\n<p class=\"cmParagraph \"><strong><span style=\"color: #800080;\">JUEVES 11 de SEPTIEMBRE<\/span><\/strong><\/p>\n<p>17:00 h. Plaza Catedral<br \/>\n<strong>\u00abEl drap-aire musical\u00bb.<\/strong> Francesc Miralles. (Espa\u00f1a-Catalu\u00f1a)<br \/>\nInstalaci\u00f3n sonora. (Todos los p\u00fablicos)<\/p>\n<p class=\"cmParagraph \"><strong>17:00 h.<\/strong> Plaza Adolfo Su\u00e1rez<br \/>\n<strong>\u00abLe Carrousel marin\u00bb.<\/strong> Plein Feu. Carrousel. (Francia). <strong>\u00abPetit bizar\u00bb.<\/strong>Hendrik &amp; Co. (B\u00e9lgica). <strong>\u00abP\u00e9riples inmobiles\u00bb.<\/strong> M\u00e9lim\u00e9lo &amp; Cie. (B\u00e9lgica)<br \/>\nCarrousel. Carpa-Barraca. Circo mec\u00e1nico-musical. Carpa Circo de Feria. (De 0 a 13 a\u00f1os)<\/p>\n<p class=\"cmParagraph \"><strong>18:00 h. y 20:00 h.<\/strong> Palacio de los Verdugo<br \/>\n<strong>\u00abBicirco\u00bb.<\/strong> Rafaelo. The Freak Cabaret Circus. (Espa\u00f1a. Castilla y Le\u00f3n)<br \/>\nClown-malabar. (Todos los p\u00fablicos)<\/p>\n<p><a data-size=\"497x444\" href=\"http:\/\/destinocastillayleon.es\/index\/wp-content\/uploads\/2014\/09\/Bicirco-RAFAELO-THE-FREAK-CABARET-CIRCUS.jpg\"><img decoding=\"async\" class=\"aligncenter wp-image-15724\" src=\"http:\/\/destinocastillayleon.es\/index\/wp-content\/uploads\/2014\/09\/Bicirco-RAFAELO-THE-FREAK-CABARET-CIRCUS.jpg\" alt=\"Bicirco RAFAELO THE FREAK CABARET CIRCUS\" width=\"640\" height=\"572\" srcset=\"https:\/\/destinocastillayleon.es\/index\/wp-content\/uploads\/2014\/09\/Bicirco-RAFAELO-THE-FREAK-CABARET-CIRCUS.jpg 497w, https:\/\/destinocastillayleon.es\/index\/wp-content\/uploads\/2014\/09\/Bicirco-RAFAELO-THE-FREAK-CABARET-CIRCUS-300x268.jpg 300w\" sizes=\"(max-width: 640px) 100vw, 640px\" \/><\/a><\/p>\n<p class=\"cmParagraph \"><strong>20:30 h.<\/strong> De Plaza del Mercado Chico a Plaza Santa Teresa<br \/>\n<strong>\u00abLe r\u00e9veil des vilains\u00bb.<\/strong> Les Freres Carton. (Francia)<br \/>\nClown. Teatro de calle burlesque. (Todos los p\u00fablicos)<\/p>\n<p class=\"cmParagraph \"><strong>22:00 h.<\/strong> Plaza Santa Teresa<br \/>\n<strong>\u00abLa roue de la mort\u00bb.<\/strong> La Rotative. (Francia)<br \/>\nAcrobacia extrema. (Todos los p\u00fablicos)<\/p>\n<p class=\"cmParagraph \"><strong>22:30 h.<\/strong> Atrio de San Isidro<br \/>\n<strong>\u00abMorsure\u00bb.<\/strong> Cirque Rasposo. (Francia)<br \/>\nAcrobacia y expresi\u00f3n bajo Carpa. (A partir 8 a\u00f1os)<\/p>\n<p>&nbsp;<\/p>\n<p class=\"cmParagraph \"><strong><span style=\"color: #800080;\">VIERNES 12 de SEPTIEMBRE<\/span><\/strong><\/p>\n<p><strong>12:00 h.<\/strong> Plaza Catedral<br \/>\n<strong>\u00abEl drap-aire musical\u00bb.<\/strong> Francesc Miralles. (Espa\u00f1a-Catalu\u00f1a)<br \/>\nInstalaci\u00f3n sonora. (Todos los p\u00fablicos)<\/p>\n<p class=\"cmParagraph \"><strong>12:00 h.<\/strong> Plaza Adolfo Su\u00e1rez<br \/>\n<strong>\u00abLe Carrousel marin\u00bb.<\/strong> Plein Feu. Carrousel. (Francia). <strong>\u00abPetit bizar\u00bb.<\/strong>Hendrik &amp; Co. (B\u00e9lgica). <strong>\u00abP\u00e9riples inmobiles\u00bb.<\/strong> M\u00e9lim\u00e9lo &amp; Cie. (B\u00e9lgica)<br \/>\nCarrousel. Carpa-Barraca. Circo mec\u00e1nico-musical. Carpa Circo de Feria. (De 0 a 13 a\u00f1os)<\/p>\n<p class=\"cmParagraph \"><strong>12:00 h. y\u00a0 13:00 h.<\/strong><br \/>\n<strong>\u00abPomp\u00f3n\u00bb.<\/strong> Teatro La Sonrisa. (Espa\u00f1a. Castilla y Le\u00f3n)<br \/>\nCirco infantil. (De 0 a 4 a\u00f1os)<\/p>\n<p><a data-size=\"494x189\" href=\"http:\/\/destinocastillayleon.es\/index\/wp-content\/uploads\/2014\/09\/4ead90010d65acdde5b5a9f36d3295fa.jpg\"><img decoding=\"async\" class=\"aligncenter wp-image-15725\" src=\"http:\/\/destinocastillayleon.es\/index\/wp-content\/uploads\/2014\/09\/4ead90010d65acdde5b5a9f36d3295fa.jpg\" alt=\"Pomp\u00f3n TEATRO LA SONRISA\" width=\"640\" height=\"245\" srcset=\"https:\/\/destinocastillayleon.es\/index\/wp-content\/uploads\/2014\/09\/4ead90010d65acdde5b5a9f36d3295fa.jpg 494w, https:\/\/destinocastillayleon.es\/index\/wp-content\/uploads\/2014\/09\/4ead90010d65acdde5b5a9f36d3295fa-300x114.jpg 300w\" sizes=\"(max-width: 640px) 100vw, 640px\" \/><\/a><\/p>\n<p class=\"cmParagraph \"><strong>12:30 h.<\/strong> Palacio de los Superunda-Caprotti<br \/>\n<strong>\u00abThe Puppet circus\u00bb.<\/strong> Alauda Teatro. (Espa\u00f1a. Castilla y Le\u00f3n)<br \/>\nMarionetas de circo infantil. (De 0 a 10 a\u00f1os)<\/p>\n<p class=\"cmParagraph \"><strong>13:00 h.<\/strong> Salida: Palacio de los Verdugo<br \/>\n<strong>\u00abMusiclown\u00bb.<\/strong>\u00a0C\u00eda Maravilla. (Espa\u00f1a-Fancia)<\/p>\n<p class=\"cmParagraph \"><strong>13:00 h. <\/strong>De Plaza del Mercado Chico a Plaza Santa Teresa<br \/>\n<strong>\u00abLe r\u00e9veil des vilains\u00bb.<\/strong> Les Freres Carton (Francia)<br \/>\nClown. Teatro de calle burlesque. (Todos los p\u00fablicos)<\/p>\n<p class=\"cmParagraph \"><strong>17:00 h.<\/strong> Plaza Catedral<br \/>\n<strong>\u00abEl drap-aire musical\u00bb.<\/strong> Francesc Miralles. (Espa\u00f1a-Catalu\u00f1a)<br \/>\nInstalaci\u00f3n sonora. (Todos los p\u00fablicos)<\/p>\n<p class=\"cmParagraph \"><strong>17:00 h.<\/strong> Plaza Adolfo Su\u00e1rez<br \/>\n<strong>\u00abLe Carrousel marin\u00bb.<\/strong> Plein Feu. Carrousel. (Francia).<strong> \u00abPetit bizar\u00bb.<\/strong>Hendrik &amp; Co. (B\u00e9lgica).<strong> \u00abP\u00e9riples inmobiles\u00bb.<\/strong> M\u00e9lim\u00e9lo &amp; Cie. (B\u00e9lgica)<br \/>\nCarrousel. Carpa-Barraca. Circo mec\u00e1nico-musical. Carpa Circo de Feria. (De 0 a 13 a\u00f1os)<\/p>\n<p><a data-size=\"796x531\" href=\"http:\/\/destinocastillayleon.es\/index\/wp-content\/uploads\/2014\/09\/Le-Carrousel-marin.jpg\"><img decoding=\"async\" class=\"aligncenter wp-image-15726\" src=\"http:\/\/destinocastillayleon.es\/index\/wp-content\/uploads\/2014\/09\/Le-Carrousel-marin.jpg\" alt=\"Le chant du dindon, compagnie Rasposo\" width=\"640\" height=\"427\" srcset=\"https:\/\/destinocastillayleon.es\/index\/wp-content\/uploads\/2014\/09\/Le-Carrousel-marin.jpg 796w, https:\/\/destinocastillayleon.es\/index\/wp-content\/uploads\/2014\/09\/Le-Carrousel-marin-300x200.jpg 300w\" sizes=\"(max-width: 640px) 100vw, 640px\" \/><\/a><\/p>\n<p class=\"cmParagraph \"><strong>17:00 h. y 18:00\u00a0 h.<\/strong> Palacio de Bracamonte<br \/>\n<strong>\u00abPomp\u00f3n\u00bb.<\/strong> Teatro La Sonrisa(Espa\u00f1a. Castilla y Le\u00f3n)<br \/>\nCirco infantil. (De 0 a 4 a\u00f1os)<\/p>\n<p class=\"cmParagraph \"><strong>17:00 h.<\/strong> Palacio de los Superunda-Caprotti<br \/>\n<strong>\u00abThe Puppet circus\u00bb.<\/strong> Alauda Teatro (Espa\u00f1a. Castilla y Le\u00f3n)<br \/>\nMarionetas de circo infantil. (De 0 a 10 a\u00f1os)<\/p>\n<p class=\"cmParagraph \"><strong>18:30 h.<\/strong> De Plaza del Mercado Chico a Plaza Santa Teresa<br \/>\n<strong>\u00abLe r\u00e9veil des vilains\u00bb.<\/strong> Les Freres Carton (Francia)<br \/>\nClown. Teatro de calle burlesque. (Todos los p\u00fablicos)<\/p>\n<p class=\"cmParagraph \"><strong>19:00 h.<\/strong> Palacio de los Superunda-Caprotti<br \/>\n<strong>\u00abThe Puppet circus\u00bb.<\/strong> Alauda Teatro (Espa\u00f1a. Castilla y Le\u00f3n)<br \/>\nMarionetas de circo infantil. (De 0 a 10 a\u00f1os)<\/p>\n<p class=\"cmParagraph \"><strong>19:00 h.<\/strong> Salida: Palacio de los Verdugo<br \/>\n<strong>\u00abMusiclown\u00bb.<\/strong>\u00a0C\u00eda Maravilla. (Espa\u00f1a-Fancia)<\/p>\n<p class=\"cmParagraph \"><strong>20:00 h.<\/strong> Plaza Santa Teresa<br \/>\n<strong>\u00abL\u2019Odeur de la Sciure\u00bb.<\/strong> Les P\u2019tits Bras (Francia)<br \/>\nTrapecio y acrobacia a\u00e9rea. (Todos los p\u00fablicos)<\/p>\n<p><a data-size=\"640x457\" href=\"http:\/\/destinocastillayleon.es\/index\/wp-content\/uploads\/2014\/09\/L-Odeur-de-la-Sciure-LES-PTITS-BRAS.jpg\"><img decoding=\"async\" class=\"aligncenter wp-image-15713 size-full\" src=\"http:\/\/destinocastillayleon.es\/index\/wp-content\/uploads\/2014\/09\/L-Odeur-de-la-Sciure-LES-PTITS-BRAS.jpg\" alt=\"L-Odeur de la Sciure LES PTITS BRAS\" width=\"640\" height=\"457\" srcset=\"https:\/\/destinocastillayleon.es\/index\/wp-content\/uploads\/2014\/09\/L-Odeur-de-la-Sciure-LES-PTITS-BRAS.jpg 640w, https:\/\/destinocastillayleon.es\/index\/wp-content\/uploads\/2014\/09\/L-Odeur-de-la-Sciure-LES-PTITS-BRAS-300x214.jpg 300w\" sizes=\"(max-width: 640px) 100vw, 640px\" \/><\/a><\/p>\n<p class=\"cmParagraph \"><strong>20:00 h.<\/strong> Auditorio Lienzo Norte<br \/>\n<strong>\u00abThe paper war\u00bb.<\/strong> Mimirichi (Ucrania)<br \/>\nClown cl\u00e1sico. (Todos los p\u00fablicos e infantil)<\/p>\n<p class=\"cmParagraph \"><strong>20:30 h.<\/strong> Salida: Palacio de los Verdugo<br \/>\n<strong>\u00abMusiclown\u00bb.<\/strong>\u00a0C\u00eda Maravilla. (Espa\u00f1a-Fancia)<\/p>\n<p class=\"cmParagraph \"><strong>22:30 h.<\/strong> Atrio San Isidro<br \/>\n<strong>Cirque Rasposo (Francia)<\/strong><br \/>\nAcrobacia y expresi\u00f3n bajo Carpa. (A partir de 8 a\u00f1os.)<\/p>\n<p><a data-size=\"492x278\" href=\"http:\/\/destinocastillayleon.es\/index\/wp-content\/uploads\/2014\/09\/Morsure-CIRQUE-RASPOSO.jpg\"><img decoding=\"async\" class=\"aligncenter wp-image-15727\" src=\"http:\/\/destinocastillayleon.es\/index\/wp-content\/uploads\/2014\/09\/Morsure-CIRQUE-RASPOSO.jpg\" alt=\"Morsure CIRQUE RASPOSO\" width=\"640\" height=\"362\" srcset=\"https:\/\/destinocastillayleon.es\/index\/wp-content\/uploads\/2014\/09\/Morsure-CIRQUE-RASPOSO.jpg 492w, https:\/\/destinocastillayleon.es\/index\/wp-content\/uploads\/2014\/09\/Morsure-CIRQUE-RASPOSO-300x169.jpg 300w\" sizes=\"(max-width: 640px) 100vw, 640px\" \/><\/a><\/p>\n<p>&nbsp;<\/p>\n<p class=\"cmParagraph \"><span style=\"color: #800080;\"><strong>S\u00c1BADO 13 de SEPTIEMBRE<\/strong><\/span><\/p>\n<p class=\"cmParagraph \"><strong>11:00 h.<\/strong> Biblioteca<br \/>\n<strong>\u00abTaller de Circo\u00bb.<\/strong> Tropiezo Teatro. (Espa\u00f1a. Castilla Y Le\u00f3n)<br \/>\nCirco-Taller. (De 3 a 15 a\u00f1os)<\/p>\n<p class=\"cmParagraph \"><strong>12:00 h.<\/strong> Plaza Catedral<br \/>\n<strong>\u00abEl drap-aire musical\u00bb.<\/strong> Francesc Miralles. (Espa\u00f1a-Catalu\u00f1a)<br \/>\nInstalaci\u00f3n sonora. (Todos los p\u00fablicos)<\/p>\n<p class=\"cmParagraph \"><strong>12:00 h.<\/strong> Plaza Adolfo Su\u00e1rez<br \/>\n<strong>\u00abLe Carrousel marin\u00bb.<\/strong> Plein Feu. Carrousel. (Francia).<strong> \u00abPetit bizar\u00bb.<\/strong>Hendrik &amp; Co. (B\u00e9lgica). <strong>\u00abP\u00e9riples inmobiles\u00bb.<\/strong> M\u00e9lim\u00e9lo &amp; Cie. (B\u00e9lgica)<br \/>\nCarrousel. Carpa-Barraca. Circo mec\u00e1nico-musical. Carpa Circo de Feria. (De 0 a 13 a\u00f1os)<\/p>\n<p class=\"cmParagraph \"><strong>12:00 h.<\/strong> Plaza del Mercado Chico<br \/>\n<strong>\u00abExpertas\u00bb.<\/strong>\u00a0Albadulake. (Espa\u00f1a-Francia)<\/p>\n<p class=\"cmParagraph \"><strong>12:30 h.<\/strong> Palacio de los Superunda-Caprotti<br \/>\n<strong>\u00abAlegre divertimento\u00bb.<\/strong>\u00a0 Arturello Di Popolo. (Italia)<br \/>\nClown cl\u00e1sico. (Todos los p\u00fablicos\/ infantil)<\/p>\n<p class=\"cmParagraph \"><strong>13:00 h.<\/strong> Plaza Santa Teresa<br \/>\n<strong>\u00abL\u2019Odeur de la Sciure\u00bb.<\/strong> Les P\u2019tits Bras. (Francia)<br \/>\nTrapecio y acrobacia a\u00e9rea. (Todos los p\u00fablicos )<\/p>\n<p class=\"cmParagraph \"><strong>13:30 h.<\/strong> Salida: Palacio de los Verdugo<br \/>\n<strong>\u00abMusiclown\u00bb.<\/strong>\u00a0C\u00eda Maravilla. (Espa\u00f1a-Fancia)<\/p>\n<p class=\"cmParagraph \"><strong>13:30 h.<\/strong> Salida Palacio de los Verdugo<br \/>\n<strong>\u00abFratelli nuvolari\u00bb.<\/strong> Anonima Nuvolari. (Portugal)<br \/>\nCirco fanfarria. (Todos los p\u00fablicos)<\/p>\n<p class=\"cmParagraph \"><strong>13:30 h.<\/strong> Palacio de Bracamonte<br \/>\n<strong>\u00abInvoluci\u00f3n\u00bb.<\/strong> Duo Masawa. (Argentina-Italia)<br \/>\nAcrobacia-Danza Contempor\u00e1nea. (A partir 11 a\u00f1os)<\/p>\n<p><a data-size=\"507x354\" href=\"http:\/\/destinocastillayleon.es\/index\/wp-content\/uploads\/2014\/09\/fd5c4394b969e43317c73b7130d4646d.jpg\"><img decoding=\"async\" class=\"aligncenter wp-image-15715\" src=\"http:\/\/destinocastillayleon.es\/index\/wp-content\/uploads\/2014\/09\/fd5c4394b969e43317c73b7130d4646d.jpg\" alt=\"Involuci\u00f3n DUO MASAWA\" width=\"640\" height=\"447\" srcset=\"https:\/\/destinocastillayleon.es\/index\/wp-content\/uploads\/2014\/09\/fd5c4394b969e43317c73b7130d4646d.jpg 507w, https:\/\/destinocastillayleon.es\/index\/wp-content\/uploads\/2014\/09\/fd5c4394b969e43317c73b7130d4646d-300x209.jpg 300w\" sizes=\"(max-width: 640px) 100vw, 640px\" \/><\/a><\/p>\n<p class=\"cmParagraph \"><strong>17:00 h.<\/strong> Plaza Catedral<br \/>\n<strong>\u00abEl drap-aire musical\u00bb.<\/strong> Francesc Miralles (Espa\u00f1a-Catalu\u00f1a)<br \/>\nInstalaci\u00f3n sonora. (Todos los p\u00fablicos)<\/p>\n<p class=\"cmParagraph \"><strong>17:00 h.<\/strong> Plaza Adolfo Su\u00e1rez<br \/>\n<strong>\u00abLe Carrousel marin\u00bb.<\/strong> Plein Feu. Carrousel. (Francia).<strong> \u00abPetit bizar\u00bb.<\/strong>Hendrik &amp; Co. (B\u00e9lgica). <strong>\u00abP\u00e9riples inmobiles\u00bb.<\/strong> M\u00e9lim\u00e9lo &amp; Cie. (B\u00e9lgica)<br \/>\nCarrousel. Carpa-Barraca. Circo mec\u00e1nico-musical. Carpa Circo de Feria. (De 0 a 13 a\u00f1os)<\/p>\n<p class=\"cmParagraph \"><strong>18:00 h.<\/strong> Palacio de los Superunda-Caprotti<br \/>\n<strong>\u00abAlegre divertimento\u00bb.<\/strong>\u00a0 Arturello Di Popolo. (Italia)<br \/>\nClown cl\u00e1sico. (Todos los p\u00fablicos\/ infantil)<\/p>\n<p class=\"cmParagraph \"><strong>18:00 h.<\/strong> Plaza del Mercado Chico<br \/>\n<strong>\u00abExpertas\u00bb.<\/strong>\u00a0Albadulake. (Espa\u00f1a-Francia)<\/p>\n<p class=\"cmParagraph \"><strong>18:30 h.<\/strong> Salida: Palacio de los Verdugo<br \/>\n<strong>\u00abMusiclown\u00bb.<\/strong>\u00a0C\u00eda Maravilla. (Espa\u00f1a-Fancia)<\/p>\n<p class=\"cmParagraph \"><strong>19:00 h.<\/strong> Salida Palacio de los Verdugo<br \/>\n<strong>\u00abFratelli nuvolari\u00bb.<\/strong> Anonima Nuvolari. (Portugal)<br \/>\nCirco fanfarria. (Todos los p\u00fablicos)<\/p>\n<p class=\"cmParagraph \"><a data-size=\"500x288\" href=\"http:\/\/destinocastillayleon.es\/index\/wp-content\/uploads\/2014\/09\/Fratelli-nuvolari-ANONIMA-NUVOLARI.jpg\"><img decoding=\"async\" class=\"aligncenter wp-image-15729\" src=\"http:\/\/destinocastillayleon.es\/index\/wp-content\/uploads\/2014\/09\/Fratelli-nuvolari-ANONIMA-NUVOLARI.jpg\" alt=\"Fratelli nuvolari ANONIMA NUVOLARI\" width=\"640\" height=\"369\" srcset=\"https:\/\/destinocastillayleon.es\/index\/wp-content\/uploads\/2014\/09\/Fratelli-nuvolari-ANONIMA-NUVOLARI.jpg 500w, https:\/\/destinocastillayleon.es\/index\/wp-content\/uploads\/2014\/09\/Fratelli-nuvolari-ANONIMA-NUVOLARI-300x172.jpg 300w\" sizes=\"(max-width: 640px) 100vw, 640px\" \/><\/a><\/p>\n<p class=\"cmParagraph \"><strong>19:00 h.<\/strong> Palacio de Bracamonte<br \/>\n<strong>\u00abInvoluci\u00f3n\u00bb.<\/strong> Duo Masawa. (Argentina-Italia)<br \/>\nAcrobacia-Danza Contempor\u00e1nea. (A partir 11 a\u00f1os)<\/p>\n<p class=\"cmParagraph \"><strong>20:00 h.<\/strong> Palacio de los Superunda-Caprotti<br \/>\n<strong>\u00abAlegre divertimento\u00bb.<\/strong>\u00a0 Arturello Di Popolo. (Italia)<br \/>\nClown cl\u00e1sico. (Todos los p\u00fablicos\/ infantil)<\/p>\n<p class=\"cmParagraph \"><strong>20:00 h.<\/strong> Plaza Santa Teresa<br \/>\n<strong>\u00abLarsen\u00bb.<\/strong> Cie 220 Vols (Francia)<br \/>\nAcrobacia a\u00e9rea. (Todos los p\u00fablicos)<\/p>\n<p class=\"cmParagraph \"><strong>20:30 h.<\/strong> Salida: Palacio de los Verdugo<br \/>\n<strong>\u00abMusiclown\u00bb.<\/strong>\u00a0C\u00eda Maravilla. (Espa\u00f1a-Fancia)<\/p>\n<p class=\"cmParagraph \"><strong>21:00 h.<\/strong> Palacio de Bracamonte<br \/>\n<strong>\u00abInvoluci\u00f3n\u00bb.<\/strong> Duo Masawa. (Argentina-Italia)<br \/>\nAcrobacia-Danza Contempor\u00e1nea. (A partir 11 a\u00f1os)<\/p>\n<p class=\"cmParagraph \"><strong>21:00 h.<\/strong> Salida Palacio de los Verdugo<br \/>\n<strong>\u00abFratelli nuvolari\u00bb.<\/strong> Anonima Nuvolari. (Portugal)<br \/>\nCirco fanfarria. (Todos los p\u00fablicos)<\/p>\n<p class=\"cmParagraph \"><strong>22:30 h.<\/strong> Atrio de San Isidro<br \/>\n<strong>\u00abMorsure\u00bb.<\/strong> Cirque Rasposo. (Francia)<br \/>\nAcrobacia y expresi\u00f3n bajo Carpa. . (A partir 8 a\u00f1os)<\/p>\n<p>&nbsp;<\/p>\n<p class=\"cmParagraph \"><span style=\"color: #800080;\"><strong>DOMINGO 14 de SEPTIEMBRE<\/strong><\/span><\/p>\n<p class=\"cmParagraph \"><strong>11:00 h.<\/strong> Biblioteca<br \/>\n<strong>\u00abTaller de Circo\u00bb.<\/strong> Tropiezo Teatro. (Espa\u00f1a. Castilla Y Le\u00f3n)<br \/>\nCirco-Taller. (De 3 a 15 a\u00f1os)<\/p>\n<p class=\"cmParagraph \"><strong>12:00 h.<\/strong> Plaza Catedral<br \/>\n<strong>\u00abEl drap-aire musical\u00bb.<\/strong> Francesc Miralles. (Espa\u00f1a-Catalu\u00f1a)<br \/>\nInstalaci\u00f3n sonora. (Todos los p\u00fablicos)<\/p>\n<p class=\"cmParagraph \"><strong>12:00 h.<\/strong> Plaza Adolfo Su\u00e1rez<br \/>\n<strong>\u00abLe Carrousel marin\u00bb.<\/strong> Plein Feu. Carrousel. (Francia). <strong>\u00abPetit bizar\u00bb.<\/strong>Hendrik &amp; Co. (B\u00e9lgica). <strong>\u00abP\u00e9riples inmobiles\u00bb.<\/strong> M\u00e9lim\u00e9lo &amp; Cie. (B\u00e9lgica)<br \/>\nCarrousel. Carpa-Barraca. Circo mec\u00e1nico-musical. Carpa Circo de Feria. (De 0 a 13 a\u00f1os)<\/p>\n<p class=\"cmParagraph \"><strong>12:30 h.<\/strong> Palacio de Bracamonte<br \/>\n<strong>\u00abEkilibu\u00e1\u00bb.<\/strong> Maintomano. (Espa\u00f1a. Castilla Y Le\u00f3n)<br \/>\nAcrobacia contempor\u00e1nea. (Todos los p\u00fablicos)<\/p>\n<p class=\"cmParagraph \"><strong>13:00 h.<\/strong> Plaza del Mercado Chico<br \/>\n<strong>\u00abDancing color box\u00bb.<\/strong> L\u2019\u00e9pate En L\u2019air. (Francia)<br \/>\nAcrobacia a\u00e9rea. (Todos los p\u00fablicos)<\/p>\n<p class=\"cmParagraph \"><a data-size=\"640x424\" href=\"http:\/\/destinocastillayleon.es\/index\/wp-content\/uploads\/2014\/09\/0066c5f6ce7f2e5cca5726d5df48f193.jpg\"><img decoding=\"async\" class=\"aligncenter size-full wp-image-15730\" src=\"http:\/\/destinocastillayleon.es\/index\/wp-content\/uploads\/2014\/09\/0066c5f6ce7f2e5cca5726d5df48f193.jpg\" alt=\"DANCING COLOR BOX - SALLE - L'\u00e9pate en L'Air Cie\" width=\"640\" height=\"424\" srcset=\"https:\/\/destinocastillayleon.es\/index\/wp-content\/uploads\/2014\/09\/0066c5f6ce7f2e5cca5726d5df48f193.jpg 640w, https:\/\/destinocastillayleon.es\/index\/wp-content\/uploads\/2014\/09\/0066c5f6ce7f2e5cca5726d5df48f193-300x198.jpg 300w\" sizes=\"(max-width: 640px) 100vw, 640px\" \/><\/a><\/p>\n<p class=\"cmParagraph \"><strong>13:00 h.<\/strong> Salida: Palacio de los Verdugo<br \/>\n<strong>\u00abFratelli nuvolari\u00bb.<\/strong> Anonima Nuvolari. (Portugal)<br \/>\nCirco fanfarria. (Todos los p\u00fablicos)<\/p>\n<p class=\"cmParagraph \"><strong>17:00 h.<\/strong> Plaza Catedral<br \/>\n<strong>\u00abEl drap-aire musical\u00bb.<\/strong> Francesc Miralles. (Espa\u00f1a-Catalu\u00f1a)<br \/>\nInstalaci\u00f3n sonora. (Todos los p\u00fablicos)<\/p>\n<p class=\"cmParagraph \"><strong>17:00 h.<\/strong> Plaza Adolfo Su\u00e1rez<br \/>\n<strong>\u00abLe Carrousel marin\u00bb.<\/strong> Plein Feu. Carrousel. (Francia). <strong>\u00abPetit bizar\u00bb.<\/strong>Hendrik &amp; Co. (B\u00e9lgica).<strong> \u00abP\u00e9riples inmobiles\u00bb.<\/strong> M\u00e9lim\u00e9lo &amp; Cie. (B\u00e9lgica)<br \/>\nCarrousel. Carpa-Barraca. Circo mec\u00e1nico-musical. Carpa Circo de Feria. (De 0 a 13 a\u00f1os)<\/p>\n<p class=\"cmParagraph \"><strong>18:00 h.<\/strong> Plaza del Mercado Chico<br \/>\n<strong>\u00abDancing color box\u00bb.<\/strong> L\u2019\u00e9pate En L\u2019air. (Francia)<br \/>\nAcrobacia a\u00e9rea. (Todos los p\u00fablicos)<\/p>\n<p class=\"cmParagraph \"><strong>18:30 h.<\/strong> Palacio de Bracamonte<br \/>\n<strong>\u00abEkilibu\u00e1\u00bb.<\/strong> Maintomano. (Espa\u00f1a. Castilla y Le\u00f3n)<br \/>\nAcrobacia contempor\u00e1nea. (Todos los p\u00fablicos)<\/p>\n<p class=\"cmParagraph \"><strong>19:00 h.<\/strong> Salida: Palacio de los Verdugo<br \/>\n<strong>\u00abFratelli nuvolari\u00bb.<\/strong> Anonima Nuvolari. (Portugal)<br \/>\nCirco fanfarria. (Todos los p\u00fablicos)<\/p>\n<p class=\"cmParagraph \"><strong>19:30 h.<\/strong> Atrio de San Isidro<br \/>\n<strong>\u00abMorsure\u00bb.<\/strong> Cirque Rasposo. (Francia)<br \/>\nAcrobacia y expresi\u00f3n bajo Carpa. (A partir 8 a\u00f1os)<\/p>\n<p class=\"cmParagraph \"><strong>20:30 h.<\/strong> Salida: Palacio de los Verdugo<br \/>\n<strong>\u00abFratelli nuvolari\u00bb.<\/strong> Anonima Nuvolari. (Portugal)<br \/>\nCirco fanfarria. (Todos los p\u00fablicos)<\/p>\n<p class=\"cmParagraph \"><strong>21:00 h.<\/strong> Plaza Santa Teresa<br \/>\n<strong>\u00abLarsen\u00bb.<\/strong> Cie 220 Vols. (Francia)<br \/>\nAcrobacia a\u00e9rea. (Todos los p\u00fablicos)<\/p>\n<p class=\"cmParagraph \"><a data-size=\"497x385\" href=\"http:\/\/destinocastillayleon.es\/index\/wp-content\/uploads\/2014\/09\/Larsen-CIE-220-VOLS.jpg\"><img decoding=\"async\" class=\"aligncenter wp-image-15731\" src=\"http:\/\/destinocastillayleon.es\/index\/wp-content\/uploads\/2014\/09\/Larsen-CIE-220-VOLS.jpg\" alt=\"Larsen CIE 220 VOLS\" width=\"640\" height=\"496\" srcset=\"https:\/\/destinocastillayleon.es\/index\/wp-content\/uploads\/2014\/09\/Larsen-CIE-220-VOLS.jpg 497w, https:\/\/destinocastillayleon.es\/index\/wp-content\/uploads\/2014\/09\/Larsen-CIE-220-VOLS-300x232.jpg 300w\" sizes=\"(max-width: 640px) 100vw, 640px\" \/><\/a><\/p>\n<hr class=\"cmHorizontalRule \" \/>\n&nbsp;<\/p>\n<h3 class=\"cmParagraph \"><strong>Programaci\u00f3n Cir&amp;Co Pro: ESCUELAS DE CIRCO EUROPEAS<\/strong><\/h3>\n<p>&#8211; <strong>Reino Unido:<\/strong> National Centre For Circuso Arts<br \/>\n&#8211; <strong>Alemania:<\/strong> Staatliche Ballettschule Berlin und Schule F\u00fbr Artistik<br \/>\n&#8211; <strong>Francia:<\/strong> Ecole Nationale de Cirque de Ch\u00e2tellerault-Enc<br \/>\n&#8211; <strong>Espa\u00f1a:<\/strong> Escuela de Circo Carampa<br \/>\n&nbsp;<br \/>\n<span style=\"color: #800080;\"><strong>VIERNES 12 de SEPTIEMBRE<\/strong><\/span><\/p>\n<p>11.00 h. Episcopio o Lienzo Norte (por confirmar)<br \/>\n<strong>\u00ab10 hitos en la renovaci\u00f3n del circo\u00bb \/ \u00abLa formaci\u00f3n circense: hasta hoy hemos llegado\u00bb.<\/strong><br \/>\nAn\u00e1lisis y debate. (Todos los p\u00fablicos)<\/p>\n<p class=\"cmParagraph \"><strong>11.00\u00a0 h.<\/strong> Patio de la Biblioteca<br \/>\n<strong>Encuentro de Escuelas de Circo Europeas. Procesos creativos abiertos al p\u00fablico.<\/strong><br \/>\n(Todos los p\u00fablicos)<\/p>\n<p><strong>18.00 h.<\/strong> Auditorio Lienzo Norte o Episcopio (por confirmar)<br \/>\n<strong>\u00abA ras de cielo\u00bb,<\/strong> de Horacio Alcal\u00e1.<br \/>\nCiclo de cine: ?El circo de ma\u00f1ana y ayer\u00bb. Proyecci\u00f3n, debate y an\u00e1lisis.<\/p>\n<p><strong>23:30 h.<\/strong> Patio de la Biblioteca<br \/>\n<strong>\u00abEscrito en piedra\u00bb.<\/strong> Escuelas De Circo Europeas:\u00a0 Reino Unido, Alemania, Francia Y Espa\u00f1a<br \/>\nEspect\u00e1culo-Gala . (Todos los p\u00fablicos)<br \/>\n&nbsp;<br \/>\n<span style=\"color: #800080;\"><strong>S\u00c1BADO 13 de SEPTIEMBRE<\/strong><\/span><\/p>\n<p class=\"cmParagraph \"><strong>18.00 h.<\/strong> Auditorio Lienzo Norte o Episcopio (por confirmar)<br \/>\n<strong>\u00abRings around the world\u00bb, de Don Ameche.<\/strong><br \/>\nCiclo de cine: \u201cEl circo de ma\u00f1ana y ayer\u00bb. Proyecci\u00f3n, debate y an\u00e1lisis.<\/p>\n<p><strong>23:30 h.<\/strong> Patio de la Biblioteca<br \/>\n<strong>\u00abEscrito en piedra\u00bb.<\/strong> Escuelas De Circo Europeas:\u00a0 Reino Unido, Alemania, Francia Y Espa\u00f1a<br \/>\nEspect\u00e1culo-Gala. (Todos los p\u00fablicos)<\/p>\n<p><strong>\u00bfEstuviste el a\u00f1o pasado? \u00bfVas a asistir en esta ocasi\u00f3n? \u00a1\u00a1Cu\u00e9ntanoslo!!\u00a0<\/strong><\/p>\n<p>&nbsp;<\/p>\n<h4>Art\u00edculos Relacionados:\u00a0<\/h4>\n<ul>\n<li><a href=\"http:\/\/destinocastillayleon.es\/index\/ii-festival-internacional-de-circo-de-castilla-y-leon-circo-2014\/\">II Festival Internacional de Circo de Castilla y Le\u00f3n \u2018Cir&amp;Co 2014<\/a>.<\/li>\n<li><a href=\"http:\/\/destinocastillayleon.es\/index\/wp-content\/uploads\/2014\/09\/programa__circo_2014.pdf\">Programa Completo II Festival Internacional de Circo CIR&amp;Co de \u00c1vila<\/a>.<\/li>\n<li><a href=\"http:\/\/destinocastillayleon.es\/index\/comienzan-las-jornadas-internacionales-de-magia-en-zamora\/\">Comienzan las Jornadas Internacionales de Magia en Zamora<\/a>.<\/li>\n<li><a href=\"http:\/\/destinocastillayleon.es\/index\/los-rincones-mas-impactantes-de-avila-visita-guiada\/\">Visita Guiada por \u00c1vila recorriendo sus rincones m\u00e1s impactantes<\/a>.<\/li>\n<li><a href=\"http:\/\/destinocastillayleon.es\/index\/ruta-de-tapas-por-avila\/\">Ruta de tapas por \u00c1vila, 5 lugares imprescindibles<\/a>.<\/li>\n<\/ul>\n<p>&nbsp;<\/p>\n","protected":false},"excerpt":{"rendered":"<p>Programa del II Festival Internacional de Circo &#8216;Cir&#038;Co 2014<\/p>\n","protected":false},"author":6,"featured_media":15732,"comment_status":"open","ping_status":"closed","sticky":false,"template":"","format":"standard","meta":{"rop_custom_images_group":[],"rop_custom_messages_group":[],"rop_publish_now":"initial","rop_publish_now_accounts":{"twitter_1150954226_1150954226":""},"rop_publish_now_history":[],"rop_publish_now_status":"pending","footnotes":""},"categories":[1343,62,4789,5511,68],"tags":[3271,3269,3177,769,3243,3242,3244,666,369],"class_list":["post-15721","post","type-post","status-publish","format-standard","has-post-thumbnail","hentry","category-agenda","category-avila","category-avila-actualidad","category-no-rescatar-en-rrss","category-post_inicial","tag-actividades-en-avila","tag-circo-2014","tag-cosas-que-hacer-en-castilla-y-leon","tag-destino-castilla-y-leon","tag-programa-circo-2014","tag-programa-del-ii-festival-internacional-de-circo-circo-2014","tag-programa-festival-de-circo-avila-2014","tag-turismo-en-avila","tag-turismo-en-castilla-y-leon"],"yoast_head":"<!-- This site is optimized with the Yoast SEO Premium plugin v20.4 (Yoast SEO v27.4) - https:\/\/yoast.com\/product\/yoast-seo-premium-wordpress\/ -->\n<title>Programa del II Festival Internacional de Circo &#039;Cir&amp;Co 2014<\/title>\n<meta name=\"description\" content=\"Programa del II Festival Internacional de Circo &#039;Cir&amp;Co 2014\" \/>\n<meta name=\"robots\" content=\"index, follow, max-snippet:-1, max-image-preview:large, max-video-preview:-1\" \/>\n<link rel=\"canonical\" href=\"https:\/\/destinocastillayleon.es\/index\/programa-del-ii-festival-internacional-de-circo-circo-2014\/\" \/>\n<meta property=\"og:locale\" content=\"es_ES\" \/>\n<meta property=\"og:type\" content=\"article\" \/>\n<meta property=\"og:title\" content=\"Programa del II Festival Internacional de Circo &#039;Cir&amp;Co 2014\" \/>\n<meta property=\"og:description\" content=\"Programa del II Festival Internacional de Circo &#039;Cir&amp;Co 2014\" \/>\n<meta property=\"og:url\" content=\"https:\/\/destinocastillayleon.es\/index\/programa-del-ii-festival-internacional-de-circo-circo-2014\/\" \/>\n<meta property=\"og:site_name\" content=\"Destino Castilla y Le\u00f3n\" \/>\n<meta property=\"article:publisher\" content=\"https:\/\/www.facebook.com\/DestinoCastillaYLeon\/\" \/>\n<meta property=\"article:published_time\" content=\"2014-09-10T09:41:05+00:00\" \/>\n<meta property=\"article:modified_time\" content=\"2018-04-12T21:26:18+00:00\" \/>\n<meta property=\"og:image\" content=\"https:\/\/destinocastillayleon.es\/index\/wp-content\/uploads\/2014\/09\/44b4813fddd793b0a2c4e2cc03a82f48.png\" \/>\n\t<meta property=\"og:image:width\" content=\"350\" \/>\n\t<meta property=\"og:image:height\" content=\"531\" \/>\n\t<meta property=\"og:image:type\" content=\"image\/png\" \/>\n<meta name=\"author\" content=\"Lola Hernandez\" \/>\n<meta name=\"twitter:card\" content=\"summary_large_image\" \/>\n<meta name=\"twitter:creator\" content=\"@destinocyl\" \/>\n<meta name=\"twitter:site\" content=\"@destinocyl\" \/>\n<meta name=\"twitter:label1\" content=\"Escrito por\" \/>\n\t<meta name=\"twitter:data1\" content=\"Lola Hernandez\" \/>\n\t<meta name=\"twitter:label2\" content=\"Tiempo de lectura\" \/>\n\t<meta name=\"twitter:data2\" content=\"8 minutos\" \/>\n<script type=\"application\/ld+json\" class=\"yoast-schema-graph\">{\"@context\":\"https:\\\/\\\/schema.org\",\"@graph\":[{\"@type\":\"Article\",\"@id\":\"https:\\\/\\\/destinocastillayleon.es\\\/index\\\/programa-del-ii-festival-internacional-de-circo-circo-2014\\\/#article\",\"isPartOf\":{\"@id\":\"https:\\\/\\\/destinocastillayleon.es\\\/index\\\/programa-del-ii-festival-internacional-de-circo-circo-2014\\\/\"},\"author\":{\"name\":\"Lola Hernandez\",\"@id\":\"https:\\\/\\\/destinocastillayleon.es\\\/index\\\/#\\\/schema\\\/person\\\/49ffcb7eb307589ba529009335ed7767\"},\"headline\":\"Programa del II Festival Internacional de Circo &#8216;Cir&#038;Co 2014\",\"datePublished\":\"2014-09-10T09:41:05+00:00\",\"dateModified\":\"2018-04-12T21:26:18+00:00\",\"mainEntityOfPage\":{\"@id\":\"https:\\\/\\\/destinocastillayleon.es\\\/index\\\/programa-del-ii-festival-internacional-de-circo-circo-2014\\\/\"},\"wordCount\":1611,\"commentCount\":0,\"image\":{\"@id\":\"https:\\\/\\\/destinocastillayleon.es\\\/index\\\/programa-del-ii-festival-internacional-de-circo-circo-2014\\\/#primaryimage\"},\"thumbnailUrl\":\"https:\\\/\\\/destinocastillayleon.es\\\/index\\\/wp-content\\\/uploads\\\/2014\\\/09\\\/portada-.png\",\"keywords\":[\"actividades en Avila\",\"Cir&amp;Co 2014\",\"cosas que hacer en Castilla y Leon\",\"Destino Castilla y Le\u00f3n\",\"programa Cir&amp;Co 2014\",\"Programa del II Festival Internacional de Circo 'Cir&amp;Co 2014\",\"programa festival de circo \u00c1vila 2014\",\"Turismo en \u00c1vila\",\"turismo en Castilla y Le\u00f3n\"],\"articleSection\":[\"Agenda\",\"Avila\",\"Avila actualidad\",\"No rescatar en RRSS\",\"Post_inicial\"],\"inLanguage\":\"es\",\"potentialAction\":[{\"@type\":\"CommentAction\",\"name\":\"Comment\",\"target\":[\"https:\\\/\\\/destinocastillayleon.es\\\/index\\\/programa-del-ii-festival-internacional-de-circo-circo-2014\\\/#respond\"]}]},{\"@type\":\"WebPage\",\"@id\":\"https:\\\/\\\/destinocastillayleon.es\\\/index\\\/programa-del-ii-festival-internacional-de-circo-circo-2014\\\/\",\"url\":\"https:\\\/\\\/destinocastillayleon.es\\\/index\\\/programa-del-ii-festival-internacional-de-circo-circo-2014\\\/\",\"name\":\"Programa del II Festival Internacional de Circo 'Cir&Co 2014\",\"isPartOf\":{\"@id\":\"https:\\\/\\\/destinocastillayleon.es\\\/index\\\/#website\"},\"primaryImageOfPage\":{\"@id\":\"https:\\\/\\\/destinocastillayleon.es\\\/index\\\/programa-del-ii-festival-internacional-de-circo-circo-2014\\\/#primaryimage\"},\"image\":{\"@id\":\"https:\\\/\\\/destinocastillayleon.es\\\/index\\\/programa-del-ii-festival-internacional-de-circo-circo-2014\\\/#primaryimage\"},\"thumbnailUrl\":\"https:\\\/\\\/destinocastillayleon.es\\\/index\\\/wp-content\\\/uploads\\\/2014\\\/09\\\/portada-.png\",\"datePublished\":\"2014-09-10T09:41:05+00:00\",\"dateModified\":\"2018-04-12T21:26:18+00:00\",\"author\":{\"@id\":\"https:\\\/\\\/destinocastillayleon.es\\\/index\\\/#\\\/schema\\\/person\\\/49ffcb7eb307589ba529009335ed7767\"},\"description\":\"Programa del II Festival Internacional de Circo 'Cir&Co 2014\",\"breadcrumb\":{\"@id\":\"https:\\\/\\\/destinocastillayleon.es\\\/index\\\/programa-del-ii-festival-internacional-de-circo-circo-2014\\\/#breadcrumb\"},\"inLanguage\":\"es\",\"potentialAction\":[{\"@type\":\"ReadAction\",\"target\":[\"https:\\\/\\\/destinocastillayleon.es\\\/index\\\/programa-del-ii-festival-internacional-de-circo-circo-2014\\\/\"]}]},{\"@type\":\"ImageObject\",\"inLanguage\":\"es\",\"@id\":\"https:\\\/\\\/destinocastillayleon.es\\\/index\\\/programa-del-ii-festival-internacional-de-circo-circo-2014\\\/#primaryimage\",\"url\":\"https:\\\/\\\/destinocastillayleon.es\\\/index\\\/wp-content\\\/uploads\\\/2014\\\/09\\\/portada-.png\",\"contentUrl\":\"https:\\\/\\\/destinocastillayleon.es\\\/index\\\/wp-content\\\/uploads\\\/2014\\\/09\\\/portada-.png\",\"width\":715,\"height\":531},{\"@type\":\"BreadcrumbList\",\"@id\":\"https:\\\/\\\/destinocastillayleon.es\\\/index\\\/programa-del-ii-festival-internacional-de-circo-circo-2014\\\/#breadcrumb\",\"itemListElement\":[{\"@type\":\"ListItem\",\"position\":1,\"name\":\"Portada\",\"item\":\"https:\\\/\\\/destinocastillayleon.es\\\/index\\\/\"},{\"@type\":\"ListItem\",\"position\":2,\"name\":\"Programa del II Festival Internacional de Circo &#8216;Cir&#038;Co 2014\"}]},{\"@type\":\"WebSite\",\"@id\":\"https:\\\/\\\/destinocastillayleon.es\\\/index\\\/#website\",\"url\":\"https:\\\/\\\/destinocastillayleon.es\\\/index\\\/\",\"name\":\"Destino Castilla y Le\u00f3n\",\"description\":\"Medio digital independiente y revista de Castilla y Le\u00f3n dedicado al turismo, gastronom\u00eda y vino de Castilla y Le\u00f3n\",\"potentialAction\":[{\"@type\":\"SearchAction\",\"target\":{\"@type\":\"EntryPoint\",\"urlTemplate\":\"https:\\\/\\\/destinocastillayleon.es\\\/index\\\/?s={search_term_string}\"},\"query-input\":{\"@type\":\"PropertyValueSpecification\",\"valueRequired\":true,\"valueName\":\"search_term_string\"}}],\"inLanguage\":\"es\"},{\"@type\":\"Person\",\"@id\":\"https:\\\/\\\/destinocastillayleon.es\\\/index\\\/#\\\/schema\\\/person\\\/49ffcb7eb307589ba529009335ed7767\",\"name\":\"Lola Hernandez\",\"image\":{\"@type\":\"ImageObject\",\"inLanguage\":\"es\",\"@id\":\"https:\\\/\\\/secure.gravatar.com\\\/avatar\\\/72ead65e55ad0522fba484acfe2842bf78b2f7c727df41d76fed78a85519da34?s=96&d=mm&r=g\",\"url\":\"https:\\\/\\\/secure.gravatar.com\\\/avatar\\\/72ead65e55ad0522fba484acfe2842bf78b2f7c727df41d76fed78a85519da34?s=96&d=mm&r=g\",\"contentUrl\":\"https:\\\/\\\/secure.gravatar.com\\\/avatar\\\/72ead65e55ad0522fba484acfe2842bf78b2f7c727df41d76fed78a85519da34?s=96&d=mm&r=g\",\"caption\":\"Lola Hernandez\"},\"description\":\"Lola Hern\u00e1ndez fue fundadora y directora de www.destinocastillayleon.es Escribiendo sobre turismo, gastronom\u00eda y vino de su tierra de origen, Castilla y Le\u00f3n.\",\"sameAs\":[\"http:\\\/\\\/www.destinoysabor.com\\\/blog\"],\"url\":\"https:\\\/\\\/destinocastillayleon.es\\\/index\\\/author\\\/lola-hernandez\\\/\"}]}<\/script>\n<!-- \/ Yoast SEO Premium plugin. -->","yoast_head_json":{"title":"Programa del II Festival Internacional de Circo 'Cir&Co 2014","description":"Programa del II Festival Internacional de Circo 'Cir&Co 2014","robots":{"index":"index","follow":"follow","max-snippet":"max-snippet:-1","max-image-preview":"max-image-preview:large","max-video-preview":"max-video-preview:-1"},"canonical":"https:\/\/destinocastillayleon.es\/index\/programa-del-ii-festival-internacional-de-circo-circo-2014\/","og_locale":"es_ES","og_type":"article","og_title":"Programa del II Festival Internacional de Circo 'Cir&Co 2014","og_description":"Programa del II Festival Internacional de Circo 'Cir&Co 2014","og_url":"https:\/\/destinocastillayleon.es\/index\/programa-del-ii-festival-internacional-de-circo-circo-2014\/","og_site_name":"Destino Castilla y Le\u00f3n","article_publisher":"https:\/\/www.facebook.com\/DestinoCastillaYLeon\/","article_published_time":"2014-09-10T09:41:05+00:00","article_modified_time":"2018-04-12T21:26:18+00:00","og_image":[{"width":350,"height":531,"url":"https:\/\/destinocastillayleon.es\/index\/wp-content\/uploads\/2014\/09\/44b4813fddd793b0a2c4e2cc03a82f48.png","type":"image\/png"}],"author":"Lola Hernandez","twitter_card":"summary_large_image","twitter_creator":"@destinocyl","twitter_site":"@destinocyl","twitter_misc":{"Escrito por":"Lola Hernandez","Tiempo de lectura":"8 minutos"},"schema":{"@context":"https:\/\/schema.org","@graph":[{"@type":"Article","@id":"https:\/\/destinocastillayleon.es\/index\/programa-del-ii-festival-internacional-de-circo-circo-2014\/#article","isPartOf":{"@id":"https:\/\/destinocastillayleon.es\/index\/programa-del-ii-festival-internacional-de-circo-circo-2014\/"},"author":{"name":"Lola Hernandez","@id":"https:\/\/destinocastillayleon.es\/index\/#\/schema\/person\/49ffcb7eb307589ba529009335ed7767"},"headline":"Programa del II Festival Internacional de Circo &#8216;Cir&#038;Co 2014","datePublished":"2014-09-10T09:41:05+00:00","dateModified":"2018-04-12T21:26:18+00:00","mainEntityOfPage":{"@id":"https:\/\/destinocastillayleon.es\/index\/programa-del-ii-festival-internacional-de-circo-circo-2014\/"},"wordCount":1611,"commentCount":0,"image":{"@id":"https:\/\/destinocastillayleon.es\/index\/programa-del-ii-festival-internacional-de-circo-circo-2014\/#primaryimage"},"thumbnailUrl":"https:\/\/destinocastillayleon.es\/index\/wp-content\/uploads\/2014\/09\/portada-.png","keywords":["actividades en Avila","Cir&amp;Co 2014","cosas que hacer en Castilla y Leon","Destino Castilla y Le\u00f3n","programa Cir&amp;Co 2014","Programa del II Festival Internacional de Circo 'Cir&amp;Co 2014","programa festival de circo \u00c1vila 2014","Turismo en \u00c1vila","turismo en Castilla y Le\u00f3n"],"articleSection":["Agenda","Avila","Avila actualidad","No rescatar en RRSS","Post_inicial"],"inLanguage":"es","potentialAction":[{"@type":"CommentAction","name":"Comment","target":["https:\/\/destinocastillayleon.es\/index\/programa-del-ii-festival-internacional-de-circo-circo-2014\/#respond"]}]},{"@type":"WebPage","@id":"https:\/\/destinocastillayleon.es\/index\/programa-del-ii-festival-internacional-de-circo-circo-2014\/","url":"https:\/\/destinocastillayleon.es\/index\/programa-del-ii-festival-internacional-de-circo-circo-2014\/","name":"Programa del II Festival Internacional de Circo 'Cir&Co 2014","isPartOf":{"@id":"https:\/\/destinocastillayleon.es\/index\/#website"},"primaryImageOfPage":{"@id":"https:\/\/destinocastillayleon.es\/index\/programa-del-ii-festival-internacional-de-circo-circo-2014\/#primaryimage"},"image":{"@id":"https:\/\/destinocastillayleon.es\/index\/programa-del-ii-festival-internacional-de-circo-circo-2014\/#primaryimage"},"thumbnailUrl":"https:\/\/destinocastillayleon.es\/index\/wp-content\/uploads\/2014\/09\/portada-.png","datePublished":"2014-09-10T09:41:05+00:00","dateModified":"2018-04-12T21:26:18+00:00","author":{"@id":"https:\/\/destinocastillayleon.es\/index\/#\/schema\/person\/49ffcb7eb307589ba529009335ed7767"},"description":"Programa del II Festival Internacional de Circo 'Cir&Co 2014","breadcrumb":{"@id":"https:\/\/destinocastillayleon.es\/index\/programa-del-ii-festival-internacional-de-circo-circo-2014\/#breadcrumb"},"inLanguage":"es","potentialAction":[{"@type":"ReadAction","target":["https:\/\/destinocastillayleon.es\/index\/programa-del-ii-festival-internacional-de-circo-circo-2014\/"]}]},{"@type":"ImageObject","inLanguage":"es","@id":"https:\/\/destinocastillayleon.es\/index\/programa-del-ii-festival-internacional-de-circo-circo-2014\/#primaryimage","url":"https:\/\/destinocastillayleon.es\/index\/wp-content\/uploads\/2014\/09\/portada-.png","contentUrl":"https:\/\/destinocastillayleon.es\/index\/wp-content\/uploads\/2014\/09\/portada-.png","width":715,"height":531},{"@type":"BreadcrumbList","@id":"https:\/\/destinocastillayleon.es\/index\/programa-del-ii-festival-internacional-de-circo-circo-2014\/#breadcrumb","itemListElement":[{"@type":"ListItem","position":1,"name":"Portada","item":"https:\/\/destinocastillayleon.es\/index\/"},{"@type":"ListItem","position":2,"name":"Programa del II Festival Internacional de Circo &#8216;Cir&#038;Co 2014"}]},{"@type":"WebSite","@id":"https:\/\/destinocastillayleon.es\/index\/#website","url":"https:\/\/destinocastillayleon.es\/index\/","name":"Destino Castilla y Le\u00f3n","description":"Medio digital independiente y revista de Castilla y Le\u00f3n dedicado al turismo, gastronom\u00eda y vino de Castilla y Le\u00f3n","potentialAction":[{"@type":"SearchAction","target":{"@type":"EntryPoint","urlTemplate":"https:\/\/destinocastillayleon.es\/index\/?s={search_term_string}"},"query-input":{"@type":"PropertyValueSpecification","valueRequired":true,"valueName":"search_term_string"}}],"inLanguage":"es"},{"@type":"Person","@id":"https:\/\/destinocastillayleon.es\/index\/#\/schema\/person\/49ffcb7eb307589ba529009335ed7767","name":"Lola Hernandez","image":{"@type":"ImageObject","inLanguage":"es","@id":"https:\/\/secure.gravatar.com\/avatar\/72ead65e55ad0522fba484acfe2842bf78b2f7c727df41d76fed78a85519da34?s=96&d=mm&r=g","url":"https:\/\/secure.gravatar.com\/avatar\/72ead65e55ad0522fba484acfe2842bf78b2f7c727df41d76fed78a85519da34?s=96&d=mm&r=g","contentUrl":"https:\/\/secure.gravatar.com\/avatar\/72ead65e55ad0522fba484acfe2842bf78b2f7c727df41d76fed78a85519da34?s=96&d=mm&r=g","caption":"Lola Hernandez"},"description":"Lola Hern\u00e1ndez fue fundadora y directora de www.destinocastillayleon.es Escribiendo sobre turismo, gastronom\u00eda y vino de su tierra de origen, Castilla y Le\u00f3n.","sameAs":["http:\/\/www.destinoysabor.com\/blog"],"url":"https:\/\/destinocastillayleon.es\/index\/author\/lola-hernandez\/"}]}},"_links":{"self":[{"href":"https:\/\/destinocastillayleon.es\/index\/wp-json\/wp\/v2\/posts\/15721","targetHints":{"allow":["GET"]}}],"collection":[{"href":"https:\/\/destinocastillayleon.es\/index\/wp-json\/wp\/v2\/posts"}],"about":[{"href":"https:\/\/destinocastillayleon.es\/index\/wp-json\/wp\/v2\/types\/post"}],"author":[{"embeddable":true,"href":"https:\/\/destinocastillayleon.es\/index\/wp-json\/wp\/v2\/users\/6"}],"replies":[{"embeddable":true,"href":"https:\/\/destinocastillayleon.es\/index\/wp-json\/wp\/v2\/comments?post=15721"}],"version-history":[{"count":6,"href":"https:\/\/destinocastillayleon.es\/index\/wp-json\/wp\/v2\/posts\/15721\/revisions"}],"predecessor-version":[{"id":27939,"href":"https:\/\/destinocastillayleon.es\/index\/wp-json\/wp\/v2\/posts\/15721\/revisions\/27939"}],"wp:featuredmedia":[{"embeddable":true,"href":"https:\/\/destinocastillayleon.es\/index\/wp-json\/wp\/v2\/media\/15732"}],"wp:attachment":[{"href":"https:\/\/destinocastillayleon.es\/index\/wp-json\/wp\/v2\/media?parent=15721"}],"wp:term":[{"taxonomy":"category","embeddable":true,"href":"https:\/\/destinocastillayleon.es\/index\/wp-json\/wp\/v2\/categories?post=15721"},{"taxonomy":"post_tag","embeddable":true,"href":"https:\/\/destinocastillayleon.es\/index\/wp-json\/wp\/v2\/tags?post=15721"}],"curies":[{"name":"wp","href":"https:\/\/api.w.org\/{rel}","templated":true}]}}