{"id":15700,"date":"2014-09-10T07:58:48","date_gmt":"2014-09-10T07:58:48","guid":{"rendered":"http:\/\/destinocastillayleon.es\/index\/?p=15700"},"modified":"2014-09-16T07:36:59","modified_gmt":"2014-09-16T07:36:59","slug":"comienzan-las-jornadas-internacionales-de-magia-en-zamora","status":"publish","type":"post","link":"https:\/\/destinocastillayleon.es\/index\/comienzan-las-jornadas-internacionales-de-magia-en-zamora\/","title":{"rendered":"Comienzan las Jornadas Internacionales de Magia en Zamora"},"content":{"rendered":"<h4 style=\"text-align: justify;\"><strong><em>La ciudad de Zamora acoge la XXI edici\u00f3n de las Jornadas Internacionales de Magia desde hoy mi\u00e9rcoles al 14 de septiembre. Un certamen que reunir\u00e1 \u00a0magos de diversos pa\u00edses que dar\u00e1n animaci\u00f3n a las calles de Zamora actuando en diferentes puntos de la ciudad.\u00a0<\/em><\/strong><\/h4>\n<p style=\"text-align: justify;\">A partir de hoy, Zamora acoge la XXI edici\u00f3n de las Jornadas Internacionales de Magia desde este mi\u00e9rcoles al 14 de septiembre. El certamen reunir\u00e1 una selecci\u00f3n de los mejores magos de diversos pa\u00edses que actuar\u00e1n en las<strong> calles, hospitales, residencias de mayores y teatros<\/strong> para mostrar las m\u00e1s sorprendentes ilusiones.<\/p>\n<p>&nbsp;<\/p>\n<p><a href=\"http:\/\/destinocastillayleon.es\/index\/wp-content\/uploads\/2014\/09\/jornadas-medievales.png\"><img decoding=\"async\" class=\"aligncenter wp-image-15704\" src=\"http:\/\/destinocastillayleon.es\/index\/wp-content\/uploads\/2014\/09\/jornadas-medievales.png\" alt=\"jornadas medievales\" width=\"450\" height=\"549\" srcset=\"https:\/\/destinocastillayleon.es\/index\/wp-content\/uploads\/2014\/09\/jornadas-medievales.png 365w, https:\/\/destinocastillayleon.es\/index\/wp-content\/uploads\/2014\/09\/jornadas-medievales-246x300.png 246w\" sizes=\"(max-width: 450px) 100vw, 450px\" \/><\/a><\/p>\n<p>Hay 23 los espect\u00e1culos programados, entre los que destacan\u00a0<strong>tres grandes galas internacionales<\/strong> organizadas en el Teatro Principal.<\/p>\n<p style=\"text-align: justify;\">Una decena de artistas y compa\u00f1\u00edas que llegar\u00e1n a Zamora procedentes de seis pa\u00edses diferentes: <strong>Francia, Australia, Italia, Inglaterra, Argentina y Espa\u00f1a ilusionar\u00e1n a ni\u00f1os y mayores.<\/strong>\u00a0Se trata de Norbert Ferr\u00e9, Diamond Brothers, Vittorio Marino, Ben Woodward, Mad y C\u00eda, Jonathan Barragan, Naife, Xuso Ruiz, El gran circo de las pulgas y Willy Monroe.<\/p>\n<p style=\"text-align: justify;\">Su presencia en el festival permitir\u00e1 a los espectadores disfrutar de los m\u00e1s variados estilos de magia, entre los que estar\u00e1n representados la manipulaci\u00f3n, la magia c\u00f3mica, la magia de cerca o la magia oriental, entre otros. Los magos que este a\u00f1o acuden a Zamora se suman a la extensa lista de artistas que han actuado en las Jornadas en las veinte ediciones precedentes, que en total suman 153 ilusionistas procedentes de 23 pa\u00edses.<\/p>\n<h3><strong>Programa de las Jornadas Internacionales de Magia en Zamora 2014<\/strong><\/h3>\n<p style=\"text-align: justify;\">La programaci\u00f3n de las Jornadas est\u00e1 estructurada en dos grandes apartados: <strong>el solidario y la magia de calle. <\/strong><\/p>\n<h4 style=\"text-align: justify;\"><strong>Magia Solidaria<\/strong><\/h4>\n<p style=\"text-align: justify;\">En este sentido, se ofrecer\u00e1n actuaciones en la Residencia de las Hermanitas de los Ancianos Desamparados, el Hospital Virgen de la Concha, el centro de Asprosub de Morales del Vino y el centro terap\u00e9utico de la Asociaci\u00f3n de Alzheimer.<\/p>\n<h4 style=\"text-align: justify;\"><strong>Magia de Calle<\/strong><\/h4>\n<p style=\"text-align: justify;\">Si vas por Zamora estos d\u00edas, podr\u00e1s disfrutar de las actuaciones de los magos en la P<strong>laza Mayor, Calle Santa Clara, Plaza de la Marina y Plaza de Viriato.<\/strong> El certamen, a su vez, contar\u00e1 con tres galas que tendr\u00e1n lugar en el Teatro Principal el viernes 12 y el s\u00e1bado 13, en doble sesi\u00f3n.<\/p>\n<p><a href=\"http:\/\/destinocastillayleon.es\/index\/wp-content\/uploads\/2014\/09\/magia-de-calle.jpg\"><img decoding=\"async\" class=\"aligncenter size-full wp-image-15708\" src=\"http:\/\/destinocastillayleon.es\/index\/wp-content\/uploads\/2014\/09\/magia-de-calle.jpg\" alt=\"magia de calle\" width=\"640\" height=\"487\" srcset=\"https:\/\/destinocastillayleon.es\/index\/wp-content\/uploads\/2014\/09\/magia-de-calle.jpg 640w, https:\/\/destinocastillayleon.es\/index\/wp-content\/uploads\/2014\/09\/magia-de-calle-300x228.jpg 300w\" sizes=\"(max-width: 640px) 100vw, 640px\" \/><\/a><\/p>\n<p>&nbsp;<\/p>\n<h4><strong>Galas de Magia\u00a0<\/strong><\/h4>\n<p style=\"text-align: justify;\">A diferencia de otros a\u00f1os, en esta ocasi\u00f3n ser\u00e1n cinco los artistas protagonistas de las galas internacionales, que adem\u00e1s contar\u00e1n con la participaci\u00f3n del mago argentino Mad y C\u00eda como maestro de ceremonias. <strong>Premio mundial de magia<\/strong>\u00a0entre los artistas que actuar\u00e1n en el Teatro Principal se encuentra <strong>el franc\u00e9s Norbert Ferr\u00e9,<\/strong> Gran Premio Mundial de Magia que ofrece un incre\u00edble montaje en el que mezcla complejos efectos de manipulaci\u00f3n con el clown.<\/p>\n<p style=\"text-align: justify;\">Tambi\u00e9n estar\u00e1 presente el italiano Vittorio Marino, quien llega a Zamora tras ser una de las sorpresas en el \u00faltimo Congreso Mundial de Magia Fism. Los asombrosos efectos de magia de cerca, por su parte, ser\u00e1n los que destaquen en la actuaci\u00f3n del ingl\u00e9s Ben Woodward. Adem\u00e1s, y por primera vez en Europa, las galas contar\u00e1n con<strong> el show de los peque\u00f1os hermanos australianos Diamond Brothers<\/strong>, de 11 y 8 a\u00f1os.<\/p>\n<p>Finalmente, el espa\u00f1ol <strong>Naife ofrecer\u00e1 un espect\u00e1culo lleno de colorido y misterio,<\/strong> en el que transmite todo el encanto de Oriente.<\/p>\n<blockquote><p>Desc\u00e1rgate <strong><a href=\"http:\/\/destinocastillayleon.es\/index\/wp-content\/uploads\/2014\/09\/PROGRAMA-JORNADAS-XXI.pdf\">el programa de las Jornadas Internacionales de Magia en Zamora<\/a><\/strong><\/p><\/blockquote>\n<h3><strong>M\u00e1s Informaci\u00f3n<\/strong><\/h3>\n<p style=\"text-align: justify;\">&#8211;<strong> Las localidades<\/strong> de estas galas internacionales pueden adquirirse en venta anticipada en las oficinas de Viajes Halc\u00f3n de Castilla y Le\u00f3n o a trav\u00e9s de su central de reservas, en el tel\u00e9fono 980 514 372.<\/p>\n<p style=\"text-align: justify;\">&#8211; Todas las entradas est\u00e1n numeradas y tienen un <strong>precio \u00fanico de 15 euros.<\/strong> En taquilla, las entradas pueden adquirirse el viernes 12 y el s\u00e1bado 13 una hora antes del comienzo de las representaciones.<\/p>\n<p style=\"text-align: justify;\">&#8211; Durante la \u00faltima jornada del certamen, el domingo 14 de septiembre, <strong>una carpa instalada en la Plaza Mayor de Zamora<\/strong> ser\u00e1 testigo del incre\u00edble espect\u00e1culo de El Gran Circo de las Pulgas, en el que seis pulgas realizar\u00e1n actos prodigiosos para grupos de hasta 40 personas. <strong>Entrada 2 euros.<\/strong><\/p>\n<p style=\"text-align: justify;\">&#8211; Las Jornadas, adem\u00e1s, se desplazar\u00e1n hasta la localidad de <strong>Benavente<\/strong> y contar\u00e1n con el taller conferencia \u00abEducando con magia\u00bb, que se celebrar\u00e1<strong> el s\u00e1bado 13 en el Sal\u00f3n la Alh\u00f3ndiga<\/strong> y que est\u00e1 destinado a profesionales de la ense\u00f1anza.<\/p>\n<p>&nbsp;<\/p>\n<h4>Art\u00edculos relacionados:<\/h4>\n<p>&nbsp; &nbsp; <strong>\u2022 <\/strong><a href=\"http:\/\/destinocastillayleon.es\/index\/101-rincones-de-castilla-y-leon-para-visitar-una-vez-en-la-vida\/\">1001 rincones de Castilla y Le\u00f3n para visitar una vez en la vida<\/a>.<br \/>\n&nbsp; &nbsp; <strong>\u2022 <\/strong><a href=\"http:\/\/destinocastillayleon.es\/index\/arqueoturismo-5-puntos-arqueologicos-para-visitar-en-castilla-leon\/\">Arqueoturismo: 5 yacimientos arqueol\u00f3gicos en Castilla y Le\u00f3n que debes visitar<\/a>.<br \/>\n&nbsp; &nbsp; <strong>\u2022 <\/strong><a href=\"http:\/\/destinocastillayleon.es\/index\/mas-de-50-mercados-medievales-te-esperan-este-verano-en-castilla-y-leon\/\">M\u00e1s de 50 mercados medievales te esperan este verano en Castilla y Le\u00f3n<\/a>.<br \/>\n&nbsp; &nbsp; <strong>\u2022 <\/strong><a href=\"http:\/\/destinocastillayleon.es\/index\/visitas-teatralizadas-en-castilla-y-leon-durante-el-verano\/\">Visitas teatralizadas en Castilla y Le\u00f3n durante el verano<\/a>.<br \/>\n&nbsp; &nbsp; <strong>\u2022 <\/strong><a href=\"http:\/\/destinocastillayleon.es\/index\/rincones-mas-refrescantes-de-castilla-y-leon\/\">Los 10 rincones m\u00e1s refrescantes de Castilla y Le\u00f3n para pasar el verano<\/a>.<br \/>\n&nbsp; <\/p>\n","protected":false},"excerpt":{"rendered":"<p>Comienzan las Jornadas Internacionales de Magia en Zamora <\/p>\n","protected":false},"author":6,"featured_media":15702,"comment_status":"open","ping_status":"closed","sticky":false,"template":"","format":"standard","meta":{"rop_custom_images_group":[],"rop_custom_messages_group":[],"rop_publish_now":"initial","rop_publish_now_accounts":{"twitter_1150954226_1150954226":""},"rop_publish_now_history":[],"rop_publish_now_status":"pending","footnotes":""},"categories":[1343,68,44],"tags":[3272,3238,3235,3237,3220,3236],"class_list":["post-15700","post","type-post","status-publish","format-standard","has-post-thumbnail","hentry","category-agenda","category-post_inicial","category-zamora","tag-actividades-en-zamora","tag-agenda-de-zamora","tag-jornadas-internacionales-de-magia-zamora","tag-magia-zamora-2014","tag-ocio-en-zamora","tag-programa-jornadas-de-magia-zamora-2014"],"yoast_head":"<!-- This site is optimized with the Yoast SEO Premium plugin v20.4 (Yoast SEO v27.4) - https:\/\/yoast.com\/product\/yoast-seo-premium-wordpress\/ -->\n<title>Comienzan las Jornadas Internacionales de Magia en Zamora<\/title>\n<meta name=\"description\" content=\"Comienzan las Jornadas Internacionales de Magia en Zamora\" \/>\n<meta name=\"robots\" content=\"index, follow, max-snippet:-1, max-image-preview:large, max-video-preview:-1\" \/>\n<link rel=\"canonical\" href=\"https:\/\/destinocastillayleon.es\/index\/comienzan-las-jornadas-internacionales-de-magia-en-zamora\/\" \/>\n<meta property=\"og:locale\" content=\"es_ES\" \/>\n<meta property=\"og:type\" content=\"article\" \/>\n<meta property=\"og:title\" content=\"Comienzan las Jornadas Internacionales de Magia en Zamora\" \/>\n<meta property=\"og:description\" content=\"Comienzan las Jornadas Internacionales de Magia en Zamora\" \/>\n<meta property=\"og:url\" content=\"https:\/\/destinocastillayleon.es\/index\/comienzan-las-jornadas-internacionales-de-magia-en-zamora\/\" \/>\n<meta property=\"og:site_name\" content=\"Destino Castilla y Le\u00f3n\" \/>\n<meta property=\"article:publisher\" content=\"https:\/\/www.facebook.com\/DestinoCastillaYLeon\/\" \/>\n<meta property=\"article:published_time\" content=\"2014-09-10T07:58:48+00:00\" \/>\n<meta property=\"article:modified_time\" content=\"2014-09-16T07:36:59+00:00\" \/>\n<meta property=\"og:image\" content=\"https:\/\/destinocastillayleon.es\/index\/wp-content\/uploads\/2014\/09\/jornadas-medievales.png\" \/>\n\t<meta property=\"og:image:width\" content=\"365\" \/>\n\t<meta property=\"og:image:height\" content=\"445\" \/>\n\t<meta property=\"og:image:type\" content=\"image\/png\" \/>\n<meta name=\"author\" content=\"Lola Hernandez\" \/>\n<meta name=\"twitter:card\" content=\"summary_large_image\" \/>\n<meta name=\"twitter:creator\" content=\"@destinocyl\" \/>\n<meta name=\"twitter:site\" content=\"@destinocyl\" \/>\n<meta name=\"twitter:label1\" content=\"Escrito por\" \/>\n\t<meta name=\"twitter:data1\" content=\"Lola Hernandez\" \/>\n\t<meta name=\"twitter:label2\" content=\"Tiempo de lectura\" \/>\n\t<meta name=\"twitter:data2\" content=\"4 minutos\" \/>\n<script type=\"application\/ld+json\" class=\"yoast-schema-graph\">{\"@context\":\"https:\\\/\\\/schema.org\",\"@graph\":[{\"@type\":\"Article\",\"@id\":\"https:\\\/\\\/destinocastillayleon.es\\\/index\\\/comienzan-las-jornadas-internacionales-de-magia-en-zamora\\\/#article\",\"isPartOf\":{\"@id\":\"https:\\\/\\\/destinocastillayleon.es\\\/index\\\/comienzan-las-jornadas-internacionales-de-magia-en-zamora\\\/\"},\"author\":{\"name\":\"Lola Hernandez\",\"@id\":\"https:\\\/\\\/destinocastillayleon.es\\\/index\\\/#\\\/schema\\\/person\\\/49ffcb7eb307589ba529009335ed7767\"},\"headline\":\"Comienzan las Jornadas Internacionales de Magia en Zamora\",\"datePublished\":\"2014-09-10T07:58:48+00:00\",\"dateModified\":\"2014-09-16T07:36:59+00:00\",\"mainEntityOfPage\":{\"@id\":\"https:\\\/\\\/destinocastillayleon.es\\\/index\\\/comienzan-las-jornadas-internacionales-de-magia-en-zamora\\\/\"},\"wordCount\":853,\"commentCount\":0,\"image\":{\"@id\":\"https:\\\/\\\/destinocastillayleon.es\\\/index\\\/comienzan-las-jornadas-internacionales-de-magia-en-zamora\\\/#primaryimage\"},\"thumbnailUrl\":\"https:\\\/\\\/destinocastillayleon.es\\\/index\\\/wp-content\\\/uploads\\\/2014\\\/09\\\/Festival-internacional-de-magia-Zamora-2014.png\",\"keywords\":[\"actividades en Zamora\",\"agenda de Zamora\",\"jornadas internacionales de Magia Zamora\",\"Magia Zamora 2014\",\"ocio en Zamora\",\"Programa Jornadas de Magia Zamora 2014\"],\"articleSection\":[\"Agenda\",\"Post_inicial\",\"Zamora\"],\"inLanguage\":\"es\",\"potentialAction\":[{\"@type\":\"CommentAction\",\"name\":\"Comment\",\"target\":[\"https:\\\/\\\/destinocastillayleon.es\\\/index\\\/comienzan-las-jornadas-internacionales-de-magia-en-zamora\\\/#respond\"]}]},{\"@type\":\"WebPage\",\"@id\":\"https:\\\/\\\/destinocastillayleon.es\\\/index\\\/comienzan-las-jornadas-internacionales-de-magia-en-zamora\\\/\",\"url\":\"https:\\\/\\\/destinocastillayleon.es\\\/index\\\/comienzan-las-jornadas-internacionales-de-magia-en-zamora\\\/\",\"name\":\"Comienzan las Jornadas Internacionales de Magia en Zamora\",\"isPartOf\":{\"@id\":\"https:\\\/\\\/destinocastillayleon.es\\\/index\\\/#website\"},\"primaryImageOfPage\":{\"@id\":\"https:\\\/\\\/destinocastillayleon.es\\\/index\\\/comienzan-las-jornadas-internacionales-de-magia-en-zamora\\\/#primaryimage\"},\"image\":{\"@id\":\"https:\\\/\\\/destinocastillayleon.es\\\/index\\\/comienzan-las-jornadas-internacionales-de-magia-en-zamora\\\/#primaryimage\"},\"thumbnailUrl\":\"https:\\\/\\\/destinocastillayleon.es\\\/index\\\/wp-content\\\/uploads\\\/2014\\\/09\\\/Festival-internacional-de-magia-Zamora-2014.png\",\"datePublished\":\"2014-09-10T07:58:48+00:00\",\"dateModified\":\"2014-09-16T07:36:59+00:00\",\"author\":{\"@id\":\"https:\\\/\\\/destinocastillayleon.es\\\/index\\\/#\\\/schema\\\/person\\\/49ffcb7eb307589ba529009335ed7767\"},\"description\":\"Comienzan las Jornadas Internacionales de Magia en Zamora\",\"breadcrumb\":{\"@id\":\"https:\\\/\\\/destinocastillayleon.es\\\/index\\\/comienzan-las-jornadas-internacionales-de-magia-en-zamora\\\/#breadcrumb\"},\"inLanguage\":\"es\",\"potentialAction\":[{\"@type\":\"ReadAction\",\"target\":[\"https:\\\/\\\/destinocastillayleon.es\\\/index\\\/comienzan-las-jornadas-internacionales-de-magia-en-zamora\\\/\"]}]},{\"@type\":\"ImageObject\",\"inLanguage\":\"es\",\"@id\":\"https:\\\/\\\/destinocastillayleon.es\\\/index\\\/comienzan-las-jornadas-internacionales-de-magia-en-zamora\\\/#primaryimage\",\"url\":\"https:\\\/\\\/destinocastillayleon.es\\\/index\\\/wp-content\\\/uploads\\\/2014\\\/09\\\/Festival-internacional-de-magia-Zamora-2014.png\",\"contentUrl\":\"https:\\\/\\\/destinocastillayleon.es\\\/index\\\/wp-content\\\/uploads\\\/2014\\\/09\\\/Festival-internacional-de-magia-Zamora-2014.png\",\"width\":810,\"height\":531},{\"@type\":\"BreadcrumbList\",\"@id\":\"https:\\\/\\\/destinocastillayleon.es\\\/index\\\/comienzan-las-jornadas-internacionales-de-magia-en-zamora\\\/#breadcrumb\",\"itemListElement\":[{\"@type\":\"ListItem\",\"position\":1,\"name\":\"Portada\",\"item\":\"https:\\\/\\\/destinocastillayleon.es\\\/index\\\/\"},{\"@type\":\"ListItem\",\"position\":2,\"name\":\"Comienzan las Jornadas Internacionales de Magia en Zamora\"}]},{\"@type\":\"WebSite\",\"@id\":\"https:\\\/\\\/destinocastillayleon.es\\\/index\\\/#website\",\"url\":\"https:\\\/\\\/destinocastillayleon.es\\\/index\\\/\",\"name\":\"Destino Castilla y Le\u00f3n\",\"description\":\"Medio digital independiente y revista de Castilla y Le\u00f3n dedicado al turismo, gastronom\u00eda y vino de Castilla y Le\u00f3n\",\"potentialAction\":[{\"@type\":\"SearchAction\",\"target\":{\"@type\":\"EntryPoint\",\"urlTemplate\":\"https:\\\/\\\/destinocastillayleon.es\\\/index\\\/?s={search_term_string}\"},\"query-input\":{\"@type\":\"PropertyValueSpecification\",\"valueRequired\":true,\"valueName\":\"search_term_string\"}}],\"inLanguage\":\"es\"},{\"@type\":\"Person\",\"@id\":\"https:\\\/\\\/destinocastillayleon.es\\\/index\\\/#\\\/schema\\\/person\\\/49ffcb7eb307589ba529009335ed7767\",\"name\":\"Lola Hernandez\",\"image\":{\"@type\":\"ImageObject\",\"inLanguage\":\"es\",\"@id\":\"https:\\\/\\\/secure.gravatar.com\\\/avatar\\\/72ead65e55ad0522fba484acfe2842bf78b2f7c727df41d76fed78a85519da34?s=96&d=mm&r=g\",\"url\":\"https:\\\/\\\/secure.gravatar.com\\\/avatar\\\/72ead65e55ad0522fba484acfe2842bf78b2f7c727df41d76fed78a85519da34?s=96&d=mm&r=g\",\"contentUrl\":\"https:\\\/\\\/secure.gravatar.com\\\/avatar\\\/72ead65e55ad0522fba484acfe2842bf78b2f7c727df41d76fed78a85519da34?s=96&d=mm&r=g\",\"caption\":\"Lola Hernandez\"},\"description\":\"Lola Hern\u00e1ndez fue fundadora y directora de www.destinocastillayleon.es Escribiendo sobre turismo, gastronom\u00eda y vino de su tierra de origen, Castilla y Le\u00f3n.\",\"sameAs\":[\"http:\\\/\\\/www.destinoysabor.com\\\/blog\"],\"url\":\"https:\\\/\\\/destinocastillayleon.es\\\/index\\\/author\\\/lola-hernandez\\\/\"}]}<\/script>\n<!-- \/ Yoast SEO Premium plugin. -->","yoast_head_json":{"title":"Comienzan las Jornadas Internacionales de Magia en Zamora","description":"Comienzan las Jornadas Internacionales de Magia en Zamora","robots":{"index":"index","follow":"follow","max-snippet":"max-snippet:-1","max-image-preview":"max-image-preview:large","max-video-preview":"max-video-preview:-1"},"canonical":"https:\/\/destinocastillayleon.es\/index\/comienzan-las-jornadas-internacionales-de-magia-en-zamora\/","og_locale":"es_ES","og_type":"article","og_title":"Comienzan las Jornadas Internacionales de Magia en Zamora","og_description":"Comienzan las Jornadas Internacionales de Magia en Zamora","og_url":"https:\/\/destinocastillayleon.es\/index\/comienzan-las-jornadas-internacionales-de-magia-en-zamora\/","og_site_name":"Destino Castilla y Le\u00f3n","article_publisher":"https:\/\/www.facebook.com\/DestinoCastillaYLeon\/","article_published_time":"2014-09-10T07:58:48+00:00","article_modified_time":"2014-09-16T07:36:59+00:00","og_image":[{"width":365,"height":445,"url":"https:\/\/destinocastillayleon.es\/index\/wp-content\/uploads\/2014\/09\/jornadas-medievales.png","type":"image\/png"}],"author":"Lola Hernandez","twitter_card":"summary_large_image","twitter_creator":"@destinocyl","twitter_site":"@destinocyl","twitter_misc":{"Escrito por":"Lola Hernandez","Tiempo de lectura":"4 minutos"},"schema":{"@context":"https:\/\/schema.org","@graph":[{"@type":"Article","@id":"https:\/\/destinocastillayleon.es\/index\/comienzan-las-jornadas-internacionales-de-magia-en-zamora\/#article","isPartOf":{"@id":"https:\/\/destinocastillayleon.es\/index\/comienzan-las-jornadas-internacionales-de-magia-en-zamora\/"},"author":{"name":"Lola Hernandez","@id":"https:\/\/destinocastillayleon.es\/index\/#\/schema\/person\/49ffcb7eb307589ba529009335ed7767"},"headline":"Comienzan las Jornadas Internacionales de Magia en Zamora","datePublished":"2014-09-10T07:58:48+00:00","dateModified":"2014-09-16T07:36:59+00:00","mainEntityOfPage":{"@id":"https:\/\/destinocastillayleon.es\/index\/comienzan-las-jornadas-internacionales-de-magia-en-zamora\/"},"wordCount":853,"commentCount":0,"image":{"@id":"https:\/\/destinocastillayleon.es\/index\/comienzan-las-jornadas-internacionales-de-magia-en-zamora\/#primaryimage"},"thumbnailUrl":"https:\/\/destinocastillayleon.es\/index\/wp-content\/uploads\/2014\/09\/Festival-internacional-de-magia-Zamora-2014.png","keywords":["actividades en Zamora","agenda de Zamora","jornadas internacionales de Magia Zamora","Magia Zamora 2014","ocio en Zamora","Programa Jornadas de Magia Zamora 2014"],"articleSection":["Agenda","Post_inicial","Zamora"],"inLanguage":"es","potentialAction":[{"@type":"CommentAction","name":"Comment","target":["https:\/\/destinocastillayleon.es\/index\/comienzan-las-jornadas-internacionales-de-magia-en-zamora\/#respond"]}]},{"@type":"WebPage","@id":"https:\/\/destinocastillayleon.es\/index\/comienzan-las-jornadas-internacionales-de-magia-en-zamora\/","url":"https:\/\/destinocastillayleon.es\/index\/comienzan-las-jornadas-internacionales-de-magia-en-zamora\/","name":"Comienzan las Jornadas Internacionales de Magia en Zamora","isPartOf":{"@id":"https:\/\/destinocastillayleon.es\/index\/#website"},"primaryImageOfPage":{"@id":"https:\/\/destinocastillayleon.es\/index\/comienzan-las-jornadas-internacionales-de-magia-en-zamora\/#primaryimage"},"image":{"@id":"https:\/\/destinocastillayleon.es\/index\/comienzan-las-jornadas-internacionales-de-magia-en-zamora\/#primaryimage"},"thumbnailUrl":"https:\/\/destinocastillayleon.es\/index\/wp-content\/uploads\/2014\/09\/Festival-internacional-de-magia-Zamora-2014.png","datePublished":"2014-09-10T07:58:48+00:00","dateModified":"2014-09-16T07:36:59+00:00","author":{"@id":"https:\/\/destinocastillayleon.es\/index\/#\/schema\/person\/49ffcb7eb307589ba529009335ed7767"},"description":"Comienzan las Jornadas Internacionales de Magia en Zamora","breadcrumb":{"@id":"https:\/\/destinocastillayleon.es\/index\/comienzan-las-jornadas-internacionales-de-magia-en-zamora\/#breadcrumb"},"inLanguage":"es","potentialAction":[{"@type":"ReadAction","target":["https:\/\/destinocastillayleon.es\/index\/comienzan-las-jornadas-internacionales-de-magia-en-zamora\/"]}]},{"@type":"ImageObject","inLanguage":"es","@id":"https:\/\/destinocastillayleon.es\/index\/comienzan-las-jornadas-internacionales-de-magia-en-zamora\/#primaryimage","url":"https:\/\/destinocastillayleon.es\/index\/wp-content\/uploads\/2014\/09\/Festival-internacional-de-magia-Zamora-2014.png","contentUrl":"https:\/\/destinocastillayleon.es\/index\/wp-content\/uploads\/2014\/09\/Festival-internacional-de-magia-Zamora-2014.png","width":810,"height":531},{"@type":"BreadcrumbList","@id":"https:\/\/destinocastillayleon.es\/index\/comienzan-las-jornadas-internacionales-de-magia-en-zamora\/#breadcrumb","itemListElement":[{"@type":"ListItem","position":1,"name":"Portada","item":"https:\/\/destinocastillayleon.es\/index\/"},{"@type":"ListItem","position":2,"name":"Comienzan las Jornadas Internacionales de Magia en Zamora"}]},{"@type":"WebSite","@id":"https:\/\/destinocastillayleon.es\/index\/#website","url":"https:\/\/destinocastillayleon.es\/index\/","name":"Destino Castilla y Le\u00f3n","description":"Medio digital independiente y revista de Castilla y Le\u00f3n dedicado al turismo, gastronom\u00eda y vino de Castilla y Le\u00f3n","potentialAction":[{"@type":"SearchAction","target":{"@type":"EntryPoint","urlTemplate":"https:\/\/destinocastillayleon.es\/index\/?s={search_term_string}"},"query-input":{"@type":"PropertyValueSpecification","valueRequired":true,"valueName":"search_term_string"}}],"inLanguage":"es"},{"@type":"Person","@id":"https:\/\/destinocastillayleon.es\/index\/#\/schema\/person\/49ffcb7eb307589ba529009335ed7767","name":"Lola Hernandez","image":{"@type":"ImageObject","inLanguage":"es","@id":"https:\/\/secure.gravatar.com\/avatar\/72ead65e55ad0522fba484acfe2842bf78b2f7c727df41d76fed78a85519da34?s=96&d=mm&r=g","url":"https:\/\/secure.gravatar.com\/avatar\/72ead65e55ad0522fba484acfe2842bf78b2f7c727df41d76fed78a85519da34?s=96&d=mm&r=g","contentUrl":"https:\/\/secure.gravatar.com\/avatar\/72ead65e55ad0522fba484acfe2842bf78b2f7c727df41d76fed78a85519da34?s=96&d=mm&r=g","caption":"Lola Hernandez"},"description":"Lola Hern\u00e1ndez fue fundadora y directora de www.destinocastillayleon.es Escribiendo sobre turismo, gastronom\u00eda y vino de su tierra de origen, Castilla y Le\u00f3n.","sameAs":["http:\/\/www.destinoysabor.com\/blog"],"url":"https:\/\/destinocastillayleon.es\/index\/author\/lola-hernandez\/"}]}},"_links":{"self":[{"href":"https:\/\/destinocastillayleon.es\/index\/wp-json\/wp\/v2\/posts\/15700","targetHints":{"allow":["GET"]}}],"collection":[{"href":"https:\/\/destinocastillayleon.es\/index\/wp-json\/wp\/v2\/posts"}],"about":[{"href":"https:\/\/destinocastillayleon.es\/index\/wp-json\/wp\/v2\/types\/post"}],"author":[{"embeddable":true,"href":"https:\/\/destinocastillayleon.es\/index\/wp-json\/wp\/v2\/users\/6"}],"replies":[{"embeddable":true,"href":"https:\/\/destinocastillayleon.es\/index\/wp-json\/wp\/v2\/comments?post=15700"}],"version-history":[{"count":9,"href":"https:\/\/destinocastillayleon.es\/index\/wp-json\/wp\/v2\/posts\/15700\/revisions"}],"predecessor-version":[{"id":15854,"href":"https:\/\/destinocastillayleon.es\/index\/wp-json\/wp\/v2\/posts\/15700\/revisions\/15854"}],"wp:featuredmedia":[{"embeddable":true,"href":"https:\/\/destinocastillayleon.es\/index\/wp-json\/wp\/v2\/media\/15702"}],"wp:attachment":[{"href":"https:\/\/destinocastillayleon.es\/index\/wp-json\/wp\/v2\/media?parent=15700"}],"wp:term":[{"taxonomy":"category","embeddable":true,"href":"https:\/\/destinocastillayleon.es\/index\/wp-json\/wp\/v2\/categories?post=15700"},{"taxonomy":"post_tag","embeddable":true,"href":"https:\/\/destinocastillayleon.es\/index\/wp-json\/wp\/v2\/tags?post=15700"}],"curies":[{"name":"wp","href":"https:\/\/api.w.org\/{rel}","templated":true}]}}