{"id":15646,"date":"2014-09-05T13:37:51","date_gmt":"2014-09-05T13:37:51","guid":{"rendered":"http:\/\/destinocastillayleon.es\/index\/?p=15646"},"modified":"2014-12-30T14:30:46","modified_gmt":"2014-12-30T13:30:46","slug":"programa-de-las-ferias-y-fiestas-de-valladolid-2014","status":"publish","type":"post","link":"https:\/\/destinocastillayleon.es\/index\/programa-de-las-ferias-y-fiestas-de-valladolid-2014\/","title":{"rendered":"Programa de las Ferias y Fiestas de Valladolid 2014"},"content":{"rendered":"<p>Valladolid se llena de color, alegr\u00eda, m\u00fasica, bailes y la mejor gastronom\u00eda durante sus Ferias y Fiestas de la Virgen de San Lorenzo. Ya os hemos contado <strong><a href=\"http:\/\/destinocastillayleon.es\/index\/como-son-las-fiestas-y-ferias-de-valladolid-para-el-que-no-es-pucelano\/\">Fc\u00f3mo son las ferias de Valladolid para los que no son pucelanos<\/a><\/strong>\u00a0con las 10 actividades que uno no deber\u00eda perderse, pero vamos un poco m\u00e1s all\u00e1 y como nos gusta teneros informados, aqu\u00ed ten\u00e9is el <strong>Programa de Fiestas de Valladolid 2014<\/strong>\u00a0 que este a\u00f1o\u00a0se celebran del viernes 5 al domingo d\u00eda 14 de septiembre.<br \/>\n&nbsp;<\/p>\n<h3><strong>Programa de las Ferias y Fiestas de Valladolid 2014<\/strong><\/h3>\n<h3>Conciertos Fiestas Valladolid 2014<\/h3>\n<p><strong>HOMBRES G <\/strong>Viernes 5 de septiembre.<br \/>\n<strong>FIESTA EUROPA BAILA<\/strong> S\u00e1bado 6 de septiembre.<br \/>\n<strong>ARREBATO<\/strong> Domingo 7 de septiembre.<br \/>\n<strong>F\u00d3RMULA V <\/strong>Lunes 8 de septiembre.<br \/>\n<strong>CHENOA<\/strong> Martes 9 de septiembre.<br \/>\n<strong>THE WAILERS<\/strong> (GRUPO BOB MARLEY) Mi\u00e9rcoles 10 de septiembre.<\/p>\n<p><a href=\"http:\/\/destinocastillayleon.es\/index\/wp-content\/uploads\/2014\/09\/bisbal.jpg\"><img decoding=\"async\" class=\"aligncenter wp-image-15633\" src=\"http:\/\/destinocastillayleon.es\/index\/wp-content\/uploads\/2014\/09\/bisbal.jpg\" alt=\"bisbal\" width=\"640\" height=\"415\" srcset=\"https:\/\/destinocastillayleon.es\/index\/wp-content\/uploads\/2014\/09\/bisbal.jpg 780w, https:\/\/destinocastillayleon.es\/index\/wp-content\/uploads\/2014\/09\/bisbal-300x194.jpg 300w\" sizes=\"(max-width: 640px) 100vw, 640px\" \/><\/a><br \/>\n<strong>DAVID BISBAL<\/strong> Jueves 11 de septiembre.<br \/>\n<strong>HOMENAJE A LOS A\u00d1OS 80<\/strong> (JAIME TERR\u00d3N, UN PING\u00dcINO EN MI ASCENSOR Y GRUPOS INVITADOS) &#8211; Viernes 12 de septiembre.<br \/>\n<strong>FIESTA M\u00c1XIMA PUCELADANCE<\/strong> S\u00e1bado 13 de septiembre.<\/p>\n<h3><strong>Programa Completo Fiestas Valladolid 2014:<\/strong><\/h3>\n<p><strong><span style=\"color: #800080;\">VIERNES, D\u00cdA 5<\/span><\/strong><\/p>\n<p><strong>&#8211; 17.00 h. <\/strong>Acera de Recoletos. <strong>Concentraci\u00f3n de las Pe\u00f1as<\/strong>.<\/p>\n<p><strong>&#8211; 19.00 h. Desfile de Pe\u00f1as<\/strong>. Acera de Recoletos, plaza Zorrilla, c\/ Miguel \u00cdscar, c\/ Duque de la Victoria, c\/ Ferrari, plaza Mayor. Coordinadora de Pe\u00f1as<\/p>\n<p>&#8211; 19.30 h. Plaza Mayor.<strong> Gigantes y Cabezudos<\/strong> de Valladolid. Acompa\u00f1an dulzaineros Los Fogatos<\/p>\n<p>&#8211; 20.30 h. Plaza Mayor. <strong>Preg\u00f3n de la Feria<\/strong> y Fiestas de la Virgen de San Lorenzo a cargo del grupo La Carraca.Acompa\u00f1an dulzaineros Folkolid del Valle<\/p>\n<p><strong>Chupinazo.<\/strong><\/p>\n<p>&#8211; 20.30 a 23.30 h. Plaza Universidad. Animaci\u00f3n, <strong>actuaci\u00f3n de magia y discomovida<\/strong>. Establecimientos Zona Universidad.<\/p>\n<p>&#8211; 20.45 h. Plaza Mayor.<strong>Reanudaci\u00f3n del Desfile de Pe\u00f1as<\/strong> hasta la Playa de las Moreras. Coordinadora de Pe\u00f1as.<\/p>\n<p>&#8211; 21.15 a 03.00 h. Playa de las Moreras<strong>. Fiesta de DJ\u00b4s<\/strong>. Coordinadora de Pe\u00f1as.<\/p>\n<p>&#8211; 21.30 h. Plaza Mayor. <strong>Mojados<\/strong><\/p>\n<p>&#8211; 23.00 h. Plaza Mayor. <strong>Hombres G.<\/strong> En colaboraci\u00f3n con Melod\u00eda FM<\/p>\n<p>&#8211; 23.00 h. Acera de Recoletos. <strong>Animaci\u00f3n Feria de D\u00eda.<\/strong> La Campanada de Recoletos.<\/p>\n<p><span style=\"color: #800080;\"><strong>S\u00c1BADO, D\u00cdA 6<\/strong><\/span><\/p>\n<p>&#8211; 11.30 a 21.00 h. <strong>80 Feria de Muestras<\/strong> de Valladolid. Hasta el d\u00eda 14.<\/p>\n<p>&#8211; 12.00 h. Zona Infantil Paseo de Las Moreras. <strong>T\u00eda Melitona<\/strong>.<\/p>\n<p>&#8211; 12.00 a 14.00 y 17.30 a 21.00 h. Zona Infantil Plaza del Milenio<strong>. Atracciones hinchables<\/strong>.<\/p>\n<p>&#8211; 13.30 a 15.30 h.<strong> Feria de D\u00eda<\/strong>. Animaci\u00f3n musical. <strong>Charangas<\/strong> El Vurladero, Los Tocaos, El Pend\u00f3n y Lokomotores Electrocharanga.<\/p>\n<p>&#8211; 14.00 a 16.00 h. Plaza Universidad. <strong>Electrocharanga<\/strong> \u201cLos Bucaneros\u201d. Establecimientos Zona Universidad.<\/p>\n<p>&#8211; 17.00 a 20.30 h. Zona Infantil Paseo de Las Moreras.<strong> Atracciones hinchables<\/strong>. Alejop<\/p>\n<p>&#8211; 17.30 a 21.00 h. Zona Infantil Plaza de Portugalete.<strong> Juegos y atracciones hinchables<\/strong>. Alba &amp; Zeus<\/p>\n<p>&#8211; 18.30 h. Plaza de Portugalete <strong>Gigantes y Cabezudos<\/strong> de Valladolid. Acompa\u00f1an dulzaineros Campo de Mielgas<\/p>\n<figure id=\"attachment_15637\" aria-describedby=\"caption-attachment-15637\" style=\"width: 640px\" class=\"wp-caption aligncenter\"><a href=\"http:\/\/destinocastillayleon.es\/index\/wp-content\/uploads\/2014\/09\/gigantes-y-cabezudos.jpg\"><img decoding=\"async\" class=\"wp-image-15637\" src=\"http:\/\/destinocastillayleon.es\/index\/wp-content\/uploads\/2014\/09\/gigantes-y-cabezudos.jpg\" alt=\"gigantes y cabezudos\" width=\"640\" height=\"426\" srcset=\"https:\/\/destinocastillayleon.es\/index\/wp-content\/uploads\/2014\/09\/gigantes-y-cabezudos.jpg 500w, https:\/\/destinocastillayleon.es\/index\/wp-content\/uploads\/2014\/09\/gigantes-y-cabezudos-300x199.jpg 300w\" sizes=\"(max-width: 640px) 100vw, 640px\" \/><\/a><figcaption id=\"caption-attachment-15637\" class=\"wp-caption-text\">gigantes y cabezudos Fuente: www.absolutciudadreal.com<\/figcaption><\/figure>\n<p>&#8211; 20.15 h. Aparcamiento del Estadio Jos\u00e9 Zorrilla. <strong>XXXII Feria de de Folklore y Gastronom\u00eda.<\/strong><\/p>\n<p>&#8211; 21.00 h. Plaza Mayor. A las 9 en la Plaza: C\u00edrculo de Ilusionismo de Valladolid. <strong>\u201cValladolid, Abra Cadabra\u201d<\/strong>.<\/p>\n<p>&#8211; 22.30 h. Plaza Mayor. <strong>Fiesta \u201cEuropa Baila\u201d<\/strong>. Actuaci\u00f3n de los DJ\u00b4s: Quique Tejada, Wally L\u00f3pez y Marien Baker<\/p>\n<p>&#8211; 23.30 h. Acera de Recoletos. <strong>Animaci\u00f3n Feria de D\u00eda.<\/strong> La Campanada de Recoletos.<\/p>\n<p><span style=\"color: #800080;\"><strong>DOMINGO, D\u00cdA 7<\/strong><\/span><\/p>\n<p>&#8211; 10.30 h. Plaza de Col\u00f3n.<strong> II Patinada Popular<\/strong>. Coordinadora de Pe\u00f1as.<\/p>\n<p>&#8211; 11.30 a 21.00 h.<strong> 80 Feria de Muestras<\/strong> de Valladolid. Hasta el d\u00eda 14.<\/p>\n<p>&#8211; 12.00 h. Plaza Mayor. <strong>Espect\u00e1culo de humor<\/strong> con \u00c1ngel Rielo<\/p>\n<p>&#8211; 12.00 a 14.00 y 17.00 a 20.30 h. Zona Infantil Paseo de Las Moreras. <strong>Atracciones hinchables<\/strong>. Alejop<\/p>\n<p>&#8211; 12.00 a 14.00 y 17.30 a 21.00 h. Zona Infantil Plaza de Portugalete. <strong>Juegos y atracciones hinchables<\/strong>. Alba &amp; Zeus<\/p>\n<p>&#8211; 12.00 a 14.00 y 17.30 a 21.00 h. Zona Infantil Plaza del Milenio <strong>Atracciones hinchables.<\/strong> Bau<\/p>\n<p>&#8211; 13.30 h. Aparcamiento Estadio Jos\u00e9 Zorrilla. <strong>XXXII Feria de Folklore y Gastronom\u00eda<\/strong>. Desfile de todas las Casas y Centros participantes en la Feria. Asociaciones de Inmigrantes. Inauguraci\u00f3n Oficial. Actuaci\u00f3n de la Agrupaci\u00f3n Musical Iscariense.<\/p>\n<p>&nbsp;<\/p>\n<figure id=\"attachment_15634\" aria-describedby=\"caption-attachment-15634\" style=\"width: 640px\" class=\"wp-caption aligncenter\"><a href=\"http:\/\/destinocastillayleon.es\/index\/wp-content\/uploads\/2014\/09\/Casetas-Regionales.jpg\"><img decoding=\"async\" class=\"wp-image-15634\" src=\"http:\/\/destinocastillayleon.es\/index\/wp-content\/uploads\/2014\/09\/Casetas-Regionales.jpg\" alt=\"Casetas Regionales\" width=\"640\" height=\"440\" srcset=\"https:\/\/destinocastillayleon.es\/index\/wp-content\/uploads\/2014\/09\/Casetas-Regionales.jpg 773w, https:\/\/destinocastillayleon.es\/index\/wp-content\/uploads\/2014\/09\/Casetas-Regionales-300x206.jpg 300w\" sizes=\"(max-width: 640px) 100vw, 640px\" \/><\/a><figcaption id=\"caption-attachment-15634\" class=\"wp-caption-text\">Inauguraci\u00f3n de las casetas regionales Fuente: www.elnortedecastilla.es<\/figcaption><\/figure>\n<p>&#8211; 14.00 a 16.00 h. Plaza Universidad. <strong>Macrodiscoteca con coreograf\u00edas y animaci\u00f3n.<\/strong> Establecimientos Zona Universidad.<\/p>\n<p>&#8211; 18.00 h. Plaza de Toros.<strong> Concurso de Cortes de Novillos.<\/strong> Gran Final de la Liga del Corte Puro. Con la colaboraci\u00f3n de Toro Pasi\u00f3n.<\/p>\n<p>&#8211; 18.30 h. Plaza del Milenio. <strong>Gigantes y Cabezudos<\/strong> de Valladolid. Acompa\u00f1an dulzaineros Zanfo\u00f1a.<\/p>\n<p>&#8211; 20.30 h. Aparcamiento del Estadio Jos\u00e9 Zorrilla.<strong> XXXII Feria de de Folklore y Gastronom\u00eda<\/strong>. Actuaciones de Tierra Cast\u00faa (Casa de Extremadura), Grupo Baile Azabache y Coro Rociero Romero y Jara (Casa de Andaluc\u00eda).<\/p>\n<p>&#8211; 23.00 h. Plaza Mayor. <strong>El Arrebato.<\/strong><\/p>\n<p>&#8211; 23.30 h. Acera de Recoletos.Animaci\u00f3n Feria de D\u00eda. <strong>La Campanada de Recoletos.<\/strong><\/p>\n<p><strong><span style=\"color: #800080;\">LUNES, D\u00cdA 8<\/span><\/strong><\/p>\n<p>&#8211; 11.00 h <strong>Procesi\u00f3n de Nuestra Se\u00f1ora de San Lorenzo<\/strong>. Salida: Iglesia de San Lorenzo. Recorrido: C\/ Pedro Ni\u00f1o, C\/ San Lorenzo, Plaza Santa Ana, C\/ Pasi\u00f3n, Plaza Mayor, C\/ Ferrari, Plaza Fuente Dorada, C\/ C\u00e1novas del Castillo, C\/ Catedral, C\/ Arribas. Llegada: S. I. Catedral de Valladolid. Acompa\u00f1a la Banda Sinf\u00f3nica de Arroyo.<\/p>\n<p>&#8211; 11.30 a 21.00 h<strong> 80 Feria de Muestras de Valladolid.<\/strong> Hasta el d\u00eda 14.<\/p>\n<figure id=\"attachment_15641\" aria-describedby=\"caption-attachment-15641\" style=\"width: 640px\" class=\"wp-caption aligncenter\"><a href=\"http:\/\/destinocastillayleon.es\/index\/wp-content\/uploads\/2014\/09\/LA-feria-de-muestras.jpg\"><img decoding=\"async\" class=\"wp-image-15641 size-full\" src=\"http:\/\/destinocastillayleon.es\/index\/wp-content\/uploads\/2014\/09\/LA-feria-de-muestras.jpg\" alt=\"La feria de muestras\" width=\"640\" height=\"480\" srcset=\"https:\/\/destinocastillayleon.es\/index\/wp-content\/uploads\/2014\/09\/LA-feria-de-muestras.jpg 640w, https:\/\/destinocastillayleon.es\/index\/wp-content\/uploads\/2014\/09\/LA-feria-de-muestras-300x225.jpg 300w\" sizes=\"(max-width: 640px) 100vw, 640px\" \/><\/a><figcaption id=\"caption-attachment-15641\" class=\"wp-caption-text\">La Feria de Muestras recoge numerosos expositores de venta al p\u00fablico Fuente: patchworkatodamaquina.blogspot.com<\/figcaption><\/figure>\n<p>&#8211; 12.00 h S. I. Catedral de Valladolid. <strong>Misa Solemne en honor a Nuestra Se\u00f1ora de San Lorenzo<\/strong>. Intervenci\u00f3n del Coro Virgen de San Lorenzo.<\/p>\n<p>&#8211; 12.00 a 14.00 y 17.00 a 20.30 h Zona Infantil Paseo de Las Moreras. <strong>Atracciones hinchables<\/strong>. Alejop<\/p>\n<p>&#8211; 12.00 a 14.00 y 17.30 a 21.00 h Zona Infantil Plaza de Portugalete. <strong>Juegos y atracciones hinchable<\/strong>s. Alba &amp; Zeus<\/p>\n<p>&#8211; 12.00 a 14.00 y 17.30 a 21.00 h Zona Infantil Plaza del Milenio. <strong>Atracciones hinchables<\/strong>. Bau<\/p>\n<p>&#8211; 13.30 a 15.30 y 21.00 a 23.00 h Feria de D\u00eda. Animaci\u00f3n musical.<strong> Charangas El Vurladero, Los Tocaos, El Pend\u00f3n y Lokomotores Electrocharanga.<\/strong><\/p>\n<p>&#8211; 14.00 a 16.00 h Plaza Universidad. <strong>Discomovida.<\/strong> Establecimientos Zona Universidad.<\/p>\n<p>&#8211; 17.00 a 20.00 h Acera de Recoletos. <strong>Caricaturistas<\/strong>. Un dibujo por una sonrisa.<\/p>\n<p>&#8211; 18.00 h C\u00fapula del Milenio. <strong>Magia Infantil con Cal\u00e9ndula<\/strong>.<\/p>\n<p><a href=\"http:\/\/destinocastillayleon.es\/index\/wp-content\/uploads\/2014\/09\/la-magia-de-calendula.jpg\"><img decoding=\"async\" class=\"aligncenter wp-image-15639\" src=\"http:\/\/destinocastillayleon.es\/index\/wp-content\/uploads\/2014\/09\/la-magia-de-calendula.jpg\" alt=\"la magia de calendula\" width=\"640\" height=\"302\" srcset=\"https:\/\/destinocastillayleon.es\/index\/wp-content\/uploads\/2014\/09\/la-magia-de-calendula.jpg 850w, https:\/\/destinocastillayleon.es\/index\/wp-content\/uploads\/2014\/09\/la-magia-de-calendula-300x141.jpg 300w, https:\/\/destinocastillayleon.es\/index\/wp-content\/uploads\/2014\/09\/la-magia-de-calendula-1024x483.jpg 1024w\" sizes=\"(max-width: 640px) 100vw, 640px\" \/><\/a><\/p>\n<p>&#8211; 18.00 h Plaza de Toros.<strong> Corrida de toros.<\/strong> 6 toros de Fco. Javier Arauz de Robles para David Luguillano, Joselillo y Pablo Santana.<\/p>\n<p>&#8211; 18.30 h C\/ Teresa Gil-Pza. Salvador. <strong>Gigantes y Cabezudos<\/strong> de Valladolid. Acompa\u00f1an dulzaineros La Atalaya<\/p>\n<p>&#8211; 20.30 h Aparcamiento Estadio Jos\u00e9 Zorrilla.<strong> XXXII Feria de Folklore y Gastronom\u00eda.<\/strong> Actuaciones de los Grupos Destrangis (Navarra) y La Muralla (\u00c1vila).<\/p>\n<p>&#8211; 21.00 h Plaza Mayor. A las 9 en la Plaza: <strong>\u201cCabaret Circo La Luz de las Delicias\u201d.<\/strong><\/p>\n<p>&#8211; 21.00 h Acera de Recoletos. Animaci\u00f3n Feria de D\u00eda.<strong> Actuaciones y espect\u00e1culos de calle.<\/strong><\/p>\n<p>&#8211; 21.30 h Plaza Mayor. <strong>Lector Acr\u00f3bata<\/strong><\/p>\n<p>&#8211; 22.00 a 01.30 h Plaza del Ca\u00f1o Argales. <strong>Sesi\u00f3n Dj Manay\u00e1<\/strong>. Pe\u00f1a Espectaculart<\/p>\n<p>&#8211; 22.15 h Paraje del Ca\u00f1o Hondo.<strong> XVIII Festival Pirot\u00e9cnico \u201cCiudad de Valladolid\u201d<\/strong>. Sesi\u00f3n 1\u00aa. Pirotecnia Turis (Valencia).<\/p>\n<figure id=\"attachment_15636\" aria-describedby=\"caption-attachment-15636\" style=\"width: 640px\" class=\"wp-caption aligncenter\"><a href=\"http:\/\/destinocastillayleon.es\/index\/wp-content\/uploads\/2014\/09\/pirotecnia.jpg\"><img decoding=\"async\" class=\"wp-image-15636 size-full\" src=\"http:\/\/destinocastillayleon.es\/index\/wp-content\/uploads\/2014\/09\/pirotecnia.jpg\" alt=\"pirotecnia\" width=\"640\" height=\"424\" srcset=\"https:\/\/destinocastillayleon.es\/index\/wp-content\/uploads\/2014\/09\/pirotecnia.jpg 640w, https:\/\/destinocastillayleon.es\/index\/wp-content\/uploads\/2014\/09\/pirotecnia-300x198.jpg 300w\" sizes=\"(max-width: 640px) 100vw, 640px\" \/><\/a><figcaption id=\"caption-attachment-15636\" class=\"wp-caption-text\">Fuegos artificiales en Valladolid Fuente: http:\/\/www.tribunavalladolid.com\/<\/figcaption><\/figure>\n<p>&#8211; 23.00 h Plaza Mayor.<strong>F\u00f3rmula V<\/strong>. En colaboraci\u00f3n con Cadena Cope.<\/p>\n<p>&#8211; 23.00 h Acera de Recoletos. <strong>Animaci\u00f3n Feria de D\u00eda<\/strong>. La Campanada de Recoletos.<\/p>\n<p><strong><span style=\"color: #800080;\">MARTES, D\u00cdA 9<\/span><\/strong><\/p>\n<p>&#8211; 11.30 a 21.00 h. <strong>80 Feria de Muestras de Valladolid.<\/strong>Hasta el d\u00eda 14.<\/p>\n<p>&#8211; 12.00 a 14.00 y 17.00 a 20.30 h. Zona Infantil Paseo de Las Moreras. <strong>Atracciones hinchables<\/strong>. Alejop<\/p>\n<p>&#8211; 12.00 a 14.00 y 17.30 a 21.00 h. Zona Infantil Plaza de Portugalete. <strong>Juegos y atracciones hinchables<\/strong>. Alba &amp; Zeus.<\/p>\n<p>&#8211; 12.00 a 14.00 y 17.30 a 21.00 h. Zona Infantil Plaza del Milenio. <strong>Atracciones hinchables<\/strong>. Bau<\/p>\n<p>&#8211; 13.30 a 15.30 y 21.00 a 23.00 h. Feria de D\u00eda<strong>. Animaci\u00f3n musical.<\/strong> Charangas El Vurladero, Los Tocaos, El Pend\u00f3n y Locomotores Electrocharanga.<\/p>\n<p>&#8211; 14.00 a 16.00 h. Plaza Universidad.<strong> Discomovida.<\/strong> Establecimientos Zona Universidad.<\/p>\n<p>&#8211; 17.00 h. Feria de Folklore y Gastronom\u00eda<strong>.Concentraci\u00f3n de Pe\u00f1as en la Casa de Arag\u00f3n<\/strong>. Coordinadora de Pe\u00f1as.<\/p>\n<p>&#8211; 17.00 a 20.00 h. Acera de Recoletos. <strong>Caricaturistas.<\/strong> Un dibujo por una sonrisa.<\/p>\n<p>&#8211; 18.00 h. Plaza de Toros. <strong>Novillada sin picar<\/strong>. 6 novillos de Hnos. Garc\u00eda Jim\u00e9nez \u2013 Olga Jim\u00e9nez para Pablo Atienza, Cedrid Fructueux \u201cKike\u201d, Alejandro Gonz\u00e1lez, Juan de Dios, Alfonso Cadaval, Antonio Catal\u00e1n \u201cTonete\u201d. Colabora Ayuntamiento de Valladolid.<\/p>\n<p>&#8211; 18.00 y 19.15 h. Parque de las Norias de Santa Victoria. Pequeferias:<strong> \u201cChispas\u201d en acci\u00f3n<\/strong>.<\/p>\n<p>&#8211; 18.30 h. Plaza Zorrilla \u2013 Recoletos. <strong>Gigantes y Cabezudos<\/strong> de Valladolid. Acompa\u00f1an dulzaineros Los del Pisuerga.<\/p>\n<p>&#8211; 19.00 h. Paseo Central Campo Grande<strong>. Degustaci\u00f3n del Postre Nuestra Se\u00f1ora de San Lorenzo.<\/strong> Organizado por la Asociaci\u00f3n Provincial de Empresarios de Confiter\u00eda de Valladolid y FECOSVA.<\/p>\n<figure id=\"attachment_15651\" aria-describedby=\"caption-attachment-15651\" style=\"width: 640px\" class=\"wp-caption aligncenter\"><a href=\"http:\/\/destinocastillayleon.es\/index\/wp-content\/uploads\/2014\/09\/tarta-virgendesanlorenzo261.jpg\"><img decoding=\"async\" class=\"wp-image-15651\" src=\"http:\/\/destinocastillayleon.es\/index\/wp-content\/uploads\/2014\/09\/tarta-virgendesanlorenzo261.jpg\" alt=\"reparto de la tarta de san lorenzo . gvillami\" width=\"640\" height=\"399\" srcset=\"https:\/\/destinocastillayleon.es\/index\/wp-content\/uploads\/2014\/09\/tarta-virgendesanlorenzo261.jpg 496w, https:\/\/destinocastillayleon.es\/index\/wp-content\/uploads\/2014\/09\/tarta-virgendesanlorenzo261-300x186.jpg 300w\" sizes=\"(max-width: 640px) 100vw, 640px\" \/><\/a><figcaption id=\"caption-attachment-15651\" class=\"wp-caption-text\">Degustaci\u00f3n del Postre Virgen de San Lorenzo fuente: blog.delascosasdelcomer.com<\/figcaption><\/figure>\n<p>&nbsp;<\/p>\n<p>&#8211; 20.30 h. Aparcamiento Estadio Jos\u00e9 Zorrilla. <strong>XXXII Feria de Folklore y Gastronom\u00eda<\/strong>. Actuaciones de los Grupos Aires de La Rioja (Logro\u00f1o) y Las Espigas (Villaturiel, Le\u00f3n).<\/p>\n<p>&#8211; 21.00 h. Plaza Mayor. A las 9 en la Plaza: <strong>\u201cMonologueando\u201d.<\/strong><\/p>\n<p>&#8211; 21.00 h. Acera de Recoletos. <strong>Animaci\u00f3n Feria de D\u00eda<\/strong>. Actuaciones y espect\u00e1culos de calle<\/p>\n<p>&#8211; 21.30 h. Plaza Mayor. <strong>Culto Stereo<\/strong><\/p>\n<p>&#8211; 21.30 h. Plaza de Col\u00f3n. <strong>Noche de Danza Oriental<\/strong>. Con las Escuelas de danza Ajna, Anisa Saghira, Farah Diva, Isabel Vasco, Myriam Sezen, Zulima. Organiza BailaSalsa<\/p>\n<p>&#8211; 22.15 h. Paraje del Ca\u00f1o Hondo. <strong>XVIII Festival Pirot\u00e9cnico \u201cCiudad de Valladolid\u201d<\/strong>. Sesi\u00f3n 2\u00aa. Pirotecnia Pibierzo (Le\u00f3n)<\/p>\n<p>&#8211; 23.00 h. Plaza Mayor. <strong>Chenoa<\/strong>. En colaboraci\u00f3n con Cadena 100.<\/p>\n<p>&#8211; 23.00 h. Acera de Recoletos. <strong>Animaci\u00f3n Feria de D\u00eda<\/strong>. La Campanada de Recoletos.<\/p>\n<p><strong><span style=\"color: #800080;\">MI\u00c9RCOLES, D\u00cdA 10<\/span><\/strong><\/p>\n<p>&#8211; 11.30 a 21.00 h. <strong>80 Feria de Muestras de Valladolid<\/strong>. Hasta el d\u00eda 14.<\/p>\n<p>&#8211; 12.00 a 14.00 y 17.00 a 20.30 h. <strong>Zona Infantil Paseo de Las Moreras<\/strong>. Atracciones hinchables. Alejop<\/p>\n<p>&#8211; 12.00 a 14.00 y 17.30 a 21.00 h. <strong>Zona Infantil Plaza de Portugalete.<\/strong> Juegos y atracciones hinchables. Alba &amp; Zeus<\/p>\n<p>&#8211; 12.00 a 14.00 y 17.30 a 21.00 h. <strong>Zona Infantil Plaza del Milenio<\/strong>. Atracci\u00f3nes hinchables. Bau<\/p>\n<p>&#8211; 13.30 a 15.30 y 21.00 a 23.00 h. Feria de D\u00eda. <strong>Animaci\u00f3n musical<\/strong>. Charangas El Vurladero, Los Tocaos, El Pend\u00f3n y Locomotores Electrocharanga.<\/p>\n<p>&#8211; 14.00 a 16.00 h. Plaza Universidad. <strong>Discomovida.<\/strong> Establecimientos Zona Universidad.<\/p>\n<p>&#8211; 16.30 h. Aparcamiento Estadio Jos\u00e9 Zorrilla. <strong>XXXII Feria de Folklore y Gastronom\u00eda<\/strong>. Juegos, pasatiempos y visita a las atracciones de la Feria, para los \u201cpeques\u201d.<\/p>\n<p>&#8211; 17.00 a 20.00 h. Acera de Recoletos.<strong> Caricaturistas.<\/strong> Un dibujo por una sonrisa.<\/p>\n<p>&#8211; 18.00 h. Plaza de Toros. <strong>Novillada picada.<\/strong> 6 novillos toros de El Torre\u00f3n para Lama de G\u00f3ngora, Ricardo Maldonado, Jos\u00e9 Ruiz Mu\u00f1oz.<\/p>\n<p>&#8211; 18.30 h. C\/ Jorge Guill\u00e9n-Museo Patio Herreriano. <strong>Gigantes y Cabezudos<\/strong> de Valladolid. Acompa\u00f1an dulzaineros Los Villa.<\/p>\n<p>&#8211; 21.00 h. Acera de Recoletos. <strong>Animaci\u00f3n Feria de D\u00eda<\/strong>. Actuaciones y espect\u00e1culos de calle<\/p>\n<p>&#8211; 21.30 h. Plaza Mayor. <strong>Bicycle Thief<\/strong><\/p>\n<p>&#8211; 22.15 h. Paraje del Ca\u00f1o Hondo.<strong> XVIII Festival Pirot\u00e9cnico \u201cCiudad de Valladolid\u201d<\/strong>. Sesi\u00f3n 3\u00aa. Pirotecnia Arnal (Valencia)<\/p>\n<p>&#8211; 23.00 h. Plaza Mayor. <strong>The Wailers<\/strong>. Organiza: La 8 Valladolid. Colabora: Es Radio Valladolid.<\/p>\n<p>&#8211; 23.00 h. Acera de Recoletos.Animaci\u00f3n Feria de D\u00eda. <strong>La Campanada de Recoletos.<\/strong><\/p>\n<p><strong><span style=\"color: #800080;\">JUEVES, D\u00cdA 11<\/span><\/strong><\/p>\n<p>&#8211; 11.30 a 21.00 h. <strong>80 Feria de Muestras de Valladolid.<\/strong> Hasta el d\u00eda 14.<\/p>\n<p>&#8211; 12.00 h. Paseo Central del Campo Grande. Inauguraci\u00f3n oficial <strong>36 Feria de Cer\u00e1mica y Alfarer\u00eda.<\/strong> Acompa\u00f1an Dulzaineros Huerta del Rey.<\/p>\n<p>&#8211; 13.00 a 15.00 y 17.00 a 20.30 h. <strong>Zona Infantil Paseo de Las Moreras<\/strong>. Atracciones hinchables. Alejop<\/p>\n<p>&#8211; 13.00 a 15.00 y 17.30 a 21.00 h.<strong> Zona Infantil Plaza de Portugalete<\/strong>. Juegos y atracciones hinchables. Alba &amp; Zeus<\/p>\n<p>&#8211; 12.00 a 14.00 y 17.30 a 21.00 h. <strong>Zona Infantil Plaza del Milenio.<\/strong> Atracciones hinchables. Bau.<\/p>\n<p>&#8211; 13.30 a 15.30 y 21.00 a 23.00 h. Feria de D\u00eda. <strong>Animaci\u00f3n musical<\/strong>. Charangas El Vurladero, Los Tocaos, El Pend\u00f3n y Lokomotores Electrocharanga<\/p>\n<p>&#8211; 14.00 a 16.00 h. Plaza Universidad.<strong> Electrocharanga \u201cLos Bucaneros\u201d<\/strong>. Establecimientos Zona Universidad.<\/p>\n<p>&#8211; 17.00 a 20.00 h. Acera de Recoletos.<strong> Caricaturistas.<\/strong> Un dibujo por una sonrisa.<\/p>\n<figure id=\"attachment_15654\" aria-describedby=\"caption-attachment-15654\" style=\"width: 640px\" class=\"wp-caption aligncenter\"><a href=\"http:\/\/destinocastillayleon.es\/index\/wp-content\/uploads\/2014\/09\/Caricaturas.jpg\"><img decoding=\"async\" class=\"wp-image-15654 size-full\" src=\"http:\/\/destinocastillayleon.es\/index\/wp-content\/uploads\/2014\/09\/Caricaturas.jpg\" alt=\"Caricaturas\" width=\"640\" height=\"853\" srcset=\"https:\/\/destinocastillayleon.es\/index\/wp-content\/uploads\/2014\/09\/Caricaturas.jpg 398w, https:\/\/destinocastillayleon.es\/index\/wp-content\/uploads\/2014\/09\/Caricaturas-225x300.jpg 225w\" sizes=\"(max-width: 640px) 100vw, 640px\" \/><\/a><figcaption id=\"caption-attachment-15654\" class=\"wp-caption-text\">Caricaturas en la acera de recoletos Fuente: gabripapel.blogspot.com<\/figcaption><\/figure>\n<p>&#8211; 18.00 h. Plaza de Toros. <strong>Corrida de toros.<\/strong> 6 toros de El Pilar \u2013 Mois\u00e9s Fraile para Juan Jos\u00e9 Padilla, Sebasti\u00e1n Castella e Iv\u00e1n Fandi\u00f1o.<\/p>\n<p>&#8211; 18.30 h. C\/ Constituci\u00f3n &#8211; Atrio de Santiago. Gigantes y Cabezudos de Valladolid. Acompa\u00f1an dulzaineros Los del Duero<\/p>\n<p>&#8211; 19.00 a 23.00 h. Plaza Fuente Dorada. Bailes latinos. Baile social con ruedas y animaciones. Con la Orquesta Manteca. Academia de Bailes Latinos Ritmo Sabroso.<\/p>\n<p>&#8211; 20.30 h. Aparcamiento Estadio Jos\u00e9 Zorrilla.<strong> XXXII Feria de Folklore y Gastronom\u00eda.<\/strong> Actuaciones de los Grupos Valls Populars Les Folies (Valencia) y Farah-Diva (Melilla).<\/p>\n<p>&#8211; 21.00 h. Acera de Recoletos. <strong>Animaci\u00f3n Feria de D\u00eda<\/strong>. Actuaciones y espect\u00e1culos de calle<\/p>\n<p>&#8211; 21.30 h. Plaza Mayor. <strong>The Morrigans.<\/strong><\/p>\n<p>&#8211; 21.30 h. Plaza de Col\u00f3n. <strong>Noche de Bailes Urbanos.<\/strong> Con las escuelas de danzas urbanas Fresas con Nata Crew, Rock Machine, Bailarte, Scream, Danzarte y Danza Abierta. Organiza BailaSalsa<\/p>\n<p>&#8211; 22.15 h. Paraje del Ca\u00f1o Hondo. <strong>XVIII Festival Pirot\u00e9cnico \u201cCiudad de Valladolid\u201d<\/strong>. Sesi\u00f3n 4\u00aa. Pirotecnia Zaragozana<\/p>\n<p>&#8211; 23.00 h. Plaza Mayor.<strong> David Bisbal.<\/strong> En colaboraci\u00f3n con 40 Principales.<\/p>\n<p>&#8211; 23.00 h. Acera de Recoletos.<strong> Animaci\u00f3n Feria de D\u00eda.<\/strong> La Campanada de Recoletos.<\/p>\n<p><strong><span style=\"color: #800080;\">VIERNES, D\u00cdA 12<\/span><\/strong><\/p>\n<p>&#8211; 11.30 a 21.00 h. 80<strong> Feria de Muestras de Valladolid.<\/strong> Hasta el d\u00eda 14.<\/p>\n<p>&#8211; 12.00 a 14.00 y 17.30 a 21.00 h. <strong>Zona Infantil Plaza del Milenio.<\/strong> Atracciones hinchables. Bau<\/p>\n<p>&#8211; 13.00 a 15.00 y 17.00 a 20.30 h. <strong>Zona Infantil Paseo de Las Moreras.<\/strong> Atracciones hinchables. Alejop<\/p>\n<p>&#8211; 13.00 a 15.00 y 17.30 a 21.00 h. <strong>Zona Infantil Plaza de Portugalete<\/strong>. Juegos y atracciones hinchables. Alba &amp; Zeus<\/p>\n<p>&#8211; 13.30 a 15.30 y 21.00 a 23.00 h. Feria de D\u00eda. <strong>Animaci\u00f3n musical.<\/strong> Charangas El Vurladero, Los Tocaos, El Pend\u00f3n y Lokomotores Electrocharanga.<\/p>\n<p>&#8211; 14.00 a 16.00 h. Plaza Universidad. <strong>Discomovida.<\/strong> Establecimientos Zona Universidad.<\/p>\n<p>&#8211; 16.00 h 20.00 a 04.00 h. <strong>Playa de Las Moreras.\u00a0<\/strong><strong><span style=\"color: #800080;\">D\u00cdA DE LAS PE\u00d1AS.<\/span><\/strong> Coordinadora de Pe\u00f1as. Juegos pe\u00f1eros, hinchables y degustaciones.<\/p>\n<p>Actuaciones musicales: Tributo Canto del Loco y m\u00fasica a\u00f1os 80 y 90.\u00a0<strong>Fiesta de Dj\u2019s<\/strong><\/p>\n<p>&#8211; 17.00 a 20.00 h. Acera de Recoletos. <strong>Caricaturistas.<\/strong> Un dibujo por una sonrisa.<\/p>\n<p>&#8211; 18.00 h. Plaza de Toros. <strong>Corrida de toros.<\/strong> 6 toros de Zalduendo para Morante de la Puebla y Jos\u00e9 Mar\u00eda Manzanares (mano a mano). Sobresaliente: Miguel \u00c1ngel S\u00e1nchez.<\/p>\n<p>&#8211; 18.00 h. Plaza de Col\u00f3n. <strong>Tarde de Aer\u00f3bic.<\/strong> Super master class de Body jam, Body combat y Zumba. Organiza CDO Covaresa Siglo XXI.<\/p>\n<p>&#8211; 18.30 h. Plaza de San Pablo. <strong>Gigantes y Cabezudos<\/strong> de Valladolid. Acompa\u00f1an dulzaineros Espada\u00f1a.<\/p>\n<p>&#8211; 19.30 a 21.00 h. Plaza Fuente Dorada.<strong> Bailes latinos. Animaci\u00f3n y baile social.<\/strong> Escuelas Baila Salsa y Salsealo.<\/p>\n<p>&#8211; 20.30 h. Aparcamiento Estadio Jos\u00e9 Zorrilla. <strong>XXXII Feria de Folklore y Gastronom\u00eda<\/strong>. Actuaciones de Agrupaci\u00f3n de Danzas Virgen de Palacios (San Miguel de Aras Voto, Cantabria) y Coral y Orquesta Trovadores de la Paz (Olvega, Soria).<\/p>\n<p>&#8211; 22.00 h. Plaza de Col\u00f3n. <strong>Noche de Bailes de Sal\u00f3n.<\/strong> Con las escuelas de baile Abanicos, Farha Diva, Isabel Ordax, Juli\u00e1n y Ana Delia, Saloncito Jes\u00fas, Saloncito Soraya, Asoc. San Pedro Regalado y Asoc. Villa de Bureva. Organiza BailaSalsa<\/p>\n<p>&#8211; 22.15 h. Paraje del Ca\u00f1o Hondo.<strong> XVIII Festival Pirot\u00e9cnico \u201cCiudad de Valladolid<\/strong>\u201d. Sesi\u00f3n 5\u00aa. Pirotecnia FML (\u00c1lava)<\/p>\n<p>&#8211; 23.00 h. Plaza Mayor. A\u00f1os 80. <strong>Tributo al pop espa\u00f1ol<\/strong>. Jaime Terr\u00f3n (ex Melocos), Un Ping\u00fcino en mi ascensor + artista invitado.<\/p>\n<p>&#8211; 23.30 h. Acera de Recoletos. <strong>Animaci\u00f3n Feria de D\u00eda.<\/strong> La Campanada de Recoletos.<\/p>\n<p><strong><span style=\"color: #800080;\">S\u00c1BADO, D\u00cdA 13<\/span><\/strong><\/p>\n<p>&#8211; 11.30 h. Plaza Mayor<strong> Exhibici\u00f3n de Aeromodelismo Est\u00e1tica.<\/strong><\/p>\n<p>&#8211; 11.30 a 21.00 h.<strong> 80 Feria de Muestras de Valladolid.<\/strong> Hasta el d\u00eda 14.<\/p>\n<p>&#8211; 12.00 h. Zona infantil Paseo de Las Moreras. T\u00edo Tragaldabas<\/p>\n<p>&#8211; 12.00 h. Plaza de Toros<strong>. Concurso de Cortes de Novillos.<\/strong> Leyendas del Corte Puro. Final de la Liga del Corte Puro Junior. Con la colaboraci\u00f3n de Toro Pasi\u00f3n.<\/p>\n<figure id=\"attachment_15655\" aria-describedby=\"caption-attachment-15655\" style=\"width: 640px\" class=\"wp-caption aligncenter\"><a href=\"http:\/\/destinocastillayleon.es\/index\/wp-content\/uploads\/2014\/09\/Corte-de-novillos.jpg\"><img decoding=\"async\" class=\"wp-image-15655\" src=\"http:\/\/destinocastillayleon.es\/index\/wp-content\/uploads\/2014\/09\/Corte-de-novillos.jpg\" alt=\"Corte de novillos\" width=\"640\" height=\"427\" srcset=\"https:\/\/destinocastillayleon.es\/index\/wp-content\/uploads\/2014\/09\/Corte-de-novillos.jpg 855w, https:\/\/destinocastillayleon.es\/index\/wp-content\/uploads\/2014\/09\/Corte-de-novillos-300x200.jpg 300w\" sizes=\"(max-width: 640px) 100vw, 640px\" \/><\/a><figcaption id=\"caption-attachment-15655\" class=\"wp-caption-text\">El Concurso de Corte de Novillos ha alcanzado fama a nivel nacional, al que acuden cortadores de todas partes de Espa\u00f1a Fuente: www.elnortedecastilla.es<\/figcaption><\/figure>\n<p>&#8211; 12.00 a 14.00 y 17.00 a 20.30 h<strong>. Zona Infantil Paseo de Las Moreras.<\/strong> Atracciones hinchables. Alejop<\/p>\n<p>&#8211; 12.00 a 14.00 y 17.30 a 21.00 h. <strong>Zona Infantil Plaza de Portugalete.<\/strong> Juegos y atracciones hinchables. Alba &amp; Zeus<\/p>\n<p>&#8211; 14.00 a 16.00 h. Plaza Universidad.<strong> Discomovida.<\/strong> Establecimientos Zona Universidad.<\/p>\n<p>&#8211; 18.00 h. Plaza de Toros. <strong>Corrida de toros<\/strong>. 6 toros de Hnos. Garc\u00eda Jim\u00e9nez \u2013 Olga Jim\u00e9nez para Enrique Ponce, Finito de C\u00f3rdoba y El Fandi.<\/p>\n<p>&#8211; 18.30 h. Zona infantil Paseo de las Moreras.<strong> Gigantes y Cabezudos<\/strong> de Valladolid. Acompa\u00f1an dulzaineros Aires de Castilla.<\/p>\n<p>&#8211; 19.30 a 21.00 h. Plaza Fuente Dorada.<strong> Bailes de sal\u00f3n<\/strong>. Animaci\u00f3n y baile social. Escuela Saloncito de Soraya.<\/p>\n<p>&#8211; 20.30 h. Aparcamiento Estadio Jos\u00e9 Zorrilla.<strong> XXXII Feria de Folklore y Gastronom\u00eda.<\/strong><\/p>\n<p>&#8211; 21.00 h. Plaza Mayor. A las 9 en la Plaza:<strong> \u201cGymkhana vallisoletana\u201d.\u00a1\u00a1\u00a1La vamos a armar!!!<\/strong><\/p>\n<p>&#8211; 22.00 h. Plaza de Col\u00f3n.<strong> Noche de Bailes Latinos.<\/strong> Con las escuelas de baile Baila Salsa, Danzay\u00e9, LysDance, Salsealo y Sara Fox. Con la participaci\u00f3n de \u201cAdri\u00e1n y Anita Amateur Salsa Company Valladolid\u201d y Essenza Dance Company. Organiza BailaSalsa<\/p>\n<p>&#8211; 22.00 h.<strong> Fiesta Dance \u201cM\u00e1xima Puceladance\u201d.<\/strong> Con los DJ\u00b4s M\u00e1xima: Arturo Grau, Rams\u00e9s L\u00f3pez, Dani Moreno, Miguel \u00c1ngel Roca, Xavi Alfaro, David \u00c1lvarez, Almudena Navarro, Jos\u00e9 A. M., JL Garc\u00eda, Jos\u00e9 Manuel Duro, Miguel Vizcaino y Eyes of Providance. En colaboraci\u00f3n con M\u00e1xima FM<\/p>\n<p>&#8211; 23.30 h. Acera de Recoletos. <strong>Animaci\u00f3n Feria de D\u00eda<\/strong>. La Campanada de Recoletos.<\/p>\n<p><strong><span style=\"color: #800080;\">DOMINGO, D\u00cdA 14<\/span><\/strong><\/p>\n<p>&#8211; 11.00 h. Campo de Vuelo los Alcotanes.<strong> Exhibici\u00f3n de Aeromodelismo a Vuelo.<\/strong><\/p>\n<p>&#8211; 11.00 a 14.30 h. Plaza de Espa\u00f1a. <strong>Mercado de Arte.<\/strong> Uni\u00f3n Art\u00edstica Vallisoletana y Asociaci\u00f3n de Acuarelistas de Valladolid.<\/p>\n<p>&#8211; 11.30 a 21.00 h. <strong>80 Feria de Muestras de Valladolid.<\/strong> \u00daltimo d\u00eda.<\/p>\n<p>&#8211; 12.00 y 17.00 h. Plaza Mayor. <strong>Animaci\u00f3n y juegos infantiles<\/strong>. Alba&amp;Zeus.<\/p>\n<figure id=\"attachment_15656\" aria-describedby=\"caption-attachment-15656\" style=\"width: 640px\" class=\"wp-caption aligncenter\"><a href=\"http:\/\/destinocastillayleon.es\/index\/wp-content\/uploads\/2014\/09\/Tia-Melitona-y-Tragaldabas.jpg\"><img decoding=\"async\" class=\"wp-image-15656 size-full\" src=\"http:\/\/destinocastillayleon.es\/index\/wp-content\/uploads\/2014\/09\/Tia-Melitona-y-Tragaldabas.jpg\" alt=\"Tia Melitona y Tragaldabas\" width=\"640\" height=\"409\" srcset=\"https:\/\/destinocastillayleon.es\/index\/wp-content\/uploads\/2014\/09\/Tia-Melitona-y-Tragaldabas.jpg 640w, https:\/\/destinocastillayleon.es\/index\/wp-content\/uploads\/2014\/09\/Tia-Melitona-y-Tragaldabas-300x191.jpg 300w\" sizes=\"(max-width: 640px) 100vw, 640px\" \/><\/a><figcaption id=\"caption-attachment-15656\" class=\"wp-caption-text\">Tia Melitona y Tio Tragaldabas Foto de JM Travieso Fuente: domuspucelae.blogspot.com<\/figcaption><\/figure>\n<p>&#8211; 13.00 h. Plaza de Cantarranas.<strong> Gigantes y Cabezudos<\/strong> de Valladolid. Acompa\u00f1an dulzaineros Alameda.<\/p>\n<p>&#8211; 18.00 h. Plaza de Toros.<strong>Corrida de rejones<\/strong>. 6 toros de Passanha para Pablo Hermoso de Mendoza, Diego Ventura y Francisco Palha.<\/p>\n<p>&#8211; 20.30 h. Aparcamiento Estadio Jos\u00e9 Zorrilla. XXXII Feria de Folklore y Gastronom\u00eda. Actuaciones de Grupo Villalbilla (Villalbilla, Burgos) y Coro Baracumba (Barcelona).<\/p>\n<p>&#8211; 21.00 a 23.00 h. Plaza Universidad. <strong>Concierto fin de fiestas con \u201cCa\u00f1oneros\u201d.<\/strong> Establecimientos Zona Universidad.<\/p>\n<p>&#8211; 23.00 h. Acera de Recoletos. A<strong>nimaci\u00f3n Feria de D\u00eda.<\/strong> La Campanada de Recoletos.<\/p>\n<p><span style=\"color: #800080;\"><strong>\u00a1Felices Fiestas de Valladolid 2014! \ud83d\ude42<\/strong><\/span><\/p>\n<p>&nbsp;<\/p>\n<h4>Otras art\u00edculos relacionados:<\/h4>\n<p>&nbsp; &nbsp; &nbsp; <strong>\u2022 <\/strong><a href=\"http:\/\/destinocastillayleon.es\/index\/como-son-las-fiestas-y-ferias-de-valladolid-para-el-que-no-es-pucelano\/\"> C\u00f3mo son las Fiestas y Ferias de Valladolid para el que no es pucelano<\/a><\/strong>.<br \/>\n&nbsp; &nbsp; &nbsp; <strong>\u2022 <\/strong><a href=\"http:\/\/destinocastillayleon.es\/index\/wp-content\/uploads\/2014\/09\/PROGRAMA-OFICIAL-FERIAS-Y-FIESTAS-DE-VALLADOLID-2014.pdf\">Programa Completo de Ferias y Fiestas de Valladolid 2014<\/a><\/strong>.<br \/>\n&nbsp;<\/p>\n<p>&nbsp;<\/p>\n","protected":false},"excerpt":{"rendered":"<p>Programa de las Ferias y Fiestas de Valladolid 2014<\/p>\n","protected":false},"author":14,"featured_media":15652,"comment_status":"open","ping_status":"closed","sticky":false,"template":"","format":"standard","meta":{"rop_custom_images_group":[],"rop_custom_messages_group":[],"rop_publish_now":"initial","rop_publish_now_accounts":{"twitter_1150954226_1150954226":""},"rop_publish_now_history":[],"rop_publish_now_status":"pending","footnotes":""},"categories":[1343,68],"tags":[3216,3217,3248,1924,3215,3247,2257,3275,3214],"class_list":["post-15646","post","type-post","status-publish","format-standard","has-post-thumbnail","hentry","category-agenda","category-post_inicial","tag-concurso-de-cortes-valladolid","tag-feria-de-muestras-valladolid-2014","tag-feria-de-valladolid","tag-ferias-de-castilla-y-leon","tag-ferias-y-fiestas-virgen-de-san-lorenzo-valladolid","tag-fiestas-de-valladolid","tag-fiestas-en-castilla-y-leon","tag-programa-de-ferias-de-valladolid","tag-programa-de-fiestas-valladolid-2014"],"yoast_head":"<!-- This site is optimized with the Yoast SEO Premium plugin v20.4 (Yoast SEO v27.4) - https:\/\/yoast.com\/product\/yoast-seo-premium-wordpress\/ -->\n<title>Programa de las Ferias y Fiestas de Valladolid 2014<\/title>\n<meta name=\"description\" content=\"Programa de las Ferias y Fiestas de Valladolid 2014\" \/>\n<meta name=\"robots\" content=\"index, follow, max-snippet:-1, max-image-preview:large, max-video-preview:-1\" \/>\n<link rel=\"canonical\" href=\"https:\/\/destinocastillayleon.es\/index\/programa-de-las-ferias-y-fiestas-de-valladolid-2014\/\" \/>\n<meta property=\"og:locale\" content=\"es_ES\" \/>\n<meta property=\"og:type\" content=\"article\" \/>\n<meta property=\"og:title\" content=\"Programa de las Ferias y Fiestas de Valladolid 2014\" \/>\n<meta property=\"og:description\" content=\"Programa de las Ferias y Fiestas de Valladolid 2014\" \/>\n<meta property=\"og:url\" content=\"https:\/\/destinocastillayleon.es\/index\/programa-de-las-ferias-y-fiestas-de-valladolid-2014\/\" \/>\n<meta property=\"og:site_name\" content=\"Destino Castilla y Le\u00f3n\" \/>\n<meta property=\"article:publisher\" content=\"https:\/\/www.facebook.com\/DestinoCastillaYLeon\/\" \/>\n<meta property=\"article:published_time\" content=\"2014-09-05T13:37:51+00:00\" \/>\n<meta property=\"article:modified_time\" content=\"2014-12-30T13:30:46+00:00\" \/>\n<meta property=\"og:image\" content=\"https:\/\/destinocastillayleon.es\/index\/wp-content\/uploads\/2014\/09\/cartel_programa.jpg\" \/>\n\t<meta property=\"og:image:width\" content=\"342\" \/>\n\t<meta property=\"og:image:height\" content=\"531\" \/>\n\t<meta property=\"og:image:type\" content=\"image\/jpeg\" \/>\n<meta name=\"author\" content=\"Destino CyL\" \/>\n<meta name=\"twitter:card\" content=\"summary_large_image\" \/>\n<meta name=\"twitter:creator\" content=\"@destinocyl\" \/>\n<meta name=\"twitter:site\" content=\"@destinocyl\" \/>\n<meta name=\"twitter:label1\" content=\"Escrito por\" \/>\n\t<meta name=\"twitter:data1\" content=\"Destino CyL\" \/>\n\t<meta name=\"twitter:label2\" content=\"Tiempo de lectura\" \/>\n\t<meta name=\"twitter:data2\" content=\"15 minutos\" \/>\n<script type=\"application\/ld+json\" class=\"yoast-schema-graph\">{\"@context\":\"https:\\\/\\\/schema.org\",\"@graph\":[{\"@type\":\"Article\",\"@id\":\"https:\\\/\\\/destinocastillayleon.es\\\/index\\\/programa-de-las-ferias-y-fiestas-de-valladolid-2014\\\/#article\",\"isPartOf\":{\"@id\":\"https:\\\/\\\/destinocastillayleon.es\\\/index\\\/programa-de-las-ferias-y-fiestas-de-valladolid-2014\\\/\"},\"author\":{\"name\":\"Destino CyL\",\"@id\":\"https:\\\/\\\/destinocastillayleon.es\\\/index\\\/#\\\/schema\\\/person\\\/820bc853671969462e3e479c4ef6f253\"},\"headline\":\"Programa de las Ferias y Fiestas de Valladolid 2014\",\"datePublished\":\"2014-09-05T13:37:51+00:00\",\"dateModified\":\"2014-12-30T13:30:46+00:00\",\"mainEntityOfPage\":{\"@id\":\"https:\\\/\\\/destinocastillayleon.es\\\/index\\\/programa-de-las-ferias-y-fiestas-de-valladolid-2014\\\/\"},\"wordCount\":3089,\"commentCount\":0,\"image\":{\"@id\":\"https:\\\/\\\/destinocastillayleon.es\\\/index\\\/programa-de-las-ferias-y-fiestas-de-valladolid-2014\\\/#primaryimage\"},\"thumbnailUrl\":\"https:\\\/\\\/destinocastillayleon.es\\\/index\\\/wp-content\\\/uploads\\\/2014\\\/09\\\/Fiestas-de-Valladolid.jpg\",\"keywords\":[\"concurso de cortes Valladolid\",\"Feria de Muestras Valladolid 2014\",\"feria de Valladolid\",\"ferias de Castilla y Le\u00f3n\",\"Ferias y Fiestas Virgen de San Lorenzo Valladolid\",\"fiestas de Valladolid\",\"fiestas en Castilla y Le\u00f3n\",\"programa de ferias de Valladolid\",\"Programa de fiestas Valladolid 2014\"],\"articleSection\":[\"Agenda\",\"Post_inicial\"],\"inLanguage\":\"es\",\"potentialAction\":[{\"@type\":\"CommentAction\",\"name\":\"Comment\",\"target\":[\"https:\\\/\\\/destinocastillayleon.es\\\/index\\\/programa-de-las-ferias-y-fiestas-de-valladolid-2014\\\/#respond\"]}]},{\"@type\":\"WebPage\",\"@id\":\"https:\\\/\\\/destinocastillayleon.es\\\/index\\\/programa-de-las-ferias-y-fiestas-de-valladolid-2014\\\/\",\"url\":\"https:\\\/\\\/destinocastillayleon.es\\\/index\\\/programa-de-las-ferias-y-fiestas-de-valladolid-2014\\\/\",\"name\":\"Programa de las Ferias y Fiestas de Valladolid 2014\",\"isPartOf\":{\"@id\":\"https:\\\/\\\/destinocastillayleon.es\\\/index\\\/#website\"},\"primaryImageOfPage\":{\"@id\":\"https:\\\/\\\/destinocastillayleon.es\\\/index\\\/programa-de-las-ferias-y-fiestas-de-valladolid-2014\\\/#primaryimage\"},\"image\":{\"@id\":\"https:\\\/\\\/destinocastillayleon.es\\\/index\\\/programa-de-las-ferias-y-fiestas-de-valladolid-2014\\\/#primaryimage\"},\"thumbnailUrl\":\"https:\\\/\\\/destinocastillayleon.es\\\/index\\\/wp-content\\\/uploads\\\/2014\\\/09\\\/Fiestas-de-Valladolid.jpg\",\"datePublished\":\"2014-09-05T13:37:51+00:00\",\"dateModified\":\"2014-12-30T13:30:46+00:00\",\"author\":{\"@id\":\"https:\\\/\\\/destinocastillayleon.es\\\/index\\\/#\\\/schema\\\/person\\\/820bc853671969462e3e479c4ef6f253\"},\"description\":\"Programa de las Ferias y Fiestas de Valladolid 2014\",\"breadcrumb\":{\"@id\":\"https:\\\/\\\/destinocastillayleon.es\\\/index\\\/programa-de-las-ferias-y-fiestas-de-valladolid-2014\\\/#breadcrumb\"},\"inLanguage\":\"es\",\"potentialAction\":[{\"@type\":\"ReadAction\",\"target\":[\"https:\\\/\\\/destinocastillayleon.es\\\/index\\\/programa-de-las-ferias-y-fiestas-de-valladolid-2014\\\/\"]}]},{\"@type\":\"ImageObject\",\"inLanguage\":\"es\",\"@id\":\"https:\\\/\\\/destinocastillayleon.es\\\/index\\\/programa-de-las-ferias-y-fiestas-de-valladolid-2014\\\/#primaryimage\",\"url\":\"https:\\\/\\\/destinocastillayleon.es\\\/index\\\/wp-content\\\/uploads\\\/2014\\\/09\\\/Fiestas-de-Valladolid.jpg\",\"contentUrl\":\"https:\\\/\\\/destinocastillayleon.es\\\/index\\\/wp-content\\\/uploads\\\/2014\\\/09\\\/Fiestas-de-Valladolid.jpg\",\"width\":794,\"height\":531,\"caption\":\"Fiestas de Valladolid Fuente: ocioenvalladolid.blogspot.com\"},{\"@type\":\"BreadcrumbList\",\"@id\":\"https:\\\/\\\/destinocastillayleon.es\\\/index\\\/programa-de-las-ferias-y-fiestas-de-valladolid-2014\\\/#breadcrumb\",\"itemListElement\":[{\"@type\":\"ListItem\",\"position\":1,\"name\":\"Portada\",\"item\":\"https:\\\/\\\/destinocastillayleon.es\\\/index\\\/\"},{\"@type\":\"ListItem\",\"position\":2,\"name\":\"Programa de las Ferias y Fiestas de Valladolid 2014\"}]},{\"@type\":\"WebSite\",\"@id\":\"https:\\\/\\\/destinocastillayleon.es\\\/index\\\/#website\",\"url\":\"https:\\\/\\\/destinocastillayleon.es\\\/index\\\/\",\"name\":\"Destino Castilla y Le\u00f3n\",\"description\":\"Medio digital independiente y revista de Castilla y Le\u00f3n dedicado al turismo, gastronom\u00eda y vino de Castilla y Le\u00f3n\",\"potentialAction\":[{\"@type\":\"SearchAction\",\"target\":{\"@type\":\"EntryPoint\",\"urlTemplate\":\"https:\\\/\\\/destinocastillayleon.es\\\/index\\\/?s={search_term_string}\"},\"query-input\":{\"@type\":\"PropertyValueSpecification\",\"valueRequired\":true,\"valueName\":\"search_term_string\"}}],\"inLanguage\":\"es\"},{\"@type\":\"Person\",\"@id\":\"https:\\\/\\\/destinocastillayleon.es\\\/index\\\/#\\\/schema\\\/person\\\/820bc853671969462e3e479c4ef6f253\",\"name\":\"Destino CyL\",\"image\":{\"@type\":\"ImageObject\",\"inLanguage\":\"es\",\"@id\":\"https:\\\/\\\/secure.gravatar.com\\\/avatar\\\/3ab58882c96a1f667e4b7004a344de8a7e22e7396dda91bd580baf77b48c2711?s=96&d=mm&r=g\",\"url\":\"https:\\\/\\\/secure.gravatar.com\\\/avatar\\\/3ab58882c96a1f667e4b7004a344de8a7e22e7396dda91bd580baf77b48c2711?s=96&d=mm&r=g\",\"contentUrl\":\"https:\\\/\\\/secure.gravatar.com\\\/avatar\\\/3ab58882c96a1f667e4b7004a344de8a7e22e7396dda91bd580baf77b48c2711?s=96&d=mm&r=g\",\"caption\":\"Destino CyL\"},\"description\":\"Equipo de redacci\u00f3n de Destino Castilla y Le\u00f3n\",\"sameAs\":[\"http:\\\/\\\/www.destinocastillayleon.es\"],\"url\":\"https:\\\/\\\/destinocastillayleon.es\\\/index\\\/author\\\/administrador\\\/\"}]}<\/script>\n<!-- \/ Yoast SEO Premium plugin. -->","yoast_head_json":{"title":"Programa de las Ferias y Fiestas de Valladolid 2014","description":"Programa de las Ferias y Fiestas de Valladolid 2014","robots":{"index":"index","follow":"follow","max-snippet":"max-snippet:-1","max-image-preview":"max-image-preview:large","max-video-preview":"max-video-preview:-1"},"canonical":"https:\/\/destinocastillayleon.es\/index\/programa-de-las-ferias-y-fiestas-de-valladolid-2014\/","og_locale":"es_ES","og_type":"article","og_title":"Programa de las Ferias y Fiestas de Valladolid 2014","og_description":"Programa de las Ferias y Fiestas de Valladolid 2014","og_url":"https:\/\/destinocastillayleon.es\/index\/programa-de-las-ferias-y-fiestas-de-valladolid-2014\/","og_site_name":"Destino Castilla y Le\u00f3n","article_publisher":"https:\/\/www.facebook.com\/DestinoCastillaYLeon\/","article_published_time":"2014-09-05T13:37:51+00:00","article_modified_time":"2014-12-30T13:30:46+00:00","og_image":[{"width":342,"height":531,"url":"https:\/\/destinocastillayleon.es\/index\/wp-content\/uploads\/2014\/09\/cartel_programa.jpg","type":"image\/jpeg"}],"author":"Destino CyL","twitter_card":"summary_large_image","twitter_creator":"@destinocyl","twitter_site":"@destinocyl","twitter_misc":{"Escrito por":"Destino CyL","Tiempo de lectura":"15 minutos"},"schema":{"@context":"https:\/\/schema.org","@graph":[{"@type":"Article","@id":"https:\/\/destinocastillayleon.es\/index\/programa-de-las-ferias-y-fiestas-de-valladolid-2014\/#article","isPartOf":{"@id":"https:\/\/destinocastillayleon.es\/index\/programa-de-las-ferias-y-fiestas-de-valladolid-2014\/"},"author":{"name":"Destino CyL","@id":"https:\/\/destinocastillayleon.es\/index\/#\/schema\/person\/820bc853671969462e3e479c4ef6f253"},"headline":"Programa de las Ferias y Fiestas de Valladolid 2014","datePublished":"2014-09-05T13:37:51+00:00","dateModified":"2014-12-30T13:30:46+00:00","mainEntityOfPage":{"@id":"https:\/\/destinocastillayleon.es\/index\/programa-de-las-ferias-y-fiestas-de-valladolid-2014\/"},"wordCount":3089,"commentCount":0,"image":{"@id":"https:\/\/destinocastillayleon.es\/index\/programa-de-las-ferias-y-fiestas-de-valladolid-2014\/#primaryimage"},"thumbnailUrl":"https:\/\/destinocastillayleon.es\/index\/wp-content\/uploads\/2014\/09\/Fiestas-de-Valladolid.jpg","keywords":["concurso de cortes Valladolid","Feria de Muestras Valladolid 2014","feria de Valladolid","ferias de Castilla y Le\u00f3n","Ferias y Fiestas Virgen de San Lorenzo Valladolid","fiestas de Valladolid","fiestas en Castilla y Le\u00f3n","programa de ferias de Valladolid","Programa de fiestas Valladolid 2014"],"articleSection":["Agenda","Post_inicial"],"inLanguage":"es","potentialAction":[{"@type":"CommentAction","name":"Comment","target":["https:\/\/destinocastillayleon.es\/index\/programa-de-las-ferias-y-fiestas-de-valladolid-2014\/#respond"]}]},{"@type":"WebPage","@id":"https:\/\/destinocastillayleon.es\/index\/programa-de-las-ferias-y-fiestas-de-valladolid-2014\/","url":"https:\/\/destinocastillayleon.es\/index\/programa-de-las-ferias-y-fiestas-de-valladolid-2014\/","name":"Programa de las Ferias y Fiestas de Valladolid 2014","isPartOf":{"@id":"https:\/\/destinocastillayleon.es\/index\/#website"},"primaryImageOfPage":{"@id":"https:\/\/destinocastillayleon.es\/index\/programa-de-las-ferias-y-fiestas-de-valladolid-2014\/#primaryimage"},"image":{"@id":"https:\/\/destinocastillayleon.es\/index\/programa-de-las-ferias-y-fiestas-de-valladolid-2014\/#primaryimage"},"thumbnailUrl":"https:\/\/destinocastillayleon.es\/index\/wp-content\/uploads\/2014\/09\/Fiestas-de-Valladolid.jpg","datePublished":"2014-09-05T13:37:51+00:00","dateModified":"2014-12-30T13:30:46+00:00","author":{"@id":"https:\/\/destinocastillayleon.es\/index\/#\/schema\/person\/820bc853671969462e3e479c4ef6f253"},"description":"Programa de las Ferias y Fiestas de Valladolid 2014","breadcrumb":{"@id":"https:\/\/destinocastillayleon.es\/index\/programa-de-las-ferias-y-fiestas-de-valladolid-2014\/#breadcrumb"},"inLanguage":"es","potentialAction":[{"@type":"ReadAction","target":["https:\/\/destinocastillayleon.es\/index\/programa-de-las-ferias-y-fiestas-de-valladolid-2014\/"]}]},{"@type":"ImageObject","inLanguage":"es","@id":"https:\/\/destinocastillayleon.es\/index\/programa-de-las-ferias-y-fiestas-de-valladolid-2014\/#primaryimage","url":"https:\/\/destinocastillayleon.es\/index\/wp-content\/uploads\/2014\/09\/Fiestas-de-Valladolid.jpg","contentUrl":"https:\/\/destinocastillayleon.es\/index\/wp-content\/uploads\/2014\/09\/Fiestas-de-Valladolid.jpg","width":794,"height":531,"caption":"Fiestas de Valladolid Fuente: ocioenvalladolid.blogspot.com"},{"@type":"BreadcrumbList","@id":"https:\/\/destinocastillayleon.es\/index\/programa-de-las-ferias-y-fiestas-de-valladolid-2014\/#breadcrumb","itemListElement":[{"@type":"ListItem","position":1,"name":"Portada","item":"https:\/\/destinocastillayleon.es\/index\/"},{"@type":"ListItem","position":2,"name":"Programa de las Ferias y Fiestas de Valladolid 2014"}]},{"@type":"WebSite","@id":"https:\/\/destinocastillayleon.es\/index\/#website","url":"https:\/\/destinocastillayleon.es\/index\/","name":"Destino Castilla y Le\u00f3n","description":"Medio digital independiente y revista de Castilla y Le\u00f3n dedicado al turismo, gastronom\u00eda y vino de Castilla y Le\u00f3n","potentialAction":[{"@type":"SearchAction","target":{"@type":"EntryPoint","urlTemplate":"https:\/\/destinocastillayleon.es\/index\/?s={search_term_string}"},"query-input":{"@type":"PropertyValueSpecification","valueRequired":true,"valueName":"search_term_string"}}],"inLanguage":"es"},{"@type":"Person","@id":"https:\/\/destinocastillayleon.es\/index\/#\/schema\/person\/820bc853671969462e3e479c4ef6f253","name":"Destino CyL","image":{"@type":"ImageObject","inLanguage":"es","@id":"https:\/\/secure.gravatar.com\/avatar\/3ab58882c96a1f667e4b7004a344de8a7e22e7396dda91bd580baf77b48c2711?s=96&d=mm&r=g","url":"https:\/\/secure.gravatar.com\/avatar\/3ab58882c96a1f667e4b7004a344de8a7e22e7396dda91bd580baf77b48c2711?s=96&d=mm&r=g","contentUrl":"https:\/\/secure.gravatar.com\/avatar\/3ab58882c96a1f667e4b7004a344de8a7e22e7396dda91bd580baf77b48c2711?s=96&d=mm&r=g","caption":"Destino CyL"},"description":"Equipo de redacci\u00f3n de Destino Castilla y Le\u00f3n","sameAs":["http:\/\/www.destinocastillayleon.es"],"url":"https:\/\/destinocastillayleon.es\/index\/author\/administrador\/"}]}},"_links":{"self":[{"href":"https:\/\/destinocastillayleon.es\/index\/wp-json\/wp\/v2\/posts\/15646","targetHints":{"allow":["GET"]}}],"collection":[{"href":"https:\/\/destinocastillayleon.es\/index\/wp-json\/wp\/v2\/posts"}],"about":[{"href":"https:\/\/destinocastillayleon.es\/index\/wp-json\/wp\/v2\/types\/post"}],"author":[{"embeddable":true,"href":"https:\/\/destinocastillayleon.es\/index\/wp-json\/wp\/v2\/users\/14"}],"replies":[{"embeddable":true,"href":"https:\/\/destinocastillayleon.es\/index\/wp-json\/wp\/v2\/comments?post=15646"}],"version-history":[{"count":4,"href":"https:\/\/destinocastillayleon.es\/index\/wp-json\/wp\/v2\/posts\/15646\/revisions"}],"predecessor-version":[{"id":15767,"href":"https:\/\/destinocastillayleon.es\/index\/wp-json\/wp\/v2\/posts\/15646\/revisions\/15767"}],"wp:featuredmedia":[{"embeddable":true,"href":"https:\/\/destinocastillayleon.es\/index\/wp-json\/wp\/v2\/media\/15652"}],"wp:attachment":[{"href":"https:\/\/destinocastillayleon.es\/index\/wp-json\/wp\/v2\/media?parent=15646"}],"wp:term":[{"taxonomy":"category","embeddable":true,"href":"https:\/\/destinocastillayleon.es\/index\/wp-json\/wp\/v2\/categories?post=15646"},{"taxonomy":"post_tag","embeddable":true,"href":"https:\/\/destinocastillayleon.es\/index\/wp-json\/wp\/v2\/tags?post=15646"}],"curies":[{"name":"wp","href":"https:\/\/api.w.org\/{rel}","templated":true}]}}