{"id":15454,"date":"2014-08-13T11:55:52","date_gmt":"2014-08-13T11:55:52","guid":{"rendered":"http:\/\/destinocastillayleon.es\/index\/?p=15454"},"modified":"2018-02-08T00:53:02","modified_gmt":"2018-02-07T23:53:02","slug":"actividades-culturales-en-la-villa-la-olmeda","status":"publish","type":"post","link":"https:\/\/destinocastillayleon.es\/index\/actividades-culturales-en-la-villa-la-olmeda\/","title":{"rendered":"Actividades Culturales en la Villa Romana la Olmeda"},"content":{"rendered":"<p>La Villa Romana la Olmeda (Palencia), adem\u00e1s de conservar una de las mejores colecciones de mosaicos romanos de todo el pa\u00eds,<strong> ofrece durante todo el a\u00f1o numerosas actividades culturales<\/strong>, para ni\u00f1os y mayores. \u00bfTe apuntas?<\/p>\n<p>Aqu\u00ed tienes el programa:<br \/>\n<H2>Programa cultural en la Villa Romana la Olmeda<\/h2>\n<h3><span style=\"color: #000000;\">AGOSTO<\/span><\/h3>\n<p><span style=\"color: #333399;\"><strong>2 de Agosto<\/strong> <\/span><\/p>\n<p><em><span style=\"color: #000000;\">S\u00e1bado &#8211; 10,30 a 17,30 horas.<strong> CAMPAMENTO ROMANO.<\/strong> \u201cPeque\u00f1os Arque\u00f3logos\u201d<\/span><\/em><\/p>\n<p><span style=\"color: #333399;\"><strong>9 de Agosto<\/strong> <\/span><\/p>\n<p><em><span style=\"color: #000000;\">S\u00e1bado &#8211; 11,00 a 13,30 horas. <strong>Taller Infantil de Arqueolog\u00eda.<\/strong> \u201cLa Olmeda una casa en el campo\u201d. Inscripci\u00f3n previa. Plazas limitadas. Edades de 7 a 12 a\u00f1os<\/span><\/em><\/p>\n<p><span style=\"color: #333399;\"><strong>15 de Agosto<\/strong> <\/span><\/p>\n<p><em><span style=\"color: #000000;\">Viernes &#8211; 17,30 horas. <strong>TEATRO: La Comedia de la Olla\u201d<\/strong> de Plauto. La Bicicleta. Grupo de Teatro.<\/span><\/em><\/p>\n<p><span style=\"color: #333399;\"><strong>16 de Agosto<\/strong> <\/span><\/p>\n<p><em><span style=\"color: #000000;\">S\u00e1bado &#8211; 11,00 a 13,30 horas. Taller Infantil de Arqueolog\u00eda. \u201cCrea un mosaico\u201d. Plazas limitadas previa inscripci\u00f3n. Edades de 7 a 12 a\u00f1os. 10,30 a 17,30 horas.\u00a0<\/span><strong>CAMPAMENTO ROMANO<\/strong>. \u201cPeque\u00f1os Arque\u00f3logos\u201d<\/em><\/p>\n<p><span style=\"color: #333399;\"><strong>23 de Agosto<\/strong> <\/span><\/p>\n<p><em><span style=\"color: #000000;\">S\u00e1bado &#8211; 11,00 a 13,30 horas. Taller Infantil de Arqueolog\u00eda. <strong>\u201cLa Olmeda una casa en el campo\u201d.<\/strong> Inscripci\u00f3n previa. Plazas limitadas. Edades de 7 a 12 a\u00f1os<\/span><\/em><\/p>\n<p><span style=\"color: #333399;\"><strong>30 de Agosto<\/strong> <\/span><\/p>\n<p><em><span style=\"color: #000000;\">S\u00e1bado &#8211; 11,00 a 13,30 horas. Taller Infantil de Arqueolog\u00eda. <strong>\u201cCrea un mosaico\u201d.<\/strong> Plazas limitadas previa inscripci\u00f3n. Edades de 7 a 12 a\u00f1os.<\/span><\/em><\/p>\n<p>&nbsp;<\/p>\n<p><a data-size=\"640x480\" href=\"http:\/\/destinocastillayleon.es\/index\/wp-content\/uploads\/2014\/08\/Talleres-infantiles2.jpg\"><img decoding=\"async\" class=\"aligncenter size-full wp-image-15463\" src=\"http:\/\/destinocastillayleon.es\/index\/wp-content\/uploads\/2014\/08\/Talleres-infantiles2.jpg\" alt=\"Talleres infantiles\" width=\"640\" height=\"480\" srcset=\"https:\/\/destinocastillayleon.es\/index\/wp-content\/uploads\/2014\/08\/Talleres-infantiles2.jpg 640w, https:\/\/destinocastillayleon.es\/index\/wp-content\/uploads\/2014\/08\/Talleres-infantiles2-300x225.jpg 300w\" sizes=\"(max-width: 640px) 100vw, 640px\" \/><\/a><\/p>\n<p>&nbsp;<\/p>\n<h3><span style=\"color: #000000;\">SEPTIEMBRE<\/span><\/h3>\n<p><span style=\"color: #333399;\"><strong>6 de Septiembre<\/strong><\/span><\/p>\n<p><em><span style=\"color: #000000;\"> S\u00e1bado &#8211; 11,00 a 13,30 horas. Taller Infantil de Arqueolog\u00eda. <strong>\u201cLa Olmeda una casa en el campo\u201d.<\/strong> Inscripci\u00f3n previa. Plazas limitadas. Edades de 7 a 12 a\u00f1os<\/span><\/em><\/p>\n<p><span style=\"color: #333399;\"><strong>13 de Septiembre<\/strong> <\/span><\/p>\n<p><em><span style=\"color: #000000;\">S\u00e1bado &#8211; 11,00 a 13,03 horas. Taller Infantil de Arqueolog\u00eda<strong>. \u201cCrea un mosaico\u201d.<\/strong> Plazas limitadas previa inscripci\u00f3n. Edades de 7 a 12 a\u00f1os<\/span><\/em><\/p>\n<p><span style=\"color: #333399;\"><strong>20 de Septiembre<\/strong> <\/span><\/p>\n<p><em><span style=\"color: #000000;\">S\u00e1bado &#8211; 11,00 a 13,30 horas. <strong>Taller Infantil de Arqueolog\u00eda<\/strong>. \u201cLa Olmeda una casa en el campo\u201d. Inscripci\u00f3n previa. Plazas limitadas. Edades de 7 a 12 a\u00f1os<\/span><\/em><\/p>\n<p><span style=\"color: #333399;\"><strong>20 y 21 de Septiembre<\/strong>\u00a0<\/span><\/p>\n<p><span style=\"color: #000000;\"><strong>PALADIO EN LA OLMEDA.<\/strong> Las tareas agr\u00edcolas en el mes de Septiembre. Recreaci<em>\u00f3n hist\u00f3rica sobre las t\u00e9cnicas agr\u00edcolas romanas del oto\u00f1o, una receta gastron\u00f3mica \u201cEl Millium\u201d, y una degustaci\u00f3n acompa\u00f1ado de la bebida que se produc\u00eda en este mes <strong>\u201cEl Coroenum\u201d<\/strong>. S\u00e1bado 20 de 11,00 a 14,00 horas. Domingo 21 de 11,00 a 14,00 horas.<\/em><\/span><\/p>\n<p><span style=\"color: #333399;\"><strong>27 de Septiembre<\/strong> <\/span><\/p>\n<p><span style=\"color: #000000;\">S\u00e1bado &#8211; 1<em>1,00 a 13,30 horas. Taller Infantil de Arqueolog\u00eda. \u201cCrea un mosaico\u201d. Plazas limitadas previa inscripci\u00f3n. Edades de 7 a 12 a\u00f1os. 12.00 a 13.30 horas \/ 17.00 a 18.30 h.: <strong>CONFERENCIA: LOS OFICIOS DE CONSTRUCCI\u00d3N EN LA \u00c9POCA ROMANA<\/strong>. Un recorrido por los \u201cfabri\u201d. Carlos Fernandez Ant\u00f3n, Ingeniero de Caminos e Historiador.<\/em><\/span><\/p>\n<p><span style=\"color: #333399;\"><strong>29 de Septiembre<\/strong>\u00a0<\/span><\/p>\n<p><span style=\"color: #000000;\"> C<em>onvocatoria <strong>II CONCURSO DE CREACI\u00d3N AUDIOVISUAL<\/strong> \u201cLA MIRADA LA OLMEDA\u201d<\/em><\/span><\/p>\n<figure id=\"attachment_15464\" aria-describedby=\"caption-attachment-15464\" style=\"width: 640px\" class=\"wp-caption aligncenter\"><a data-size=\"640x480\" href=\"http:\/\/destinocastillayleon.es\/index\/wp-content\/uploads\/2014\/08\/10487192_805643469469815_5963783554849990153_n.jpg\"><img decoding=\"async\" class=\"wp-image-15464 size-full\" src=\"http:\/\/destinocastillayleon.es\/index\/wp-content\/uploads\/2014\/08\/10487192_805643469469815_5963783554849990153_n.jpg\" alt=\"la Olmeda\" width=\"640\" height=\"480\" srcset=\"https:\/\/destinocastillayleon.es\/index\/wp-content\/uploads\/2014\/08\/10487192_805643469469815_5963783554849990153_n.jpg 640w, https:\/\/destinocastillayleon.es\/index\/wp-content\/uploads\/2014\/08\/10487192_805643469469815_5963783554849990153_n-300x225.jpg 300w\" sizes=\"(max-width: 640px) 100vw, 640px\" \/><\/a><figcaption id=\"caption-attachment-15464\" class=\"wp-caption-text\">Los ni\u00f1os se lo pasan en grande aprendiendo arqueolog\u00eda en la Villa Romana la Olmeda (Palencia)<\/figcaption><\/figure><\/blockquote>\n<p><strong><span style=\"color: #000000;\">OCTUBRE<\/span><\/strong><\/p>\n<p><span style=\"color: #333399;\"><strong>11, 12 y 13 de Octubre <\/strong><\/span><\/p>\n<p><em><span style=\"color: #000000;\"><strong>EL VINO EN LA \u00c9POCA DE CESAR AUGUSTO<\/strong>. AD CUCUMAS. \u201cLA MEDITRINALIA\u201d. D\u00eda 11 de 11,00 a 14,00 y de 16,00 a 18,00 horas; D\u00eda 12 y 13 de 11,00 a 14,00 horas.<\/span><\/em><\/p>\n<p><span style=\"color: #333399;\"><strong>Del 21 al 24 de Octubre <\/strong><\/span><\/p>\n<p><em><span style=\"color: #000000;\"><strong>CINE ARQUEOL\u00d3GICO<\/strong>. FESTIVAL INTERNACIONAL DE CINE ARQUEOL\u00d3GICO DEL BIDASOA. FICAB. Muestra de cine arqueol\u00f3gico \u201cLa Olmeda\u201d. Se proyectar\u00e1n 14 documentales.<\/span><\/em><\/p>\n<h3><span style=\"color: #000000;\">NOVIEMBRE<\/span><\/h3>\n<p><strong><span style=\"color: #333399;\">5, 6 y 7 de Noviembre. <\/span><\/strong><\/p>\n<p><em><span style=\"color: #000000;\">Curso <strong>\u201cCORRUPTA ROMA: 2.200 a\u00f1os del Esc\u00e1ndalo de las Bacanales\u00bb<\/strong>. 100 plazas.<\/span><\/em><\/p>\n<p><span style=\"color: #333399;\"><strong>Del 7 al 9 de Noviembre<\/strong><\/span><\/p>\n<p><span style=\"color: #000000;\"> CIN<em>E ARQUEOL\u00d3GICO. <strong>FESTIVAL INTERNACIONAL DE CINE ARQUEOL\u00d3GICO DEL BIDASOA<\/strong>. FICAB. Muestra de cine arqueol\u00f3gico \u201cLa<\/em> Olmeda\u201d. Villa Romana La Olmeda.<\/span><\/p>\n<figure id=\"attachment_15465\" aria-describedby=\"caption-attachment-15465\" style=\"width: 640px\" class=\"wp-caption aligncenter\"><a data-size=\"640x426\" href=\"http:\/\/destinocastillayleon.es\/index\/wp-content\/uploads\/2014\/08\/pintar-un-mosaico.jpg\"><img decoding=\"async\" class=\"wp-image-15465 size-full\" src=\"http:\/\/destinocastillayleon.es\/index\/wp-content\/uploads\/2014\/08\/pintar-un-mosaico.jpg\" alt=\"la Olmeda\" title=\"Pintar un mosaico\" width=\"640\" height=\"426\" srcset=\"https:\/\/destinocastillayleon.es\/index\/wp-content\/uploads\/2014\/08\/pintar-un-mosaico.jpg 640w, https:\/\/destinocastillayleon.es\/index\/wp-content\/uploads\/2014\/08\/pintar-un-mosaico-300x199.jpg 300w\" sizes=\"(max-width: 640px) 100vw, 640px\" \/><\/a><figcaption id=\"caption-attachment-15465\" class=\"wp-caption-text\">Taller de elaboraci\u00f3n de mosaicos con peque\u00f1as teselas<\/figcaption><\/figure><\/blockquote>\n<h3><span style=\"color: #000000;\">DICIEMBRE<\/span><\/h3>\n<p><span style=\"color: #333399;\"><strong>6, 7 y 8 de Diciembre<\/strong><\/span><\/p>\n<p><em><span style=\"color: #000000;\"><strong>LA HIGIENE EN EL MUNDO ROMANO<\/strong>. LOS BA\u00d1OS EN LA OLMEDA. Horario: 11,00; 13,00; 16,00 y 18,00 horas. 12 actividades. Recreaciones hist\u00f3ricas.<\/span><\/em><\/p>\n<p><em><span style=\"color: #000000;\">EXPOSICI\u00d3N.<strong> \u201cQU\u00c9 HICIERON POR NOSOTROS LOS ROMANOS\u201d<\/strong>. Desde el 6 de diciembre a abril de 2015. Ser\u00e1 itinerante por diversos espacios culturales de la provincia hasta el mes de junio de 2015.<\/span><\/em><\/p>\n<div class=\"contenedorInfoActividad\" style=\"color: #ffffff;\">\n<div class=\"tituloContenedorInfoAdicionalActividad\" style=\"font-weight: bold; color: #08899f;\"><span style=\"color: #000000;\">Informaci\u00f3n Adicional:<\/span><\/div>\n<div class=\"textoContenedorInfoActividad\">\n<div class=\"enlaceContenido\">\n<p><span style=\"color: #000000;\"><a href=\"http:\/\/www.villaromanalaolmeda.com\/export\/sites\/villaromana\/otrosContenidos\/actividad\/2014\/documentos_actividades_2014\/FOLLETO_CULTURA_A_LA_ROMANA_2014.pdf\" target=\"_blank\"><span style=\"color: #000000;\">Descarga en PDF el Programa Cultura \u00aba la romana\u00bb<\/span><\/a><\/span><\/p>\n<div class=\"tituloContenedorInfoActividad\" style=\"font-weight: bold; color: #08899f;\"><span style=\"color: #000000;\">Solicitud o inscripci\u00f3n:<\/span><\/div>\n<div class=\"textoContenedorInfoActividad\"><span style=\"color: #000000;\">Plazo:\u00a0De 26\/04\/2014 a 30\/04\/2015<\/span><\/div>\n<div class=\"textoContenedorInfoActividad\"><span style=\"color: #000000;\">Lugar:\u00a0Villa Romana La Olmeda. +INFO: 979 119 997 \/ info@villaromanalaolmeda.com<\/span><\/div>\n<div class=\"textoContenedorInfoActividad\"><\/div>\n<div class=\"textoContenedorInfoActividad\"><\/div>\n<p><span style=\"color: #000000;\"><strong>Art\u00edculos Relacionados:<\/strong><\/span><\/p>\n<\/p>\n<p><strong><span style=\"color: #000000;\">&#8211; <\/span><a href=\"http:\/\/www.villaromanalaolmeda.com\/contenido?id=431038f9-cfba-11e3-8f4b-fb9baaa14523&amp;idSeccion=mi_0\" target=\"_blank\">Villa romana la Olmeda, un fascinante viaje en el tiempo<\/a><\/strong><\/p>\n","protected":false},"excerpt":{"rendered":"<p>Conoce las actividades culturales que han preparado en la Villa Romana la Olmeda, Palencia, y que puedes realizar este verano.<\/p>\n","protected":false},"author":14,"featured_media":15466,"comment_status":"open","ping_status":"closed","sticky":false,"template":"","format":"standard","meta":{"rop_custom_images_group":[],"rop_custom_messages_group":[],"rop_publish_now":"initial","rop_publish_now_accounts":{"twitter_1150954226_1150954226":""},"rop_publish_now_history":[],"rop_publish_now_status":"pending","footnotes":""},"categories":[1343,42,4719,4717,68,45],"tags":[3169,3161,3162,769,3163,546,369,801,3167,3166,3168,3173,2173],"class_list":["post-15454","post","type-post","status-publish","format-standard","has-post-thumbnail","hentry","category-agenda","category-palencia","category-palencia-actualidad","category-palencia-turismo","category-post_inicial","category-provincias","tag-actividades-en-saldana","tag-agenda-cultural-villa-romana-de-la-olmeda","tag-agenda-de-ocio-de-palencia","tag-destino-castilla-y-leon","tag-que-ver-en-la-villa-romana-de-la-olmeda","tag-turismo-cultural","tag-turismo-en-castilla-y-leon","tag-turismo-en-palencia","tag-villa-romana-de-la-olmeda","tag-villa-romana-en-palencia","tag-villa-romana-en-saldana","tag-villa-romana-la-olmeda","tag-visitar-palencia"],"yoast_head":"<!-- This site is optimized with the Yoast SEO Premium plugin v20.4 (Yoast SEO v27.4) - https:\/\/yoast.com\/product\/yoast-seo-premium-wordpress\/ -->\n<title>Las actividades Culturales de la Villa Romana de la Olmeda<\/title>\n<meta name=\"description\" content=\"Conoce las actividades culturales que han preparado en la Villa Romana la Olmeda, Palencia, y que puedes realizar este verano.\" \/>\n<meta name=\"robots\" content=\"index, follow, max-snippet:-1, max-image-preview:large, max-video-preview:-1\" \/>\n<link rel=\"canonical\" href=\"https:\/\/destinocastillayleon.es\/index\/actividades-culturales-en-la-villa-la-olmeda\/\" \/>\n<meta property=\"og:locale\" content=\"es_ES\" \/>\n<meta property=\"og:type\" content=\"article\" \/>\n<meta property=\"og:title\" content=\"Conoce las actividades Culturales de la Villa Romana de la Olmeda, Palencia\" \/>\n<meta property=\"og:description\" content=\"Conoce las actividades culturales que han preparado en la Villa Romana la Olmeda, Palencia, y que puedes realizar este verano.\" \/>\n<meta property=\"og:url\" content=\"https:\/\/destinocastillayleon.es\/index\/actividades-culturales-en-la-villa-la-olmeda\/\" \/>\n<meta property=\"og:site_name\" content=\"Destino Castilla y Le\u00f3n\" \/>\n<meta property=\"article:publisher\" content=\"https:\/\/www.facebook.com\/DestinoCastillaYLeon\/\" \/>\n<meta property=\"article:published_time\" content=\"2014-08-13T11:55:52+00:00\" \/>\n<meta property=\"article:modified_time\" content=\"2018-02-07T23:53:02+00:00\" \/>\n<meta property=\"og:image\" content=\"https:\/\/destinocastillayleon.es\/index\/wp-content\/uploads\/2014\/08\/talleres-en-la-VRO.jpg\" \/>\n\t<meta property=\"og:image:width\" content=\"640\" \/>\n\t<meta property=\"og:image:height\" content=\"426\" \/>\n\t<meta property=\"og:image:type\" content=\"image\/jpeg\" \/>\n<meta name=\"author\" content=\"Destino CyL\" \/>\n<meta name=\"twitter:card\" content=\"summary_large_image\" \/>\n<meta name=\"twitter:title\" content=\"Conoce las actividades Culturales de la Villa Romana de la Olmeda, Palencia\" \/>\n<meta name=\"twitter:description\" content=\"Conoce las actividades culturales que han preparado en la Villa Romana la Olmeda, Palencia, y que puedes realizar este verano.\" \/>\n<meta name=\"twitter:image\" content=\"http:\/\/destinocastillayleon.es\/index\/wp-content\/uploads\/2014\/08\/talleres-en-la-VRO-300x199.jpg\" \/>\n<meta name=\"twitter:creator\" content=\"@destinocyl\" \/>\n<meta name=\"twitter:site\" content=\"@destinocyl\" \/>\n<meta name=\"twitter:label1\" content=\"Escrito por\" \/>\n\t<meta name=\"twitter:data1\" content=\"Destino CyL\" \/>\n\t<meta name=\"twitter:label2\" content=\"Tiempo de lectura\" \/>\n\t<meta name=\"twitter:data2\" content=\"3 minutos\" \/>\n<script type=\"application\/ld+json\" class=\"yoast-schema-graph\">{\"@context\":\"https:\\\/\\\/schema.org\",\"@graph\":[{\"@type\":\"Article\",\"@id\":\"https:\\\/\\\/destinocastillayleon.es\\\/index\\\/actividades-culturales-en-la-villa-la-olmeda\\\/#article\",\"isPartOf\":{\"@id\":\"https:\\\/\\\/destinocastillayleon.es\\\/index\\\/actividades-culturales-en-la-villa-la-olmeda\\\/\"},\"author\":{\"name\":\"Destino CyL\",\"@id\":\"https:\\\/\\\/destinocastillayleon.es\\\/index\\\/#\\\/schema\\\/person\\\/820bc853671969462e3e479c4ef6f253\"},\"headline\":\"Actividades Culturales en la Villa Romana la Olmeda\",\"datePublished\":\"2014-08-13T11:55:52+00:00\",\"dateModified\":\"2018-02-07T23:53:02+00:00\",\"mainEntityOfPage\":{\"@id\":\"https:\\\/\\\/destinocastillayleon.es\\\/index\\\/actividades-culturales-en-la-villa-la-olmeda\\\/\"},\"wordCount\":659,\"commentCount\":0,\"image\":{\"@id\":\"https:\\\/\\\/destinocastillayleon.es\\\/index\\\/actividades-culturales-en-la-villa-la-olmeda\\\/#primaryimage\"},\"thumbnailUrl\":\"https:\\\/\\\/destinocastillayleon.es\\\/index\\\/wp-content\\\/uploads\\\/2014\\\/08\\\/talleres-en-la-VRO.jpg\",\"keywords\":[\"actividades en Salda\u00f1a\",\"agenda cultural villa romana de la Olmeda\",\"agenda de ocio de Palencia\",\"Destino Castilla y Le\u00f3n\",\"que ver en la Villa Romana de la Olmeda\",\"Turismo cultural\",\"turismo en Castilla y Le\u00f3n\",\"Turismo en Palencia\",\"Villa Romana de la Olmeda\",\"Villa romana en Palencia\",\"villa romana en Salda\u00f1a\",\"villa romana la olmeda\",\"visitar Palencia\"],\"articleSection\":[\"Agenda\",\"Palencia\",\"Palencia actualidad\",\"Palencia turismo\",\"Post_inicial\",\"Provincias\"],\"inLanguage\":\"es\",\"potentialAction\":[{\"@type\":\"CommentAction\",\"name\":\"Comment\",\"target\":[\"https:\\\/\\\/destinocastillayleon.es\\\/index\\\/actividades-culturales-en-la-villa-la-olmeda\\\/#respond\"]}]},{\"@type\":\"WebPage\",\"@id\":\"https:\\\/\\\/destinocastillayleon.es\\\/index\\\/actividades-culturales-en-la-villa-la-olmeda\\\/\",\"url\":\"https:\\\/\\\/destinocastillayleon.es\\\/index\\\/actividades-culturales-en-la-villa-la-olmeda\\\/\",\"name\":\"Las actividades Culturales de la Villa Romana de la Olmeda\",\"isPartOf\":{\"@id\":\"https:\\\/\\\/destinocastillayleon.es\\\/index\\\/#website\"},\"primaryImageOfPage\":{\"@id\":\"https:\\\/\\\/destinocastillayleon.es\\\/index\\\/actividades-culturales-en-la-villa-la-olmeda\\\/#primaryimage\"},\"image\":{\"@id\":\"https:\\\/\\\/destinocastillayleon.es\\\/index\\\/actividades-culturales-en-la-villa-la-olmeda\\\/#primaryimage\"},\"thumbnailUrl\":\"https:\\\/\\\/destinocastillayleon.es\\\/index\\\/wp-content\\\/uploads\\\/2014\\\/08\\\/talleres-en-la-VRO.jpg\",\"datePublished\":\"2014-08-13T11:55:52+00:00\",\"dateModified\":\"2018-02-07T23:53:02+00:00\",\"author\":{\"@id\":\"https:\\\/\\\/destinocastillayleon.es\\\/index\\\/#\\\/schema\\\/person\\\/820bc853671969462e3e479c4ef6f253\"},\"description\":\"Conoce las actividades culturales que han preparado en la Villa Romana la Olmeda, Palencia, y que puedes realizar este verano.\",\"breadcrumb\":{\"@id\":\"https:\\\/\\\/destinocastillayleon.es\\\/index\\\/actividades-culturales-en-la-villa-la-olmeda\\\/#breadcrumb\"},\"inLanguage\":\"es\",\"potentialAction\":[{\"@type\":\"ReadAction\",\"target\":[\"https:\\\/\\\/destinocastillayleon.es\\\/index\\\/actividades-culturales-en-la-villa-la-olmeda\\\/\"]}]},{\"@type\":\"ImageObject\",\"inLanguage\":\"es\",\"@id\":\"https:\\\/\\\/destinocastillayleon.es\\\/index\\\/actividades-culturales-en-la-villa-la-olmeda\\\/#primaryimage\",\"url\":\"https:\\\/\\\/destinocastillayleon.es\\\/index\\\/wp-content\\\/uploads\\\/2014\\\/08\\\/talleres-en-la-VRO.jpg\",\"contentUrl\":\"https:\\\/\\\/destinocastillayleon.es\\\/index\\\/wp-content\\\/uploads\\\/2014\\\/08\\\/talleres-en-la-VRO.jpg\",\"width\":640,\"height\":426},{\"@type\":\"BreadcrumbList\",\"@id\":\"https:\\\/\\\/destinocastillayleon.es\\\/index\\\/actividades-culturales-en-la-villa-la-olmeda\\\/#breadcrumb\",\"itemListElement\":[{\"@type\":\"ListItem\",\"position\":1,\"name\":\"Portada\",\"item\":\"https:\\\/\\\/destinocastillayleon.es\\\/index\\\/\"},{\"@type\":\"ListItem\",\"position\":2,\"name\":\"Actividades Culturales en la Villa Romana la Olmeda\"}]},{\"@type\":\"WebSite\",\"@id\":\"https:\\\/\\\/destinocastillayleon.es\\\/index\\\/#website\",\"url\":\"https:\\\/\\\/destinocastillayleon.es\\\/index\\\/\",\"name\":\"Destino Castilla y Le\u00f3n\",\"description\":\"Medio digital independiente y revista de Castilla y Le\u00f3n dedicado al turismo, gastronom\u00eda y vino de Castilla y Le\u00f3n\",\"potentialAction\":[{\"@type\":\"SearchAction\",\"target\":{\"@type\":\"EntryPoint\",\"urlTemplate\":\"https:\\\/\\\/destinocastillayleon.es\\\/index\\\/?s={search_term_string}\"},\"query-input\":{\"@type\":\"PropertyValueSpecification\",\"valueRequired\":true,\"valueName\":\"search_term_string\"}}],\"inLanguage\":\"es\"},{\"@type\":\"Person\",\"@id\":\"https:\\\/\\\/destinocastillayleon.es\\\/index\\\/#\\\/schema\\\/person\\\/820bc853671969462e3e479c4ef6f253\",\"name\":\"Destino CyL\",\"image\":{\"@type\":\"ImageObject\",\"inLanguage\":\"es\",\"@id\":\"https:\\\/\\\/secure.gravatar.com\\\/avatar\\\/3ab58882c96a1f667e4b7004a344de8a7e22e7396dda91bd580baf77b48c2711?s=96&d=mm&r=g\",\"url\":\"https:\\\/\\\/secure.gravatar.com\\\/avatar\\\/3ab58882c96a1f667e4b7004a344de8a7e22e7396dda91bd580baf77b48c2711?s=96&d=mm&r=g\",\"contentUrl\":\"https:\\\/\\\/secure.gravatar.com\\\/avatar\\\/3ab58882c96a1f667e4b7004a344de8a7e22e7396dda91bd580baf77b48c2711?s=96&d=mm&r=g\",\"caption\":\"Destino CyL\"},\"description\":\"Equipo de redacci\u00f3n de Destino Castilla y Le\u00f3n\",\"sameAs\":[\"http:\\\/\\\/www.destinocastillayleon.es\"],\"url\":\"https:\\\/\\\/destinocastillayleon.es\\\/index\\\/author\\\/administrador\\\/\"}]}<\/script>\n<!-- \/ Yoast SEO Premium plugin. -->","yoast_head_json":{"title":"Las actividades Culturales de la Villa Romana de la Olmeda","description":"Conoce las actividades culturales que han preparado en la Villa Romana la Olmeda, Palencia, y que puedes realizar este verano.","robots":{"index":"index","follow":"follow","max-snippet":"max-snippet:-1","max-image-preview":"max-image-preview:large","max-video-preview":"max-video-preview:-1"},"canonical":"https:\/\/destinocastillayleon.es\/index\/actividades-culturales-en-la-villa-la-olmeda\/","og_locale":"es_ES","og_type":"article","og_title":"Conoce las actividades Culturales de la Villa Romana de la Olmeda, Palencia","og_description":"Conoce las actividades culturales que han preparado en la Villa Romana la Olmeda, Palencia, y que puedes realizar este verano.","og_url":"https:\/\/destinocastillayleon.es\/index\/actividades-culturales-en-la-villa-la-olmeda\/","og_site_name":"Destino Castilla y Le\u00f3n","article_publisher":"https:\/\/www.facebook.com\/DestinoCastillaYLeon\/","article_published_time":"2014-08-13T11:55:52+00:00","article_modified_time":"2018-02-07T23:53:02+00:00","og_image":[{"width":640,"height":426,"url":"https:\/\/destinocastillayleon.es\/index\/wp-content\/uploads\/2014\/08\/talleres-en-la-VRO.jpg","type":"image\/jpeg"}],"author":"Destino CyL","twitter_card":"summary_large_image","twitter_title":"Conoce las actividades Culturales de la Villa Romana de la Olmeda, Palencia","twitter_description":"Conoce las actividades culturales que han preparado en la Villa Romana la Olmeda, Palencia, y que puedes realizar este verano.","twitter_image":"http:\/\/destinocastillayleon.es\/index\/wp-content\/uploads\/2014\/08\/talleres-en-la-VRO-300x199.jpg","twitter_creator":"@destinocyl","twitter_site":"@destinocyl","twitter_misc":{"Escrito por":"Destino CyL","Tiempo de lectura":"3 minutos"},"schema":{"@context":"https:\/\/schema.org","@graph":[{"@type":"Article","@id":"https:\/\/destinocastillayleon.es\/index\/actividades-culturales-en-la-villa-la-olmeda\/#article","isPartOf":{"@id":"https:\/\/destinocastillayleon.es\/index\/actividades-culturales-en-la-villa-la-olmeda\/"},"author":{"name":"Destino CyL","@id":"https:\/\/destinocastillayleon.es\/index\/#\/schema\/person\/820bc853671969462e3e479c4ef6f253"},"headline":"Actividades Culturales en la Villa Romana la Olmeda","datePublished":"2014-08-13T11:55:52+00:00","dateModified":"2018-02-07T23:53:02+00:00","mainEntityOfPage":{"@id":"https:\/\/destinocastillayleon.es\/index\/actividades-culturales-en-la-villa-la-olmeda\/"},"wordCount":659,"commentCount":0,"image":{"@id":"https:\/\/destinocastillayleon.es\/index\/actividades-culturales-en-la-villa-la-olmeda\/#primaryimage"},"thumbnailUrl":"https:\/\/destinocastillayleon.es\/index\/wp-content\/uploads\/2014\/08\/talleres-en-la-VRO.jpg","keywords":["actividades en Salda\u00f1a","agenda cultural villa romana de la Olmeda","agenda de ocio de Palencia","Destino Castilla y Le\u00f3n","que ver en la Villa Romana de la Olmeda","Turismo cultural","turismo en Castilla y Le\u00f3n","Turismo en Palencia","Villa Romana de la Olmeda","Villa romana en Palencia","villa romana en Salda\u00f1a","villa romana la olmeda","visitar Palencia"],"articleSection":["Agenda","Palencia","Palencia actualidad","Palencia turismo","Post_inicial","Provincias"],"inLanguage":"es","potentialAction":[{"@type":"CommentAction","name":"Comment","target":["https:\/\/destinocastillayleon.es\/index\/actividades-culturales-en-la-villa-la-olmeda\/#respond"]}]},{"@type":"WebPage","@id":"https:\/\/destinocastillayleon.es\/index\/actividades-culturales-en-la-villa-la-olmeda\/","url":"https:\/\/destinocastillayleon.es\/index\/actividades-culturales-en-la-villa-la-olmeda\/","name":"Las actividades Culturales de la Villa Romana de la Olmeda","isPartOf":{"@id":"https:\/\/destinocastillayleon.es\/index\/#website"},"primaryImageOfPage":{"@id":"https:\/\/destinocastillayleon.es\/index\/actividades-culturales-en-la-villa-la-olmeda\/#primaryimage"},"image":{"@id":"https:\/\/destinocastillayleon.es\/index\/actividades-culturales-en-la-villa-la-olmeda\/#primaryimage"},"thumbnailUrl":"https:\/\/destinocastillayleon.es\/index\/wp-content\/uploads\/2014\/08\/talleres-en-la-VRO.jpg","datePublished":"2014-08-13T11:55:52+00:00","dateModified":"2018-02-07T23:53:02+00:00","author":{"@id":"https:\/\/destinocastillayleon.es\/index\/#\/schema\/person\/820bc853671969462e3e479c4ef6f253"},"description":"Conoce las actividades culturales que han preparado en la Villa Romana la Olmeda, Palencia, y que puedes realizar este verano.","breadcrumb":{"@id":"https:\/\/destinocastillayleon.es\/index\/actividades-culturales-en-la-villa-la-olmeda\/#breadcrumb"},"inLanguage":"es","potentialAction":[{"@type":"ReadAction","target":["https:\/\/destinocastillayleon.es\/index\/actividades-culturales-en-la-villa-la-olmeda\/"]}]},{"@type":"ImageObject","inLanguage":"es","@id":"https:\/\/destinocastillayleon.es\/index\/actividades-culturales-en-la-villa-la-olmeda\/#primaryimage","url":"https:\/\/destinocastillayleon.es\/index\/wp-content\/uploads\/2014\/08\/talleres-en-la-VRO.jpg","contentUrl":"https:\/\/destinocastillayleon.es\/index\/wp-content\/uploads\/2014\/08\/talleres-en-la-VRO.jpg","width":640,"height":426},{"@type":"BreadcrumbList","@id":"https:\/\/destinocastillayleon.es\/index\/actividades-culturales-en-la-villa-la-olmeda\/#breadcrumb","itemListElement":[{"@type":"ListItem","position":1,"name":"Portada","item":"https:\/\/destinocastillayleon.es\/index\/"},{"@type":"ListItem","position":2,"name":"Actividades Culturales en la Villa Romana la Olmeda"}]},{"@type":"WebSite","@id":"https:\/\/destinocastillayleon.es\/index\/#website","url":"https:\/\/destinocastillayleon.es\/index\/","name":"Destino Castilla y Le\u00f3n","description":"Medio digital independiente y revista de Castilla y Le\u00f3n dedicado al turismo, gastronom\u00eda y vino de Castilla y Le\u00f3n","potentialAction":[{"@type":"SearchAction","target":{"@type":"EntryPoint","urlTemplate":"https:\/\/destinocastillayleon.es\/index\/?s={search_term_string}"},"query-input":{"@type":"PropertyValueSpecification","valueRequired":true,"valueName":"search_term_string"}}],"inLanguage":"es"},{"@type":"Person","@id":"https:\/\/destinocastillayleon.es\/index\/#\/schema\/person\/820bc853671969462e3e479c4ef6f253","name":"Destino CyL","image":{"@type":"ImageObject","inLanguage":"es","@id":"https:\/\/secure.gravatar.com\/avatar\/3ab58882c96a1f667e4b7004a344de8a7e22e7396dda91bd580baf77b48c2711?s=96&d=mm&r=g","url":"https:\/\/secure.gravatar.com\/avatar\/3ab58882c96a1f667e4b7004a344de8a7e22e7396dda91bd580baf77b48c2711?s=96&d=mm&r=g","contentUrl":"https:\/\/secure.gravatar.com\/avatar\/3ab58882c96a1f667e4b7004a344de8a7e22e7396dda91bd580baf77b48c2711?s=96&d=mm&r=g","caption":"Destino CyL"},"description":"Equipo de redacci\u00f3n de Destino Castilla y Le\u00f3n","sameAs":["http:\/\/www.destinocastillayleon.es"],"url":"https:\/\/destinocastillayleon.es\/index\/author\/administrador\/"}]}},"_links":{"self":[{"href":"https:\/\/destinocastillayleon.es\/index\/wp-json\/wp\/v2\/posts\/15454","targetHints":{"allow":["GET"]}}],"collection":[{"href":"https:\/\/destinocastillayleon.es\/index\/wp-json\/wp\/v2\/posts"}],"about":[{"href":"https:\/\/destinocastillayleon.es\/index\/wp-json\/wp\/v2\/types\/post"}],"author":[{"embeddable":true,"href":"https:\/\/destinocastillayleon.es\/index\/wp-json\/wp\/v2\/users\/14"}],"replies":[{"embeddable":true,"href":"https:\/\/destinocastillayleon.es\/index\/wp-json\/wp\/v2\/comments?post=15454"}],"version-history":[{"count":14,"href":"https:\/\/destinocastillayleon.es\/index\/wp-json\/wp\/v2\/posts\/15454\/revisions"}],"predecessor-version":[{"id":27501,"href":"https:\/\/destinocastillayleon.es\/index\/wp-json\/wp\/v2\/posts\/15454\/revisions\/27501"}],"wp:featuredmedia":[{"embeddable":true,"href":"https:\/\/destinocastillayleon.es\/index\/wp-json\/wp\/v2\/media\/15466"}],"wp:attachment":[{"href":"https:\/\/destinocastillayleon.es\/index\/wp-json\/wp\/v2\/media?parent=15454"}],"wp:term":[{"taxonomy":"category","embeddable":true,"href":"https:\/\/destinocastillayleon.es\/index\/wp-json\/wp\/v2\/categories?post=15454"},{"taxonomy":"post_tag","embeddable":true,"href":"https:\/\/destinocastillayleon.es\/index\/wp-json\/wp\/v2\/tags?post=15454"}],"curies":[{"name":"wp","href":"https:\/\/api.w.org\/{rel}","templated":true}]}}