{"id":15437,"date":"2014-08-13T11:13:55","date_gmt":"2014-08-13T11:13:55","guid":{"rendered":"http:\/\/destinocastillayleon.es\/index\/?p=15437"},"modified":"2018-02-08T00:53:19","modified_gmt":"2018-02-07T23:53:19","slug":"villa-romana-la-olmeda","status":"publish","type":"post","link":"https:\/\/destinocastillayleon.es\/index\/villa-romana-la-olmeda\/","title":{"rendered":"Villa romana la Olmeda, un fascinante viaje en el tiempo"},"content":{"rendered":"<p style=\"text-align: justify;\">Lo que no pod\u00eda imaginar el<strong> se\u00f1or Javier Cort\u00e9s el verano de 1968<\/strong>, es que aquellas piezas de cer\u00e1mica que surg\u00edan de la tierra mientras faenaba en el campo, ser\u00edan los restos de una magn\u00edfica villa romana que <strong>cambiaron el rumbo de su vida<\/strong> y de la localidad palentina donde \u00e9l resid\u00eda: <strong>Salda\u00f1a.<\/strong><\/p>\n<figure id=\"attachment_15439\" aria-describedby=\"caption-attachment-15439\" style=\"width: 640px\" class=\"wp-caption aligncenter\"><a data-size=\"640x427\" href=\"http:\/\/destinocastillayleon.es\/index\/wp-content\/uploads\/2014\/08\/Fachada-de-la-villa-romana-de-la-Olmeda.jpg\"><img decoding=\"async\" class=\"wp-image-15439 size-full\" src=\"http:\/\/destinocastillayleon.es\/index\/wp-content\/uploads\/2014\/08\/Fachada-de-la-villa-romana-de-la-Olmeda.jpg\" alt=\"Fachada de la villa romana la Olmeda\" width=\"640\" height=\"427\" srcset=\"https:\/\/destinocastillayleon.es\/index\/wp-content\/uploads\/2014\/08\/Fachada-de-la-villa-romana-de-la-Olmeda.jpg 640w, https:\/\/destinocastillayleon.es\/index\/wp-content\/uploads\/2014\/08\/Fachada-de-la-villa-romana-de-la-Olmeda-300x200.jpg 300w\" sizes=\"(max-width: 640px) 100vw, 640px\" \/><\/a><figcaption id=\"caption-attachment-15439\" class=\"wp-caption-text\">En los \u00faltimos a\u00f1os la Diputaci\u00f3n de Palencia ha llevado a cabo importantes obras para su conservaci\u00f3n como la innovadora estructura que cubre todo el recinto, aportando un nuevo sentido museistico al recinto<\/figcaption><\/figure>\n<h2 style=\"text-align: justify;\">Primeras excavaciones en la Villa romana la Olmeda<\/h2>\n<p style=\"text-align: justify;\">Con la ayuda de varios vecinos se hicieron las primeras excavaciones. <strong>Con unas palas y unos cubos de agua <\/strong>para ablandar el terreno, pronto aparecieron las primeras se\u00f1ales de que a pocos metros bajo la tierra yac\u00eda algo importante. <strong>Restos de cer\u00e1micas y peque\u00f1as teselas<\/strong> iban surgiendo a la superficie. <strong>\u00bfQu\u00e9 habr\u00eda all\u00ed abajo?<\/strong> Javier Cort\u00e9s tuvo una corazonada. \u00c9l sab\u00eda que deb\u00edan seguir excavando.<\/p>\n<figure id=\"attachment_15440\" aria-describedby=\"caption-attachment-15440\" style=\"width: 640px\" class=\"wp-caption aligncenter\"><a data-size=\"640x444\" href=\"http:\/\/destinocastillayleon.es\/index\/wp-content\/uploads\/2014\/08\/06-Mosaico_del_Oecus._Aquiles_y_una_de_las_hijas_de_Licomedes_alta.png\" target=\"_blank\" rel=\"http:\/\/www.villaromanalaolmeda.com\/\"><img decoding=\"async\" class=\"wp-image-15440 size-full\" title=\"Mosaico del Oecus: Aquiles y una de las hijas de Licomedes\" src=\"http:\/\/destinocastillayleon.es\/index\/wp-content\/uploads\/2014\/08\/06-Mosaico_del_Oecus._Aquiles_y_una_de_las_hijas_de_Licomedes_alta.png\" alt=\"06-Mosaico_del_Oecus._Aquiles_y_una_de_las_hijas_de_Licomedes_alta\" width=\"640\" height=\"444\" srcset=\"https:\/\/destinocastillayleon.es\/index\/wp-content\/uploads\/2014\/08\/06-Mosaico_del_Oecus._Aquiles_y_una_de_las_hijas_de_Licomedes_alta.png 640w, https:\/\/destinocastillayleon.es\/index\/wp-content\/uploads\/2014\/08\/06-Mosaico_del_Oecus._Aquiles_y_una_de_las_hijas_de_Licomedes_alta-300x208.png 300w\" sizes=\"(max-width: 640px) 100vw, 640px\" \/><\/a><figcaption id=\"caption-attachment-15440\" class=\"wp-caption-text\">Mosaico del Oecus: Aquiles y una de las hijas de Licomedes<\/figcaption><\/figure>\n<p style=\"text-align: justify;\">Durante m\u00e1s de una d\u00e9cada, <strong>Javier Cort\u00e9s descubri\u00f3 buena parte de los maravillosos mosaicos<\/strong> de la Villa Romana la Olmeda, dedicando su vida y patrimonio personal en este gran sue\u00f1o. En peque\u00f1as cajas de cart\u00f3n iba almacenando por colores y tama\u00f1os las decenas de teselas que iban apareciendo. Un laborioso trabajo del que Javier y sus compa\u00f1eros acabaron haci\u00e9ndose expertos.<\/p>\n<figure id=\"attachment_15438\" aria-describedby=\"caption-attachment-15438\" style=\"width: 640px\" class=\"wp-caption aligncenter\"><a data-size=\"640x427\" href=\"http:\/\/destinocastillayleon.es\/index\/wp-content\/uploads\/2014\/08\/Interior-de-la-Villa-Romana-de-la-Olmeda.jpg\" target=\"_blank\"><img decoding=\"async\" class=\"wp-image-15438 size-full\" title=\"Interior de la villa romana la Olmeda (Palencia) \" src=\"http:\/\/destinocastillayleon.es\/index\/wp-content\/uploads\/2014\/08\/Interior-de-la-Villa-Romana-de-la-Olmeda.jpg\" alt=\"Interior de la villa romana la Olmeda (Palencia) \" width=\"640\" height=\"427\" srcset=\"https:\/\/destinocastillayleon.es\/index\/wp-content\/uploads\/2014\/08\/Interior-de-la-Villa-Romana-de-la-Olmeda.jpg 640w, https:\/\/destinocastillayleon.es\/index\/wp-content\/uploads\/2014\/08\/Interior-de-la-Villa-Romana-de-la-Olmeda-300x200.jpg 300w\" sizes=\"(max-width: 640px) 100vw, 640px\" \/><\/a><figcaption id=\"caption-attachment-15438\" class=\"wp-caption-text\">El interior de la Villa Romana la Olmeda cuenta con unas pasarelas que facilitan el recorrido de la visita.<\/figcaption><\/figure>\n<h3 style=\"text-align: justify;\">La villa en la actualidad<\/h3>\n<p style=\"text-align: justify;\">Debido a que la extensi\u00f3n y contenido del yacimiento segu\u00eda creciendo y se dificultaba su gesti\u00f3n, <strong>en 1980 la Diputaci\u00f3n Provincial de Palencia se encarga de su preservaci\u00f3n y apertura al p\u00fablico<\/strong>. En 1996 la Villa fue declarada Bien de Inter\u00e9s Cultural. En los \u00faltimos a\u00f1os, la Diputaci\u00f3n de Palencia ha llevado a cabo importantes obras para su conservaci\u00f3n, como la <strong>innovadora estructura que cubre todo el recinto,<\/strong> aportando un nuevo sentido muse\u00edstico al espacio que ahora dispone tambi\u00e9n de una sala audiovisual, un restaurante y una interesante tienda y sala de actividades.<\/p>\n<p><a data-size=\"640x531\" href=\"http:\/\/destinocastillayleon.es\/index\/wp-content\/uploads\/2014\/08\/Detalle-mosaico-en-la-Villa-romana-de-la-Olmeda-Palencia.png\"><img decoding=\"async\" class=\"size-full wp-image-15441 aligncenter\" src=\"http:\/\/destinocastillayleon.es\/index\/wp-content\/uploads\/2014\/08\/Detalle-mosaico-en-la-Villa-romana-de-la-Olmeda-Palencia.png\" alt=\"Detalle mosaico en la Villa romana la Olmeda (Palencia)\" width=\"640\" height=\"531\" srcset=\"https:\/\/destinocastillayleon.es\/index\/wp-content\/uploads\/2014\/08\/Detalle-mosaico-en-la-Villa-romana-de-la-Olmeda-Palencia.png 640w, https:\/\/destinocastillayleon.es\/index\/wp-content\/uploads\/2014\/08\/Detalle-mosaico-en-la-Villa-romana-de-la-Olmeda-Palencia-300x248.png 300w\" sizes=\"(max-width: 640px) 100vw, 640px\" \/><\/a><\/p>\n<p style=\"text-align: justify;\">Seg\u00fan los expertos, <strong>la actual villa podr\u00eda estar asentada sobre otra construcci\u00f3n agraria del siglo I o II d.C.,<\/strong> aunque los restos que contemplamos datan del siglo IV, cuando se extendi\u00f3 la moda de vivir en el entorno rural entre la nobleza romana, <strong>lejos de las frecuentes conspiraciones<\/strong> durante el gobierno de los emperadores Constantino y Teodosio.<\/p>\n<p style=\"text-align: justify;\">Se desconocen las causas que llevaron a la familia romana a abandonar la casa<strong> en el s. VI d.C.<\/strong> Fue ocupada m\u00e1s adelante por otros habitantes que tras un tiempo, tambi\u00e9n abandonaron la construcci\u00f3n. Fue el tiempo quien se encarg\u00f3 de<strong> sepultar la villa bajo un manto de 80 cm de tierra.<\/strong><\/p>\n<h3 style=\"text-align: justify;\"><strong>Los mosaicos en la Olmeda<\/strong><\/h3>\n<p style=\"text-align: justify;\">En la actualidad, podemos disfrutar de la Villa Romana la Olmeda por 5 \u20ac\/persona, incluyendo <strong>una animada visita guiada por todo el recinto<\/strong>. Llama la atenci\u00f3n la <strong>riqu\u00edsima colecci\u00f3n de mosaicos conservados<\/strong>, sobretodo el <strong>Mosaico del<em>\u00a0Oecus<\/em><\/strong>, el m\u00e1s grande de todos,que nos habla de la leyenda del descubrimiento de Aquiles por Ulises, cuando Aquiles estaba oculto vestido de mujer en la isla de Skyros, en el palacio del rey Licomedes. En la escena, Ulises se\u00f1ala a Aquiles la direcci\u00f3n a Troya y las princesas, hijas del rey, tratan de impedir su marcha sabiendo que morir\u00e1 en la guerra.<\/p>\n<figure id=\"attachment_15442\" aria-describedby=\"caption-attachment-15442\" style=\"width: 640px\" class=\"wp-caption aligncenter\"><a data-size=\"527x531\" href=\"http:\/\/destinocastillayleon.es\/index\/wp-content\/uploads\/2014\/08\/Mosaico-de-Oecus_Villa-Romana-de-la-Olmeda-Palencia.png\" target=\"_blank\"><img decoding=\"async\" class=\"wp-image-15442 size-full\" title=\"Mosaico de Oecus_Villa Romana la Olmeda (Palencia)\" src=\"http:\/\/destinocastillayleon.es\/index\/wp-content\/uploads\/2014\/08\/Mosaico-de-Oecus_Villa-Romana-de-la-Olmeda-Palencia.png\" alt=\"Mosaico de Oecus_Villa Romana la Olmeda (Palencia)\" width=\"640\" height=\"645\" srcset=\"https:\/\/destinocastillayleon.es\/index\/wp-content\/uploads\/2014\/08\/Mosaico-de-Oecus_Villa-Romana-de-la-Olmeda-Palencia.png 527w, https:\/\/destinocastillayleon.es\/index\/wp-content\/uploads\/2014\/08\/Mosaico-de-Oecus_Villa-Romana-de-la-Olmeda-Palencia-150x150.png 150w, https:\/\/destinocastillayleon.es\/index\/wp-content\/uploads\/2014\/08\/Mosaico-de-Oecus_Villa-Romana-de-la-Olmeda-Palencia-297x300.png 297w\" sizes=\"(max-width: 640px) 100vw, 640px\" \/><\/a><figcaption id=\"caption-attachment-15442\" class=\"wp-caption-text\">Detalle del Mosaico de Oecus<\/figcaption><\/figure>\n<p>Son curiosas tambi\u00e9n<strong> las canalizaciones de agua originales<\/strong> que a\u00fan siguen en uso. Estas ca\u00f1er\u00edas recog\u00edan el agua de lluvia desde el <em>peristilo<\/em> (patio central), para desalojarlo fuera de la construcci\u00f3n.<\/p>\n<p style=\"text-align: justify;\">Entorno a este patio se abr\u00edan estancias <strong>dedicadas a la vida dom\u00e9stica,<\/strong> salones ricamente decorados para los propietarios de la hacienda y sus invitados. Las habitaciones de la planta superior, m\u00e1s peque\u00f1as y modestas, se destinaban para los trabajadores y sus familias.<\/p>\n<p style=\"text-align: justify;\">Se conservan restos de lo debieron ser<strong> los ba\u00f1os, con sus piscinas de aguas fr\u00edas y calientes<\/strong>, el gimnasio y las letrinas.<\/p>\n<p><center><iframe src=\"\/\/www.youtube.com\/embed\/JOO9H9XQV0o\" width=\"640\" height=\"360\" frameborder=\"0\" allowfullscreen=\"allowfullscreen\"><\/iframe><\/center>&nbsp;<\/p>\n<p style=\"text-align: justify;\">Otros restos encontrados en el \u00e1rea escavada demuestran la presencia de t<strong>res necr\u00f3polis con abundantes tumbas<\/strong> pertenecientes a diferentes periodos de la historia. Lo importante de estos restos es la presencia de ajuares funerarios, lo que permite conocer mejor<strong> la forma de vida de estos antepasados romanos.<\/strong><\/p>\n<p style=\"text-align: justify;\">Este material se ha trasladado a una iglesia desacralizada de San Pedro en Salda\u00f1a transformada tras su restauraci\u00f3n <strong>en el museo del yacimiento.<\/strong> Justo enfrente, en la Oficina de turismo, podr\u00e1s ver una <strong>exposici\u00f3n permanente dedicada a la vida de Javier Cort\u00e9s.<\/strong><\/p>\n<p style=\"text-align: justify;\">Durante todo el verano hay programadas numerosas actividades organizadas por Fundaci\u00f3n de la Villa La Olmeda como foros de difusi\u00f3n cultural, coloquios y presentaci\u00f3n de publicaciones. Tambi\u00e9n <strong>habr\u00e1 exposiciones, conciertos y talleres infantiles. <\/strong><\/p>\n<figure id=\"attachment_15446\" aria-describedby=\"caption-attachment-15446\" style=\"width: 640px\" class=\"wp-caption aligncenter\"><a data-size=\"640x480\" href=\"http:\/\/destinocastillayleon.es\/index\/wp-content\/uploads\/2014\/08\/Talleres-infantiles.jpg\" target=\"_blank\" rel=\"http:\/\/www.villaromanalaolmeda.com\/contenido?id=3dabdfe6-1592-11e4-8bac-fb9baaa14523\"><img decoding=\"async\" class=\"wp-image-15446 size-full\" title=\"Talleres infantiles en la Villa Romana la Olmeda\" src=\"http:\/\/destinocastillayleon.es\/index\/wp-content\/uploads\/2014\/08\/Talleres-infantiles.jpg\" alt=\"Talleres infantiles en la Villa Romana la Olmeda\" width=\"640\" height=\"480\" srcset=\"https:\/\/destinocastillayleon.es\/index\/wp-content\/uploads\/2014\/08\/Talleres-infantiles.jpg 640w, https:\/\/destinocastillayleon.es\/index\/wp-content\/uploads\/2014\/08\/Talleres-infantiles-300x225.jpg 300w\" sizes=\"(max-width: 640px) 100vw, 640px\" \/><\/a><figcaption id=\"caption-attachment-15446\" class=\"wp-caption-text\">talleres infantiles de arqueolog\u00eda y un taller sobre la importancia del retrato pintado en \u00e9poca romana.<\/figcaption><\/figure>\n<h3><strong>Informaci\u00f3n pr\u00e1ctica<br \/>\n<\/strong><\/h3>\n<p><strong>C\u00f3mo llegar:\u00a0<\/strong><\/p>\n<p>El yacimiento arqueol\u00f3gico La Olmeda se encuentra en las<strong> cercan\u00edas de la localidad de Pedrosa de la Vega y de Salda\u00f1a<\/strong>, en la zona central de la provincia de Palencia. En concreto, tenemos que llegar a Salda\u00f1a por la carretera CL-625. Antes de llegar, encontramos el cartel que nos desv\u00eda hacia esta villa del bajo imperio.<\/p>\n<p><strong>Informaci\u00f3n pr\u00e1ctica para las visitas:<\/strong><\/p>\n<ul>\n<ul>\n<li><strong>La villa puede visitarse sin necesidad de gu\u00eda.<\/strong> Hay indicado un itinerario recomendado para facilitar la visita\u00a0no guiada. Se cuenta adem\u00e1s con el apoyo de paneles informativos y\u00a0puntos interactivos.<\/li>\n<li><strong>El Museo Monogr\u00e1fico de la Villa Romana La Olmeda<\/strong>, instalado en la Iglesia de San Pedro de Salda\u00f1a, puede visitarse utilizando la misma entrada de acceso a la villa.<\/li>\n<li><strong>Enlace a la <a href=\"http:\/\/www.villaromanalaolmeda.com\/\" title=\"Link a la web oficial de la Villa romana la Olmeda\" target=\"_blank\">p\u00e1gina de web<\/a> de la Villa Romana la Olmeda.<\/li>\n<\/ul>\n<\/ul>\n<p><strong>Horario:<\/strong><\/p>\n<ul>\n<li>De Martes a Domingo: abierto de \u00a010,30 a 18,30 horas &#8211; Horario continuo<\/li>\n<li>Lunes Cerrado &#8211; Incluso festivos<\/li>\n<li>D\u00edas 1 y 6 de Enero: cerrado<\/li>\n<li>D\u00edas 24, 25 y 31 de Diciembre: cerrado<\/li>\n<li>Martes &#8211; Mi\u00e9rcoles &#8211; Jueves Visitas did\u00e1cticas de centros docentes (Previa petici\u00f3n de hora) De 10,30 a 14 horas<\/li>\n<li>Martes de 15 a 18,30 horas Entrada gratuita (Ley de Patrimonio)<\/li>\n<li>18 de Mayo Entrada gratuita (D\u00eda de los Museos)<\/li>\n<\/ul>\n<p><strong>\u00a1Un planazo para este verano! \ud83d\ude42<\/strong><\/p>\n<p>&nbsp;<\/p>\n<h4>Art\u00edculos Relacionados:\u00a0<\/h4>\n<p>&nbsp; &nbsp; <strong>\u2022 <\/strong><a href=\"http:\/\/destinocastillayleon.es\/index\/actividades-culturales-en-la-villa-romana-de-la-olmeda\/\" target=\"_blank\">Actividades Culturales en la Villa Romana la Olmeda<\/a><\/p>\n<p>&nbsp;<\/p>\n","protected":false},"excerpt":{"rendered":"<p>Acompa\u00f1anos a descubrir la Villa romana la Olmeda en Palencia, un fascinante viaje en el tiempo en una de las mejores villas del mundo<\/p>\n","protected":false},"author":6,"featured_media":15452,"comment_status":"open","ping_status":"closed","sticky":false,"template":"","format":"standard","meta":{"rop_custom_images_group":[],"rop_custom_messages_group":[],"rop_publish_now":"initial","rop_publish_now_accounts":{"twitter_1150954226_1150954226":""},"rop_publish_now_history":[],"rop_publish_now_status":"pending","footnotes":""},"categories":[77,385,42,4717,68,45,73,3471],"tags":[769,2317,2730,3170,369,4736,801,4202,3856,3167,3168,3173,2173],"class_list":["post-15437","post","type-post","status-publish","format-standard","has-post-thumbnail","hentry","category-actualidad-y-agenda-de-castilla-y-leon","category-historia-rutas-2","category-palencia","category-palencia-turismo","category-post_inicial","category-provincias","category-punto_singular","category-viajar-con-ninos-rutas-2","tag-destino-castilla-y-leon","tag-que-ver-en-palencia","tag-que-visitar-en-covrrubias","tag-restos-romanos-en-palencia","tag-turismo-en-castilla-y-leon","tag-turismo-en-familia-en-palencia","tag-turismo-en-palencia","tag-turismo-historico","tag-villa-la-olmeda","tag-villa-romana-de-la-olmeda","tag-villa-romana-en-saldana","tag-villa-romana-la-olmeda","tag-visitar-palencia"],"yoast_head":"<!-- This site is optimized with the Yoast SEO Premium plugin v20.4 (Yoast SEO v27.4) - https:\/\/yoast.com\/product\/yoast-seo-premium-wordpress\/ -->\n<title>Villa romana la Olmeda, un fascinante viaje en el tiempo<\/title>\n<meta name=\"description\" content=\"Acompa\u00f1anos a descubrir la Villa romana la Olmeda en Palencia, un fascinante viaje en el tiempo en una de las mejores villas del mundo\" \/>\n<meta name=\"robots\" content=\"index, follow, max-snippet:-1, max-image-preview:large, max-video-preview:-1\" \/>\n<link rel=\"canonical\" href=\"https:\/\/destinocastillayleon.es\/index\/villa-romana-la-olmeda\/\" \/>\n<meta property=\"og:locale\" content=\"es_ES\" \/>\n<meta property=\"og:type\" content=\"article\" \/>\n<meta property=\"og:title\" content=\"Villa romana la Olmeda, un fascinante viaje en el tiempo\" \/>\n<meta property=\"og:description\" content=\"Acompa\u00f1anos a descubrir la Villa romana de la Olmeda en Palencia, un fascinante viaje en el tiempo en una de las mejores villas del mundo\" \/>\n<meta property=\"og:url\" content=\"https:\/\/destinocastillayleon.es\/index\/villa-romana-la-olmeda\/\" \/>\n<meta property=\"og:site_name\" content=\"Destino Castilla y Le\u00f3n\" \/>\n<meta property=\"article:publisher\" content=\"https:\/\/www.facebook.com\/DestinoCastillaYLeon\/\" \/>\n<meta property=\"article:published_time\" content=\"2014-08-13T11:13:55+00:00\" \/>\n<meta property=\"article:modified_time\" content=\"2018-02-07T23:53:19+00:00\" \/>\n<meta property=\"og:image\" content=\"https:\/\/destinocastillayleon.es\/index\/wp-content\/uploads\/2014\/08\/Mosaico-del-Oecus-de-Aquiles.png\" \/>\n\t<meta property=\"og:image:width\" content=\"664\" \/>\n\t<meta property=\"og:image:height\" content=\"531\" \/>\n\t<meta property=\"og:image:type\" content=\"image\/png\" \/>\n<meta name=\"author\" content=\"Lola Hernandez\" \/>\n<meta name=\"twitter:card\" content=\"summary_large_image\" \/>\n<meta name=\"twitter:title\" content=\"Villa romana la Olmeda, un fascinante viaje en el tiempo\" \/>\n<meta name=\"twitter:description\" content=\"Acompa\u00f1anos a descubrir la Villa romana la Olmeda en Palencia, un fascinante viaje en el tiempo en una de las mejores villas del mundo\" \/>\n<meta name=\"twitter:image\" content=\"http:\/\/destinocastillayleon.es\/index\/wp-content\/uploads\/2014\/08\/Mosaico-del-Oecus-de-Aquiles-300x240.png\" \/>\n<meta name=\"twitter:creator\" content=\"@destinocyl\" \/>\n<meta name=\"twitter:site\" content=\"@destinocyl\" \/>\n<meta name=\"twitter:label1\" content=\"Escrito por\" \/>\n\t<meta name=\"twitter:data1\" content=\"Lola Hernandez\" \/>\n\t<meta name=\"twitter:label2\" content=\"Tiempo de lectura\" \/>\n\t<meta name=\"twitter:data2\" content=\"6 minutos\" \/>\n<script type=\"application\/ld+json\" class=\"yoast-schema-graph\">{\"@context\":\"https:\\\/\\\/schema.org\",\"@graph\":[{\"@type\":\"Article\",\"@id\":\"https:\\\/\\\/destinocastillayleon.es\\\/index\\\/villa-romana-la-olmeda\\\/#article\",\"isPartOf\":{\"@id\":\"https:\\\/\\\/destinocastillayleon.es\\\/index\\\/villa-romana-la-olmeda\\\/\"},\"author\":{\"name\":\"Lola Hernandez\",\"@id\":\"https:\\\/\\\/destinocastillayleon.es\\\/index\\\/#\\\/schema\\\/person\\\/49ffcb7eb307589ba529009335ed7767\"},\"headline\":\"Villa romana la Olmeda, un fascinante viaje en el tiempo\",\"datePublished\":\"2014-08-13T11:13:55+00:00\",\"dateModified\":\"2018-02-07T23:53:19+00:00\",\"mainEntityOfPage\":{\"@id\":\"https:\\\/\\\/destinocastillayleon.es\\\/index\\\/villa-romana-la-olmeda\\\/\"},\"wordCount\":1158,\"commentCount\":1,\"image\":{\"@id\":\"https:\\\/\\\/destinocastillayleon.es\\\/index\\\/villa-romana-la-olmeda\\\/#primaryimage\"},\"thumbnailUrl\":\"https:\\\/\\\/destinocastillayleon.es\\\/index\\\/wp-content\\\/uploads\\\/2014\\\/08\\\/Mosaico-del-Oecus-de-Aquiles.png\",\"keywords\":[\"Destino Castilla y Le\u00f3n\",\"Que ver en Palencia\",\"que visitar en Covrrubias\",\"restos romanos en Palencia\",\"turismo en Castilla y Le\u00f3n\",\"turismo en familia en palencia\",\"Turismo en Palencia\",\"turismo hist\u00f3rico\",\"villa la olmeda\",\"Villa Romana de la Olmeda\",\"villa romana en Salda\u00f1a\",\"villa romana la olmeda\",\"visitar Palencia\"],\"articleSection\":[\"Actualidad\",\"Historia y Leyendas de Castilla y Le\u00f3n\",\"Palencia\",\"Palencia turismo\",\"Post_inicial\",\"Provincias\",\"Punto Singular\",\"Viajar con ni\u00f1os\"],\"inLanguage\":\"es\",\"potentialAction\":[{\"@type\":\"CommentAction\",\"name\":\"Comment\",\"target\":[\"https:\\\/\\\/destinocastillayleon.es\\\/index\\\/villa-romana-la-olmeda\\\/#respond\"]}]},{\"@type\":\"WebPage\",\"@id\":\"https:\\\/\\\/destinocastillayleon.es\\\/index\\\/villa-romana-la-olmeda\\\/\",\"url\":\"https:\\\/\\\/destinocastillayleon.es\\\/index\\\/villa-romana-la-olmeda\\\/\",\"name\":\"Villa romana la Olmeda, un fascinante viaje en el tiempo\",\"isPartOf\":{\"@id\":\"https:\\\/\\\/destinocastillayleon.es\\\/index\\\/#website\"},\"primaryImageOfPage\":{\"@id\":\"https:\\\/\\\/destinocastillayleon.es\\\/index\\\/villa-romana-la-olmeda\\\/#primaryimage\"},\"image\":{\"@id\":\"https:\\\/\\\/destinocastillayleon.es\\\/index\\\/villa-romana-la-olmeda\\\/#primaryimage\"},\"thumbnailUrl\":\"https:\\\/\\\/destinocastillayleon.es\\\/index\\\/wp-content\\\/uploads\\\/2014\\\/08\\\/Mosaico-del-Oecus-de-Aquiles.png\",\"datePublished\":\"2014-08-13T11:13:55+00:00\",\"dateModified\":\"2018-02-07T23:53:19+00:00\",\"author\":{\"@id\":\"https:\\\/\\\/destinocastillayleon.es\\\/index\\\/#\\\/schema\\\/person\\\/49ffcb7eb307589ba529009335ed7767\"},\"description\":\"Acompa\u00f1anos a descubrir la Villa romana la Olmeda en Palencia, un fascinante viaje en el tiempo en una de las mejores villas del mundo\",\"breadcrumb\":{\"@id\":\"https:\\\/\\\/destinocastillayleon.es\\\/index\\\/villa-romana-la-olmeda\\\/#breadcrumb\"},\"inLanguage\":\"es\",\"potentialAction\":[{\"@type\":\"ReadAction\",\"target\":[\"https:\\\/\\\/destinocastillayleon.es\\\/index\\\/villa-romana-la-olmeda\\\/\"]}]},{\"@type\":\"ImageObject\",\"inLanguage\":\"es\",\"@id\":\"https:\\\/\\\/destinocastillayleon.es\\\/index\\\/villa-romana-la-olmeda\\\/#primaryimage\",\"url\":\"https:\\\/\\\/destinocastillayleon.es\\\/index\\\/wp-content\\\/uploads\\\/2014\\\/08\\\/Mosaico-del-Oecus-de-Aquiles.png\",\"contentUrl\":\"https:\\\/\\\/destinocastillayleon.es\\\/index\\\/wp-content\\\/uploads\\\/2014\\\/08\\\/Mosaico-del-Oecus-de-Aquiles.png\",\"width\":664,\"height\":531},{\"@type\":\"BreadcrumbList\",\"@id\":\"https:\\\/\\\/destinocastillayleon.es\\\/index\\\/villa-romana-la-olmeda\\\/#breadcrumb\",\"itemListElement\":[{\"@type\":\"ListItem\",\"position\":1,\"name\":\"Portada\",\"item\":\"https:\\\/\\\/destinocastillayleon.es\\\/index\\\/\"},{\"@type\":\"ListItem\",\"position\":2,\"name\":\"Villa romana la Olmeda, un fascinante viaje en el tiempo\"}]},{\"@type\":\"WebSite\",\"@id\":\"https:\\\/\\\/destinocastillayleon.es\\\/index\\\/#website\",\"url\":\"https:\\\/\\\/destinocastillayleon.es\\\/index\\\/\",\"name\":\"Destino Castilla y Le\u00f3n\",\"description\":\"Medio digital independiente y revista de Castilla y Le\u00f3n dedicado al turismo, gastronom\u00eda y vino de Castilla y Le\u00f3n\",\"potentialAction\":[{\"@type\":\"SearchAction\",\"target\":{\"@type\":\"EntryPoint\",\"urlTemplate\":\"https:\\\/\\\/destinocastillayleon.es\\\/index\\\/?s={search_term_string}\"},\"query-input\":{\"@type\":\"PropertyValueSpecification\",\"valueRequired\":true,\"valueName\":\"search_term_string\"}}],\"inLanguage\":\"es\"},{\"@type\":\"Person\",\"@id\":\"https:\\\/\\\/destinocastillayleon.es\\\/index\\\/#\\\/schema\\\/person\\\/49ffcb7eb307589ba529009335ed7767\",\"name\":\"Lola Hernandez\",\"image\":{\"@type\":\"ImageObject\",\"inLanguage\":\"es\",\"@id\":\"https:\\\/\\\/secure.gravatar.com\\\/avatar\\\/72ead65e55ad0522fba484acfe2842bf78b2f7c727df41d76fed78a85519da34?s=96&d=mm&r=g\",\"url\":\"https:\\\/\\\/secure.gravatar.com\\\/avatar\\\/72ead65e55ad0522fba484acfe2842bf78b2f7c727df41d76fed78a85519da34?s=96&d=mm&r=g\",\"contentUrl\":\"https:\\\/\\\/secure.gravatar.com\\\/avatar\\\/72ead65e55ad0522fba484acfe2842bf78b2f7c727df41d76fed78a85519da34?s=96&d=mm&r=g\",\"caption\":\"Lola Hernandez\"},\"description\":\"Lola Hern\u00e1ndez fue fundadora y directora de www.destinocastillayleon.es Escribiendo sobre turismo, gastronom\u00eda y vino de su tierra de origen, Castilla y Le\u00f3n.\",\"sameAs\":[\"http:\\\/\\\/www.destinoysabor.com\\\/blog\"],\"url\":\"https:\\\/\\\/destinocastillayleon.es\\\/index\\\/author\\\/lola-hernandez\\\/\"}]}<\/script>\n<!-- \/ Yoast SEO Premium plugin. -->","yoast_head_json":{"title":"Villa romana la Olmeda, un fascinante viaje en el tiempo","description":"Acompa\u00f1anos a descubrir la Villa romana la Olmeda en Palencia, un fascinante viaje en el tiempo en una de las mejores villas del mundo","robots":{"index":"index","follow":"follow","max-snippet":"max-snippet:-1","max-image-preview":"max-image-preview:large","max-video-preview":"max-video-preview:-1"},"canonical":"https:\/\/destinocastillayleon.es\/index\/villa-romana-la-olmeda\/","og_locale":"es_ES","og_type":"article","og_title":"Villa romana la Olmeda, un fascinante viaje en el tiempo","og_description":"Acompa\u00f1anos a descubrir la Villa romana de la Olmeda en Palencia, un fascinante viaje en el tiempo en una de las mejores villas del mundo","og_url":"https:\/\/destinocastillayleon.es\/index\/villa-romana-la-olmeda\/","og_site_name":"Destino Castilla y Le\u00f3n","article_publisher":"https:\/\/www.facebook.com\/DestinoCastillaYLeon\/","article_published_time":"2014-08-13T11:13:55+00:00","article_modified_time":"2018-02-07T23:53:19+00:00","og_image":[{"width":664,"height":531,"url":"https:\/\/destinocastillayleon.es\/index\/wp-content\/uploads\/2014\/08\/Mosaico-del-Oecus-de-Aquiles.png","type":"image\/png"}],"author":"Lola Hernandez","twitter_card":"summary_large_image","twitter_title":"Villa romana la Olmeda, un fascinante viaje en el tiempo","twitter_description":"Acompa\u00f1anos a descubrir la Villa romana la Olmeda en Palencia, un fascinante viaje en el tiempo en una de las mejores villas del mundo","twitter_image":"http:\/\/destinocastillayleon.es\/index\/wp-content\/uploads\/2014\/08\/Mosaico-del-Oecus-de-Aquiles-300x240.png","twitter_creator":"@destinocyl","twitter_site":"@destinocyl","twitter_misc":{"Escrito por":"Lola Hernandez","Tiempo de lectura":"6 minutos"},"schema":{"@context":"https:\/\/schema.org","@graph":[{"@type":"Article","@id":"https:\/\/destinocastillayleon.es\/index\/villa-romana-la-olmeda\/#article","isPartOf":{"@id":"https:\/\/destinocastillayleon.es\/index\/villa-romana-la-olmeda\/"},"author":{"name":"Lola Hernandez","@id":"https:\/\/destinocastillayleon.es\/index\/#\/schema\/person\/49ffcb7eb307589ba529009335ed7767"},"headline":"Villa romana la Olmeda, un fascinante viaje en el tiempo","datePublished":"2014-08-13T11:13:55+00:00","dateModified":"2018-02-07T23:53:19+00:00","mainEntityOfPage":{"@id":"https:\/\/destinocastillayleon.es\/index\/villa-romana-la-olmeda\/"},"wordCount":1158,"commentCount":1,"image":{"@id":"https:\/\/destinocastillayleon.es\/index\/villa-romana-la-olmeda\/#primaryimage"},"thumbnailUrl":"https:\/\/destinocastillayleon.es\/index\/wp-content\/uploads\/2014\/08\/Mosaico-del-Oecus-de-Aquiles.png","keywords":["Destino Castilla y Le\u00f3n","Que ver en Palencia","que visitar en Covrrubias","restos romanos en Palencia","turismo en Castilla y Le\u00f3n","turismo en familia en palencia","Turismo en Palencia","turismo hist\u00f3rico","villa la olmeda","Villa Romana de la Olmeda","villa romana en Salda\u00f1a","villa romana la olmeda","visitar Palencia"],"articleSection":["Actualidad","Historia y Leyendas de Castilla y Le\u00f3n","Palencia","Palencia turismo","Post_inicial","Provincias","Punto Singular","Viajar con ni\u00f1os"],"inLanguage":"es","potentialAction":[{"@type":"CommentAction","name":"Comment","target":["https:\/\/destinocastillayleon.es\/index\/villa-romana-la-olmeda\/#respond"]}]},{"@type":"WebPage","@id":"https:\/\/destinocastillayleon.es\/index\/villa-romana-la-olmeda\/","url":"https:\/\/destinocastillayleon.es\/index\/villa-romana-la-olmeda\/","name":"Villa romana la Olmeda, un fascinante viaje en el tiempo","isPartOf":{"@id":"https:\/\/destinocastillayleon.es\/index\/#website"},"primaryImageOfPage":{"@id":"https:\/\/destinocastillayleon.es\/index\/villa-romana-la-olmeda\/#primaryimage"},"image":{"@id":"https:\/\/destinocastillayleon.es\/index\/villa-romana-la-olmeda\/#primaryimage"},"thumbnailUrl":"https:\/\/destinocastillayleon.es\/index\/wp-content\/uploads\/2014\/08\/Mosaico-del-Oecus-de-Aquiles.png","datePublished":"2014-08-13T11:13:55+00:00","dateModified":"2018-02-07T23:53:19+00:00","author":{"@id":"https:\/\/destinocastillayleon.es\/index\/#\/schema\/person\/49ffcb7eb307589ba529009335ed7767"},"description":"Acompa\u00f1anos a descubrir la Villa romana la Olmeda en Palencia, un fascinante viaje en el tiempo en una de las mejores villas del mundo","breadcrumb":{"@id":"https:\/\/destinocastillayleon.es\/index\/villa-romana-la-olmeda\/#breadcrumb"},"inLanguage":"es","potentialAction":[{"@type":"ReadAction","target":["https:\/\/destinocastillayleon.es\/index\/villa-romana-la-olmeda\/"]}]},{"@type":"ImageObject","inLanguage":"es","@id":"https:\/\/destinocastillayleon.es\/index\/villa-romana-la-olmeda\/#primaryimage","url":"https:\/\/destinocastillayleon.es\/index\/wp-content\/uploads\/2014\/08\/Mosaico-del-Oecus-de-Aquiles.png","contentUrl":"https:\/\/destinocastillayleon.es\/index\/wp-content\/uploads\/2014\/08\/Mosaico-del-Oecus-de-Aquiles.png","width":664,"height":531},{"@type":"BreadcrumbList","@id":"https:\/\/destinocastillayleon.es\/index\/villa-romana-la-olmeda\/#breadcrumb","itemListElement":[{"@type":"ListItem","position":1,"name":"Portada","item":"https:\/\/destinocastillayleon.es\/index\/"},{"@type":"ListItem","position":2,"name":"Villa romana la Olmeda, un fascinante viaje en el tiempo"}]},{"@type":"WebSite","@id":"https:\/\/destinocastillayleon.es\/index\/#website","url":"https:\/\/destinocastillayleon.es\/index\/","name":"Destino Castilla y Le\u00f3n","description":"Medio digital independiente y revista de Castilla y Le\u00f3n dedicado al turismo, gastronom\u00eda y vino de Castilla y Le\u00f3n","potentialAction":[{"@type":"SearchAction","target":{"@type":"EntryPoint","urlTemplate":"https:\/\/destinocastillayleon.es\/index\/?s={search_term_string}"},"query-input":{"@type":"PropertyValueSpecification","valueRequired":true,"valueName":"search_term_string"}}],"inLanguage":"es"},{"@type":"Person","@id":"https:\/\/destinocastillayleon.es\/index\/#\/schema\/person\/49ffcb7eb307589ba529009335ed7767","name":"Lola Hernandez","image":{"@type":"ImageObject","inLanguage":"es","@id":"https:\/\/secure.gravatar.com\/avatar\/72ead65e55ad0522fba484acfe2842bf78b2f7c727df41d76fed78a85519da34?s=96&d=mm&r=g","url":"https:\/\/secure.gravatar.com\/avatar\/72ead65e55ad0522fba484acfe2842bf78b2f7c727df41d76fed78a85519da34?s=96&d=mm&r=g","contentUrl":"https:\/\/secure.gravatar.com\/avatar\/72ead65e55ad0522fba484acfe2842bf78b2f7c727df41d76fed78a85519da34?s=96&d=mm&r=g","caption":"Lola Hernandez"},"description":"Lola Hern\u00e1ndez fue fundadora y directora de www.destinocastillayleon.es Escribiendo sobre turismo, gastronom\u00eda y vino de su tierra de origen, Castilla y Le\u00f3n.","sameAs":["http:\/\/www.destinoysabor.com\/blog"],"url":"https:\/\/destinocastillayleon.es\/index\/author\/lola-hernandez\/"}]}},"_links":{"self":[{"href":"https:\/\/destinocastillayleon.es\/index\/wp-json\/wp\/v2\/posts\/15437","targetHints":{"allow":["GET"]}}],"collection":[{"href":"https:\/\/destinocastillayleon.es\/index\/wp-json\/wp\/v2\/posts"}],"about":[{"href":"https:\/\/destinocastillayleon.es\/index\/wp-json\/wp\/v2\/types\/post"}],"author":[{"embeddable":true,"href":"https:\/\/destinocastillayleon.es\/index\/wp-json\/wp\/v2\/users\/6"}],"replies":[{"embeddable":true,"href":"https:\/\/destinocastillayleon.es\/index\/wp-json\/wp\/v2\/comments?post=15437"}],"version-history":[{"count":14,"href":"https:\/\/destinocastillayleon.es\/index\/wp-json\/wp\/v2\/posts\/15437\/revisions"}],"predecessor-version":[{"id":27502,"href":"https:\/\/destinocastillayleon.es\/index\/wp-json\/wp\/v2\/posts\/15437\/revisions\/27502"}],"wp:featuredmedia":[{"embeddable":true,"href":"https:\/\/destinocastillayleon.es\/index\/wp-json\/wp\/v2\/media\/15452"}],"wp:attachment":[{"href":"https:\/\/destinocastillayleon.es\/index\/wp-json\/wp\/v2\/media?parent=15437"}],"wp:term":[{"taxonomy":"category","embeddable":true,"href":"https:\/\/destinocastillayleon.es\/index\/wp-json\/wp\/v2\/categories?post=15437"},{"taxonomy":"post_tag","embeddable":true,"href":"https:\/\/destinocastillayleon.es\/index\/wp-json\/wp\/v2\/tags?post=15437"}],"curies":[{"name":"wp","href":"https:\/\/api.w.org\/{rel}","templated":true}]}}