{"id":14396,"date":"2019-07-25T18:02:20","date_gmt":"2019-07-25T16:02:20","guid":{"rendered":"http:\/\/destinocastillayleon.es\/index\/?p=14396"},"modified":"2019-07-25T18:03:12","modified_gmt":"2019-07-25T16:03:12","slug":"rincones-mas-refrescantes-de-castilla-y-leon","status":"publish","type":"post","link":"https:\/\/destinocastillayleon.es\/index\/rincones-mas-refrescantes-de-castilla-y-leon\/","title":{"rendered":"Los 10 rincones m\u00e1s refrescantes de Castilla y Le\u00f3n para pasar el verano"},"content":{"rendered":"<p>Hace tiempo hicimos un concurso en<strong> <a href=\"https:\/\/www.facebook.com\/DestinoCastillaYLeon\/\">nuestra p\u00e1gina de Facebook<\/a> <\/strong>preguntando a nuestros lectores cu\u00e1les eran los <strong>lugares m\u00e1s refrescantes de Castilla y Le\u00f3n para pasar el verano<\/strong>. Entre los m\u00e1s votados se encontraban estos 10 destinos a cu\u00e1l m\u00e1s interesante para visitar durante los meses estivales<strong> \u00bfTe animas a conocerlos?<\/strong><\/p>\n<h3>Los rincones m\u00e1s refrescantes de Castilla y Le\u00f3n<\/h3>\n<h4>1. Las Merindades (Burgos)<\/h4>\n<p style=\"text-align: justify;\"><b>Las Merindades<\/b>\u00a0es una\u00a0comarca\u00a0que ocupa el tercio norte de la\u00a0<strong>provincia de Burgos,<\/strong>\u00a0\u00a0limitada al oeste y noroeste por\u00a0Cantabria y\u00a0al noreste por la provincia de\u00a0Vizcaya. M\u00e1s de<strong> 360 n\u00facleos de poblaci\u00f3n<\/strong> agrupados en 27 municipios conforman las Merindades, en <strong>un entorno natural de gran belleza y valor paisaj\u00edstico<\/strong>. Si viajas hasta all\u00ed este verano podr\u00e1s disfrutar de sus montes, r\u00edos y colinas arboladas, de su<strong>\u00a0<a title=\"Parque Natural Ojo Guare\u00f1a\" href=\"http:\/\/www.patrimonionatural.org\/casas.php?id_casa=4\" target=\"_blank\" rel=\"noopener noreferrer\">Parque Natural Ojo Guare\u00f1a<\/a><\/strong> y de las preciosas localidades que a\u00fan conservan importantes elementos medievales como <strong>la ciudad de Fr\u00edas, O\u00f1a y otras poblaciones<\/strong> destacadas.<\/p>\n<p>&nbsp;<\/p>\n<p style=\"text-align: center;\"><a title=\"Puente de Fr\u00edas_Las Merindades Fuente: www.countrysessions.org\" href=\"http:\/\/destinocastillayleon.es\/index\/wp-content\/uploads\/2014\/07\/Frias-para-web.png\" target=\"_blank\" rel=\"noopener noreferrer\" data-size=\"640x427\"><img decoding=\"async\" class=\"size-full wp-image-14398 aligncenter\" title=\"Puente de Fr\u00edas_Las Merindades Fuente: www.countrysessions.org\" src=\"http:\/\/destinocastillayleon.es\/index\/wp-content\/uploads\/2014\/07\/Frias-para-web.png\" alt=\"Puente de Fr\u00edas_Las Merindades Fuente: www.countrysessions.org\" width=\"640\" height=\"427\" srcset=\"https:\/\/destinocastillayleon.es\/index\/wp-content\/uploads\/2014\/07\/Frias-para-web.png 640w, https:\/\/destinocastillayleon.es\/index\/wp-content\/uploads\/2014\/07\/Frias-para-web-300x200.png 300w\" sizes=\"(max-width: 640px) 100vw, 640px\" \/><\/a><\/p>\n<p>&nbsp;<\/p>\n<h4>2. Due\u00f1as (Palencia)<\/h4>\n<p style=\"text-align: justify;\">Due\u00f1as\u00a0fue villa y se\u00f1or\u00edo del Cid Campeador y su casco hist\u00f3rico est\u00e1 considerado como conjunto hist\u00f3rico art\u00edstico. Destaca su imponente torre e <strong>iglesia\u00a0parroquial del siglo XII<\/strong> a la que fueron a\u00f1adiendo con el tiempo elementos decorativos g\u00f3ticos, barrocos\u00a0y neocl\u00e1sicos. Merece la pena acceder al templo y observar <strong>su retablo mayor dedicado a la\u00a0Asunci\u00f3n de la Virgen<\/strong>\u00a0construido\u00a0entre 1510 y 1518.<\/p>\n<p>&nbsp;<\/p>\n<p style=\"text-align: center;\"><a title=\"Panor\u00e1mica de Due\u00f1as Fuente: http:\/\/www.hotelcaminoreal.es\/\" href=\"http:\/\/destinocastillayleon.es\/index\/wp-content\/uploads\/2014\/07\/1f4bd287ffbbfbdefce4aa38985198dd.png\" target=\"_blank\" rel=\"noopener noreferrer\" data-size=\"640x354\"><img decoding=\"async\" class=\"size-full wp-image-14399 aligncenter\" title=\"Panor\u00e1mica de Due\u00f1as Fuente: http:\/\/www.hotelcaminoreal.es\/\" src=\"http:\/\/destinocastillayleon.es\/index\/wp-content\/uploads\/2014\/07\/1f4bd287ffbbfbdefce4aa38985198dd.png\" alt=\"Panor\u00e1mica de Due\u00f1as Fuente: http:\/\/www.hotelcaminoreal.es\/\" width=\"640\" height=\"354\" srcset=\"https:\/\/destinocastillayleon.es\/index\/wp-content\/uploads\/2014\/07\/1f4bd287ffbbfbdefce4aa38985198dd.png 640w, https:\/\/destinocastillayleon.es\/index\/wp-content\/uploads\/2014\/07\/1f4bd287ffbbfbdefce4aa38985198dd-300x165.png 300w\" sizes=\"(max-width: 640px) 100vw, 640px\" \/><\/a><\/p>\n<p style=\"text-align: justify;\">Recorriendo su casco hist\u00f3rico, no puedes dejar de visitar el\u00a0<strong>convento de San Agustin<\/strong>, edificio\u00a0herreriano\u00a0del siglo XVI, el antiguo hospital de\u00a0<strong>Santiago Apostol<\/strong>\u00a0(siglo XV) y\u00a0<strong>El Monasterio de San Isidoro de Due\u00f1as<\/strong>\u00a0conocido popularmente como la\u00a0<strong>Trapa,<\/strong> que pas\u00f3 a ser f\u00e1brica de exquisitos bombones de chocolate. Muy cerca encontrar\u00e1s la <a title=\"Villa Romana de la Olmeda Palencia\" href=\"http:\/\/www.villaromanalaolmeda.com\/\" target=\"_blank\" rel=\"noopener noreferrer\">Villa Romana de la Olmeda<\/a> y\u00a0<strong>el Canal de Castilla <\/strong>y su\u00a0esclusa 37,\u00a0con un edificio precioso de una antigua fabrica de harinas y una casa de escudero recientemente rehabilitada.<\/p>\n<p>&nbsp;<\/p>\n<h4>3. Parque Natural Lago de Sanabria (Zamora)<\/h4>\n<p style=\"text-align: justify;\">Hace millones de a\u00f1os, en el pleistoceno superior, un <strong>impresionante glaciar con lenguas de hielo <\/strong>de m\u00e1s de 20 kil\u00f3metros sirvi\u00f3 de <strong>origen al actual lago de Sanabria.<\/strong> Hoy sus 369 hect\u00e1reas de superficie fluvial con una profundidad que alcanza hasta los 53 metros de profundidad, lo convierten <strong>en el mayor lago natural de la pen\u00ednsula ib\u00e9rica<\/strong> y uno de los mayores de Europa, (siendo el lago de origen glaciar m\u00e1s grande de Europa).<\/p>\n<p>&nbsp;<\/p>\n<p style=\"text-align: center;\"><a title=\"Lago de Sanabria Fuente: www.traveler.es\" href=\"http:\/\/destinocastillayleon.es\/index\/wp-content\/uploads\/2014\/07\/lago_sanabria-web.png\" target=\"_blank\" rel=\"noopener noreferrer\" data-size=\"640x426\"><img decoding=\"async\" class=\"size-full wp-image-14413 aligncenter\" title=\"Lago de Sanabria Fuente: www.traveler.es\" src=\"http:\/\/destinocastillayleon.es\/index\/wp-content\/uploads\/2014\/07\/lago_sanabria-web.png\" alt=\"Lago de Sanabria Fuente: www.traveler.es\" width=\"640\" height=\"426\" srcset=\"https:\/\/destinocastillayleon.es\/index\/wp-content\/uploads\/2014\/07\/lago_sanabria-web.png 640w, https:\/\/destinocastillayleon.es\/index\/wp-content\/uploads\/2014\/07\/lago_sanabria-web-300x199.png 300w\" sizes=\"(max-width: 640px) 100vw, 640px\" \/><\/a><\/p>\n<p style=\"text-align: justify;\">Alrededor del lago hay gran variedad de campings, hoteles y caba\u00f1as de madera donde alojarse. Tambi\u00e9n se ofrecen numerosas <strong>actividades y deportes acu\u00e1ticos para practicar en el lago<\/strong>. Un barco tur\u00edstico recorre el lago durante los meses estivales. Sin duda, un lugar muy refrescante para pasar el verano.<\/p>\n<p>&nbsp;<\/p>\n<h4>4. Guma (Burgos)<\/h4>\n<p style=\"text-align: justify;\"><b>Guma<\/b>\u00a0es una localidad de la provincia de Burgos que forma parte de la\u00a0<strong>pedan\u00eda\u00a0de\u00a0La Vid\u00a0y\u00a0Zuzones<\/strong>\u00a0y est\u00e1 bordeada por el\u00a0r\u00edo Duero. El n\u00facleo urbano m\u00e1s pr\u00f3ximo es\u00a0Aranda de Duero, a 15 kil\u00f3metros. Muy cerca se encuentra el <strong><a title=\"Monasterio de la Vid Burgos\" href=\"http:\/\/www.monasteriodelavid.org\/Monasterio\/Monasterio.htm\" target=\"_blank\" rel=\"noopener noreferrer\">Monasterio de la Vid<\/a>,<\/strong> fundado en\u00a01140 por Sancho Ans\u00farez y Domingo G\u00f3mez de Campdespina. Es una aut\u00e9ntica maravilla.<\/p>\n<p>&nbsp;<\/p>\n<p style=\"text-align: center;\"><a href=\"http:\/\/destinocastillayleon.es\/index\/wp-content\/uploads\/2014\/07\/web.png\" data-size=\"640x382\"><img decoding=\"async\" class=\"size-full wp-image-14410 aligncenter\" title=\"Monasterio de la Vid. Fuente: http:\/\/www.monasteriodelavid.org\/\" src=\"http:\/\/destinocastillayleon.es\/index\/wp-content\/uploads\/2014\/07\/web.png\" alt=\"Monasterio de la Vid. Fuente: http:\/\/www.monasteriodelavid.org\/\" width=\"640\" height=\"382\" srcset=\"https:\/\/destinocastillayleon.es\/index\/wp-content\/uploads\/2014\/07\/web.png 640w, https:\/\/destinocastillayleon.es\/index\/wp-content\/uploads\/2014\/07\/web-300x179.png 300w\" sizes=\"(max-width: 640px) 100vw, 640px\" \/><\/a><\/p>\n<p style=\"text-align: justify;\">\u00a0El <strong>\u00abantiguo pueblo de Guma\u00bb era un caser\u00edo<\/strong> que pertenec\u00eda a la finca denominada \u201cLa Vid y Guma\u201d. En el entonces Caser\u00edo de Guma <strong>viv\u00edan unas 13 familias<\/strong> que eran arrendatarias de las tierras y las cultivaban, pero que por diversos motivos fueron march\u00e1ndose, poco a poco, a otros pueblos de alrededor.\u00a0<strong>Sobre los a\u00f1os 40-50 se construyeron 60 casas<\/strong> que\u00a0fueron entregadas a colonos procedentes de\u00a0Linares de Arroyo\u00a0(Segovia), poblaci\u00f3n que hab\u00eda sido inundada por la construcci\u00f3n de un pantano.<\/p>\n<p>&nbsp;<\/p>\n<h4>5. Arenas de San Pedro (\u00c1vila)<\/h4>\n<p style=\"text-align: justify;\">Arenas de San Pedro se sit\u00faa en el sur de la provincia de \u00c1vila.\u00a0\u00a0Es la capital de la\u00a0comarca de Arenas de San Pedro, m\u00e1s conocida como del\u00a0<strong>Valle del Ti\u00e9tar. <\/strong>Es un lugar ideal para pasar el verano junto a sus monta\u00f1as y valles, donde se cultivan olivos y \u00e1rboles frutales. Es famosa por sus <strong>piscinas naturales<\/strong> ideales para ba\u00f1arse en verano y las\u00a0<strong>Cuevas del \u00c1guila<\/strong>,\u00a0descubiertas en 1963 y situadas a seis kil\u00f3metros de la poblaci\u00f3n.<\/p>\n<p>&nbsp;<\/p>\n<figure id=\"attachment_14430\" aria-describedby=\"caption-attachment-14430\" style=\"width: 640px\" class=\"wp-caption aligncenter\"><a title=\"Detalle R\u00edo Tietar Fuente: http:\/\/www.ayuntamiento.es\/\" href=\"http:\/\/destinocastillayleon.es\/index\/wp-content\/uploads\/2014\/07\/web1.png\" target=\"_blank\" rel=\"noopener noreferrer\" data-size=\"640x480\"><img decoding=\"async\" class=\"size-full wp-image-14430 \" title=\"Detalle R\u00edo Tietar Fuente: http:\/\/www.ayuntamiento.es\/\" src=\"http:\/\/destinocastillayleon.es\/index\/wp-content\/uploads\/2014\/07\/web1.png\" alt=\"Detalle R\u00edo Tietar Fuente: http:\/\/www.ayuntamiento.es\/\" width=\"640\" height=\"480\" srcset=\"https:\/\/destinocastillayleon.es\/index\/wp-content\/uploads\/2014\/07\/web1.png 640w, https:\/\/destinocastillayleon.es\/index\/wp-content\/uploads\/2014\/07\/web1-300x225.png 300w\" sizes=\"(max-width: 640px) 100vw, 640px\" \/><\/a><figcaption id=\"caption-attachment-14430\" class=\"wp-caption-text\">Detalle del r\u00edo Tietar a su paso por Arenas de San Pedro<\/figcaption><\/figure>\n<p>&nbsp;<\/p>\n<p style=\"text-align: justify;\">En su centro urbano destaca <strong>el castillo de la Triste Condesa<\/strong>, con una gran Torre del Homenaje; la iglesia g\u00f3tica del siglo XVI de Nuestra Se\u00f1ora de la Asunci\u00f3n, de espl\u00e9ndido campanario; y el palacio del Infante don Luis de Borb\u00f3n. Tambi\u00e9n merece la pena visitar el <strong>santuario de San Pedro de Alc\u00e1ntara<\/strong>, del siglo XVI, declarado Monumento Hist\u00f3rico Art\u00edstico en 1972. En la huerta del santuario crece un rosal sin espinas, que seg\u00fan la leyenda es obra milagrosa de San Pedro de Alc\u00e1ntara.<\/p>\n<p>&nbsp;<\/p>\n<h4>6. Cabrejas del Pinar (Soria)<\/h4>\n<p style=\"text-align: justify;\">Cabrejas del Pinar es un peque\u00f1o<strong> pueblo de la provincia de Soria<\/strong> que ha sido votado como uno de los rincones m\u00e1s refrescantes de Castilla y Le\u00f3n por el <strong>inmenso bosque de pinares y sabinas<\/strong>\u00a0que rodean la localidad. Pasear a su sombra es una actividad de lo m\u00e1s relajante. As\u00ed mismo fue un enclave importante en la reconquista y de aquellas \u00e9pocas se conservan los restos de un castillo. Tambi\u00e9n destaca su <strong>iglesia de San Mill\u00e1n<\/strong> y la peque\u00f1a pero muy bonita ermita de la Blanca.<\/p>\n<p>&nbsp;<\/p>\n<p style=\"text-align: center;\"><a href=\"http:\/\/destinocastillayleon.es\/index\/wp-content\/uploads\/2014\/07\/web2.png\" data-size=\"640x309\"><img decoding=\"async\" class=\"size-full wp-image-14441 aligncenter\" title=\"sabinares de Soria Fuente: http:\/\/www.caminodelafuentona.com\/index.html\" src=\"http:\/\/destinocastillayleon.es\/index\/wp-content\/uploads\/2014\/07\/web2.png\" alt=\"sabinares de Soria Fuente: http:\/\/www.caminodelafuentona.com\/index.html\" width=\"640\" height=\"309\" srcset=\"https:\/\/destinocastillayleon.es\/index\/wp-content\/uploads\/2014\/07\/web2.png 640w, https:\/\/destinocastillayleon.es\/index\/wp-content\/uploads\/2014\/07\/web2-300x144.png 300w\" sizes=\"(max-width: 640px) 100vw, 640px\" \/><\/a><\/p>\n<p>&nbsp;<\/p>\n<p style=\"text-align: justify;\">Muy cerca de Cabrejas del Pinar se encuentran parajes naturales tan importantes como<strong> <a title=\"la fuentona de Soria\" href=\"http:\/\/destinocastillayleon.es\/index\/la-fuentona-cascada-en-soria\/\" target=\"_blank\" rel=\"noopener noreferrer\">la Fuentona<\/a>\u00a0o la <a title=\"La laguna negra de Soria\" href=\"http:\/\/destinocastillayleon.es\/index\/la-laguna-negra-de-soria\/\" target=\"_blank\" rel=\"noopener noreferrer\">Laguna Negra<\/a><\/strong> de Soria. No dejes de <strong><a title=\"visitar Catala\u00f1azor Soria\" href=\"http:\/\/destinocastillayleon.es\/index\/pasar-dia-en-catalanazor\/\" target=\"_blank\" rel=\"noopener noreferrer\">visitar Calata\u00f1azor<\/a><\/strong> y su incre\u00edble sabinar.<\/p>\n<p>&nbsp;<\/p>\n<h4>7. El Embalse de Ria\u00f1o (Le\u00f3n)<\/h4>\n<p style=\"text-align: justify;\">El\u00a0<b>embalse de Ria\u00f1o<\/b>\u00a0se encuentra situado al este de la\u00a0provincia de Le\u00f3n\u00a0y pertenece a la cuenca del r\u00edo\u00a0Duero\u00a0alimentado por el\u00a0r\u00edo Esla. Despu\u00e9s de varias d\u00e9cadas de su construcci\u00f3n y oposici\u00f3n del pueblo leon\u00e9s, es a d\u00eda de hoy un buen paraje para <strong>practicar deportes acu\u00e1ticos y contemplar la belleza que lo rodea<\/strong> con las monta\u00f1as le\u00f3n como tel\u00f3n de fondo.<\/p>\n<p><a title=\"el embalse de Ria\u00f1o\" href=\"http:\/\/destinocastillayleon.es\/index\/wp-content\/uploads\/2014\/07\/web1.jpg\" target=\"_blank\" rel=\"noopener noreferrer\" data-size=\"640x480\"><img decoding=\"async\" class=\"size-full wp-image-14448 aligncenter\" src=\"http:\/\/destinocastillayleon.es\/index\/wp-content\/uploads\/2014\/07\/web1.jpg\" alt=\"web\" width=\"640\" height=\"480\" srcset=\"https:\/\/destinocastillayleon.es\/index\/wp-content\/uploads\/2014\/07\/web1.jpg 640w, https:\/\/destinocastillayleon.es\/index\/wp-content\/uploads\/2014\/07\/web1-300x225.jpg 300w\" sizes=\"(max-width: 640px) 100vw, 640px\" \/><\/a><\/p>\n<h4>8. Salamanca y la Alberca (Sierra de Francia)<\/h4>\n<p style=\"text-align: justify;\">Dos destinos quedaron empatados y hemos querido incluirles juntos en el listado. Uno es ciudad de Salamanca, eminentemente universitaria que atesora un riqu\u00edsimo patrimonio arquitect\u00f3nico como<strong> la Casa de las Conchas, la Plaza Mayor, las Universidades o el <a title=\"Museo Casa Lis, la joya del Art Nouveau y el Art Dec\u00f3 de Salamanca\" href=\"http:\/\/destinocastillayleon.es\/index\/museo-casa-lis-la-joya-del-art-nouveau-deco-de-salamanca\/\" target=\"_blank\" rel=\"noopener noreferrer\">Museo Casa Lis<\/a>,<\/strong> del que ya os hemos hablado en alguna que otra ocasi\u00f3n. <strong>Callejear por Salamanca<\/strong> en verano puede ser peligroso (por el calor) as\u00ed que por qu\u00e9 no esperar a la noche, cuando hace m\u00e1s fresquito, y hacer <strong>un <a title=\"Safari fotogr\u00e1fico nocturno por Salamanca\" href=\"http:\/\/destinocastillayleon.es\/index\/visitando-salamanca-de-noche\/\" target=\"_blank\" rel=\"noopener noreferrer\">safari fotogr\u00e1fico nocturno<\/a> por los monumentos m\u00e1s emblem\u00e1ticos de la ciudad.<\/strong> \u00a1Os lo recomendamos!<\/p>\n<p>&nbsp;<\/p>\n<p style=\"text-align: center;\"><a title=\"Safari fotogr\u00e1fico nocturo por Salamanca\" href=\"http:\/\/destinocastillayleon.es\/index\/wp-content\/uploads\/2014\/07\/web2.jpg\" target=\"_blank\" rel=\"noopener noreferrer\" data-size=\"640x296\"><img decoding=\"async\" class=\"size-full wp-image-14451 aligncenter\" title=\"Safari fotogr\u00e1fico nocturo por Salamanca\" src=\"http:\/\/destinocastillayleon.es\/index\/wp-content\/uploads\/2014\/07\/web2.jpg\" alt=\"Safari fotogr\u00e1fico nocturo por Salamanca\" width=\"640\" height=\"296\" srcset=\"https:\/\/destinocastillayleon.es\/index\/wp-content\/uploads\/2014\/07\/web2.jpg 640w, https:\/\/destinocastillayleon.es\/index\/wp-content\/uploads\/2014\/07\/web2-300x138.jpg 300w\" sizes=\"(max-width: 640px) 100vw, 640px\" \/><\/a><\/p>\n<p>&nbsp;<\/p>\n<p style=\"text-align: justify;\">Otro refrescante rinc\u00f3n votado por nuestros lectores ha sido <a title=\"La Alberca\" href=\"http:\/\/destinocastillayleon.es\/index\/descubre-la-alberca-el-encanto-de-la-sierra-de-francia\/\" target=\"_blank\" rel=\"noopener noreferrer\">la Alberca<\/a>, una de las localidades m\u00e1s conocidas y tur\u00edsticas de la Sierra de Francia por conservar y construir nuevos edificios con elementos de la arquitectura tradicional, balcones de madera, entramado de madera y adobe, etc. Desde la Alberca sale <strong>la Senda de las Ra\u00edces<\/strong>, un camino bien se\u00f1alizado donde se ubican varias obras de arte al aire libre.<\/p>\n<p>&nbsp;<\/p>\n<h4>9. Puebla de Lillo, (Le\u00f3n)<\/h4>\n<p style=\"text-align: justify;\"><b>Puebla de Lillo<\/b>\u00a0es un\u00a0municipio\u00a0de unos 700 habitantes en la provincia de Le\u00f3n. Eso no quita para que sea una localidad visitada, sobre todo en sus\u00a0ferias de ganado, a finales de Septiembre, y en la tradicional matanza del cerdo con una feria de actividades a finales de octubre. <strong>Sus fiestas son el 4,5, y 6 de Agosto<\/strong> por la Virgen de las Nieves, patrona del pueblo.<\/p>\n<p><a href=\"http:\/\/destinocastillayleon.es\/index\/wp-content\/uploads\/2014\/07\/web3.png\" data-size=\"640x456\"><img decoding=\"async\" class=\"size-full wp-image-14452 aligncenter\" src=\"http:\/\/destinocastillayleon.es\/index\/wp-content\/uploads\/2014\/07\/web3.png\" alt=\"web\" width=\"640\" height=\"456\" srcset=\"https:\/\/destinocastillayleon.es\/index\/wp-content\/uploads\/2014\/07\/web3.png 640w, https:\/\/destinocastillayleon.es\/index\/wp-content\/uploads\/2014\/07\/web3-300x213.png 300w\" sizes=\"(max-width: 640px) 100vw, 640px\" \/><\/a><\/p>\n<p style=\"text-align: justify;\">Puebla de Lillo es una poblaci\u00f3n <strong>rica en culturas y con gran cantidad de paisajes.<\/strong> El Susar\u00f3n su monte m\u00e1s importante cuenta con unos 1980 metros; tambi\u00e9n debemos mencionar <strong>el Pinar de Lillo<\/strong>, con una de las mayores poblaciones de pinos milenarios del pa\u00eds; <strong>la Estaci\u00f3n Invernal de San Isidro<\/strong>; sus cotos de caza; sus cotos de pesca; el pantano del Porma, etc.<\/p>\n<p>&nbsp;<\/p>\n<h4>10. Navafr\u00eda, Segovia<\/h4>\n<p style=\"text-align: justify;\"><b>Navafr\u00eda<\/b>\u00a0es un municipio de la\u00a0provincia de Segovia al\u00a0pie de la Sierra de Guadarrama. La localidad <strong>est\u00e1 ba\u00f1ada por el r\u00edo\u00a0\u00a0Cega,<\/strong> afluente del\u00a0Duero, que <strong>llena con sus aguas la piscina natural<\/strong> que hay en el pueblo al pie de un kiosco altamente concurrido en los d\u00edas de verano.<\/p>\n<p>&nbsp;<\/p>\n<p style=\"text-align: center;\"><a title=\"Piscinas naturales Navafr\u00eda Fuente: www.navafria.es\" href=\"http:\/\/destinocastillayleon.es\/index\/wp-content\/uploads\/2014\/07\/web4.png\" target=\"_blank\" rel=\"noopener noreferrer\" data-size=\"640x427\"><img decoding=\"async\" class=\"size-full wp-image-14454 aligncenter\" title=\"Piscinas naturales Navafr\u00eda Fuente: www.navafria.es\" src=\"http:\/\/destinocastillayleon.es\/index\/wp-content\/uploads\/2014\/07\/web4.png\" alt=\"Piscinas naturales Navafr\u00eda Fuente: www.navafria.es\" width=\"640\" height=\"427\" srcset=\"https:\/\/destinocastillayleon.es\/index\/wp-content\/uploads\/2014\/07\/web4.png 640w, https:\/\/destinocastillayleon.es\/index\/wp-content\/uploads\/2014\/07\/web4-300x200.png 300w\" sizes=\"(max-width: 640px) 100vw, 640px\" \/><\/a><\/p>\n<p>Navafr\u00eda cuenta con un extenso pinar donde se encuentra <strong>la famosa\u00a0<\/strong><strong>cascada de \u00abel Chorro\u00bb<\/strong><strong>\u00a0<\/strong>y el parque recreativo del mismo nombre, con piscinas naturales, <strong>actividades de riesgo \u00abDe pino a pino\u00bb<\/strong> y juegos infantiles, as\u00ed como una serie de barbacoas y mesas para poder pasar agradables fines de semana, lo que no impide la existencia de un hermoso restaurante bien integrado en el paisaje del pinar.<\/p>\n<p><strong>\u00bfTe ha gustado el art\u00edculo? \u00a1Ay\u00fadanos a difundirlo! \ud83d\ude09\u00a0<\/strong><\/p>\n<h4>Art\u00edculos Relacionados:<\/h4>\n<p><strong>\u2022 <\/strong><a href=\"http:\/\/destinocastillayleon.es\/index\/los-10-rincones-medievales-mas-bonitos-de-castilla-y-leon\/\">Los 10 rincones medievales m\u00e1s bonitos de Castilla y Le\u00f3n<\/a>.<br \/>\n<strong>\u2022 <\/strong><a href=\"http:\/\/destinocastillayleon.es\/index\/cascadas-castilla-y-leon\/\">Las 10 cascadas de Castilla y Le\u00f3n m\u00e1s impresionantes<\/a>.<br \/>\n<strong>\u2022 <\/strong><a href=\"http:\/\/destinocastillayleon.es\/index\/10-curiosidades-de-la-semana-santa-en-castilla-y-leon-que-te-puedes-perder\/\">10 curiosidades de la Semana Santa en Castilla y Le\u00f3n<\/a>.<br \/>\n<strong>\u2022 <\/strong><a href=\"http:\/\/destinocastillayleon.es\/index\/10-lugares-para-avistar-aves-en-castilla-y-leon\/\">10 lugares para avistar aves en Castilla y Le\u00f3n<\/a>.<br \/>\n<strong>\u2022 <\/strong><a href=\"http:\/\/destinocastillayleon.es\/index\/10-rincones-de-castilla-y-leon-para-enamorarse\/\">10 rincones de Castilla y Le\u00f3n para enamorarse<\/a>.<br \/>\n<strong>\u2022 <\/strong><a href=\"http:\/\/destinocastillayleon.es\/index\/10-razones-para-visitar-arevalo-la-morana\/\">10 razones para visitar Ar\u00e9valo y su comarca, la Mora\u00f1a<\/a>.<\/p>\n","protected":false},"excerpt":{"rendered":"<p>Estos son los 10 rincones m\u00e1s refrescantes de Castilla y Le\u00f3n para pasar el verano m\u00e1s votados por nuestros lectores. \u00bfQu\u00e9 te parecen?<\/p>\n","protected":false},"author":6,"featured_media":14457,"comment_status":"open","ping_status":"closed","sticky":false,"template":"","format":"standard","meta":{"rop_custom_images_group":[],"rop_custom_messages_group":[],"rop_publish_now":"initial","rop_publish_now_accounts":{"twitter_1150954226_1150954226":""},"rop_publish_now_history":[],"rop_publish_now_status":"pending","footnotes":""},"categories":[77,62,43,63,42,68,73,40,37,41,26,44],"tags":[2548,2547,2559,2550,366,2551,4114,2558,2563,4111,4137,2557,369,2560,4113,2553,2561,4112,3045],"class_list":["post-14396","post","type-post","status-publish","format-standard","has-post-thumbnail","hentry","category-actualidad-y-agenda-de-castilla-y-leon","category-avila","category-burgos","category-leon","category-palencia","category-post_inicial","category-punto_singular","category-salamanca","category-segovia","category-soria","category-valladolid","category-zamora","tag-10-lugares-de-castilla-y-leon-en-el-verano","tag-10-lugares-para-refrescarse-en-verano","tag-cabrejas-del-pinar-en-soria","tag-excursiones-de-verano-por-castilla-y-leon","tag-lago-de-sanabria","tag-las-merindades-burgos","tag-monasterio-de-la-vida","tag-piscinas-naturales-arenas-de-san-pedro","tag-piscinas-naturales-de-segovia","tag-refrescarse-en-castilla-y-leon","tag-rincones-de-castilla-y-leon","tag-turismo-en-arenas-de-san-pedro","tag-turismo-en-castilla-y-leon","tag-turismo-en-el-embalse-de-riano","tag-turismo-en-navafria","tag-turismo-en-parque-natural-lago-de-sanabria","tag-turismo-en-puebla-de-lillo","tag-veranear-en-castilla-y-leon","tag-visitar-salamanca"],"yoast_head":"<!-- This site is optimized with the Yoast SEO Premium plugin v20.4 (Yoast SEO v27.4) - https:\/\/yoast.com\/product\/yoast-seo-premium-wordpress\/ -->\n<title>rincones m\u00e1s refrescantes de Castilla y Le\u00f3n para pasar el verano<\/title>\n<meta name=\"description\" content=\"Estos son seg\u00fan nuestros lectores por votaciones, los 10 rincones m\u00e1s refrescantes de Castilla y Le\u00f3n para pasar el verano. A descubrirlos y a disfrutarlos\" \/>\n<meta name=\"robots\" content=\"index, follow, max-snippet:-1, max-image-preview:large, max-video-preview:-1\" \/>\n<link rel=\"canonical\" href=\"https:\/\/destinocastillayleon.es\/index\/rincones-mas-refrescantes-de-castilla-y-leon\/\" \/>\n<meta property=\"og:locale\" content=\"es_ES\" \/>\n<meta property=\"og:type\" content=\"article\" \/>\n<meta property=\"og:title\" content=\"Los 10 rincones m\u00e1s refrescantes de Castilla y Le\u00f3n para pasar el verano\" \/>\n<meta property=\"og:description\" content=\"Estos son los 10 rincones m\u00e1s refrescantes de Castilla y Le\u00f3n para pasar el verano m\u00e1s votados por nuestros lectores\" \/>\n<meta property=\"og:url\" content=\"https:\/\/destinocastillayleon.es\/index\/rincones-mas-refrescantes-de-castilla-y-leon\/\" \/>\n<meta property=\"og:site_name\" content=\"Destino Castilla y Le\u00f3n\" \/>\n<meta property=\"article:publisher\" content=\"https:\/\/www.facebook.com\/DestinoCastillaYLeon\/\" \/>\n<meta property=\"article:published_time\" content=\"2019-07-25T16:02:20+00:00\" \/>\n<meta property=\"article:modified_time\" content=\"2019-07-25T16:03:12+00:00\" \/>\n<meta property=\"og:image\" content=\"https:\/\/destinocastillayleon.es\/index\/wp-content\/uploads\/2014\/07\/web3.png\" \/>\n\t<meta property=\"og:image:width\" content=\"640\" \/>\n\t<meta property=\"og:image:height\" content=\"456\" \/>\n\t<meta property=\"og:image:type\" content=\"image\/png\" \/>\n<meta name=\"author\" content=\"Lola Hernandez\" \/>\n<meta name=\"twitter:card\" content=\"summary_large_image\" \/>\n<meta name=\"twitter:creator\" content=\"@destinocyl\" \/>\n<meta name=\"twitter:site\" content=\"@destinocyl\" \/>\n<meta name=\"twitter:label1\" content=\"Escrito por\" \/>\n\t<meta name=\"twitter:data1\" content=\"Lola Hernandez\" \/>\n\t<meta name=\"twitter:label2\" content=\"Tiempo de lectura\" \/>\n\t<meta name=\"twitter:data2\" content=\"8 minutos\" \/>\n<script type=\"application\/ld+json\" class=\"yoast-schema-graph\">{\"@context\":\"https:\\\/\\\/schema.org\",\"@graph\":[{\"@type\":\"Article\",\"@id\":\"https:\\\/\\\/destinocastillayleon.es\\\/index\\\/rincones-mas-refrescantes-de-castilla-y-leon\\\/#article\",\"isPartOf\":{\"@id\":\"https:\\\/\\\/destinocastillayleon.es\\\/index\\\/rincones-mas-refrescantes-de-castilla-y-leon\\\/\"},\"author\":{\"name\":\"Lola Hernandez\",\"@id\":\"https:\\\/\\\/destinocastillayleon.es\\\/index\\\/#\\\/schema\\\/person\\\/49ffcb7eb307589ba529009335ed7767\"},\"headline\":\"Los 10 rincones m\u00e1s refrescantes de Castilla y Le\u00f3n para pasar el verano\",\"datePublished\":\"2019-07-25T16:02:20+00:00\",\"dateModified\":\"2019-07-25T16:03:12+00:00\",\"mainEntityOfPage\":{\"@id\":\"https:\\\/\\\/destinocastillayleon.es\\\/index\\\/rincones-mas-refrescantes-de-castilla-y-leon\\\/\"},\"wordCount\":1609,\"commentCount\":1,\"image\":{\"@id\":\"https:\\\/\\\/destinocastillayleon.es\\\/index\\\/rincones-mas-refrescantes-de-castilla-y-leon\\\/#primaryimage\"},\"thumbnailUrl\":\"https:\\\/\\\/destinocastillayleon.es\\\/index\\\/wp-content\\\/uploads\\\/2014\\\/07\\\/40f8b7f2c292bfe0154dd9e5c3a7bde7.png\",\"keywords\":[\"10 lugares de Castilla y Le\u00f3n en el verano\",\"10 lugares para refrescarse en verano\",\"Cabrejas del Pinar en Soria\",\"excursiones de verano por Castilla y Le\u00f3n\",\"Lago de Sanabria\",\"Las Merindades Burgos\",\"Monasterio de la Vida\",\"Piscinas naturales Arenas de San Pedro\",\"Piscinas Naturales de Segovia\",\"refrescarse en Castilla y Le\u00f3n\",\"rincones de Castilla y Le\u00f3n\",\"turismo en Arenas de San Pedro\",\"turismo en Castilla y Le\u00f3n\",\"turismo en el Embalse de Ria\u00f1o\",\"turismo en Navafr\u00eda\",\"turismo en Parque Natural Lago de Sanabria\",\"Turismo en Puebla de Lillo\",\"veranear en Castilla y Le\u00f3n\",\"visitar Salamanca\"],\"articleSection\":[\"Actualidad\",\"Avila\",\"Burgos\",\"Leon\",\"Palencia\",\"Post_inicial\",\"Punto Singular\",\"Salamanca\",\"Segovia\",\"Soria\",\"Valladolid\",\"Zamora\"],\"inLanguage\":\"es\",\"potentialAction\":[{\"@type\":\"CommentAction\",\"name\":\"Comment\",\"target\":[\"https:\\\/\\\/destinocastillayleon.es\\\/index\\\/rincones-mas-refrescantes-de-castilla-y-leon\\\/#respond\"]}]},{\"@type\":\"WebPage\",\"@id\":\"https:\\\/\\\/destinocastillayleon.es\\\/index\\\/rincones-mas-refrescantes-de-castilla-y-leon\\\/\",\"url\":\"https:\\\/\\\/destinocastillayleon.es\\\/index\\\/rincones-mas-refrescantes-de-castilla-y-leon\\\/\",\"name\":\"rincones m\u00e1s refrescantes de Castilla y Le\u00f3n para pasar el verano\",\"isPartOf\":{\"@id\":\"https:\\\/\\\/destinocastillayleon.es\\\/index\\\/#website\"},\"primaryImageOfPage\":{\"@id\":\"https:\\\/\\\/destinocastillayleon.es\\\/index\\\/rincones-mas-refrescantes-de-castilla-y-leon\\\/#primaryimage\"},\"image\":{\"@id\":\"https:\\\/\\\/destinocastillayleon.es\\\/index\\\/rincones-mas-refrescantes-de-castilla-y-leon\\\/#primaryimage\"},\"thumbnailUrl\":\"https:\\\/\\\/destinocastillayleon.es\\\/index\\\/wp-content\\\/uploads\\\/2014\\\/07\\\/40f8b7f2c292bfe0154dd9e5c3a7bde7.png\",\"datePublished\":\"2019-07-25T16:02:20+00:00\",\"dateModified\":\"2019-07-25T16:03:12+00:00\",\"author\":{\"@id\":\"https:\\\/\\\/destinocastillayleon.es\\\/index\\\/#\\\/schema\\\/person\\\/49ffcb7eb307589ba529009335ed7767\"},\"description\":\"Estos son seg\u00fan nuestros lectores por votaciones, los 10 rincones m\u00e1s refrescantes de Castilla y Le\u00f3n para pasar el verano. A descubrirlos y a disfrutarlos\",\"breadcrumb\":{\"@id\":\"https:\\\/\\\/destinocastillayleon.es\\\/index\\\/rincones-mas-refrescantes-de-castilla-y-leon\\\/#breadcrumb\"},\"inLanguage\":\"es\",\"potentialAction\":[{\"@type\":\"ReadAction\",\"target\":[\"https:\\\/\\\/destinocastillayleon.es\\\/index\\\/rincones-mas-refrescantes-de-castilla-y-leon\\\/\"]}]},{\"@type\":\"ImageObject\",\"inLanguage\":\"es\",\"@id\":\"https:\\\/\\\/destinocastillayleon.es\\\/index\\\/rincones-mas-refrescantes-de-castilla-y-leon\\\/#primaryimage\",\"url\":\"https:\\\/\\\/destinocastillayleon.es\\\/index\\\/wp-content\\\/uploads\\\/2014\\\/07\\\/40f8b7f2c292bfe0154dd9e5c3a7bde7.png\",\"contentUrl\":\"https:\\\/\\\/destinocastillayleon.es\\\/index\\\/wp-content\\\/uploads\\\/2014\\\/07\\\/40f8b7f2c292bfe0154dd9e5c3a7bde7.png\",\"width\":800,\"height\":317},{\"@type\":\"BreadcrumbList\",\"@id\":\"https:\\\/\\\/destinocastillayleon.es\\\/index\\\/rincones-mas-refrescantes-de-castilla-y-leon\\\/#breadcrumb\",\"itemListElement\":[{\"@type\":\"ListItem\",\"position\":1,\"name\":\"Portada\",\"item\":\"https:\\\/\\\/destinocastillayleon.es\\\/index\\\/\"},{\"@type\":\"ListItem\",\"position\":2,\"name\":\"Los 10 rincones m\u00e1s refrescantes de Castilla y Le\u00f3n para pasar el verano\"}]},{\"@type\":\"WebSite\",\"@id\":\"https:\\\/\\\/destinocastillayleon.es\\\/index\\\/#website\",\"url\":\"https:\\\/\\\/destinocastillayleon.es\\\/index\\\/\",\"name\":\"Destino Castilla y Le\u00f3n\",\"description\":\"Medio digital independiente y revista de Castilla y Le\u00f3n dedicado al turismo, gastronom\u00eda y vino de Castilla y Le\u00f3n\",\"potentialAction\":[{\"@type\":\"SearchAction\",\"target\":{\"@type\":\"EntryPoint\",\"urlTemplate\":\"https:\\\/\\\/destinocastillayleon.es\\\/index\\\/?s={search_term_string}\"},\"query-input\":{\"@type\":\"PropertyValueSpecification\",\"valueRequired\":true,\"valueName\":\"search_term_string\"}}],\"inLanguage\":\"es\"},{\"@type\":\"Person\",\"@id\":\"https:\\\/\\\/destinocastillayleon.es\\\/index\\\/#\\\/schema\\\/person\\\/49ffcb7eb307589ba529009335ed7767\",\"name\":\"Lola Hernandez\",\"image\":{\"@type\":\"ImageObject\",\"inLanguage\":\"es\",\"@id\":\"https:\\\/\\\/secure.gravatar.com\\\/avatar\\\/72ead65e55ad0522fba484acfe2842bf78b2f7c727df41d76fed78a85519da34?s=96&d=mm&r=g\",\"url\":\"https:\\\/\\\/secure.gravatar.com\\\/avatar\\\/72ead65e55ad0522fba484acfe2842bf78b2f7c727df41d76fed78a85519da34?s=96&d=mm&r=g\",\"contentUrl\":\"https:\\\/\\\/secure.gravatar.com\\\/avatar\\\/72ead65e55ad0522fba484acfe2842bf78b2f7c727df41d76fed78a85519da34?s=96&d=mm&r=g\",\"caption\":\"Lola Hernandez\"},\"description\":\"Lola Hern\u00e1ndez fue fundadora y directora de www.destinocastillayleon.es Escribiendo sobre turismo, gastronom\u00eda y vino de su tierra de origen, Castilla y Le\u00f3n.\",\"sameAs\":[\"http:\\\/\\\/www.destinoysabor.com\\\/blog\"],\"url\":\"https:\\\/\\\/destinocastillayleon.es\\\/index\\\/author\\\/lola-hernandez\\\/\"}]}<\/script>\n<!-- \/ Yoast SEO Premium plugin. -->","yoast_head_json":{"title":"rincones m\u00e1s refrescantes de Castilla y Le\u00f3n para pasar el verano","description":"Estos son seg\u00fan nuestros lectores por votaciones, los 10 rincones m\u00e1s refrescantes de Castilla y Le\u00f3n para pasar el verano. A descubrirlos y a disfrutarlos","robots":{"index":"index","follow":"follow","max-snippet":"max-snippet:-1","max-image-preview":"max-image-preview:large","max-video-preview":"max-video-preview:-1"},"canonical":"https:\/\/destinocastillayleon.es\/index\/rincones-mas-refrescantes-de-castilla-y-leon\/","og_locale":"es_ES","og_type":"article","og_title":"Los 10 rincones m\u00e1s refrescantes de Castilla y Le\u00f3n para pasar el verano","og_description":"Estos son los 10 rincones m\u00e1s refrescantes de Castilla y Le\u00f3n para pasar el verano m\u00e1s votados por nuestros lectores","og_url":"https:\/\/destinocastillayleon.es\/index\/rincones-mas-refrescantes-de-castilla-y-leon\/","og_site_name":"Destino Castilla y Le\u00f3n","article_publisher":"https:\/\/www.facebook.com\/DestinoCastillaYLeon\/","article_published_time":"2019-07-25T16:02:20+00:00","article_modified_time":"2019-07-25T16:03:12+00:00","og_image":[{"width":640,"height":456,"url":"https:\/\/destinocastillayleon.es\/index\/wp-content\/uploads\/2014\/07\/web3.png","type":"image\/png"}],"author":"Lola Hernandez","twitter_card":"summary_large_image","twitter_creator":"@destinocyl","twitter_site":"@destinocyl","twitter_misc":{"Escrito por":"Lola Hernandez","Tiempo de lectura":"8 minutos"},"schema":{"@context":"https:\/\/schema.org","@graph":[{"@type":"Article","@id":"https:\/\/destinocastillayleon.es\/index\/rincones-mas-refrescantes-de-castilla-y-leon\/#article","isPartOf":{"@id":"https:\/\/destinocastillayleon.es\/index\/rincones-mas-refrescantes-de-castilla-y-leon\/"},"author":{"name":"Lola Hernandez","@id":"https:\/\/destinocastillayleon.es\/index\/#\/schema\/person\/49ffcb7eb307589ba529009335ed7767"},"headline":"Los 10 rincones m\u00e1s refrescantes de Castilla y Le\u00f3n para pasar el verano","datePublished":"2019-07-25T16:02:20+00:00","dateModified":"2019-07-25T16:03:12+00:00","mainEntityOfPage":{"@id":"https:\/\/destinocastillayleon.es\/index\/rincones-mas-refrescantes-de-castilla-y-leon\/"},"wordCount":1609,"commentCount":1,"image":{"@id":"https:\/\/destinocastillayleon.es\/index\/rincones-mas-refrescantes-de-castilla-y-leon\/#primaryimage"},"thumbnailUrl":"https:\/\/destinocastillayleon.es\/index\/wp-content\/uploads\/2014\/07\/40f8b7f2c292bfe0154dd9e5c3a7bde7.png","keywords":["10 lugares de Castilla y Le\u00f3n en el verano","10 lugares para refrescarse en verano","Cabrejas del Pinar en Soria","excursiones de verano por Castilla y Le\u00f3n","Lago de Sanabria","Las Merindades Burgos","Monasterio de la Vida","Piscinas naturales Arenas de San Pedro","Piscinas Naturales de Segovia","refrescarse en Castilla y Le\u00f3n","rincones de Castilla y Le\u00f3n","turismo en Arenas de San Pedro","turismo en Castilla y Le\u00f3n","turismo en el Embalse de Ria\u00f1o","turismo en Navafr\u00eda","turismo en Parque Natural Lago de Sanabria","Turismo en Puebla de Lillo","veranear en Castilla y Le\u00f3n","visitar Salamanca"],"articleSection":["Actualidad","Avila","Burgos","Leon","Palencia","Post_inicial","Punto Singular","Salamanca","Segovia","Soria","Valladolid","Zamora"],"inLanguage":"es","potentialAction":[{"@type":"CommentAction","name":"Comment","target":["https:\/\/destinocastillayleon.es\/index\/rincones-mas-refrescantes-de-castilla-y-leon\/#respond"]}]},{"@type":"WebPage","@id":"https:\/\/destinocastillayleon.es\/index\/rincones-mas-refrescantes-de-castilla-y-leon\/","url":"https:\/\/destinocastillayleon.es\/index\/rincones-mas-refrescantes-de-castilla-y-leon\/","name":"rincones m\u00e1s refrescantes de Castilla y Le\u00f3n para pasar el verano","isPartOf":{"@id":"https:\/\/destinocastillayleon.es\/index\/#website"},"primaryImageOfPage":{"@id":"https:\/\/destinocastillayleon.es\/index\/rincones-mas-refrescantes-de-castilla-y-leon\/#primaryimage"},"image":{"@id":"https:\/\/destinocastillayleon.es\/index\/rincones-mas-refrescantes-de-castilla-y-leon\/#primaryimage"},"thumbnailUrl":"https:\/\/destinocastillayleon.es\/index\/wp-content\/uploads\/2014\/07\/40f8b7f2c292bfe0154dd9e5c3a7bde7.png","datePublished":"2019-07-25T16:02:20+00:00","dateModified":"2019-07-25T16:03:12+00:00","author":{"@id":"https:\/\/destinocastillayleon.es\/index\/#\/schema\/person\/49ffcb7eb307589ba529009335ed7767"},"description":"Estos son seg\u00fan nuestros lectores por votaciones, los 10 rincones m\u00e1s refrescantes de Castilla y Le\u00f3n para pasar el verano. A descubrirlos y a disfrutarlos","breadcrumb":{"@id":"https:\/\/destinocastillayleon.es\/index\/rincones-mas-refrescantes-de-castilla-y-leon\/#breadcrumb"},"inLanguage":"es","potentialAction":[{"@type":"ReadAction","target":["https:\/\/destinocastillayleon.es\/index\/rincones-mas-refrescantes-de-castilla-y-leon\/"]}]},{"@type":"ImageObject","inLanguage":"es","@id":"https:\/\/destinocastillayleon.es\/index\/rincones-mas-refrescantes-de-castilla-y-leon\/#primaryimage","url":"https:\/\/destinocastillayleon.es\/index\/wp-content\/uploads\/2014\/07\/40f8b7f2c292bfe0154dd9e5c3a7bde7.png","contentUrl":"https:\/\/destinocastillayleon.es\/index\/wp-content\/uploads\/2014\/07\/40f8b7f2c292bfe0154dd9e5c3a7bde7.png","width":800,"height":317},{"@type":"BreadcrumbList","@id":"https:\/\/destinocastillayleon.es\/index\/rincones-mas-refrescantes-de-castilla-y-leon\/#breadcrumb","itemListElement":[{"@type":"ListItem","position":1,"name":"Portada","item":"https:\/\/destinocastillayleon.es\/index\/"},{"@type":"ListItem","position":2,"name":"Los 10 rincones m\u00e1s refrescantes de Castilla y Le\u00f3n para pasar el verano"}]},{"@type":"WebSite","@id":"https:\/\/destinocastillayleon.es\/index\/#website","url":"https:\/\/destinocastillayleon.es\/index\/","name":"Destino Castilla y Le\u00f3n","description":"Medio digital independiente y revista de Castilla y Le\u00f3n dedicado al turismo, gastronom\u00eda y vino de Castilla y Le\u00f3n","potentialAction":[{"@type":"SearchAction","target":{"@type":"EntryPoint","urlTemplate":"https:\/\/destinocastillayleon.es\/index\/?s={search_term_string}"},"query-input":{"@type":"PropertyValueSpecification","valueRequired":true,"valueName":"search_term_string"}}],"inLanguage":"es"},{"@type":"Person","@id":"https:\/\/destinocastillayleon.es\/index\/#\/schema\/person\/49ffcb7eb307589ba529009335ed7767","name":"Lola Hernandez","image":{"@type":"ImageObject","inLanguage":"es","@id":"https:\/\/secure.gravatar.com\/avatar\/72ead65e55ad0522fba484acfe2842bf78b2f7c727df41d76fed78a85519da34?s=96&d=mm&r=g","url":"https:\/\/secure.gravatar.com\/avatar\/72ead65e55ad0522fba484acfe2842bf78b2f7c727df41d76fed78a85519da34?s=96&d=mm&r=g","contentUrl":"https:\/\/secure.gravatar.com\/avatar\/72ead65e55ad0522fba484acfe2842bf78b2f7c727df41d76fed78a85519da34?s=96&d=mm&r=g","caption":"Lola Hernandez"},"description":"Lola Hern\u00e1ndez fue fundadora y directora de www.destinocastillayleon.es Escribiendo sobre turismo, gastronom\u00eda y vino de su tierra de origen, Castilla y Le\u00f3n.","sameAs":["http:\/\/www.destinoysabor.com\/blog"],"url":"https:\/\/destinocastillayleon.es\/index\/author\/lola-hernandez\/"}]}},"_links":{"self":[{"href":"https:\/\/destinocastillayleon.es\/index\/wp-json\/wp\/v2\/posts\/14396","targetHints":{"allow":["GET"]}}],"collection":[{"href":"https:\/\/destinocastillayleon.es\/index\/wp-json\/wp\/v2\/posts"}],"about":[{"href":"https:\/\/destinocastillayleon.es\/index\/wp-json\/wp\/v2\/types\/post"}],"author":[{"embeddable":true,"href":"https:\/\/destinocastillayleon.es\/index\/wp-json\/wp\/v2\/users\/6"}],"replies":[{"embeddable":true,"href":"https:\/\/destinocastillayleon.es\/index\/wp-json\/wp\/v2\/comments?post=14396"}],"version-history":[{"count":11,"href":"https:\/\/destinocastillayleon.es\/index\/wp-json\/wp\/v2\/posts\/14396\/revisions"}],"predecessor-version":[{"id":30998,"href":"https:\/\/destinocastillayleon.es\/index\/wp-json\/wp\/v2\/posts\/14396\/revisions\/30998"}],"wp:featuredmedia":[{"embeddable":true,"href":"https:\/\/destinocastillayleon.es\/index\/wp-json\/wp\/v2\/media\/14457"}],"wp:attachment":[{"href":"https:\/\/destinocastillayleon.es\/index\/wp-json\/wp\/v2\/media?parent=14396"}],"wp:term":[{"taxonomy":"category","embeddable":true,"href":"https:\/\/destinocastillayleon.es\/index\/wp-json\/wp\/v2\/categories?post=14396"},{"taxonomy":"post_tag","embeddable":true,"href":"https:\/\/destinocastillayleon.es\/index\/wp-json\/wp\/v2\/tags?post=14396"}],"curies":[{"name":"wp","href":"https:\/\/api.w.org\/{rel}","templated":true}]}}