{"id":14279,"date":"2014-07-03T11:46:27","date_gmt":"2014-07-03T11:46:27","guid":{"rendered":"http:\/\/destinocastillayleon.es\/index\/?p=14279"},"modified":"2014-12-02T13:59:03","modified_gmt":"2014-12-02T12:59:03","slug":"llega-artearanda-2014-la-feria-de-las-artes-de-aranda-de-duero","status":"publish","type":"post","link":"https:\/\/destinocastillayleon.es\/index\/llega-artearanda-2014-la-feria-de-las-artes-de-aranda-de-duero\/","title":{"rendered":"Llega &#8216;Artearanda 2014&#8217;, la Feria de las Artes de Aranda de Duero"},"content":{"rendered":"<p style=\"text-align: justify;\">La Plaza Mayor de Aranda de Duero (Burgos) ser\u00e1 el escenario,<strong> del certamen Artearanda 2014, que cada s\u00e1bado del mes de Julio<\/strong>, acercar\u00e1 al p\u00fablico el trabajo de artistas pl\u00e1sticos y artesanos procedentes de toda la geograf\u00eda nacional.\u00a0<br \/>\n&nbsp; <\/p>\n<h3>Artearanda 2014<\/h3>\n<p>Esta<strong>\u00a0Feria de las Artes \u2018Artearanda 2014\u2019<\/strong>, tendr\u00e1 lugar los s\u00e1bados 5, 12, 19 y 26 de Julio.<\/p>\n<p>&nbsp; <\/p>\n<p style=\"text-align: center;\"><a href=\"http:\/\/destinocastillayleon.es\/index\/wp-content\/uploads\/2014\/07\/CARTEL_Arandadeduero_artearanda_01072014.jpg\"><img decoding=\"async\" class=\" wp-image-14287 aligncenter\" title=\"Arandadeduero_artearanda\" alt=\"Arandadeduero_artearanda\" src=\"http:\/\/destinocastillayleon.es\/index\/wp-content\/uploads\/2014\/07\/CARTEL_Arandadeduero_artearanda_01072014.jpg\" width=\"657\" height=\"960\" srcset=\"https:\/\/destinocastillayleon.es\/index\/wp-content\/uploads\/2014\/07\/CARTEL_Arandadeduero_artearanda_01072014.jpg 363w, https:\/\/destinocastillayleon.es\/index\/wp-content\/uploads\/2014\/07\/CARTEL_Arandadeduero_artearanda_01072014-205x300.jpg 205w, https:\/\/destinocastillayleon.es\/index\/wp-content\/uploads\/2014\/07\/CARTEL_Arandadeduero_artearanda_01072014-700x1024.jpg 700w\" sizes=\"(max-width: 657px) 100vw, 657px\" \/><\/a><\/p>\n<p>&nbsp; <\/p>\n<p style=\"text-align: justify;\">Si te acercas a Aranda de Duero podr\u00e1s ver los trabajos de una <strong>treintena de artistas<\/strong> junto a un n\u00famero de<strong> talleres participativos para todos los p\u00fablicos y actuaciones musicales<\/strong> de los m\u00e1s diversos estilos. All\u00ed se dar\u00e1n cita:\u00a0artistas pl\u00e1sticos de pintura, fotograf\u00eda, escultura, obra gr\u00e1fica, instalaciones, dise\u00f1o, grabado y tallado, as\u00ed como artesanos de todo tipo.<\/p>\n<p style=\"text-align: justify;\">Tal ha sido la demanda, que se ha creado <strong>una lista de espera de artistas y artesano<\/strong>s que, inicialmente, se quedaron sin plaza, pero que podr\u00e1n participar en el caso de surgir alguna baja inesperada de \u00faltima hora. El denominador com\u00fan a todos ellos, eso s\u00ed, es que son creadores de sus propias obras, no se admiten revendedores o intermediarios.<\/p>\n<p>&nbsp; <\/p>\n<p style=\"text-align: center;\"><a href=\"http:\/\/destinocastillayleon.es\/index\/wp-content\/uploads\/2014\/07\/Llega-Artearanda-2014-la-Feria-de-las-Artes-de-Aranda-de-Duero.png\"><img decoding=\"async\" class=\"alignnone size-full wp-image-14291\" alt=\"Llega 'Artearanda 2014', la Feria de las Artes de Aranda de Duero\" src=\"http:\/\/destinocastillayleon.es\/index\/wp-content\/uploads\/2014\/07\/Llega-Artearanda-2014-la-Feria-de-las-Artes-de-Aranda-de-Duero.png\" width=\"640\" height=\"325\" srcset=\"https:\/\/destinocastillayleon.es\/index\/wp-content\/uploads\/2014\/07\/Llega-Artearanda-2014-la-Feria-de-las-Artes-de-Aranda-de-Duero.png 640w, https:\/\/destinocastillayleon.es\/index\/wp-content\/uploads\/2014\/07\/Llega-Artearanda-2014-la-Feria-de-las-Artes-de-Aranda-de-Duero-300x152.png 300w\" sizes=\"(max-width: 640px) 100vw, 640px\" \/><\/a><br \/>\n&nbsp;<br \/>\n<a href=\"http:\/\/destinocastillayleon.es\/index\/wp-content\/uploads\/2014\/07\/Llega-Artearanda-2014.png\"><img decoding=\"async\" class=\" wp-image-14295 aligncenter\" title=\"Llega 'Artearanda 2014'\" alt=\"Llega 'Artearanda 2014'\" src=\"http:\/\/destinocastillayleon.es\/index\/wp-content\/uploads\/2014\/07\/Llega-Artearanda-2014.png\" width=\"448\" height=\"673\" srcset=\"https:\/\/destinocastillayleon.es\/index\/wp-content\/uploads\/2014\/07\/Llega-Artearanda-2014.png 354w, https:\/\/destinocastillayleon.es\/index\/wp-content\/uploads\/2014\/07\/Llega-Artearanda-2014-199x300.png 199w\" sizes=\"(max-width: 448px) 100vw, 448px\" \/><\/a><\/p>\n<p>&nbsp; <\/p>\n<p style=\"text-align: justify;\">Entre los conciertos, por ejemplo, destaca la presencia de grupos como <strong>Mustache y Trastoka2<\/strong>, que pondr\u00e1n la nota musical este primer s\u00e1bado de feria, 5 de Julio, mientras que la actividad programada para las 18,30 de la tarde correr\u00e1 a cargo d<strong>e Pilar Manso,<\/strong> que mostrar\u00e1 a los asistentes c\u00f3mo trabajar el cuero de forma artesanal.<\/p>\n<p>&nbsp; <\/p>\n<h3 style=\"text-align: justify;\">Informaci\u00f3n Adicional:\u00a0<\/h3>\n<p>&nbsp; <strong>Horario de apertura al p\u00fablico<\/strong>: De 11,00 a 21,30 horas \u2013con una pausa para comer de 15,00 a 18,30 horas<\/p>\n<p>&nbsp; <strong>Horario de espect\u00e1culos musicales:<\/strong> de 13,00 a 14,30 y de 20,00 a 21,30 horas<br \/>\n&nbsp;<br \/>\n&nbsp; <\/p>\n<h4>Art\u00edculos relacionados:<\/h4>\n<p>&nbsp; &nbsp; <strong>\u2022 <\/strong><a href=\"http:\/\/destinocastillayleon.es\/index\/de-tapas-por-aranda\/\">Ruta de tapas por Aranda de Duero<\/a>.<br \/>\n&nbsp; &nbsp; <strong>\u2022 <\/strong><a href=\"http:\/\/destinocastillayleon.es\/index\/enoturismo-y-tapeo-en-aranda-de-duero\/\">Enoturismo y tapeo en Aranda de Duero<\/a>.<br \/>\n&nbsp; &nbsp; <strong>\u2022 <\/strong><a href=\"http:\/\/destinocastillayleon.es\/index\/este-fin-de-semana-vamonos-aranda-de-duero\/\">Este fin de semana, v\u00e1monos de tapas en Aranda de Duero<\/a>.<br \/>\n&nbsp; &nbsp; <strong>\u2022 <\/strong><a href=\"http:\/\/destinocastillayleon.es\/index\/tesela-la-nueva-cerveza-artesanal-de-aranda-de-duero\/\">Nace Tesela, la nueva cerveza artesanal de Aranda de Duero<\/a>.<br \/>\n&nbsp; &nbsp; <strong>\u2022 <\/strong><a href=\"http:\/\/destinocastillayleon.es\/index\/la-nueva-exposicion-de-las-edades-del-hombre-se-inaugurara-el-6-de-mayo\/\">La nueva exposici\u00f3n de Las Edades del Hombre se inaugurar\u00e1 el 6 de mayo<\/a>.<br \/>\n&nbsp; <\/p>\n","protected":false},"excerpt":{"rendered":"<p>Llega &#8216;Artearanda 2014&#8217;, la Feria de las Artes de Aranda de Duero. Durante los fines de semana de verano podremos disfrutar de un gran destival y mercado de la artesan\u00eda<\/p>\n","protected":false},"author":14,"featured_media":14291,"comment_status":"open","ping_status":"closed","sticky":false,"template":"","format":"standard","meta":{"rop_custom_images_group":[],"rop_custom_messages_group":[],"rop_publish_now":"initial","rop_publish_now_accounts":{"twitter_1150954226_1150954226":""},"rop_publish_now_history":[],"rop_publish_now_status":"pending","footnotes":""},"categories":[1343,43,68],"tags":[2456,2454,2457,3033,4105,2453,664,3034],"class_list":["post-14279","post","type-post","status-publish","format-standard","has-post-thumbnail","hentry","category-agenda","category-burgos","category-post_inicial","tag-actividades-edades-del-hombre-aranda-de-duero","tag-artearanda-2014","tag-edades-del-hombre-2014","tag-feria-en-aranda-de-duero","tag-la-feria-de-las-artes-de-aranda-de-duero","tag-mercado-artesanal-aranda-de-duero","tag-turismo-en-aranda-de-duero","tag-verano-en-aranda-de-duero"],"yoast_head":"<!-- This site is optimized with the Yoast SEO Premium plugin v20.4 (Yoast SEO v27.4) - https:\/\/yoast.com\/product\/yoast-seo-premium-wordpress\/ -->\n<title>Llega &#039;Artearanda 2014&#039;, la Feria de las Artes de Aranda de Duero<\/title>\n<meta name=\"description\" content=\"Llega &#039;Artearanda 2014&#039;, la Feria de las Artes de Aranda de Duero. Durante los fines de semana de verano podremos disfrutar de un gran destival y mercado de la artesan\u00eda\" \/>\n<meta name=\"robots\" content=\"index, follow, max-snippet:-1, max-image-preview:large, max-video-preview:-1\" \/>\n<link rel=\"canonical\" href=\"https:\/\/destinocastillayleon.es\/index\/llega-artearanda-2014-la-feria-de-las-artes-de-aranda-de-duero\/\" \/>\n<meta property=\"og:locale\" content=\"es_ES\" \/>\n<meta property=\"og:type\" content=\"article\" \/>\n<meta property=\"og:title\" content=\"Llega &#039;Artearanda 2014&#039;, la Feria de las Artes de Aranda de Duero\" \/>\n<meta property=\"og:description\" content=\"Llega &#039;Artearanda 2014&#039;, la Feria de las Artes de Aranda de Duero\" \/>\n<meta property=\"og:url\" content=\"https:\/\/destinocastillayleon.es\/index\/llega-artearanda-2014-la-feria-de-las-artes-de-aranda-de-duero\/\" \/>\n<meta property=\"og:site_name\" content=\"Destino Castilla y Le\u00f3n\" \/>\n<meta property=\"article:publisher\" content=\"https:\/\/www.facebook.com\/DestinoCastillaYLeon\/\" \/>\n<meta property=\"article:published_time\" content=\"2014-07-03T11:46:27+00:00\" \/>\n<meta property=\"article:modified_time\" content=\"2014-12-02T12:59:03+00:00\" \/>\n<meta property=\"og:image\" content=\"https:\/\/destinocastillayleon.es\/index\/wp-content\/uploads\/2014\/07\/Llega-Artearanda-2014-la-Feria-de-las-Artes-de-Aranda-de-Duero.png\" \/>\n\t<meta property=\"og:image:width\" content=\"640\" \/>\n\t<meta property=\"og:image:height\" content=\"325\" \/>\n\t<meta property=\"og:image:type\" content=\"image\/png\" \/>\n<meta name=\"author\" content=\"Destino CyL\" \/>\n<meta name=\"twitter:card\" content=\"summary_large_image\" \/>\n<meta name=\"twitter:creator\" content=\"@destinocyl\" \/>\n<meta name=\"twitter:site\" content=\"@destinocyl\" \/>\n<meta name=\"twitter:label1\" content=\"Escrito por\" \/>\n\t<meta name=\"twitter:data1\" content=\"Destino CyL\" \/>\n\t<meta name=\"twitter:label2\" content=\"Tiempo de lectura\" \/>\n\t<meta name=\"twitter:data2\" content=\"2 minutos\" \/>\n<script type=\"application\/ld+json\" class=\"yoast-schema-graph\">{\"@context\":\"https:\\\/\\\/schema.org\",\"@graph\":[{\"@type\":\"Article\",\"@id\":\"https:\\\/\\\/destinocastillayleon.es\\\/index\\\/llega-artearanda-2014-la-feria-de-las-artes-de-aranda-de-duero\\\/#article\",\"isPartOf\":{\"@id\":\"https:\\\/\\\/destinocastillayleon.es\\\/index\\\/llega-artearanda-2014-la-feria-de-las-artes-de-aranda-de-duero\\\/\"},\"author\":{\"name\":\"Destino CyL\",\"@id\":\"https:\\\/\\\/destinocastillayleon.es\\\/index\\\/#\\\/schema\\\/person\\\/820bc853671969462e3e479c4ef6f253\"},\"headline\":\"Llega &#8216;Artearanda 2014&#8217;, la Feria de las Artes de Aranda de Duero\",\"datePublished\":\"2014-07-03T11:46:27+00:00\",\"dateModified\":\"2014-12-02T12:59:03+00:00\",\"mainEntityOfPage\":{\"@id\":\"https:\\\/\\\/destinocastillayleon.es\\\/index\\\/llega-artearanda-2014-la-feria-de-las-artes-de-aranda-de-duero\\\/\"},\"wordCount\":360,\"commentCount\":0,\"image\":{\"@id\":\"https:\\\/\\\/destinocastillayleon.es\\\/index\\\/llega-artearanda-2014-la-feria-de-las-artes-de-aranda-de-duero\\\/#primaryimage\"},\"thumbnailUrl\":\"https:\\\/\\\/destinocastillayleon.es\\\/index\\\/wp-content\\\/uploads\\\/2014\\\/07\\\/Llega-Artearanda-2014-la-Feria-de-las-Artes-de-Aranda-de-Duero.png\",\"keywords\":[\"Actividades Edades del hombre Aranda de Duero\",\"Artearanda 2014\",\"Edades del Hombre 2014\",\"feria en Aranda de Duero\",\"La Feria de las Artes de Aranda de Duero\",\"mercado artesanal Aranda de Duero\",\"Turismo en Aranda de Duero\",\"verano en Aranda de Duero\"],\"articleSection\":[\"Agenda\",\"Burgos\",\"Post_inicial\"],\"inLanguage\":\"es\",\"potentialAction\":[{\"@type\":\"CommentAction\",\"name\":\"Comment\",\"target\":[\"https:\\\/\\\/destinocastillayleon.es\\\/index\\\/llega-artearanda-2014-la-feria-de-las-artes-de-aranda-de-duero\\\/#respond\"]}]},{\"@type\":\"WebPage\",\"@id\":\"https:\\\/\\\/destinocastillayleon.es\\\/index\\\/llega-artearanda-2014-la-feria-de-las-artes-de-aranda-de-duero\\\/\",\"url\":\"https:\\\/\\\/destinocastillayleon.es\\\/index\\\/llega-artearanda-2014-la-feria-de-las-artes-de-aranda-de-duero\\\/\",\"name\":\"Llega 'Artearanda 2014', la Feria de las Artes de Aranda de Duero\",\"isPartOf\":{\"@id\":\"https:\\\/\\\/destinocastillayleon.es\\\/index\\\/#website\"},\"primaryImageOfPage\":{\"@id\":\"https:\\\/\\\/destinocastillayleon.es\\\/index\\\/llega-artearanda-2014-la-feria-de-las-artes-de-aranda-de-duero\\\/#primaryimage\"},\"image\":{\"@id\":\"https:\\\/\\\/destinocastillayleon.es\\\/index\\\/llega-artearanda-2014-la-feria-de-las-artes-de-aranda-de-duero\\\/#primaryimage\"},\"thumbnailUrl\":\"https:\\\/\\\/destinocastillayleon.es\\\/index\\\/wp-content\\\/uploads\\\/2014\\\/07\\\/Llega-Artearanda-2014-la-Feria-de-las-Artes-de-Aranda-de-Duero.png\",\"datePublished\":\"2014-07-03T11:46:27+00:00\",\"dateModified\":\"2014-12-02T12:59:03+00:00\",\"author\":{\"@id\":\"https:\\\/\\\/destinocastillayleon.es\\\/index\\\/#\\\/schema\\\/person\\\/820bc853671969462e3e479c4ef6f253\"},\"description\":\"Llega 'Artearanda 2014', la Feria de las Artes de Aranda de Duero. Durante los fines de semana de verano podremos disfrutar de un gran destival y mercado de la artesan\u00eda\",\"breadcrumb\":{\"@id\":\"https:\\\/\\\/destinocastillayleon.es\\\/index\\\/llega-artearanda-2014-la-feria-de-las-artes-de-aranda-de-duero\\\/#breadcrumb\"},\"inLanguage\":\"es\",\"potentialAction\":[{\"@type\":\"ReadAction\",\"target\":[\"https:\\\/\\\/destinocastillayleon.es\\\/index\\\/llega-artearanda-2014-la-feria-de-las-artes-de-aranda-de-duero\\\/\"]}]},{\"@type\":\"ImageObject\",\"inLanguage\":\"es\",\"@id\":\"https:\\\/\\\/destinocastillayleon.es\\\/index\\\/llega-artearanda-2014-la-feria-de-las-artes-de-aranda-de-duero\\\/#primaryimage\",\"url\":\"https:\\\/\\\/destinocastillayleon.es\\\/index\\\/wp-content\\\/uploads\\\/2014\\\/07\\\/Llega-Artearanda-2014-la-Feria-de-las-Artes-de-Aranda-de-Duero.png\",\"contentUrl\":\"https:\\\/\\\/destinocastillayleon.es\\\/index\\\/wp-content\\\/uploads\\\/2014\\\/07\\\/Llega-Artearanda-2014-la-Feria-de-las-Artes-de-Aranda-de-Duero.png\",\"width\":640,\"height\":325},{\"@type\":\"BreadcrumbList\",\"@id\":\"https:\\\/\\\/destinocastillayleon.es\\\/index\\\/llega-artearanda-2014-la-feria-de-las-artes-de-aranda-de-duero\\\/#breadcrumb\",\"itemListElement\":[{\"@type\":\"ListItem\",\"position\":1,\"name\":\"Portada\",\"item\":\"https:\\\/\\\/destinocastillayleon.es\\\/index\\\/\"},{\"@type\":\"ListItem\",\"position\":2,\"name\":\"Llega &#8216;Artearanda 2014&#8217;, la Feria de las Artes de Aranda de Duero\"}]},{\"@type\":\"WebSite\",\"@id\":\"https:\\\/\\\/destinocastillayleon.es\\\/index\\\/#website\",\"url\":\"https:\\\/\\\/destinocastillayleon.es\\\/index\\\/\",\"name\":\"Destino Castilla y Le\u00f3n\",\"description\":\"Medio digital independiente y revista de Castilla y Le\u00f3n dedicado al turismo, gastronom\u00eda y vino de Castilla y Le\u00f3n\",\"potentialAction\":[{\"@type\":\"SearchAction\",\"target\":{\"@type\":\"EntryPoint\",\"urlTemplate\":\"https:\\\/\\\/destinocastillayleon.es\\\/index\\\/?s={search_term_string}\"},\"query-input\":{\"@type\":\"PropertyValueSpecification\",\"valueRequired\":true,\"valueName\":\"search_term_string\"}}],\"inLanguage\":\"es\"},{\"@type\":\"Person\",\"@id\":\"https:\\\/\\\/destinocastillayleon.es\\\/index\\\/#\\\/schema\\\/person\\\/820bc853671969462e3e479c4ef6f253\",\"name\":\"Destino CyL\",\"image\":{\"@type\":\"ImageObject\",\"inLanguage\":\"es\",\"@id\":\"https:\\\/\\\/secure.gravatar.com\\\/avatar\\\/3ab58882c96a1f667e4b7004a344de8a7e22e7396dda91bd580baf77b48c2711?s=96&d=mm&r=g\",\"url\":\"https:\\\/\\\/secure.gravatar.com\\\/avatar\\\/3ab58882c96a1f667e4b7004a344de8a7e22e7396dda91bd580baf77b48c2711?s=96&d=mm&r=g\",\"contentUrl\":\"https:\\\/\\\/secure.gravatar.com\\\/avatar\\\/3ab58882c96a1f667e4b7004a344de8a7e22e7396dda91bd580baf77b48c2711?s=96&d=mm&r=g\",\"caption\":\"Destino CyL\"},\"description\":\"Equipo de redacci\u00f3n de Destino Castilla y Le\u00f3n\",\"sameAs\":[\"http:\\\/\\\/www.destinocastillayleon.es\"],\"url\":\"https:\\\/\\\/destinocastillayleon.es\\\/index\\\/author\\\/administrador\\\/\"}]}<\/script>\n<!-- \/ Yoast SEO Premium plugin. -->","yoast_head_json":{"title":"Llega 'Artearanda 2014', la Feria de las Artes de Aranda de Duero","description":"Llega 'Artearanda 2014', la Feria de las Artes de Aranda de Duero. Durante los fines de semana de verano podremos disfrutar de un gran destival y mercado de la artesan\u00eda","robots":{"index":"index","follow":"follow","max-snippet":"max-snippet:-1","max-image-preview":"max-image-preview:large","max-video-preview":"max-video-preview:-1"},"canonical":"https:\/\/destinocastillayleon.es\/index\/llega-artearanda-2014-la-feria-de-las-artes-de-aranda-de-duero\/","og_locale":"es_ES","og_type":"article","og_title":"Llega 'Artearanda 2014', la Feria de las Artes de Aranda de Duero","og_description":"Llega 'Artearanda 2014', la Feria de las Artes de Aranda de Duero","og_url":"https:\/\/destinocastillayleon.es\/index\/llega-artearanda-2014-la-feria-de-las-artes-de-aranda-de-duero\/","og_site_name":"Destino Castilla y Le\u00f3n","article_publisher":"https:\/\/www.facebook.com\/DestinoCastillaYLeon\/","article_published_time":"2014-07-03T11:46:27+00:00","article_modified_time":"2014-12-02T12:59:03+00:00","og_image":[{"width":640,"height":325,"url":"https:\/\/destinocastillayleon.es\/index\/wp-content\/uploads\/2014\/07\/Llega-Artearanda-2014-la-Feria-de-las-Artes-de-Aranda-de-Duero.png","type":"image\/png"}],"author":"Destino CyL","twitter_card":"summary_large_image","twitter_creator":"@destinocyl","twitter_site":"@destinocyl","twitter_misc":{"Escrito por":"Destino CyL","Tiempo de lectura":"2 minutos"},"schema":{"@context":"https:\/\/schema.org","@graph":[{"@type":"Article","@id":"https:\/\/destinocastillayleon.es\/index\/llega-artearanda-2014-la-feria-de-las-artes-de-aranda-de-duero\/#article","isPartOf":{"@id":"https:\/\/destinocastillayleon.es\/index\/llega-artearanda-2014-la-feria-de-las-artes-de-aranda-de-duero\/"},"author":{"name":"Destino CyL","@id":"https:\/\/destinocastillayleon.es\/index\/#\/schema\/person\/820bc853671969462e3e479c4ef6f253"},"headline":"Llega &#8216;Artearanda 2014&#8217;, la Feria de las Artes de Aranda de Duero","datePublished":"2014-07-03T11:46:27+00:00","dateModified":"2014-12-02T12:59:03+00:00","mainEntityOfPage":{"@id":"https:\/\/destinocastillayleon.es\/index\/llega-artearanda-2014-la-feria-de-las-artes-de-aranda-de-duero\/"},"wordCount":360,"commentCount":0,"image":{"@id":"https:\/\/destinocastillayleon.es\/index\/llega-artearanda-2014-la-feria-de-las-artes-de-aranda-de-duero\/#primaryimage"},"thumbnailUrl":"https:\/\/destinocastillayleon.es\/index\/wp-content\/uploads\/2014\/07\/Llega-Artearanda-2014-la-Feria-de-las-Artes-de-Aranda-de-Duero.png","keywords":["Actividades Edades del hombre Aranda de Duero","Artearanda 2014","Edades del Hombre 2014","feria en Aranda de Duero","La Feria de las Artes de Aranda de Duero","mercado artesanal Aranda de Duero","Turismo en Aranda de Duero","verano en Aranda de Duero"],"articleSection":["Agenda","Burgos","Post_inicial"],"inLanguage":"es","potentialAction":[{"@type":"CommentAction","name":"Comment","target":["https:\/\/destinocastillayleon.es\/index\/llega-artearanda-2014-la-feria-de-las-artes-de-aranda-de-duero\/#respond"]}]},{"@type":"WebPage","@id":"https:\/\/destinocastillayleon.es\/index\/llega-artearanda-2014-la-feria-de-las-artes-de-aranda-de-duero\/","url":"https:\/\/destinocastillayleon.es\/index\/llega-artearanda-2014-la-feria-de-las-artes-de-aranda-de-duero\/","name":"Llega 'Artearanda 2014', la Feria de las Artes de Aranda de Duero","isPartOf":{"@id":"https:\/\/destinocastillayleon.es\/index\/#website"},"primaryImageOfPage":{"@id":"https:\/\/destinocastillayleon.es\/index\/llega-artearanda-2014-la-feria-de-las-artes-de-aranda-de-duero\/#primaryimage"},"image":{"@id":"https:\/\/destinocastillayleon.es\/index\/llega-artearanda-2014-la-feria-de-las-artes-de-aranda-de-duero\/#primaryimage"},"thumbnailUrl":"https:\/\/destinocastillayleon.es\/index\/wp-content\/uploads\/2014\/07\/Llega-Artearanda-2014-la-Feria-de-las-Artes-de-Aranda-de-Duero.png","datePublished":"2014-07-03T11:46:27+00:00","dateModified":"2014-12-02T12:59:03+00:00","author":{"@id":"https:\/\/destinocastillayleon.es\/index\/#\/schema\/person\/820bc853671969462e3e479c4ef6f253"},"description":"Llega 'Artearanda 2014', la Feria de las Artes de Aranda de Duero. Durante los fines de semana de verano podremos disfrutar de un gran destival y mercado de la artesan\u00eda","breadcrumb":{"@id":"https:\/\/destinocastillayleon.es\/index\/llega-artearanda-2014-la-feria-de-las-artes-de-aranda-de-duero\/#breadcrumb"},"inLanguage":"es","potentialAction":[{"@type":"ReadAction","target":["https:\/\/destinocastillayleon.es\/index\/llega-artearanda-2014-la-feria-de-las-artes-de-aranda-de-duero\/"]}]},{"@type":"ImageObject","inLanguage":"es","@id":"https:\/\/destinocastillayleon.es\/index\/llega-artearanda-2014-la-feria-de-las-artes-de-aranda-de-duero\/#primaryimage","url":"https:\/\/destinocastillayleon.es\/index\/wp-content\/uploads\/2014\/07\/Llega-Artearanda-2014-la-Feria-de-las-Artes-de-Aranda-de-Duero.png","contentUrl":"https:\/\/destinocastillayleon.es\/index\/wp-content\/uploads\/2014\/07\/Llega-Artearanda-2014-la-Feria-de-las-Artes-de-Aranda-de-Duero.png","width":640,"height":325},{"@type":"BreadcrumbList","@id":"https:\/\/destinocastillayleon.es\/index\/llega-artearanda-2014-la-feria-de-las-artes-de-aranda-de-duero\/#breadcrumb","itemListElement":[{"@type":"ListItem","position":1,"name":"Portada","item":"https:\/\/destinocastillayleon.es\/index\/"},{"@type":"ListItem","position":2,"name":"Llega &#8216;Artearanda 2014&#8217;, la Feria de las Artes de Aranda de Duero"}]},{"@type":"WebSite","@id":"https:\/\/destinocastillayleon.es\/index\/#website","url":"https:\/\/destinocastillayleon.es\/index\/","name":"Destino Castilla y Le\u00f3n","description":"Medio digital independiente y revista de Castilla y Le\u00f3n dedicado al turismo, gastronom\u00eda y vino de Castilla y Le\u00f3n","potentialAction":[{"@type":"SearchAction","target":{"@type":"EntryPoint","urlTemplate":"https:\/\/destinocastillayleon.es\/index\/?s={search_term_string}"},"query-input":{"@type":"PropertyValueSpecification","valueRequired":true,"valueName":"search_term_string"}}],"inLanguage":"es"},{"@type":"Person","@id":"https:\/\/destinocastillayleon.es\/index\/#\/schema\/person\/820bc853671969462e3e479c4ef6f253","name":"Destino CyL","image":{"@type":"ImageObject","inLanguage":"es","@id":"https:\/\/secure.gravatar.com\/avatar\/3ab58882c96a1f667e4b7004a344de8a7e22e7396dda91bd580baf77b48c2711?s=96&d=mm&r=g","url":"https:\/\/secure.gravatar.com\/avatar\/3ab58882c96a1f667e4b7004a344de8a7e22e7396dda91bd580baf77b48c2711?s=96&d=mm&r=g","contentUrl":"https:\/\/secure.gravatar.com\/avatar\/3ab58882c96a1f667e4b7004a344de8a7e22e7396dda91bd580baf77b48c2711?s=96&d=mm&r=g","caption":"Destino CyL"},"description":"Equipo de redacci\u00f3n de Destino Castilla y Le\u00f3n","sameAs":["http:\/\/www.destinocastillayleon.es"],"url":"https:\/\/destinocastillayleon.es\/index\/author\/administrador\/"}]}},"_links":{"self":[{"href":"https:\/\/destinocastillayleon.es\/index\/wp-json\/wp\/v2\/posts\/14279","targetHints":{"allow":["GET"]}}],"collection":[{"href":"https:\/\/destinocastillayleon.es\/index\/wp-json\/wp\/v2\/posts"}],"about":[{"href":"https:\/\/destinocastillayleon.es\/index\/wp-json\/wp\/v2\/types\/post"}],"author":[{"embeddable":true,"href":"https:\/\/destinocastillayleon.es\/index\/wp-json\/wp\/v2\/users\/14"}],"replies":[{"embeddable":true,"href":"https:\/\/destinocastillayleon.es\/index\/wp-json\/wp\/v2\/comments?post=14279"}],"version-history":[{"count":4,"href":"https:\/\/destinocastillayleon.es\/index\/wp-json\/wp\/v2\/posts\/14279\/revisions"}],"predecessor-version":[{"id":17267,"href":"https:\/\/destinocastillayleon.es\/index\/wp-json\/wp\/v2\/posts\/14279\/revisions\/17267"}],"wp:featuredmedia":[{"embeddable":true,"href":"https:\/\/destinocastillayleon.es\/index\/wp-json\/wp\/v2\/media\/14291"}],"wp:attachment":[{"href":"https:\/\/destinocastillayleon.es\/index\/wp-json\/wp\/v2\/media?parent=14279"}],"wp:term":[{"taxonomy":"category","embeddable":true,"href":"https:\/\/destinocastillayleon.es\/index\/wp-json\/wp\/v2\/categories?post=14279"},{"taxonomy":"post_tag","embeddable":true,"href":"https:\/\/destinocastillayleon.es\/index\/wp-json\/wp\/v2\/tags?post=14279"}],"curies":[{"name":"wp","href":"https:\/\/api.w.org\/{rel}","templated":true}]}}