{"id":13662,"date":"2014-05-19T12:27:24","date_gmt":"2014-05-19T12:27:24","guid":{"rendered":"http:\/\/destinocastillayleon.es\/index\/?p=13662"},"modified":"2014-11-27T11:39:37","modified_gmt":"2014-11-27T10:39:37","slug":"comienza-la-semana-del-turismo-activo-en-castilla-y-leon","status":"publish","type":"post","link":"https:\/\/destinocastillayleon.es\/index\/comienza-la-semana-del-turismo-activo-en-castilla-y-leon\/","title":{"rendered":"Comienza la semana del turismo activo en Castilla y Le\u00f3n"},"content":{"rendered":"<p style=\"text-align: justify;\">Hoy, 19 de mayo comienza la <strong>semana del turismo activo en Castilla y Le\u00f3n<\/strong>\u00a0organizada por <a title=\"atacyl\" href=\"http:\/\/www.turismoactivocastillayleon.es\/index.php\/ATACYL\" target=\"_blank\">ATACYL <\/a>(la\u00a0Asociaci\u00f3n de Turismo Activo de Castilla y Le\u00f3n) repleta de actividades en la naturaleza y que\u00a0tendr\u00e1n lugar <strong>entre el 22 y 25 de mayo<\/strong>.<\/p>\n<p>&nbsp;<br \/>\n<a href=\"http:\/\/destinocastillayleon.es\/index\/wp-content\/uploads\/2014\/05\/2af1ed63816ec6720d1c51190b2e959a.jpg\"><img decoding=\"async\" class=\"size-full wp-image-13666 aligncenter\" alt=\"Cartel semana del turismo activo en Castilla y Le\u00f3n\" src=\"http:\/\/destinocastillayleon.es\/index\/wp-content\/uploads\/2014\/05\/2af1ed63816ec6720d1c51190b2e959a.jpg\" width=\"336\" height=\"700\" srcset=\"https:\/\/destinocastillayleon.es\/index\/wp-content\/uploads\/2014\/05\/2af1ed63816ec6720d1c51190b2e959a.jpg 255w, https:\/\/destinocastillayleon.es\/index\/wp-content\/uploads\/2014\/05\/2af1ed63816ec6720d1c51190b2e959a-491x1024.jpg 491w\" sizes=\"(max-width: 336px) 100vw, 336px\" \/><\/a><br \/>\n&nbsp;<\/p>\n<p style=\"text-align: justify;\">La finalidad de esta semana es la de <strong>dar a conocer todas actividades que se pueden realizar<\/strong> en los entornos naturales de Castilla y Le\u00f3n durante la primavera y verano, ya sean vacaciones en familia, campamentos escolares, reuniones de j\u00f3venes o concentraciones deportivas.<\/p>\n<p>&nbsp;<br \/>\n<center><iframe src=\"\/\/www.youtube.com\/embed\/qK3JlQFhLNo\" height=\"360\" width=\"520\" allowfullscreen=\"\" frameborder=\"0\"><\/iframe><\/center><br \/>\n&nbsp;<\/p>\n<h3>Programa Semana del Turismo Activo en Castilla y Le\u00f3n<\/h3>\n<p style=\"text-align: justify;\">Durante la semana del Turismo Activo podr\u00e1s disfrutar de las m\u00e1s pintorescas actividades: desde rutas en mountanbike o quads, painball, roc\u00f3dromos, tiro con arco&#8230; hasta paseo a caballo o en carro de bueyes, una de las novedades m\u00e1s significativas de este a\u00f1o.<\/p>\n<p style=\"text-align: center;\"><strong><a title=\"Semana del turismo activo de Castilla y Le\u00f3n\" href=\"http:\/\/destinocastillayleon.es\/index\/wp-content\/uploads\/2014\/05\/258006f3b597d29701e7f7aa59e12542.jpg\" target=\"_blank\"><img decoding=\"async\" class=\" wp-image-13668 aligncenter\" alt=\"Programa Semana Turismo Activo en Castilla y Le\u00f3n 2014\" src=\"http:\/\/destinocastillayleon.es\/index\/wp-content\/uploads\/2014\/05\/258006f3b597d29701e7f7aa59e12542.jpg\" width=\"737\" height=\"530\" srcset=\"https:\/\/destinocastillayleon.es\/index\/wp-content\/uploads\/2014\/05\/258006f3b597d29701e7f7aa59e12542.jpg 739w, https:\/\/destinocastillayleon.es\/index\/wp-content\/uploads\/2014\/05\/258006f3b597d29701e7f7aa59e12542-300x215.jpg 300w, https:\/\/destinocastillayleon.es\/index\/wp-content\/uploads\/2014\/05\/258006f3b597d29701e7f7aa59e12542-1024x735.jpg 1024w\" sizes=\"(max-width: 737px) 100vw, 737px\" \/><\/a>\u00a0<\/strong><\/p>\n<p style=\"text-align: justify;\">Cuanto m\u00e1s nos acercamos al verano, practicar deporte al aire libre es m\u00e1s frecuente, los d\u00edas son m\u00e1s largos y nos acompa\u00f1a el buen tiempo. D\u00edas para no perderse todo lo que estas empresas de aventureros emprendedores pueden ofrecerte.<\/p>\n<p>&nbsp;<\/p>\n<h4>Art\u00edculos relacionados:<\/h4>\n<p>&nbsp; &nbsp; <strong>\u2022 <\/strong><a title=\"10 lugares para avistar aves en Castilla y Le\u00f3n\" href=\"http:\/\/destinocastillayleon.es\/index\/10-lugares-para-avistar-aves-en-castilla-y-leon\/\" target=\"_blank\"><span style=\"color: #000000;\">10 lugares para avistar aves en Castilla y Le\u00f3n<\/a><br \/>\n&nbsp; &nbsp; <strong>\u2022 <\/strong><a href=\"http:\/\/destinocastillayleon.es\/index\/siete-espacios-naturales-en-castilla-leon-para-disfrutar-del-buen-tiempo\/\"><span style=\"color: #000000;\">7 parques naturales en Castilla y Le\u00f3n para disfrutar del buen tiempo<\/a><br \/>\n&nbsp; &nbsp; <strong>\u2022 <\/strong><a href=\"http:\/\/destinocastillayleon.es\/index\/los-grandes-senderos-de-castilla-leon-ya-tienen-sello\/\"><span style=\"color: #000000;\">Los grandes senderos de Castilla y Le\u00f3n ya tienen sello<br \/>\n&nbsp; &nbsp; <strong>\u2022 <\/strong><\/a><a href=\"http:\/\/destinocastillayleon.es\/index\/pasar-fin-de-semana-en-soria\/\"><span style=\"color: #000000;\">Pasar un fin de semana en Soria I<\/a><br \/>\n&nbsp; &nbsp; <strong>\u2022 <\/strong><a href=\"http:\/\/destinocastillayleon.es\/index\/viaje-la-sierra-de-francia\/\"><span style=\"color: #000000;\">En ruta por la Sierra de Francia, el coraz\u00f3n verde de Salamanca<\/a><\/p>\n<p>&nbsp;<\/p>\n","protected":false},"excerpt":{"rendered":"<p>Comienza la semana del turismo activo en Castilla y Le\u00f3n., Conoce las actividades propuestas para empezar a disfrutar del buen tiempo<\/p>\n","protected":false},"author":6,"featured_media":13675,"comment_status":"open","ping_status":"closed","sticky":false,"template":"","format":"standard","meta":{"rop_custom_images_group":[],"rop_custom_messages_group":[],"rop_publish_now":"initial","rop_publish_now_accounts":{"twitter_1150954226_1150954226":""},"rop_publish_now_history":[],"rop_publish_now_status":"pending","footnotes":""},"categories":[77,62,43,63,68,40,37,41,26,44],"tags":[2127,2125,2124,2955,2126,4068,2133,704,1491],"class_list":["post-13662","post","type-post","status-publish","format-standard","has-post-thumbnail","hentry","category-actualidad-y-agenda-de-castilla-y-leon","category-avila","category-burgos","category-leon","category-post_inicial","category-salamanca","category-segovia","category-soria","category-valladolid","category-zamora","tag-actividades-al-aire-libre-en-castilla-y-leon","tag-atacyl","tag-comienza-la-semana-del-turismo-activo-en-castilla-y-leon","tag-disfrutar-de-castilla-y-leon","tag-planes-de-naturaleza","tag-planes-divertidos-en-castilla-y-leon","tag-semana-del-turismo-activo-en-castilla-y-leon","tag-turismo-activo-en-castilla-y-leon","tag-turismo-activo-en-gredos"],"yoast_head":"<!-- This site is optimized with the Yoast SEO Premium plugin v20.4 (Yoast SEO v27.4) - https:\/\/yoast.com\/product\/yoast-seo-premium-wordpress\/ -->\n<title>Comienza la semana del turismo activo en Castilla y Le\u00f3n<\/title>\n<meta name=\"description\" content=\"Comienza la semana del turismo activo en Castilla y Le\u00f3n., Conoce las actividades propuestas para empezar a disfrutar del buen tiempo\" \/>\n<meta name=\"robots\" content=\"index, follow, max-snippet:-1, max-image-preview:large, max-video-preview:-1\" \/>\n<link rel=\"canonical\" href=\"https:\/\/destinocastillayleon.es\/index\/comienza-la-semana-del-turismo-activo-en-castilla-y-leon\/\" \/>\n<meta property=\"og:locale\" content=\"es_ES\" \/>\n<meta property=\"og:type\" content=\"article\" \/>\n<meta property=\"og:title\" content=\"Comienza la semana del turismo activo en Castilla y Le\u00f3n\" \/>\n<meta property=\"og:description\" content=\"Comienza la semana del turismo activo en Castilla y Le\u00f3n., Conoce las actividades propuestas para empezar a disfrutar del buen tiempo\" \/>\n<meta property=\"og:url\" content=\"https:\/\/destinocastillayleon.es\/index\/comienza-la-semana-del-turismo-activo-en-castilla-y-leon\/\" \/>\n<meta property=\"og:site_name\" content=\"Destino Castilla y Le\u00f3n\" \/>\n<meta property=\"article:publisher\" content=\"https:\/\/www.facebook.com\/DestinoCastillaYLeon\/\" \/>\n<meta property=\"article:published_time\" content=\"2014-05-19T12:27:24+00:00\" \/>\n<meta property=\"article:modified_time\" content=\"2014-11-27T10:39:37+00:00\" \/>\n<meta property=\"og:image\" content=\"https:\/\/destinocastillayleon.es\/index\/wp-content\/uploads\/2014\/05\/2af1ed63816ec6720d1c51190b2e959a.jpg\" \/>\n\t<meta property=\"og:image:width\" content=\"255\" \/>\n\t<meta property=\"og:image:height\" content=\"531\" \/>\n\t<meta property=\"og:image:type\" content=\"image\/jpeg\" \/>\n<meta name=\"author\" content=\"Lola Hernandez\" \/>\n<meta name=\"twitter:card\" content=\"summary_large_image\" \/>\n<meta name=\"twitter:creator\" content=\"@destinocyl\" \/>\n<meta name=\"twitter:site\" content=\"@destinocyl\" \/>\n<meta name=\"twitter:label1\" content=\"Escrito por\" \/>\n\t<meta name=\"twitter:data1\" content=\"Lola Hernandez\" \/>\n\t<meta name=\"twitter:label2\" content=\"Tiempo de lectura\" \/>\n\t<meta name=\"twitter:data2\" content=\"1 minuto\" \/>\n<script type=\"application\/ld+json\" class=\"yoast-schema-graph\">{\"@context\":\"https:\\\/\\\/schema.org\",\"@graph\":[{\"@type\":\"Article\",\"@id\":\"https:\\\/\\\/destinocastillayleon.es\\\/index\\\/comienza-la-semana-del-turismo-activo-en-castilla-y-leon\\\/#article\",\"isPartOf\":{\"@id\":\"https:\\\/\\\/destinocastillayleon.es\\\/index\\\/comienza-la-semana-del-turismo-activo-en-castilla-y-leon\\\/\"},\"author\":{\"name\":\"Lola Hernandez\",\"@id\":\"https:\\\/\\\/destinocastillayleon.es\\\/index\\\/#\\\/schema\\\/person\\\/49ffcb7eb307589ba529009335ed7767\"},\"headline\":\"Comienza la semana del turismo activo en Castilla y Le\u00f3n\",\"datePublished\":\"2014-05-19T12:27:24+00:00\",\"dateModified\":\"2014-11-27T10:39:37+00:00\",\"mainEntityOfPage\":{\"@id\":\"https:\\\/\\\/destinocastillayleon.es\\\/index\\\/comienza-la-semana-del-turismo-activo-en-castilla-y-leon\\\/\"},\"wordCount\":274,\"commentCount\":0,\"image\":{\"@id\":\"https:\\\/\\\/destinocastillayleon.es\\\/index\\\/comienza-la-semana-del-turismo-activo-en-castilla-y-leon\\\/#primaryimage\"},\"thumbnailUrl\":\"https:\\\/\\\/destinocastillayleon.es\\\/index\\\/wp-content\\\/uploads\\\/2014\\\/05\\\/78dda720a613c2a39cac6b270ee61605.jpg\",\"keywords\":[\"actividades al aire libre en castilla y leon\",\"atacyl\",\"Comienza la semana del turismo activo en Castilla y Le\u00f3n\",\"disfrutar de Castilla y Le\u00f3n\",\"planes de naturaleza\",\"planes divertidos en Castilla y Le\u00f3n\",\"semana del turismo activo en Castilla y Le\u00f3n\",\"Turismo activo en Castilla y Le\u00f3n\",\"turismo activo en Gredos\"],\"articleSection\":[\"Actualidad\",\"Avila\",\"Burgos\",\"Leon\",\"Post_inicial\",\"Salamanca\",\"Segovia\",\"Soria\",\"Valladolid\",\"Zamora\"],\"inLanguage\":\"es\",\"potentialAction\":[{\"@type\":\"CommentAction\",\"name\":\"Comment\",\"target\":[\"https:\\\/\\\/destinocastillayleon.es\\\/index\\\/comienza-la-semana-del-turismo-activo-en-castilla-y-leon\\\/#respond\"]}]},{\"@type\":\"WebPage\",\"@id\":\"https:\\\/\\\/destinocastillayleon.es\\\/index\\\/comienza-la-semana-del-turismo-activo-en-castilla-y-leon\\\/\",\"url\":\"https:\\\/\\\/destinocastillayleon.es\\\/index\\\/comienza-la-semana-del-turismo-activo-en-castilla-y-leon\\\/\",\"name\":\"Comienza la semana del turismo activo en Castilla y Le\u00f3n\",\"isPartOf\":{\"@id\":\"https:\\\/\\\/destinocastillayleon.es\\\/index\\\/#website\"},\"primaryImageOfPage\":{\"@id\":\"https:\\\/\\\/destinocastillayleon.es\\\/index\\\/comienza-la-semana-del-turismo-activo-en-castilla-y-leon\\\/#primaryimage\"},\"image\":{\"@id\":\"https:\\\/\\\/destinocastillayleon.es\\\/index\\\/comienza-la-semana-del-turismo-activo-en-castilla-y-leon\\\/#primaryimage\"},\"thumbnailUrl\":\"https:\\\/\\\/destinocastillayleon.es\\\/index\\\/wp-content\\\/uploads\\\/2014\\\/05\\\/78dda720a613c2a39cac6b270ee61605.jpg\",\"datePublished\":\"2014-05-19T12:27:24+00:00\",\"dateModified\":\"2014-11-27T10:39:37+00:00\",\"author\":{\"@id\":\"https:\\\/\\\/destinocastillayleon.es\\\/index\\\/#\\\/schema\\\/person\\\/49ffcb7eb307589ba529009335ed7767\"},\"description\":\"Comienza la semana del turismo activo en Castilla y Le\u00f3n., Conoce las actividades propuestas para empezar a disfrutar del buen tiempo\",\"breadcrumb\":{\"@id\":\"https:\\\/\\\/destinocastillayleon.es\\\/index\\\/comienza-la-semana-del-turismo-activo-en-castilla-y-leon\\\/#breadcrumb\"},\"inLanguage\":\"es\",\"potentialAction\":[{\"@type\":\"ReadAction\",\"target\":[\"https:\\\/\\\/destinocastillayleon.es\\\/index\\\/comienza-la-semana-del-turismo-activo-en-castilla-y-leon\\\/\"]}]},{\"@type\":\"ImageObject\",\"inLanguage\":\"es\",\"@id\":\"https:\\\/\\\/destinocastillayleon.es\\\/index\\\/comienza-la-semana-del-turismo-activo-en-castilla-y-leon\\\/#primaryimage\",\"url\":\"https:\\\/\\\/destinocastillayleon.es\\\/index\\\/wp-content\\\/uploads\\\/2014\\\/05\\\/78dda720a613c2a39cac6b270ee61605.jpg\",\"contentUrl\":\"https:\\\/\\\/destinocastillayleon.es\\\/index\\\/wp-content\\\/uploads\\\/2014\\\/05\\\/78dda720a613c2a39cac6b270ee61605.jpg\",\"width\":798,\"height\":531,\"caption\":\"roc\u00f3dromo Fuente: huluaventura.com\"},{\"@type\":\"BreadcrumbList\",\"@id\":\"https:\\\/\\\/destinocastillayleon.es\\\/index\\\/comienza-la-semana-del-turismo-activo-en-castilla-y-leon\\\/#breadcrumb\",\"itemListElement\":[{\"@type\":\"ListItem\",\"position\":1,\"name\":\"Portada\",\"item\":\"https:\\\/\\\/destinocastillayleon.es\\\/index\\\/\"},{\"@type\":\"ListItem\",\"position\":2,\"name\":\"Comienza la semana del turismo activo en Castilla y Le\u00f3n\"}]},{\"@type\":\"WebSite\",\"@id\":\"https:\\\/\\\/destinocastillayleon.es\\\/index\\\/#website\",\"url\":\"https:\\\/\\\/destinocastillayleon.es\\\/index\\\/\",\"name\":\"Destino Castilla y Le\u00f3n\",\"description\":\"Medio digital independiente y revista de Castilla y Le\u00f3n dedicado al turismo, gastronom\u00eda y vino de Castilla y Le\u00f3n\",\"potentialAction\":[{\"@type\":\"SearchAction\",\"target\":{\"@type\":\"EntryPoint\",\"urlTemplate\":\"https:\\\/\\\/destinocastillayleon.es\\\/index\\\/?s={search_term_string}\"},\"query-input\":{\"@type\":\"PropertyValueSpecification\",\"valueRequired\":true,\"valueName\":\"search_term_string\"}}],\"inLanguage\":\"es\"},{\"@type\":\"Person\",\"@id\":\"https:\\\/\\\/destinocastillayleon.es\\\/index\\\/#\\\/schema\\\/person\\\/49ffcb7eb307589ba529009335ed7767\",\"name\":\"Lola Hernandez\",\"image\":{\"@type\":\"ImageObject\",\"inLanguage\":\"es\",\"@id\":\"https:\\\/\\\/secure.gravatar.com\\\/avatar\\\/72ead65e55ad0522fba484acfe2842bf78b2f7c727df41d76fed78a85519da34?s=96&d=mm&r=g\",\"url\":\"https:\\\/\\\/secure.gravatar.com\\\/avatar\\\/72ead65e55ad0522fba484acfe2842bf78b2f7c727df41d76fed78a85519da34?s=96&d=mm&r=g\",\"contentUrl\":\"https:\\\/\\\/secure.gravatar.com\\\/avatar\\\/72ead65e55ad0522fba484acfe2842bf78b2f7c727df41d76fed78a85519da34?s=96&d=mm&r=g\",\"caption\":\"Lola Hernandez\"},\"description\":\"Lola Hern\u00e1ndez fue fundadora y directora de www.destinocastillayleon.es Escribiendo sobre turismo, gastronom\u00eda y vino de su tierra de origen, Castilla y Le\u00f3n.\",\"sameAs\":[\"http:\\\/\\\/www.destinoysabor.com\\\/blog\"],\"url\":\"https:\\\/\\\/destinocastillayleon.es\\\/index\\\/author\\\/lola-hernandez\\\/\"}]}<\/script>\n<!-- \/ Yoast SEO Premium plugin. -->","yoast_head_json":{"title":"Comienza la semana del turismo activo en Castilla y Le\u00f3n","description":"Comienza la semana del turismo activo en Castilla y Le\u00f3n., Conoce las actividades propuestas para empezar a disfrutar del buen tiempo","robots":{"index":"index","follow":"follow","max-snippet":"max-snippet:-1","max-image-preview":"max-image-preview:large","max-video-preview":"max-video-preview:-1"},"canonical":"https:\/\/destinocastillayleon.es\/index\/comienza-la-semana-del-turismo-activo-en-castilla-y-leon\/","og_locale":"es_ES","og_type":"article","og_title":"Comienza la semana del turismo activo en Castilla y Le\u00f3n","og_description":"Comienza la semana del turismo activo en Castilla y Le\u00f3n., Conoce las actividades propuestas para empezar a disfrutar del buen tiempo","og_url":"https:\/\/destinocastillayleon.es\/index\/comienza-la-semana-del-turismo-activo-en-castilla-y-leon\/","og_site_name":"Destino Castilla y Le\u00f3n","article_publisher":"https:\/\/www.facebook.com\/DestinoCastillaYLeon\/","article_published_time":"2014-05-19T12:27:24+00:00","article_modified_time":"2014-11-27T10:39:37+00:00","og_image":[{"width":255,"height":531,"url":"https:\/\/destinocastillayleon.es\/index\/wp-content\/uploads\/2014\/05\/2af1ed63816ec6720d1c51190b2e959a.jpg","type":"image\/jpeg"}],"author":"Lola Hernandez","twitter_card":"summary_large_image","twitter_creator":"@destinocyl","twitter_site":"@destinocyl","twitter_misc":{"Escrito por":"Lola Hernandez","Tiempo de lectura":"1 minuto"},"schema":{"@context":"https:\/\/schema.org","@graph":[{"@type":"Article","@id":"https:\/\/destinocastillayleon.es\/index\/comienza-la-semana-del-turismo-activo-en-castilla-y-leon\/#article","isPartOf":{"@id":"https:\/\/destinocastillayleon.es\/index\/comienza-la-semana-del-turismo-activo-en-castilla-y-leon\/"},"author":{"name":"Lola Hernandez","@id":"https:\/\/destinocastillayleon.es\/index\/#\/schema\/person\/49ffcb7eb307589ba529009335ed7767"},"headline":"Comienza la semana del turismo activo en Castilla y Le\u00f3n","datePublished":"2014-05-19T12:27:24+00:00","dateModified":"2014-11-27T10:39:37+00:00","mainEntityOfPage":{"@id":"https:\/\/destinocastillayleon.es\/index\/comienza-la-semana-del-turismo-activo-en-castilla-y-leon\/"},"wordCount":274,"commentCount":0,"image":{"@id":"https:\/\/destinocastillayleon.es\/index\/comienza-la-semana-del-turismo-activo-en-castilla-y-leon\/#primaryimage"},"thumbnailUrl":"https:\/\/destinocastillayleon.es\/index\/wp-content\/uploads\/2014\/05\/78dda720a613c2a39cac6b270ee61605.jpg","keywords":["actividades al aire libre en castilla y leon","atacyl","Comienza la semana del turismo activo en Castilla y Le\u00f3n","disfrutar de Castilla y Le\u00f3n","planes de naturaleza","planes divertidos en Castilla y Le\u00f3n","semana del turismo activo en Castilla y Le\u00f3n","Turismo activo en Castilla y Le\u00f3n","turismo activo en Gredos"],"articleSection":["Actualidad","Avila","Burgos","Leon","Post_inicial","Salamanca","Segovia","Soria","Valladolid","Zamora"],"inLanguage":"es","potentialAction":[{"@type":"CommentAction","name":"Comment","target":["https:\/\/destinocastillayleon.es\/index\/comienza-la-semana-del-turismo-activo-en-castilla-y-leon\/#respond"]}]},{"@type":"WebPage","@id":"https:\/\/destinocastillayleon.es\/index\/comienza-la-semana-del-turismo-activo-en-castilla-y-leon\/","url":"https:\/\/destinocastillayleon.es\/index\/comienza-la-semana-del-turismo-activo-en-castilla-y-leon\/","name":"Comienza la semana del turismo activo en Castilla y Le\u00f3n","isPartOf":{"@id":"https:\/\/destinocastillayleon.es\/index\/#website"},"primaryImageOfPage":{"@id":"https:\/\/destinocastillayleon.es\/index\/comienza-la-semana-del-turismo-activo-en-castilla-y-leon\/#primaryimage"},"image":{"@id":"https:\/\/destinocastillayleon.es\/index\/comienza-la-semana-del-turismo-activo-en-castilla-y-leon\/#primaryimage"},"thumbnailUrl":"https:\/\/destinocastillayleon.es\/index\/wp-content\/uploads\/2014\/05\/78dda720a613c2a39cac6b270ee61605.jpg","datePublished":"2014-05-19T12:27:24+00:00","dateModified":"2014-11-27T10:39:37+00:00","author":{"@id":"https:\/\/destinocastillayleon.es\/index\/#\/schema\/person\/49ffcb7eb307589ba529009335ed7767"},"description":"Comienza la semana del turismo activo en Castilla y Le\u00f3n., Conoce las actividades propuestas para empezar a disfrutar del buen tiempo","breadcrumb":{"@id":"https:\/\/destinocastillayleon.es\/index\/comienza-la-semana-del-turismo-activo-en-castilla-y-leon\/#breadcrumb"},"inLanguage":"es","potentialAction":[{"@type":"ReadAction","target":["https:\/\/destinocastillayleon.es\/index\/comienza-la-semana-del-turismo-activo-en-castilla-y-leon\/"]}]},{"@type":"ImageObject","inLanguage":"es","@id":"https:\/\/destinocastillayleon.es\/index\/comienza-la-semana-del-turismo-activo-en-castilla-y-leon\/#primaryimage","url":"https:\/\/destinocastillayleon.es\/index\/wp-content\/uploads\/2014\/05\/78dda720a613c2a39cac6b270ee61605.jpg","contentUrl":"https:\/\/destinocastillayleon.es\/index\/wp-content\/uploads\/2014\/05\/78dda720a613c2a39cac6b270ee61605.jpg","width":798,"height":531,"caption":"roc\u00f3dromo Fuente: huluaventura.com"},{"@type":"BreadcrumbList","@id":"https:\/\/destinocastillayleon.es\/index\/comienza-la-semana-del-turismo-activo-en-castilla-y-leon\/#breadcrumb","itemListElement":[{"@type":"ListItem","position":1,"name":"Portada","item":"https:\/\/destinocastillayleon.es\/index\/"},{"@type":"ListItem","position":2,"name":"Comienza la semana del turismo activo en Castilla y Le\u00f3n"}]},{"@type":"WebSite","@id":"https:\/\/destinocastillayleon.es\/index\/#website","url":"https:\/\/destinocastillayleon.es\/index\/","name":"Destino Castilla y Le\u00f3n","description":"Medio digital independiente y revista de Castilla y Le\u00f3n dedicado al turismo, gastronom\u00eda y vino de Castilla y Le\u00f3n","potentialAction":[{"@type":"SearchAction","target":{"@type":"EntryPoint","urlTemplate":"https:\/\/destinocastillayleon.es\/index\/?s={search_term_string}"},"query-input":{"@type":"PropertyValueSpecification","valueRequired":true,"valueName":"search_term_string"}}],"inLanguage":"es"},{"@type":"Person","@id":"https:\/\/destinocastillayleon.es\/index\/#\/schema\/person\/49ffcb7eb307589ba529009335ed7767","name":"Lola Hernandez","image":{"@type":"ImageObject","inLanguage":"es","@id":"https:\/\/secure.gravatar.com\/avatar\/72ead65e55ad0522fba484acfe2842bf78b2f7c727df41d76fed78a85519da34?s=96&d=mm&r=g","url":"https:\/\/secure.gravatar.com\/avatar\/72ead65e55ad0522fba484acfe2842bf78b2f7c727df41d76fed78a85519da34?s=96&d=mm&r=g","contentUrl":"https:\/\/secure.gravatar.com\/avatar\/72ead65e55ad0522fba484acfe2842bf78b2f7c727df41d76fed78a85519da34?s=96&d=mm&r=g","caption":"Lola Hernandez"},"description":"Lola Hern\u00e1ndez fue fundadora y directora de www.destinocastillayleon.es Escribiendo sobre turismo, gastronom\u00eda y vino de su tierra de origen, Castilla y Le\u00f3n.","sameAs":["http:\/\/www.destinoysabor.com\/blog"],"url":"https:\/\/destinocastillayleon.es\/index\/author\/lola-hernandez\/"}]}},"_links":{"self":[{"href":"https:\/\/destinocastillayleon.es\/index\/wp-json\/wp\/v2\/posts\/13662","targetHints":{"allow":["GET"]}}],"collection":[{"href":"https:\/\/destinocastillayleon.es\/index\/wp-json\/wp\/v2\/posts"}],"about":[{"href":"https:\/\/destinocastillayleon.es\/index\/wp-json\/wp\/v2\/types\/post"}],"author":[{"embeddable":true,"href":"https:\/\/destinocastillayleon.es\/index\/wp-json\/wp\/v2\/users\/6"}],"replies":[{"embeddable":true,"href":"https:\/\/destinocastillayleon.es\/index\/wp-json\/wp\/v2\/comments?post=13662"}],"version-history":[{"count":9,"href":"https:\/\/destinocastillayleon.es\/index\/wp-json\/wp\/v2\/posts\/13662\/revisions"}],"predecessor-version":[{"id":17173,"href":"https:\/\/destinocastillayleon.es\/index\/wp-json\/wp\/v2\/posts\/13662\/revisions\/17173"}],"wp:featuredmedia":[{"embeddable":true,"href":"https:\/\/destinocastillayleon.es\/index\/wp-json\/wp\/v2\/media\/13675"}],"wp:attachment":[{"href":"https:\/\/destinocastillayleon.es\/index\/wp-json\/wp\/v2\/media?parent=13662"}],"wp:term":[{"taxonomy":"category","embeddable":true,"href":"https:\/\/destinocastillayleon.es\/index\/wp-json\/wp\/v2\/categories?post=13662"},{"taxonomy":"post_tag","embeddable":true,"href":"https:\/\/destinocastillayleon.es\/index\/wp-json\/wp\/v2\/tags?post=13662"}],"curies":[{"name":"wp","href":"https:\/\/api.w.org\/{rel}","templated":true}]}}