{"id":13063,"date":"2014-04-25T12:18:13","date_gmt":"2014-04-25T12:18:13","guid":{"rendered":"http:\/\/destinocastillayleon.es\/index\/?p=13063"},"modified":"2014-11-25T11:45:03","modified_gmt":"2014-11-25T10:45:03","slug":"certamen-nacional-de-magia-ilusionat-alegria-y-magia-este-fin-de-semana-en-cigales","status":"publish","type":"post","link":"https:\/\/destinocastillayleon.es\/index\/certamen-nacional-de-magia-ilusionat-alegria-y-magia-este-fin-de-semana-en-cigales\/","title":{"rendered":"Certamen Nacional de Magia IlusionaT: alegr\u00eda y magia este fin de semana en Cigales"},"content":{"rendered":"<p style=\"text-align: justify;\">Este fin de semana la alegr\u00eda, la ilusi\u00f3n y la magia llenar\u00e1n las calles de Cigales en Valladolid. Se celebra el <strong>Certamen Nacional de Magia \u201cIlusionaT\u201d este pr\u00f3ximo fin de semana,<\/strong>\u00a0desde hoy 25 de abril al domingo 27.<\/p>\n<p>&nbsp;<\/p>\n<h3>Certamen Nacional de Magia<\/h3>\n<p style=\"text-align: justify;\">Organizado por el Ayuntamiento de Cigales, \u00a0Magiayhumor.com y la colaboraci\u00f3n de la Diputaci\u00f3n Provincial de Valladolid<strong> pretende ser un certamen\u00a0pionero en la Provincia<\/strong> que reunir\u00e1 a un numeroso grupo de magos e ilusionistas de relevancia Nacional e Internacional que participar\u00e1n en diferentes galas y actuaciones para deleite de Cigale\u00f1os y visitantes compaginado con diversas conferencias y grupos de trabajo para los magos apuntados a este evento.<\/p>\n<p>A lo largo del fin de semana podremos disfrutar de los magos Oscar Escalante, Miguel \u00c1ngel Gea, Manu Montes, Paco Gonz\u00e1lez, Juan Manuel Marcos, Paco Rhodas, Pedro Bryce, Nano Arranz, Jes\u00fas Duque, el Mago Rafa y el Mago Toni, un amplio elenco de artistas que mostrar\u00e1n su espect\u00e1culo en el Teatro Las Pe\u00f1uelas que el Ayuntamiento de Cigales pone a disposici\u00f3n del evento.<\/p>\n<p>Los <strong>precios de las galas de magia oscilaran entre los 3 y 6 \u20ac aunque si quieres asistir a todas, puedes comprar el bono de 10\u20ac que da acceso a todas ellas. <\/strong>Un fin de semana pensado\u00a0para <strong>ni\u00f1os y adultos<\/strong>, que podr\u00e1n disfrutar de un programa muy\u00a0variado cargado de magia e ilusionismo.<\/p>\n<p>&nbsp;<\/p>\n<h3 style=\"text-align: left;\" align=\"center\">Programa del Certamen Nacional de Magia IlusionaT<\/h3>\n<p>&nbsp; <b><span style=\"text-decoration: underline;\">Viernes 25 de abril:<\/span><\/b><\/p>\n<p>&nbsp; &nbsp; 15:30 h. Recepci\u00f3n de congresistas<\/p>\n<p>&nbsp; &nbsp; 16:00 h \u00a0Apertura de la feria M\u00e1gica<\/p>\n<p>&nbsp; &nbsp; 17:30 h. El Reto (Plaza Mayor de Cigales)<\/p>\n<p>&nbsp; &nbsp; 18:30 h. Conferencia acreditados al Certamen<\/p>\n<p>&nbsp; <b><span style=\"text-decoration: underline;\">S\u00e1bado 26 de abril<\/span><\/b><\/p>\n<p>&nbsp; &nbsp; 10:30 h. Conferencia<\/p>\n<p>&nbsp; &nbsp; 12:30 h. Conferencia de Magia<\/p>\n<p>&nbsp; &nbsp; 16:00 h. Conferencia de Magia<\/p>\n<p>&nbsp; &nbsp; 18:30 h. Gran Gala de Cerca (Entrada 6 \u20ac)<\/p>\n<p>&nbsp; &nbsp; 22:00 h. Gala de Escena en el Teatro Pe\u00f1uelas (Entrada 5 \u20ac)<\/p>\n<p>&nbsp; &nbsp; 00:00 h. A.L.G.O<\/p>\n<p>&nbsp; &nbsp; 01:30 h. Micro abierto<\/p>\n<p>&nbsp; <b><span style=\"text-decoration: underline;\">Domingo 27 de abril:<\/span><\/b><\/p>\n<p>&nbsp; &nbsp; 12:00 h. Gala de Magia infantil en Teatro Pe\u00f1uelas (Entrada 3 \u20ac)<\/p>\n<p>&nbsp; &nbsp; 12:00 h. Conferencia de Magia<\/p>\n<p>&nbsp; &nbsp; 17:00 h. Workshop Miguel \u00c1ngel Gea.<\/p>\n<p>\u00a1Esperamos que os guste! \ud83d\ude09<\/p>\n<p>&nbsp; <\/p>\n<h4>Art\u00edculos Relacionados:<\/h4>\n<p>&nbsp; &nbsp; <strong>\u2022 <\/strong><a href=\"http:\/\/destinocastillayleon.es\/index\/dia-del-almendro-en-la-fregeneda-salamanca\/\">Dia del Almendro en la Fregenda de Salamanca<\/a><br \/>\n&nbsp; &nbsp; <strong>\u2022 <\/strong><a href=\"http:\/\/destinocastillayleon.es\/index\/mercados-con-causa-este-fin-de-semana-en-castilla-leon\/\">Ferias y mercados con una causa solidaria en Castilla y Le\u00f3n<\/a><br \/>\n&nbsp; &nbsp; <strong>\u2022 <\/strong><a href=\"http:\/\/destinocastillayleon.es\/index\/caminos-del-queso-descubre-la-provincia-de-valladolid-traves-de-su-sabor\/\">Caminos del Queso, descubre la provincia de Valladolid a trav\u00e9s de su sabor<\/a><br \/>\n&nbsp; &nbsp; <strong>\u2022 <\/strong><a href=\"http:\/\/destinocastillayleon.es\/index\/taller-vinedo-vid-y-vino-en-la-seca-valladolid\/\">Taller: Vi\u00f1edo, vid y vino en la Seca, Valladolid<\/a><br \/>\n&nbsp; &nbsp; <strong>\u2022 <\/strong><a href=\"http:\/\/destinocastillayleon.es\/index\/pasar-dia-en-serrada\/\">Pasar un d\u00eda en Serrada<\/a><br \/>\n&nbsp; &nbsp; <strong>\u2022 <\/strong><a href=\"http:\/\/destinocastillayleon.es\/index\/premios-artesanos-de-castilla-leon-2013\/\">Ganadores de los Premios Artesanos de Castilla y Le\u00f3n 2013<\/a>.<br \/>\n&nbsp; &nbsp; <strong>\u2022 <\/strong><a href=\"http:\/\/destinocastillayleon.es\/index\/bodegas-ovidio-garcia\/\">Visitar la Bodegas Ovidio Gracia de Cigales<\/a>.<br \/>\n&nbsp; &nbsp; <strong>\u2022 <\/strong><a href=\"http:\/\/destinocastillayleon.es\/index\/este-fin-de-semana-arranca-la-fiesta-del-verdejo\/\">Festival Samiento Rock en La Seca<\/a>.<br \/>\n&nbsp; <\/p>\n","protected":false},"excerpt":{"rendered":"<p>Este fin de semana la alegr\u00eda, la ilusi\u00f3n y la magia llenar\u00e1n las calles de Cigales en Valladolid. Se celebra el Certamen Nacional de Magia IlusionaT.<\/p>\n","protected":false},"author":6,"featured_media":13064,"comment_status":"open","ping_status":"closed","sticky":false,"template":"","format":"standard","meta":{"rop_custom_images_group":[],"rop_custom_messages_group":[],"rop_publish_now":"initial","rop_publish_now_accounts":{"twitter_1150954226_1150954226":""},"rop_publish_now_history":[],"rop_publish_now_status":"pending","footnotes":""},"categories":[1343,68],"tags":[3338,1786,1788,2910,1730,2909,4033,4034,2911,1732,660],"class_list":["post-13063","post","type-post","status-publish","format-standard","has-post-thumbnail","hentry","category-agenda","category-post_inicial","tag-actividades-en-cigales","tag-actualidad-de-castilla-y-leon","tag-actualidad-de-valladolid","tag-certamen-nacional-de-magia","tag-certamen-nacional-de-magia-ilusionat-de-cigales","tag-festival-de-magia-en-cigales","tag-festival-ilusionat","tag-magia-en-cigales","tag-magia-y-humor-en-cigales","tag-que-hacer-en-cigales","tag-que-ver-en-valladolid"],"yoast_head":"<!-- This site is optimized with the Yoast SEO Premium plugin v20.4 (Yoast SEO v27.4) - https:\/\/yoast.com\/product\/yoast-seo-premium-wordpress\/ -->\n<title>Certamen Nacional de Magia IlusionaT: alegr\u00eda y magia este fin de semana en Cigales<\/title>\n<meta name=\"description\" content=\"Este fin de semana la alegr\u00eda, la ilusi\u00f3n y la magia llenar\u00e1n las calles de Cigales en Valladolid. Se celebra el Certamen Nacional de Magia IlusionaT.\" \/>\n<meta name=\"robots\" content=\"index, follow, max-snippet:-1, max-image-preview:large, max-video-preview:-1\" \/>\n<link rel=\"canonical\" href=\"https:\/\/destinocastillayleon.es\/index\/certamen-nacional-de-magia-ilusionat-alegria-y-magia-este-fin-de-semana-en-cigales\/\" \/>\n<meta property=\"og:locale\" content=\"es_ES\" \/>\n<meta property=\"og:type\" content=\"article\" \/>\n<meta property=\"og:title\" content=\"Certamen Nacional de Magia IlusionaT: alegr\u00eda y magia este fin de semana en Cigales\" \/>\n<meta property=\"og:description\" content=\"Este fin de semana la alegr\u00eda, la ilusi\u00f3n y la magia llenar\u00e1n las calles de Cigales en Valladolid. Se celebra el Certamen Nacional de Magia \u201cIlusionaT\u201d este pr\u00f3ximo fin de semana, desde hoy 25 de abril al domingo 27.\" \/>\n<meta property=\"og:url\" content=\"https:\/\/destinocastillayleon.es\/index\/certamen-nacional-de-magia-ilusionat-alegria-y-magia-este-fin-de-semana-en-cigales\/\" \/>\n<meta property=\"og:site_name\" content=\"Destino Castilla y Le\u00f3n\" \/>\n<meta property=\"article:publisher\" content=\"https:\/\/www.facebook.com\/DestinoCastillaYLeon\/\" \/>\n<meta property=\"article:published_time\" content=\"2014-04-25T12:18:13+00:00\" \/>\n<meta property=\"article:modified_time\" content=\"2014-11-25T10:45:03+00:00\" \/>\n<meta property=\"og:image\" content=\"https:\/\/destinocastillayleon.es\/index\/wp-content\/uploads\/2014\/04\/cartel-encuentro-de-magos.jpg\" \/>\n\t<meta property=\"og:image:width\" content=\"375\" \/>\n\t<meta property=\"og:image:height\" content=\"531\" \/>\n\t<meta property=\"og:image:type\" content=\"image\/jpeg\" \/>\n<meta name=\"author\" content=\"Lola Hernandez\" \/>\n<meta name=\"twitter:card\" content=\"summary_large_image\" \/>\n<meta name=\"twitter:creator\" content=\"@destinocyl\" \/>\n<meta name=\"twitter:site\" content=\"@destinocyl\" \/>\n<meta name=\"twitter:label1\" content=\"Escrito por\" \/>\n\t<meta name=\"twitter:data1\" content=\"Lola Hernandez\" \/>\n\t<meta name=\"twitter:label2\" content=\"Tiempo de lectura\" \/>\n\t<meta name=\"twitter:data2\" content=\"2 minutos\" \/>\n<script type=\"application\/ld+json\" class=\"yoast-schema-graph\">{\"@context\":\"https:\\\/\\\/schema.org\",\"@graph\":[{\"@type\":\"Article\",\"@id\":\"https:\\\/\\\/destinocastillayleon.es\\\/index\\\/certamen-nacional-de-magia-ilusionat-alegria-y-magia-este-fin-de-semana-en-cigales\\\/#article\",\"isPartOf\":{\"@id\":\"https:\\\/\\\/destinocastillayleon.es\\\/index\\\/certamen-nacional-de-magia-ilusionat-alegria-y-magia-este-fin-de-semana-en-cigales\\\/\"},\"author\":{\"name\":\"Lola Hernandez\",\"@id\":\"https:\\\/\\\/destinocastillayleon.es\\\/index\\\/#\\\/schema\\\/person\\\/49ffcb7eb307589ba529009335ed7767\"},\"headline\":\"Certamen Nacional de Magia IlusionaT: alegr\u00eda y magia este fin de semana en Cigales\",\"datePublished\":\"2014-04-25T12:18:13+00:00\",\"dateModified\":\"2014-11-25T10:45:03+00:00\",\"mainEntityOfPage\":{\"@id\":\"https:\\\/\\\/destinocastillayleon.es\\\/index\\\/certamen-nacional-de-magia-ilusionat-alegria-y-magia-este-fin-de-semana-en-cigales\\\/\"},\"wordCount\":479,\"commentCount\":0,\"image\":{\"@id\":\"https:\\\/\\\/destinocastillayleon.es\\\/index\\\/certamen-nacional-de-magia-ilusionat-alegria-y-magia-este-fin-de-semana-en-cigales\\\/#primaryimage\"},\"thumbnailUrl\":\"https:\\\/\\\/destinocastillayleon.es\\\/index\\\/wp-content\\\/uploads\\\/2014\\\/04\\\/cartel-encuentro-de-magos.jpg\",\"keywords\":[\"actividades en Cigales\",\"actualidad de Castilla y Le\u00f3n\",\"actualidad de Valladolid\",\"Certamen Nacional de Magia\",\"Certamen Nacional de Magia IlusionaT de Cigales\",\"festival de magia en Cigales\",\"festival IlusionaT\",\"magia en Cigales\",\"magia y humor en Cigales\",\"Que hacer en Cigales\",\"Qu\u00e9 ver en Valladolid\"],\"articleSection\":[\"Agenda\",\"Post_inicial\"],\"inLanguage\":\"es\",\"potentialAction\":[{\"@type\":\"CommentAction\",\"name\":\"Comment\",\"target\":[\"https:\\\/\\\/destinocastillayleon.es\\\/index\\\/certamen-nacional-de-magia-ilusionat-alegria-y-magia-este-fin-de-semana-en-cigales\\\/#respond\"]}]},{\"@type\":\"WebPage\",\"@id\":\"https:\\\/\\\/destinocastillayleon.es\\\/index\\\/certamen-nacional-de-magia-ilusionat-alegria-y-magia-este-fin-de-semana-en-cigales\\\/\",\"url\":\"https:\\\/\\\/destinocastillayleon.es\\\/index\\\/certamen-nacional-de-magia-ilusionat-alegria-y-magia-este-fin-de-semana-en-cigales\\\/\",\"name\":\"Certamen Nacional de Magia IlusionaT: alegr\u00eda y magia este fin de semana en Cigales\",\"isPartOf\":{\"@id\":\"https:\\\/\\\/destinocastillayleon.es\\\/index\\\/#website\"},\"primaryImageOfPage\":{\"@id\":\"https:\\\/\\\/destinocastillayleon.es\\\/index\\\/certamen-nacional-de-magia-ilusionat-alegria-y-magia-este-fin-de-semana-en-cigales\\\/#primaryimage\"},\"image\":{\"@id\":\"https:\\\/\\\/destinocastillayleon.es\\\/index\\\/certamen-nacional-de-magia-ilusionat-alegria-y-magia-este-fin-de-semana-en-cigales\\\/#primaryimage\"},\"thumbnailUrl\":\"https:\\\/\\\/destinocastillayleon.es\\\/index\\\/wp-content\\\/uploads\\\/2014\\\/04\\\/cartel-encuentro-de-magos.jpg\",\"datePublished\":\"2014-04-25T12:18:13+00:00\",\"dateModified\":\"2014-11-25T10:45:03+00:00\",\"author\":{\"@id\":\"https:\\\/\\\/destinocastillayleon.es\\\/index\\\/#\\\/schema\\\/person\\\/49ffcb7eb307589ba529009335ed7767\"},\"description\":\"Este fin de semana la alegr\u00eda, la ilusi\u00f3n y la magia llenar\u00e1n las calles de Cigales en Valladolid. Se celebra el Certamen Nacional de Magia IlusionaT.\",\"breadcrumb\":{\"@id\":\"https:\\\/\\\/destinocastillayleon.es\\\/index\\\/certamen-nacional-de-magia-ilusionat-alegria-y-magia-este-fin-de-semana-en-cigales\\\/#breadcrumb\"},\"inLanguage\":\"es\",\"potentialAction\":[{\"@type\":\"ReadAction\",\"target\":[\"https:\\\/\\\/destinocastillayleon.es\\\/index\\\/certamen-nacional-de-magia-ilusionat-alegria-y-magia-este-fin-de-semana-en-cigales\\\/\"]}]},{\"@type\":\"ImageObject\",\"inLanguage\":\"es\",\"@id\":\"https:\\\/\\\/destinocastillayleon.es\\\/index\\\/certamen-nacional-de-magia-ilusionat-alegria-y-magia-este-fin-de-semana-en-cigales\\\/#primaryimage\",\"url\":\"https:\\\/\\\/destinocastillayleon.es\\\/index\\\/wp-content\\\/uploads\\\/2014\\\/04\\\/cartel-encuentro-de-magos.jpg\",\"contentUrl\":\"https:\\\/\\\/destinocastillayleon.es\\\/index\\\/wp-content\\\/uploads\\\/2014\\\/04\\\/cartel-encuentro-de-magos.jpg\",\"width\":375,\"height\":531},{\"@type\":\"BreadcrumbList\",\"@id\":\"https:\\\/\\\/destinocastillayleon.es\\\/index\\\/certamen-nacional-de-magia-ilusionat-alegria-y-magia-este-fin-de-semana-en-cigales\\\/#breadcrumb\",\"itemListElement\":[{\"@type\":\"ListItem\",\"position\":1,\"name\":\"Portada\",\"item\":\"https:\\\/\\\/destinocastillayleon.es\\\/index\\\/\"},{\"@type\":\"ListItem\",\"position\":2,\"name\":\"Certamen Nacional de Magia IlusionaT: alegr\u00eda y magia este fin de semana en Cigales\"}]},{\"@type\":\"WebSite\",\"@id\":\"https:\\\/\\\/destinocastillayleon.es\\\/index\\\/#website\",\"url\":\"https:\\\/\\\/destinocastillayleon.es\\\/index\\\/\",\"name\":\"Destino Castilla y Le\u00f3n\",\"description\":\"Medio digital independiente y revista de Castilla y Le\u00f3n dedicado al turismo, gastronom\u00eda y vino de Castilla y Le\u00f3n\",\"potentialAction\":[{\"@type\":\"SearchAction\",\"target\":{\"@type\":\"EntryPoint\",\"urlTemplate\":\"https:\\\/\\\/destinocastillayleon.es\\\/index\\\/?s={search_term_string}\"},\"query-input\":{\"@type\":\"PropertyValueSpecification\",\"valueRequired\":true,\"valueName\":\"search_term_string\"}}],\"inLanguage\":\"es\"},{\"@type\":\"Person\",\"@id\":\"https:\\\/\\\/destinocastillayleon.es\\\/index\\\/#\\\/schema\\\/person\\\/49ffcb7eb307589ba529009335ed7767\",\"name\":\"Lola Hernandez\",\"image\":{\"@type\":\"ImageObject\",\"inLanguage\":\"es\",\"@id\":\"https:\\\/\\\/secure.gravatar.com\\\/avatar\\\/72ead65e55ad0522fba484acfe2842bf78b2f7c727df41d76fed78a85519da34?s=96&d=mm&r=g\",\"url\":\"https:\\\/\\\/secure.gravatar.com\\\/avatar\\\/72ead65e55ad0522fba484acfe2842bf78b2f7c727df41d76fed78a85519da34?s=96&d=mm&r=g\",\"contentUrl\":\"https:\\\/\\\/secure.gravatar.com\\\/avatar\\\/72ead65e55ad0522fba484acfe2842bf78b2f7c727df41d76fed78a85519da34?s=96&d=mm&r=g\",\"caption\":\"Lola Hernandez\"},\"description\":\"Lola Hern\u00e1ndez fue fundadora y directora de www.destinocastillayleon.es Escribiendo sobre turismo, gastronom\u00eda y vino de su tierra de origen, Castilla y Le\u00f3n.\",\"sameAs\":[\"http:\\\/\\\/www.destinoysabor.com\\\/blog\"],\"url\":\"https:\\\/\\\/destinocastillayleon.es\\\/index\\\/author\\\/lola-hernandez\\\/\"}]}<\/script>\n<!-- \/ Yoast SEO Premium plugin. -->","yoast_head_json":{"title":"Certamen Nacional de Magia IlusionaT: alegr\u00eda y magia este fin de semana en Cigales","description":"Este fin de semana la alegr\u00eda, la ilusi\u00f3n y la magia llenar\u00e1n las calles de Cigales en Valladolid. Se celebra el Certamen Nacional de Magia IlusionaT.","robots":{"index":"index","follow":"follow","max-snippet":"max-snippet:-1","max-image-preview":"max-image-preview:large","max-video-preview":"max-video-preview:-1"},"canonical":"https:\/\/destinocastillayleon.es\/index\/certamen-nacional-de-magia-ilusionat-alegria-y-magia-este-fin-de-semana-en-cigales\/","og_locale":"es_ES","og_type":"article","og_title":"Certamen Nacional de Magia IlusionaT: alegr\u00eda y magia este fin de semana en Cigales","og_description":"Este fin de semana la alegr\u00eda, la ilusi\u00f3n y la magia llenar\u00e1n las calles de Cigales en Valladolid. Se celebra el Certamen Nacional de Magia \u201cIlusionaT\u201d este pr\u00f3ximo fin de semana, desde hoy 25 de abril al domingo 27.","og_url":"https:\/\/destinocastillayleon.es\/index\/certamen-nacional-de-magia-ilusionat-alegria-y-magia-este-fin-de-semana-en-cigales\/","og_site_name":"Destino Castilla y Le\u00f3n","article_publisher":"https:\/\/www.facebook.com\/DestinoCastillaYLeon\/","article_published_time":"2014-04-25T12:18:13+00:00","article_modified_time":"2014-11-25T10:45:03+00:00","og_image":[{"width":375,"height":531,"url":"https:\/\/destinocastillayleon.es\/index\/wp-content\/uploads\/2014\/04\/cartel-encuentro-de-magos.jpg","type":"image\/jpeg"}],"author":"Lola Hernandez","twitter_card":"summary_large_image","twitter_creator":"@destinocyl","twitter_site":"@destinocyl","twitter_misc":{"Escrito por":"Lola Hernandez","Tiempo de lectura":"2 minutos"},"schema":{"@context":"https:\/\/schema.org","@graph":[{"@type":"Article","@id":"https:\/\/destinocastillayleon.es\/index\/certamen-nacional-de-magia-ilusionat-alegria-y-magia-este-fin-de-semana-en-cigales\/#article","isPartOf":{"@id":"https:\/\/destinocastillayleon.es\/index\/certamen-nacional-de-magia-ilusionat-alegria-y-magia-este-fin-de-semana-en-cigales\/"},"author":{"name":"Lola Hernandez","@id":"https:\/\/destinocastillayleon.es\/index\/#\/schema\/person\/49ffcb7eb307589ba529009335ed7767"},"headline":"Certamen Nacional de Magia IlusionaT: alegr\u00eda y magia este fin de semana en Cigales","datePublished":"2014-04-25T12:18:13+00:00","dateModified":"2014-11-25T10:45:03+00:00","mainEntityOfPage":{"@id":"https:\/\/destinocastillayleon.es\/index\/certamen-nacional-de-magia-ilusionat-alegria-y-magia-este-fin-de-semana-en-cigales\/"},"wordCount":479,"commentCount":0,"image":{"@id":"https:\/\/destinocastillayleon.es\/index\/certamen-nacional-de-magia-ilusionat-alegria-y-magia-este-fin-de-semana-en-cigales\/#primaryimage"},"thumbnailUrl":"https:\/\/destinocastillayleon.es\/index\/wp-content\/uploads\/2014\/04\/cartel-encuentro-de-magos.jpg","keywords":["actividades en Cigales","actualidad de Castilla y Le\u00f3n","actualidad de Valladolid","Certamen Nacional de Magia","Certamen Nacional de Magia IlusionaT de Cigales","festival de magia en Cigales","festival IlusionaT","magia en Cigales","magia y humor en Cigales","Que hacer en Cigales","Qu\u00e9 ver en Valladolid"],"articleSection":["Agenda","Post_inicial"],"inLanguage":"es","potentialAction":[{"@type":"CommentAction","name":"Comment","target":["https:\/\/destinocastillayleon.es\/index\/certamen-nacional-de-magia-ilusionat-alegria-y-magia-este-fin-de-semana-en-cigales\/#respond"]}]},{"@type":"WebPage","@id":"https:\/\/destinocastillayleon.es\/index\/certamen-nacional-de-magia-ilusionat-alegria-y-magia-este-fin-de-semana-en-cigales\/","url":"https:\/\/destinocastillayleon.es\/index\/certamen-nacional-de-magia-ilusionat-alegria-y-magia-este-fin-de-semana-en-cigales\/","name":"Certamen Nacional de Magia IlusionaT: alegr\u00eda y magia este fin de semana en Cigales","isPartOf":{"@id":"https:\/\/destinocastillayleon.es\/index\/#website"},"primaryImageOfPage":{"@id":"https:\/\/destinocastillayleon.es\/index\/certamen-nacional-de-magia-ilusionat-alegria-y-magia-este-fin-de-semana-en-cigales\/#primaryimage"},"image":{"@id":"https:\/\/destinocastillayleon.es\/index\/certamen-nacional-de-magia-ilusionat-alegria-y-magia-este-fin-de-semana-en-cigales\/#primaryimage"},"thumbnailUrl":"https:\/\/destinocastillayleon.es\/index\/wp-content\/uploads\/2014\/04\/cartel-encuentro-de-magos.jpg","datePublished":"2014-04-25T12:18:13+00:00","dateModified":"2014-11-25T10:45:03+00:00","author":{"@id":"https:\/\/destinocastillayleon.es\/index\/#\/schema\/person\/49ffcb7eb307589ba529009335ed7767"},"description":"Este fin de semana la alegr\u00eda, la ilusi\u00f3n y la magia llenar\u00e1n las calles de Cigales en Valladolid. Se celebra el Certamen Nacional de Magia IlusionaT.","breadcrumb":{"@id":"https:\/\/destinocastillayleon.es\/index\/certamen-nacional-de-magia-ilusionat-alegria-y-magia-este-fin-de-semana-en-cigales\/#breadcrumb"},"inLanguage":"es","potentialAction":[{"@type":"ReadAction","target":["https:\/\/destinocastillayleon.es\/index\/certamen-nacional-de-magia-ilusionat-alegria-y-magia-este-fin-de-semana-en-cigales\/"]}]},{"@type":"ImageObject","inLanguage":"es","@id":"https:\/\/destinocastillayleon.es\/index\/certamen-nacional-de-magia-ilusionat-alegria-y-magia-este-fin-de-semana-en-cigales\/#primaryimage","url":"https:\/\/destinocastillayleon.es\/index\/wp-content\/uploads\/2014\/04\/cartel-encuentro-de-magos.jpg","contentUrl":"https:\/\/destinocastillayleon.es\/index\/wp-content\/uploads\/2014\/04\/cartel-encuentro-de-magos.jpg","width":375,"height":531},{"@type":"BreadcrumbList","@id":"https:\/\/destinocastillayleon.es\/index\/certamen-nacional-de-magia-ilusionat-alegria-y-magia-este-fin-de-semana-en-cigales\/#breadcrumb","itemListElement":[{"@type":"ListItem","position":1,"name":"Portada","item":"https:\/\/destinocastillayleon.es\/index\/"},{"@type":"ListItem","position":2,"name":"Certamen Nacional de Magia IlusionaT: alegr\u00eda y magia este fin de semana en Cigales"}]},{"@type":"WebSite","@id":"https:\/\/destinocastillayleon.es\/index\/#website","url":"https:\/\/destinocastillayleon.es\/index\/","name":"Destino Castilla y Le\u00f3n","description":"Medio digital independiente y revista de Castilla y Le\u00f3n dedicado al turismo, gastronom\u00eda y vino de Castilla y Le\u00f3n","potentialAction":[{"@type":"SearchAction","target":{"@type":"EntryPoint","urlTemplate":"https:\/\/destinocastillayleon.es\/index\/?s={search_term_string}"},"query-input":{"@type":"PropertyValueSpecification","valueRequired":true,"valueName":"search_term_string"}}],"inLanguage":"es"},{"@type":"Person","@id":"https:\/\/destinocastillayleon.es\/index\/#\/schema\/person\/49ffcb7eb307589ba529009335ed7767","name":"Lola Hernandez","image":{"@type":"ImageObject","inLanguage":"es","@id":"https:\/\/secure.gravatar.com\/avatar\/72ead65e55ad0522fba484acfe2842bf78b2f7c727df41d76fed78a85519da34?s=96&d=mm&r=g","url":"https:\/\/secure.gravatar.com\/avatar\/72ead65e55ad0522fba484acfe2842bf78b2f7c727df41d76fed78a85519da34?s=96&d=mm&r=g","contentUrl":"https:\/\/secure.gravatar.com\/avatar\/72ead65e55ad0522fba484acfe2842bf78b2f7c727df41d76fed78a85519da34?s=96&d=mm&r=g","caption":"Lola Hernandez"},"description":"Lola Hern\u00e1ndez fue fundadora y directora de www.destinocastillayleon.es Escribiendo sobre turismo, gastronom\u00eda y vino de su tierra de origen, Castilla y Le\u00f3n.","sameAs":["http:\/\/www.destinoysabor.com\/blog"],"url":"https:\/\/destinocastillayleon.es\/index\/author\/lola-hernandez\/"}]}},"_links":{"self":[{"href":"https:\/\/destinocastillayleon.es\/index\/wp-json\/wp\/v2\/posts\/13063","targetHints":{"allow":["GET"]}}],"collection":[{"href":"https:\/\/destinocastillayleon.es\/index\/wp-json\/wp\/v2\/posts"}],"about":[{"href":"https:\/\/destinocastillayleon.es\/index\/wp-json\/wp\/v2\/types\/post"}],"author":[{"embeddable":true,"href":"https:\/\/destinocastillayleon.es\/index\/wp-json\/wp\/v2\/users\/6"}],"replies":[{"embeddable":true,"href":"https:\/\/destinocastillayleon.es\/index\/wp-json\/wp\/v2\/comments?post=13063"}],"version-history":[{"count":5,"href":"https:\/\/destinocastillayleon.es\/index\/wp-json\/wp\/v2\/posts\/13063\/revisions"}],"predecessor-version":[{"id":17118,"href":"https:\/\/destinocastillayleon.es\/index\/wp-json\/wp\/v2\/posts\/13063\/revisions\/17118"}],"wp:featuredmedia":[{"embeddable":true,"href":"https:\/\/destinocastillayleon.es\/index\/wp-json\/wp\/v2\/media\/13064"}],"wp:attachment":[{"href":"https:\/\/destinocastillayleon.es\/index\/wp-json\/wp\/v2\/media?parent=13063"}],"wp:term":[{"taxonomy":"category","embeddable":true,"href":"https:\/\/destinocastillayleon.es\/index\/wp-json\/wp\/v2\/categories?post=13063"},{"taxonomy":"post_tag","embeddable":true,"href":"https:\/\/destinocastillayleon.es\/index\/wp-json\/wp\/v2\/tags?post=13063"}],"curies":[{"name":"wp","href":"https:\/\/api.w.org\/{rel}","templated":true}]}}