{"id":12622,"date":"2014-04-11T16:37:05","date_gmt":"2014-04-11T16:37:05","guid":{"rendered":"http:\/\/destinocastillayleon.es\/index\/?p=12622"},"modified":"2014-11-24T11:14:29","modified_gmt":"2014-11-24T10:14:29","slug":"este-fin-de-semana-arranca-la-fiesta-del-verdejo","status":"publish","type":"post","link":"https:\/\/destinocastillayleon.es\/index\/este-fin-de-semana-arranca-la-fiesta-del-verdejo\/","title":{"rendered":"Este fin de semana, arranca la Fiesta del Verdejo y el Festival Sarmiento Folk"},"content":{"rendered":"<p style=\"text-align: justify;\">Publicamos esta entrada r\u00e1pida para compartir con vosotros la Fiesta del Verdejo que se celebrar\u00e1 este fin de semana en la localidad de la Seca (Valladolid). Una celebraci\u00f3n que nos recuerda que <strong>es la \u00e9poca de probar la a\u00f1ada del vino verdejo 2013<\/strong> producido en la comarca y correspondiente a la Denominaci\u00f3n de Origen Rueda.<\/p>\n<p style=\"text-align: justify;\">La Seca se vuelca en esta fiesta haciendo honor al vino verdejo, principal motor econ\u00f3mico de la locadidad. en realidad, ya se viene celebrando desde el pasado mi\u00e9rcoles, 9 de abril, con la <strong>\u00abCata de verdejos 2013\u00bb<\/strong> y cuyos vinos seleccionados recibir\u00e1n <strong>el premio Cata Sarmiento 2014.<\/strong><\/p>\n<p>&nbsp; <\/p>\n<h3>Programa de la Fiesta del Verdejo 2014<\/h3>\n<p><span style=\"color: #ff9900;\"><strong>Viernes 11 de abril<\/strong><\/span><br \/>\n<strong>19:00h &#8211; 21:00h<\/strong> &#8211; Jornada de Estudio sobre el Verdejo. \u00ab<strong>Calidad y promoci\u00f3n<\/strong>\u00bb<br \/>\nLugar: Sal\u00f3n Cultural La Cilla<\/p>\n<p>Mesa Redonda sobre: \u00ab<em>Calidad. Apuesta continuada<\/em>\u00bb<\/p>\n<p>Mesa Redonda sobre: \u00ab<em>Promoci\u00f3n. Retos del mercado<\/em>\u00bb<\/p>\n<p><span style=\"color: #ff9900;\"><strong>S\u00e1bado, 12 de abril<\/strong><\/span><br \/>\n<strong>12:00h<\/strong>&#8211; Inauguraci\u00f3n de la Feria del Vino 2014.<br \/>\nLugar: Plaza Espa\u00f1a.<br \/>\nVenta de tickets en la carpa del Ayuntamiento. Tickets a 1\u20ac \/ vino verdejo de La Seca.<br \/>\n&nbsp; &nbsp; &nbsp; &#8211; Bodega Clavidor<br \/>\n&nbsp; &nbsp; &nbsp; &#8211; Bodega Reina de Castilla<br \/>\n&nbsp; &nbsp; &nbsp; &#8211; Bodegas Protos<br \/>\n&nbsp; &nbsp; &nbsp; &#8211; Coop.Agr\u00edcola Castellana (Cuatro Rayas)<br \/>\n&nbsp; &nbsp; &nbsp; &#8211; Bodega Solar de Mu\u00f1osancho<br \/>\n&nbsp; &nbsp; &nbsp; &#8211; Bodegas Menade<\/p>\n<p style=\"text-align: justify;\">Destaca la presencia de la Oficina de Turismo de La Seca, SECAVER, junto con <strong>la Ruta del Vino de Rueda<\/strong> que estar\u00e1 presente durante este fin de semana haciendo promoci\u00f3n de sus productos asociados y dando a conocer este motor de dinamizaci\u00f3n tur\u00edstica y econ\u00f3mica de la comarca.<\/p>\n<p style=\"text-align: justify;\"><strong>12.00h<\/strong> II Carrera Popular \u00abPremio Sarmiento\u00bb y posterior entrega de premios.<\/p>\n<p style=\"text-align: justify;\"><strong>13.30h<\/strong>, cata dirigida por la sumiller Sandra Fern\u00e1ndez de vinos gen\u00e9ricos ofrecidos por cortes\u00eda del Consejo Regulador D.O. Rueda, y cata del vino verdejo lasecano de la Bodega \u00c1ngel Rodr\u00edguez Vidal. Se celebrar\u00e1 en el patio interior del Ayuntamiento por el m\u00f3dico precio de 3\u20ac.<\/p>\n<p><strong>13:30h<\/strong>\u00a0&#8211; Cata dirigida por la sumiller Sandra Fern\u00e1ndez. Vinos gen\u00e9ricos D.O. Rueda, y vino verdejo Bodega \u00c1ngel Rodr\u00edguez Vidal.<\/p>\n<p>Lugar: Patio Interior del Ayuntamiento<br \/>\nPreinscripci\u00f3n previa en la carpa del Ayuntamiento.<\/p>\n<p><strong>17:30h<\/strong>\u00a0&#8211; Pasacalles Dulzaineros de La Seca<\/p>\n<p><strong>18:00h<\/strong>\u00a0&#8211; I Toro del Sarmiento<br \/>\n&nbsp;<br \/>\n&nbsp; <\/p>\n<h3>Festival Sarmiento Folk\u00a0<\/strong><\/h3>\n<p style=\"text-align: justify;\"><strong>19:00h &#8211;\u00a0Concierto Sarmiento Folk Rock<\/strong>\u00a0complemento a la Feria del Vino, e intentando fomentar la cultura musical, especialmente la m\u00fasica de ra\u00edz, organiza este evento con la direcci\u00f3n t\u00e9cnica de la productora vallisoletana Visual Creative. En formato concurso, participar\u00e1n tres grupos de m\u00fasica folk-rock, Cabo Norte (Barcelona), Numabela (Cantabria) y Entre Pitos y Flautas (Granada).<\/p>\n<p>&nbsp; <\/p>\n<p style=\"text-align: center;\"><img decoding=\"async\" class=\"aligncenter  wp-image-12623\" title=\"Sarmiento Folk\" alt=\"Sarmiento Folk\" src=\"http:\/\/destinocastillayleon.es\/index\/wp-content\/uploads\/2014\/04\/Sarmiento-Folk.jpg\" width=\"517\" height=\"737\" srcset=\"https:\/\/destinocastillayleon.es\/index\/wp-content\/uploads\/2014\/04\/Sarmiento-Folk.jpg 372w, https:\/\/destinocastillayleon.es\/index\/wp-content\/uploads\/2014\/04\/Sarmiento-Folk-210x300.jpg 210w, https:\/\/destinocastillayleon.es\/index\/wp-content\/uploads\/2014\/04\/Sarmiento-Folk-718x1024.jpg 718w\" sizes=\"(max-width: 517px) 100vw, 517px\" \/><\/p>\n<p>&nbsp; <\/p>\n<h3 style=\"text-align: justify;\">Actividades Paralelas<\/h3>\n<p style=\"text-align: justify;\"><strong>S\u00e1bado y domingo de 12h a 14h, y de 16h a 20h<\/strong>, Exposici\u00f3n de Pintura: \u201cExaltaci\u00f3n del verdejo 2014\u201d. Certamen de pintura con el hilo conductor del verdejo, del vi\u00f1edo a la copa, seg\u00fan la expresi\u00f3n creativa de cada artista que se presente al concurso, cuyo plazo de inscripci\u00f3n ha finalizado el 21 de marzo con m\u00e1s de 25 obras presentadas de todo el panorama nacional. Un jurado calificador otorgar\u00e1 el primer premio dotado con 800 euros.<\/p>\n<p style=\"text-align: justify;\"><strong>S\u00e1bado y domingo<\/strong>, Mercado de Artesan\u00eda: En el entorno de los arcos de La Cilla, junto a la Plaza de Espa\u00f1a, marco de todos los eventos, habr\u00e1 un mercado artesanal con diversas variedades de productos artesanales llegados desde diversos puntos de la regi\u00f3n. Hasta el d\u00eda 4 de abril contin\u00faa el plazo abierto de inscripciones.<\/p>\n<p style=\"text-align: justify;\"><strong>S\u00e1bado y domingo de 12h a 14h, y de 16h a 20h<\/strong>. Exposici\u00f3n sobre indumentaria tradicional: En el Sal\u00f3n Cultural \u201cLa Cilla\u201d durante los dos d\u00edas de festejos, se podr\u00e1 visitar una exposici\u00f3n que acoger\u00e1 indumentaria tradicional castellana, de labor, de fiesta, y estar\u00e1 compuesta por numerosas piezas, tanto de indumentarias populares como de diversos elementos etnogr\u00e1ficos. Colecci\u00f3n de Jos\u00e9 Luis Gonz\u00e1lez Escudero<\/p>\n<p style=\"text-align: justify;\"><span style=\"color: #ff9900;\"><strong>Domingo, 13 de abril<\/strong><\/span><br \/>\n<strong>11:45h<\/strong> Recepci\u00f3n de autoridades<\/p>\n<p style=\"text-align: justify;\"><strong>12:00h<\/strong> Solemne Misa<\/p>\n<p style=\"text-align: justify;\">Apertura Feria del Vino. Venta de tickets en la carpa del Ayuntamiento<\/p>\n<p style=\"text-align: justify;\"><strong>13:00h<\/strong> &#8211; Preg\u00f3n de la Fiesta del Verdejo 2014 a cargo de D.Carlos Moro, Presidente de Grupo Matarromera y Ruta del Vino de Rueda.<\/p>\n<p style=\"text-align: justify;\">&nbsp; &nbsp; &nbsp; &#8211; Proclamaci\u00f3n Reina y Gal\u00e1n del Verdejo 2014. Luc\u00eda Pedrosa y Raul Bay\u00f3n.<br \/>\n&nbsp; &nbsp; &nbsp; &#8211; Actuaci\u00f3n del Grupo de Danzas \u00abVilla de La Seca\u00bb<br \/>\n&nbsp; &nbsp; &nbsp; &#8211; Entrega de Premios:<br \/>\n&nbsp; &nbsp; &nbsp; &#8211; Premio Sarmiento 2014 y menciones especiales<br \/>\n&nbsp; &nbsp; &nbsp; &#8211; Premio Sarmiento Folk Rock<br \/>\n&nbsp; &nbsp; &nbsp; &#8211; Premio Sarmiento de pintura<br \/>\n&nbsp; &nbsp; &nbsp; &#8211; Menci\u00f3n a la persona mayor por su dedicaci\u00f3n familiar. Do\u00f1a Milagros Alonso Cantalapiedra.<\/p>\n<p style=\"text-align: justify;\">A continuaci\u00f3n degustaci\u00f3n de guiso popular. Venta de tickets en la carpa del Ayuntamiento y actuaci\u00f3n grupo ganador del Premio Sarmiento Folk Rock 2014<\/p>\n<p style=\"text-align: justify;\"><strong>18:00h<\/strong> &#8211; Toro del Caj\u00f3n: Colaboran Centro Jubilados Fuencisla, Bar La Atrevida, Bar-Restaurante Hidalgo, Restaurante Las Esencias, Bar Vintage, Bar L\u00edmite, Bar Shouthfork, Bar Tragaldabas.<\/p>\n<p style=\"text-align: justify;\"><strong>21:00h<\/strong>&#8211; Clausura de la Feria del Vino<\/p>\n<p>&nbsp; <\/p>\n<h3 style=\"text-align: justify;\">Mesas Redondas<\/h3>\n<p style=\"text-align: justify;\">Con motivo de esta fiesta, adem\u00e1s del aspecto l\u00fadico se van a celebrar unas sesiones de mesas redondas sobre diversos temas de inter\u00e9s para los amantes de los vinos de calidad. Las tem\u00e1ticas elegidas son \u00ab<strong>Calidad y Promoci\u00f3n<\/strong>\u00ab, \u00ab<strong>Calidad. Apuesta continuada<\/strong>\u00bb y \u00ab<strong>Promoci\u00f3n. Retos de mercado<\/strong>\u00ab.<\/p>\n<p style=\"text-align: justify;\">Los participantes en estas sesiones ser\u00e1n: <strong>Leticia Carrera<\/strong>, en\u00f3loga de la Bodega Jos\u00e9 Pariente (La Seca), <strong>Jos\u00e9 Antonio Fern\u00e1ndez Escudero<\/strong>, Coordinador de la Estaci\u00f3n Enol\u00f3gica de Castilla y Le\u00f3n, <strong>\u00c1lvaro Puras<\/strong>, t\u00e9cnico del Consejo Regulador D.O. Rueda, <strong>Fernando Villalba<\/strong>, Director de Comunicaci\u00f3n de Bodegas Protos, <strong>Ana de Fraile<\/strong>, Directora de Comunicaci\u00f3n de Bodega Cuatro Rayas y el periodista de El Mundo Diario de Valladolid, <strong>Fernando L\u00e1zaro<\/strong>.<\/p>\n<p style=\"text-align: justify;\">Como maestra de ceremonias, el acto estar\u00e1 dirigido por la t\u00e9cnico de SECAVER, el ente de promoci\u00f3n tur\u00edstica y viticultural del municipio, <strong>Cristina Hern\u00e1ndez<\/strong>.<\/p>\n<p style=\"text-align: justify;\">Estas sesiones \u00abCalidad y Promoci\u00f3n\u00bb, hoy viernes en el Sal\u00f3n Cultural La Cilla (Plaza Espa\u00f1a, La Seca) de 19h a 21h y de forma gratuita para todos los p\u00fablicos.<\/p>\n<p style=\"text-align: justify;\">Este programa divulgativo, as\u00ed como toda la informaci\u00f3n sobre esta fiesta del verdejo la pod\u00e9is encontrar en la web del<a title=\"Link a la web del Ayto. de La Seca\" href=\"http:\/\/www.laseca.ayuntamientosdevalladolid.es\/?q=node\/378\" target=\"_blank\"> Ayuntamiento de La Seca. <\/a><\/p>\n<p>&nbsp; <\/p>\n<h4>Art\u00edculos Relacionados:<\/h4>\n<p>&nbsp; &nbsp; <strong>\u2022 <\/strong><a href=\"http:\/\/destinocastillayleon.es\/index\/la-ruta-del-vino-de-rueda-mas-una-experiencia-enologica\/\">La ruta del Vino de Rueda ya es una realidad<\/a><br \/>\n&nbsp; &nbsp; <strong>\u2022 <\/strong><a href=\"http:\/\/destinocastillayleon.es\/index\/las-de-ribera-del-duero-rueda-cigales-baten-record-historico-de-ventas-en-2013\/\">Las DO de Ribera del Duero, Rueda y Cigales baten r\u00e9cord hist\u00f3rico de ventas en 2013<\/a><br \/>\n&nbsp; &nbsp; <strong>\u2022 <\/strong><a href=\"http:\/\/destinocastillayleon.es\/index\/caminos-del-queso-descubre-la-provincia-de-valladolid-traves-de-su-sabor\/\">Caminos del Queso, descubre la provincia de Valladolid a trav\u00e9s de su sabor<\/a><br \/>\n&nbsp; &nbsp; <strong>\u2022 <\/strong><a href=\"http:\/\/destinocastillayleon.es\/index\/taller-vinedo-vid-y-vino-en-la-seca-valladolid\/\">Taller: Vi\u00f1edo, vid y vino en la Seca, Valladolid<\/a><br \/>\n&nbsp; &nbsp; <strong>\u2022 <\/strong><a href=\"http:\/\/destinocastillayleon.es\/index\/pasar-dia-en-serrada\/\">Pasar un d\u00eda en Serrada<\/a><br \/>\n&nbsp; &nbsp; <strong>\u2022 <\/strong><a href=\"http:\/\/destinocastillayleon.es\/index\/premios-artesanos-de-castilla-leon-2013\/\">Ganadores de los Premios Artesanos de Castilla y Le\u00f3n 2013<\/a>.<br \/>\n&nbsp; <\/p>\n","protected":false},"excerpt":{"rendered":"<p>Este fin de semana, arranca la Fiesta del Verdejo; Adem\u00e1s coincide con el festival de rock Sarmiento Rock. Todo esto en La Seca<\/p>\n","protected":false},"author":2,"featured_media":12625,"comment_status":"open","ping_status":"closed","sticky":false,"template":"","format":"standard","meta":{"rop_custom_images_group":[],"rop_custom_messages_group":[],"rop_publish_now":"initial","rop_publish_now_accounts":{"twitter_1150954226_1150954226":""},"rop_publish_now_history":[],"rop_publish_now_status":"pending","footnotes":""},"categories":[77,1343,68,26],"tags":[2706,2890,1267,4013,1609,3972,2676,2889,1608,2891],"class_list":["post-12622","post","type-post","status-publish","format-standard","has-post-thumbnail","hentry","category-actualidad-y-agenda-de-castilla-y-leon","category-agenda","category-post_inicial","category-valladolid","tag-bodegas-cuatro-rayas","tag-bodegas-reina-de-castilla","tag-denominacion-de-origen-rueda","tag-festival-de-musica-en-la-seca","tag-fiesta-del-verdejo-2014","tag-musica-y-vino","tag-que-hacer-en-la-seca","tag-ruta-del-vino-de-rueda-en-la-seca","tag-sarmiento-folk-2014","tag-sarmiento-rock"],"yoast_head":"<!-- This site is optimized with the Yoast SEO Premium plugin v20.4 (Yoast SEO v27.4) - https:\/\/yoast.com\/product\/yoast-seo-premium-wordpress\/ -->\n<title>Este fin de semana, arranca la Fiesta del Verdejo<\/title>\n<meta name=\"description\" content=\"Este fin de semana, arranca la Fiesta del Verdejo; Adem\u00e1s coincide con el festival de rock Sarmiento Rock. Todo esto en La Seca\" \/>\n<meta name=\"robots\" content=\"index, follow, max-snippet:-1, max-image-preview:large, max-video-preview:-1\" \/>\n<link rel=\"canonical\" href=\"https:\/\/destinocastillayleon.es\/index\/este-fin-de-semana-arranca-la-fiesta-del-verdejo\/\" \/>\n<meta property=\"og:locale\" content=\"es_ES\" \/>\n<meta property=\"og:type\" content=\"article\" \/>\n<meta property=\"og:title\" content=\"Este fin de semana, arranca la Fiesta del Verdejo y el Festival Sarmiento Folk\" \/>\n<meta property=\"og:description\" content=\"Este fin de semana, arranca la Fiesta del Verdejo; Adem\u00e1s coincide con el festival de rock Sarmiento Rock. Todo esto en La Seca\" \/>\n<meta property=\"og:url\" content=\"https:\/\/destinocastillayleon.es\/index\/este-fin-de-semana-arranca-la-fiesta-del-verdejo\/\" \/>\n<meta property=\"og:site_name\" content=\"Destino Castilla y Le\u00f3n\" \/>\n<meta property=\"article:publisher\" content=\"https:\/\/www.facebook.com\/DestinoCastillaYLeon\/\" \/>\n<meta property=\"article:author\" content=\"https:\/\/www.facebook.com\/profile.php?id=1158416854\" \/>\n<meta property=\"article:published_time\" content=\"2014-04-11T16:37:05+00:00\" \/>\n<meta property=\"article:modified_time\" content=\"2014-11-24T10:14:29+00:00\" \/>\n<meta property=\"og:image\" content=\"https:\/\/destinocastillayleon.es\/index\/wp-content\/uploads\/2014\/04\/Sarmiento-Folk1.jpg\" \/>\n\t<meta property=\"og:image:width\" content=\"372\" \/>\n\t<meta property=\"og:image:height\" content=\"531\" \/>\n\t<meta property=\"og:image:type\" content=\"image\/jpeg\" \/>\n<meta name=\"author\" content=\"David V\u00e1zquez\" \/>\n<meta name=\"twitter:card\" content=\"summary_large_image\" \/>\n<meta name=\"twitter:creator\" content=\"@https:\/\/twitter.com\/ContePantaleone\u200e\" \/>\n<meta name=\"twitter:site\" content=\"@destinocyl\" \/>\n<meta name=\"twitter:label1\" content=\"Escrito por\" \/>\n\t<meta name=\"twitter:data1\" content=\"David V\u00e1zquez\" \/>\n\t<meta name=\"twitter:label2\" content=\"Tiempo de lectura\" \/>\n\t<meta name=\"twitter:data2\" content=\"6 minutos\" \/>\n<script type=\"application\/ld+json\" class=\"yoast-schema-graph\">{\"@context\":\"https:\\\/\\\/schema.org\",\"@graph\":[{\"@type\":\"Article\",\"@id\":\"https:\\\/\\\/destinocastillayleon.es\\\/index\\\/este-fin-de-semana-arranca-la-fiesta-del-verdejo\\\/#article\",\"isPartOf\":{\"@id\":\"https:\\\/\\\/destinocastillayleon.es\\\/index\\\/este-fin-de-semana-arranca-la-fiesta-del-verdejo\\\/\"},\"author\":{\"name\":\"David V\u00e1zquez\",\"@id\":\"https:\\\/\\\/destinocastillayleon.es\\\/index\\\/#\\\/schema\\\/person\\\/189221bc8f6cc4fa28b18ad5c289d4c2\"},\"headline\":\"Este fin de semana, arranca la Fiesta del Verdejo y el Festival Sarmiento Folk\",\"datePublished\":\"2014-04-11T16:37:05+00:00\",\"dateModified\":\"2014-11-24T10:14:29+00:00\",\"mainEntityOfPage\":{\"@id\":\"https:\\\/\\\/destinocastillayleon.es\\\/index\\\/este-fin-de-semana-arranca-la-fiesta-del-verdejo\\\/\"},\"wordCount\":1181,\"commentCount\":0,\"image\":{\"@id\":\"https:\\\/\\\/destinocastillayleon.es\\\/index\\\/este-fin-de-semana-arranca-la-fiesta-del-verdejo\\\/#primaryimage\"},\"thumbnailUrl\":\"https:\\\/\\\/destinocastillayleon.es\\\/index\\\/wp-content\\\/uploads\\\/2014\\\/04\\\/Sarmiento-Folk1.jpg\",\"keywords\":[\"bodegas Cuatro Rayas\",\"Bodegas Reina de Castilla\",\"Denominaci\u00f3n de Origen Rueda\",\"festival de m\u00fasica en La Seca\",\"fiesta del verdejo 2014\",\"m\u00fasica y vino\",\"que hacer en La Seca\",\"ruta del vino de Rueda en La Seca\",\"sarmiento folk 2014\",\"Sarmiento Rock\"],\"articleSection\":[\"Actualidad\",\"Agenda\",\"Post_inicial\",\"Valladolid\"],\"inLanguage\":\"es\",\"potentialAction\":[{\"@type\":\"CommentAction\",\"name\":\"Comment\",\"target\":[\"https:\\\/\\\/destinocastillayleon.es\\\/index\\\/este-fin-de-semana-arranca-la-fiesta-del-verdejo\\\/#respond\"]}]},{\"@type\":\"WebPage\",\"@id\":\"https:\\\/\\\/destinocastillayleon.es\\\/index\\\/este-fin-de-semana-arranca-la-fiesta-del-verdejo\\\/\",\"url\":\"https:\\\/\\\/destinocastillayleon.es\\\/index\\\/este-fin-de-semana-arranca-la-fiesta-del-verdejo\\\/\",\"name\":\"Este fin de semana, arranca la Fiesta del Verdejo\",\"isPartOf\":{\"@id\":\"https:\\\/\\\/destinocastillayleon.es\\\/index\\\/#website\"},\"primaryImageOfPage\":{\"@id\":\"https:\\\/\\\/destinocastillayleon.es\\\/index\\\/este-fin-de-semana-arranca-la-fiesta-del-verdejo\\\/#primaryimage\"},\"image\":{\"@id\":\"https:\\\/\\\/destinocastillayleon.es\\\/index\\\/este-fin-de-semana-arranca-la-fiesta-del-verdejo\\\/#primaryimage\"},\"thumbnailUrl\":\"https:\\\/\\\/destinocastillayleon.es\\\/index\\\/wp-content\\\/uploads\\\/2014\\\/04\\\/Sarmiento-Folk1.jpg\",\"datePublished\":\"2014-04-11T16:37:05+00:00\",\"dateModified\":\"2014-11-24T10:14:29+00:00\",\"author\":{\"@id\":\"https:\\\/\\\/destinocastillayleon.es\\\/index\\\/#\\\/schema\\\/person\\\/189221bc8f6cc4fa28b18ad5c289d4c2\"},\"description\":\"Este fin de semana, arranca la Fiesta del Verdejo; Adem\u00e1s coincide con el festival de rock Sarmiento Rock. Todo esto en La Seca\",\"breadcrumb\":{\"@id\":\"https:\\\/\\\/destinocastillayleon.es\\\/index\\\/este-fin-de-semana-arranca-la-fiesta-del-verdejo\\\/#breadcrumb\"},\"inLanguage\":\"es\",\"potentialAction\":[{\"@type\":\"ReadAction\",\"target\":[\"https:\\\/\\\/destinocastillayleon.es\\\/index\\\/este-fin-de-semana-arranca-la-fiesta-del-verdejo\\\/\"]}]},{\"@type\":\"ImageObject\",\"inLanguage\":\"es\",\"@id\":\"https:\\\/\\\/destinocastillayleon.es\\\/index\\\/este-fin-de-semana-arranca-la-fiesta-del-verdejo\\\/#primaryimage\",\"url\":\"https:\\\/\\\/destinocastillayleon.es\\\/index\\\/wp-content\\\/uploads\\\/2014\\\/04\\\/Sarmiento-Folk1.jpg\",\"contentUrl\":\"https:\\\/\\\/destinocastillayleon.es\\\/index\\\/wp-content\\\/uploads\\\/2014\\\/04\\\/Sarmiento-Folk1.jpg\",\"width\":372,\"height\":531},{\"@type\":\"BreadcrumbList\",\"@id\":\"https:\\\/\\\/destinocastillayleon.es\\\/index\\\/este-fin-de-semana-arranca-la-fiesta-del-verdejo\\\/#breadcrumb\",\"itemListElement\":[{\"@type\":\"ListItem\",\"position\":1,\"name\":\"Portada\",\"item\":\"https:\\\/\\\/destinocastillayleon.es\\\/index\\\/\"},{\"@type\":\"ListItem\",\"position\":2,\"name\":\"Este fin de semana, arranca la Fiesta del Verdejo y el Festival Sarmiento Folk\"}]},{\"@type\":\"WebSite\",\"@id\":\"https:\\\/\\\/destinocastillayleon.es\\\/index\\\/#website\",\"url\":\"https:\\\/\\\/destinocastillayleon.es\\\/index\\\/\",\"name\":\"Destino Castilla y Le\u00f3n\",\"description\":\"Medio digital independiente y revista de Castilla y Le\u00f3n dedicado al turismo, gastronom\u00eda y vino de Castilla y Le\u00f3n\",\"potentialAction\":[{\"@type\":\"SearchAction\",\"target\":{\"@type\":\"EntryPoint\",\"urlTemplate\":\"https:\\\/\\\/destinocastillayleon.es\\\/index\\\/?s={search_term_string}\"},\"query-input\":{\"@type\":\"PropertyValueSpecification\",\"valueRequired\":true,\"valueName\":\"search_term_string\"}}],\"inLanguage\":\"es\"},{\"@type\":\"Person\",\"@id\":\"https:\\\/\\\/destinocastillayleon.es\\\/index\\\/#\\\/schema\\\/person\\\/189221bc8f6cc4fa28b18ad5c289d4c2\",\"name\":\"David V\u00e1zquez\",\"image\":{\"@type\":\"ImageObject\",\"inLanguage\":\"es\",\"@id\":\"https:\\\/\\\/secure.gravatar.com\\\/avatar\\\/cd12db6c575a90c3b75cfa0f794b74d425201c768612fad17e9f13cd33d48be8?s=96&d=mm&r=g\",\"url\":\"https:\\\/\\\/secure.gravatar.com\\\/avatar\\\/cd12db6c575a90c3b75cfa0f794b74d425201c768612fad17e9f13cd33d48be8?s=96&d=mm&r=g\",\"contentUrl\":\"https:\\\/\\\/secure.gravatar.com\\\/avatar\\\/cd12db6c575a90c3b75cfa0f794b74d425201c768612fad17e9f13cd33d48be8?s=96&d=mm&r=g\",\"caption\":\"David V\u00e1zquez\"},\"description\":\"Ingeniero Industrial de vocaci\u00f3n y profesi\u00f3n, he encontrado en los blogs la forma de plasmar mi pasi\u00f3n por los viajes, la gastronom\u00eda y los vinos. Especialmente los procedentes de Castilla y Le\u00f3n\",\"sameAs\":[\"https:\\\/\\\/www.destinocastillayleon.es\",\"https:\\\/\\\/www.facebook.com\\\/profile.php?id=1158416854\",\"https:\\\/\\\/instagram.com\\\/conte.pantaleone\",\"https:\\\/\\\/www.linkedin.com\\\/pub\\\/david-vazquez-lozano\\\/37\\\/17a\\\/25a\",\"https:\\\/\\\/x.com\\\/https:\\\/\\\/twitter.com\\\/ContePantaleone\u200e\"],\"url\":\"https:\\\/\\\/destinocastillayleon.es\\\/index\\\/author\\\/coadministradorcyl\\\/\"}]}<\/script>\n<!-- \/ Yoast SEO Premium plugin. -->","yoast_head_json":{"title":"Este fin de semana, arranca la Fiesta del Verdejo","description":"Este fin de semana, arranca la Fiesta del Verdejo; Adem\u00e1s coincide con el festival de rock Sarmiento Rock. Todo esto en La Seca","robots":{"index":"index","follow":"follow","max-snippet":"max-snippet:-1","max-image-preview":"max-image-preview:large","max-video-preview":"max-video-preview:-1"},"canonical":"https:\/\/destinocastillayleon.es\/index\/este-fin-de-semana-arranca-la-fiesta-del-verdejo\/","og_locale":"es_ES","og_type":"article","og_title":"Este fin de semana, arranca la Fiesta del Verdejo y el Festival Sarmiento Folk","og_description":"Este fin de semana, arranca la Fiesta del Verdejo; Adem\u00e1s coincide con el festival de rock Sarmiento Rock. Todo esto en La Seca","og_url":"https:\/\/destinocastillayleon.es\/index\/este-fin-de-semana-arranca-la-fiesta-del-verdejo\/","og_site_name":"Destino Castilla y Le\u00f3n","article_publisher":"https:\/\/www.facebook.com\/DestinoCastillaYLeon\/","article_author":"https:\/\/www.facebook.com\/profile.php?id=1158416854","article_published_time":"2014-04-11T16:37:05+00:00","article_modified_time":"2014-11-24T10:14:29+00:00","og_image":[{"width":372,"height":531,"url":"https:\/\/destinocastillayleon.es\/index\/wp-content\/uploads\/2014\/04\/Sarmiento-Folk1.jpg","type":"image\/jpeg"}],"author":"David V\u00e1zquez","twitter_card":"summary_large_image","twitter_creator":"@https:\/\/twitter.com\/ContePantaleone\u200e","twitter_site":"@destinocyl","twitter_misc":{"Escrito por":"David V\u00e1zquez","Tiempo de lectura":"6 minutos"},"schema":{"@context":"https:\/\/schema.org","@graph":[{"@type":"Article","@id":"https:\/\/destinocastillayleon.es\/index\/este-fin-de-semana-arranca-la-fiesta-del-verdejo\/#article","isPartOf":{"@id":"https:\/\/destinocastillayleon.es\/index\/este-fin-de-semana-arranca-la-fiesta-del-verdejo\/"},"author":{"name":"David V\u00e1zquez","@id":"https:\/\/destinocastillayleon.es\/index\/#\/schema\/person\/189221bc8f6cc4fa28b18ad5c289d4c2"},"headline":"Este fin de semana, arranca la Fiesta del Verdejo y el Festival Sarmiento Folk","datePublished":"2014-04-11T16:37:05+00:00","dateModified":"2014-11-24T10:14:29+00:00","mainEntityOfPage":{"@id":"https:\/\/destinocastillayleon.es\/index\/este-fin-de-semana-arranca-la-fiesta-del-verdejo\/"},"wordCount":1181,"commentCount":0,"image":{"@id":"https:\/\/destinocastillayleon.es\/index\/este-fin-de-semana-arranca-la-fiesta-del-verdejo\/#primaryimage"},"thumbnailUrl":"https:\/\/destinocastillayleon.es\/index\/wp-content\/uploads\/2014\/04\/Sarmiento-Folk1.jpg","keywords":["bodegas Cuatro Rayas","Bodegas Reina de Castilla","Denominaci\u00f3n de Origen Rueda","festival de m\u00fasica en La Seca","fiesta del verdejo 2014","m\u00fasica y vino","que hacer en La Seca","ruta del vino de Rueda en La Seca","sarmiento folk 2014","Sarmiento Rock"],"articleSection":["Actualidad","Agenda","Post_inicial","Valladolid"],"inLanguage":"es","potentialAction":[{"@type":"CommentAction","name":"Comment","target":["https:\/\/destinocastillayleon.es\/index\/este-fin-de-semana-arranca-la-fiesta-del-verdejo\/#respond"]}]},{"@type":"WebPage","@id":"https:\/\/destinocastillayleon.es\/index\/este-fin-de-semana-arranca-la-fiesta-del-verdejo\/","url":"https:\/\/destinocastillayleon.es\/index\/este-fin-de-semana-arranca-la-fiesta-del-verdejo\/","name":"Este fin de semana, arranca la Fiesta del Verdejo","isPartOf":{"@id":"https:\/\/destinocastillayleon.es\/index\/#website"},"primaryImageOfPage":{"@id":"https:\/\/destinocastillayleon.es\/index\/este-fin-de-semana-arranca-la-fiesta-del-verdejo\/#primaryimage"},"image":{"@id":"https:\/\/destinocastillayleon.es\/index\/este-fin-de-semana-arranca-la-fiesta-del-verdejo\/#primaryimage"},"thumbnailUrl":"https:\/\/destinocastillayleon.es\/index\/wp-content\/uploads\/2014\/04\/Sarmiento-Folk1.jpg","datePublished":"2014-04-11T16:37:05+00:00","dateModified":"2014-11-24T10:14:29+00:00","author":{"@id":"https:\/\/destinocastillayleon.es\/index\/#\/schema\/person\/189221bc8f6cc4fa28b18ad5c289d4c2"},"description":"Este fin de semana, arranca la Fiesta del Verdejo; Adem\u00e1s coincide con el festival de rock Sarmiento Rock. Todo esto en La Seca","breadcrumb":{"@id":"https:\/\/destinocastillayleon.es\/index\/este-fin-de-semana-arranca-la-fiesta-del-verdejo\/#breadcrumb"},"inLanguage":"es","potentialAction":[{"@type":"ReadAction","target":["https:\/\/destinocastillayleon.es\/index\/este-fin-de-semana-arranca-la-fiesta-del-verdejo\/"]}]},{"@type":"ImageObject","inLanguage":"es","@id":"https:\/\/destinocastillayleon.es\/index\/este-fin-de-semana-arranca-la-fiesta-del-verdejo\/#primaryimage","url":"https:\/\/destinocastillayleon.es\/index\/wp-content\/uploads\/2014\/04\/Sarmiento-Folk1.jpg","contentUrl":"https:\/\/destinocastillayleon.es\/index\/wp-content\/uploads\/2014\/04\/Sarmiento-Folk1.jpg","width":372,"height":531},{"@type":"BreadcrumbList","@id":"https:\/\/destinocastillayleon.es\/index\/este-fin-de-semana-arranca-la-fiesta-del-verdejo\/#breadcrumb","itemListElement":[{"@type":"ListItem","position":1,"name":"Portada","item":"https:\/\/destinocastillayleon.es\/index\/"},{"@type":"ListItem","position":2,"name":"Este fin de semana, arranca la Fiesta del Verdejo y el Festival Sarmiento Folk"}]},{"@type":"WebSite","@id":"https:\/\/destinocastillayleon.es\/index\/#website","url":"https:\/\/destinocastillayleon.es\/index\/","name":"Destino Castilla y Le\u00f3n","description":"Medio digital independiente y revista de Castilla y Le\u00f3n dedicado al turismo, gastronom\u00eda y vino de Castilla y Le\u00f3n","potentialAction":[{"@type":"SearchAction","target":{"@type":"EntryPoint","urlTemplate":"https:\/\/destinocastillayleon.es\/index\/?s={search_term_string}"},"query-input":{"@type":"PropertyValueSpecification","valueRequired":true,"valueName":"search_term_string"}}],"inLanguage":"es"},{"@type":"Person","@id":"https:\/\/destinocastillayleon.es\/index\/#\/schema\/person\/189221bc8f6cc4fa28b18ad5c289d4c2","name":"David V\u00e1zquez","image":{"@type":"ImageObject","inLanguage":"es","@id":"https:\/\/secure.gravatar.com\/avatar\/cd12db6c575a90c3b75cfa0f794b74d425201c768612fad17e9f13cd33d48be8?s=96&d=mm&r=g","url":"https:\/\/secure.gravatar.com\/avatar\/cd12db6c575a90c3b75cfa0f794b74d425201c768612fad17e9f13cd33d48be8?s=96&d=mm&r=g","contentUrl":"https:\/\/secure.gravatar.com\/avatar\/cd12db6c575a90c3b75cfa0f794b74d425201c768612fad17e9f13cd33d48be8?s=96&d=mm&r=g","caption":"David V\u00e1zquez"},"description":"Ingeniero Industrial de vocaci\u00f3n y profesi\u00f3n, he encontrado en los blogs la forma de plasmar mi pasi\u00f3n por los viajes, la gastronom\u00eda y los vinos. Especialmente los procedentes de Castilla y Le\u00f3n","sameAs":["https:\/\/www.destinocastillayleon.es","https:\/\/www.facebook.com\/profile.php?id=1158416854","https:\/\/instagram.com\/conte.pantaleone","https:\/\/www.linkedin.com\/pub\/david-vazquez-lozano\/37\/17a\/25a","https:\/\/x.com\/https:\/\/twitter.com\/ContePantaleone\u200e"],"url":"https:\/\/destinocastillayleon.es\/index\/author\/coadministradorcyl\/"}]}},"_links":{"self":[{"href":"https:\/\/destinocastillayleon.es\/index\/wp-json\/wp\/v2\/posts\/12622","targetHints":{"allow":["GET"]}}],"collection":[{"href":"https:\/\/destinocastillayleon.es\/index\/wp-json\/wp\/v2\/posts"}],"about":[{"href":"https:\/\/destinocastillayleon.es\/index\/wp-json\/wp\/v2\/types\/post"}],"author":[{"embeddable":true,"href":"https:\/\/destinocastillayleon.es\/index\/wp-json\/wp\/v2\/users\/2"}],"replies":[{"embeddable":true,"href":"https:\/\/destinocastillayleon.es\/index\/wp-json\/wp\/v2\/comments?post=12622"}],"version-history":[{"count":8,"href":"https:\/\/destinocastillayleon.es\/index\/wp-json\/wp\/v2\/posts\/12622\/revisions"}],"predecessor-version":[{"id":17086,"href":"https:\/\/destinocastillayleon.es\/index\/wp-json\/wp\/v2\/posts\/12622\/revisions\/17086"}],"wp:featuredmedia":[{"embeddable":true,"href":"https:\/\/destinocastillayleon.es\/index\/wp-json\/wp\/v2\/media\/12625"}],"wp:attachment":[{"href":"https:\/\/destinocastillayleon.es\/index\/wp-json\/wp\/v2\/media?parent=12622"}],"wp:term":[{"taxonomy":"category","embeddable":true,"href":"https:\/\/destinocastillayleon.es\/index\/wp-json\/wp\/v2\/categories?post=12622"},{"taxonomy":"post_tag","embeddable":true,"href":"https:\/\/destinocastillayleon.es\/index\/wp-json\/wp\/v2\/tags?post=12622"}],"curies":[{"name":"wp","href":"https:\/\/api.w.org\/{rel}","templated":true}]}}