{"id":12027,"date":"2014-03-18T09:49:01","date_gmt":"2014-03-18T09:49:01","guid":{"rendered":"http:\/\/destinocastillayleon.es\/index\/?p=12027"},"modified":"2015-05-07T12:09:07","modified_gmt":"2015-05-07T10:09:07","slug":"de-tapas-en-aranda-de-duero","status":"publish","type":"post","link":"https:\/\/destinocastillayleon.es\/index\/de-tapas-en-aranda-de-duero\/","title":{"rendered":"Este fin de semana, v\u00e1monos de tapas en Aranda de Duero"},"content":{"rendered":"<p style=\"text-align: justify;\">Este fin de semana se celebra el\u00a0<strong>\u2018XIII consurso de tapas,\u00a0pinchos y banderillas de Aranda de Duero\u2019<\/strong> en el que\u00a0en el 54 establecimientos compiten para ofrecer sus mejores\u00a0elaboraciones culinarias en miniatura.\u00a0<strong>Hasta el domingo, 23 de Marzo<\/strong>, arandinos y viajeros podr\u00e1n degustar las <strong>84 \u00abmini-recetas\u00bb<\/strong> que acompa\u00f1ar\u00e1n a un buen vino de la Ribera del Duero,\u00a0<strong>desde 2,40 euros <\/strong>(tapa\u00a0m\u00e1s consumici\u00f3n).<\/p>\n<p>&nbsp; <\/p>\n<p style=\"text-align: center;\"><a href=\"http:\/\/destinocastillayleon.es\/index\/wp-content\/uploads\/2014\/03\/tapas-de-morcilla-en-Aranda-de-Duero.jpg\" target=\"_Blank\"><img decoding=\"async\" class=\"size-full wp-image-12030 aligncenter\" title=\"tapas de morcilla en Aranda de Duero\" alt=\"Tapas en Aranda de Duero, morcilla\" src=\"http:\/\/destinocastillayleon.es\/index\/wp-content\/uploads\/2014\/03\/tapas-de-morcilla-en-Aranda-de-Duero.jpg\" width=\"640\" height=\"426\" srcset=\"https:\/\/destinocastillayleon.es\/index\/wp-content\/uploads\/2014\/03\/tapas-de-morcilla-en-Aranda-de-Duero.jpg 640w, https:\/\/destinocastillayleon.es\/index\/wp-content\/uploads\/2014\/03\/tapas-de-morcilla-en-Aranda-de-Duero-300x199.jpg 300w\" sizes=\"(max-width: 640px) 100vw, 640px\" \/><\/a><\/p>\n<p>&nbsp;<\/p>\n<h2>De tapas en Aranda de Duero<\/h2>\n<p>Los establecimientos participantes en este concurso de tapas en Aranda de Duero son:<br \/>\n&nbsp;<br \/>\n<center><\/p>\n<table width=\"600\" border=\"0\" cellspacing=\"0\" cellpadding=\"0\">\n<colgroup>\n<col span=\"3\" width=\"200\" \/> <\/colgroup>\n<tbody>\n<tr>\n<td width=\"210\" height=\"20\">Asador El Cipr\u00e9s,<\/td>\n<td width=\"210\">Asador Tudanca,<\/td>\n<td width=\"210\">La Traviesa,<\/td>\n<\/tr>\n<tr>\n<td height=\"20\">Asador de Aranda,<\/td>\n<td>Cantinaccia,<\/td>\n<td>Mes\u00f3n de la Villa,<\/td>\n<\/tr>\n<tr>\n<td height=\"20\">Asador Restaurantes Miguel,<\/td>\n<td>Casa Aitor,<\/td>\n<td>Mes\u00f3n el Cordero,<\/td>\n<\/tr>\n<tr>\n<td height=\"20\">Bar BMV,<\/td>\n<td>Casa Florencio,<\/td>\n<td>Mes\u00f3n las Cubas,<\/td>\n<\/tr>\n<tr>\n<td height=\"20\">Bar Casanova,<\/td>\n<td>Casa Silviano,<\/td>\n<td>Mes\u00f3n Los Arcos,<\/td>\n<\/tr>\n<tr>\n<td height=\"20\">Bar el Somat\u00e9n,<\/td>\n<td>Cervecer\u00eda Gambrinus,<\/td>\n<td>Mes\u00f3n Restaurante Rioduero,<\/td>\n<\/tr>\n<tr>\n<td height=\"20\">Bar Krone,<\/td>\n<td>Cruz Blanca &amp; Medina,<\/td>\n<td>Plan 37,<\/td>\n<\/tr>\n<tr>\n<td height=\"20\">Bar La Biblioteca,<\/td>\n<td>El Lagar de Isilla,<\/td>\n<td>Restaurante Arandos,<\/td>\n<\/tr>\n<tr>\n<td height=\"20\">Bar la Tertulia,<\/td>\n<td>El Palo Santo,<\/td>\n<td>Restaurante La Raspa,<\/td>\n<\/tr>\n<tr>\n<td height=\"20\">Bar Pepe,<\/td>\n<td>El Prado de las Merinas,<\/td>\n<td>Restaurante Asador La Perla,<\/td>\n<\/tr>\n<tr>\n<td height=\"20\">Bar Restaurante Trasgu,<\/td>\n<td>Finca Los Rastrojos,<\/td>\n<td>Restaurante Bar Casa Ana,<\/td>\n<\/tr>\n<tr>\n<td height=\"20\">Bar Restaurante La Esquina,<\/td>\n<td>Gran Caf\u00e9 Bola 8,<\/td>\n<td>Restaurante Nuevo Coto,<\/td>\n<\/tr>\n<tr>\n<td height=\"20\">Bocaboca,<\/td>\n<td>Hostal el Ventero,<\/td>\n<td>Wine-Bar Bodegas Portia,<\/td>\n<\/tr>\n<tr>\n<td height=\"20\">Caf\u00e9 Bar Candilejas,<\/td>\n<td>Hotel Alisi,<\/td>\n<td>La Resinera,<\/td>\n<\/tr>\n<tr>\n<td height=\"20\">Caf\u00e9 Bar Kadobal,<\/td>\n<td>Hotel Restaurante Aranda,<\/td>\n<td><\/td>\n<\/tr>\n<tr>\n<td height=\"20\">Caf\u00e9 Central,<\/td>\n<td>Kasbbah Caffe-Bar,<\/td>\n<td><\/td>\n<\/tr>\n<tr>\n<td height=\"20\">Caf\u00e9 Exposiciones el Bulevar,<\/td>\n<td>La Bolera,<\/td>\n<td><\/td>\n<\/tr>\n<tr>\n<td height=\"20\">Caf\u00e9 la Universal,<\/td>\n<td>La Casona de la Vid,<\/td>\n<td><\/td>\n<\/tr>\n<tr>\n<td height=\"20\">Cafeter\u00eda Garden,<\/td>\n<td>La Posada de Moradillo,<\/td>\n<td><\/td>\n<\/tr>\n<\/tbody>\n<\/table>\n<p><\/center><br \/>\n&nbsp;<br \/>\n<a style=\"text-align: center;\" href=\"http:\/\/destinocastillayleon.es\/index\/wp-content\/uploads\/2014\/03\/de-tapas-por-Aranda-de-Duero.jpg\" target=\"_Blank\"><img decoding=\"async\" class=\" wp-image-12029 aligncenter\" title=\"de tapas por Aranda de Duero\" alt=\"de Tapas en Aranda de Duero\" src=\"http:\/\/destinocastillayleon.es\/index\/wp-content\/uploads\/2014\/03\/de-tapas-por-Aranda-de-Duero.jpg\" width=\"512\" height=\"770\" srcset=\"https:\/\/destinocastillayleon.es\/index\/wp-content\/uploads\/2014\/03\/de-tapas-por-Aranda-de-Duero.jpg 353w, https:\/\/destinocastillayleon.es\/index\/wp-content\/uploads\/2014\/03\/de-tapas-por-Aranda-de-Duero-199x300.jpg 199w\" sizes=\"(max-width: 512px) 100vw, 512px\" \/><\/a><br \/>\n&nbsp; <\/p>\n<h3>Qu\u00e9 m\u00e1s puedes hacer en Aranda de Duero<\/h3>\n<p style=\"text-align: justify;\">Adem\u00e1s, este fin de semana se celebra el<strong> <a title=\"Wine&amp;Piano Concert Julio Mazziotti en la Ribera del Duero\" href=\"http:\/\/destinocastillayleon.es\/index\/musicoterapia-y-vino-en-la-ribera-del-duero\/\" target=\"_blank\">Wine&amp; Piano Concert<\/a><\/strong> del pianista argentino Julio Mazziotti. El s\u00e1bado 22 de marzo tendr\u00e1 lugar en el <a title=\"Hotel Montehermoso en Aranda de Duero\" href=\"http:\/\/www.hotelmontermoso.com\/\" target=\"_blank\">Hotel Montehermoso<\/a> de Aranda de Duero este <strong>concierto basado en la \u00abMusicoterapia\u00bb, <\/strong>que\u00a0las\u00a0notas m\u00e1s profundas de nuestras emociones. Algunos estudios apuntan que las notas de cata se ven afectadas despu\u00e9s de escuchar algunas de sus composiciones. Toda una experiencia.<\/p>\n<p style=\"text-align: justify;\"><strong>Por 23 euros<\/strong> puedes disfrutar de la m\u00fasica de Julio Mazziotti con degustaci\u00f3n de vinos de la Ribera del Duero y algunos aperitivos. El entorno es espectacular.<\/p>\n<p>&nbsp;<\/p>\n<p style=\"text-align: center;\"><a href=\"http:\/\/destinocastillayleon.es\/index\/wp-content\/uploads\/2014\/03\/Hotel-Montehermoso-Aranda-de-duero-.jpg\" target=\"_Blank\"><img decoding=\"async\" class=\"size-full wp-image-12033 aligncenter\" title=\"Hotel Montehermoso Aranda de duero\" alt=\"Tapas en Aranda de Duero Hotel Montehermoso Aranda de duero\" src=\"http:\/\/destinocastillayleon.es\/index\/wp-content\/uploads\/2014\/03\/Hotel-Montehermoso-Aranda-de-duero-.jpg\" width=\"640\" height=\"427\" srcset=\"https:\/\/destinocastillayleon.es\/index\/wp-content\/uploads\/2014\/03\/Hotel-Montehermoso-Aranda-de-duero-.jpg 640w, https:\/\/destinocastillayleon.es\/index\/wp-content\/uploads\/2014\/03\/Hotel-Montehermoso-Aranda-de-duero--300x200.jpg 300w\" sizes=\"(max-width: 640px) 100vw, 640px\" \/><\/a><\/p>\n<p>&nbsp;<\/p>\n<p style=\"text-align: justify;\">El Hotel pone a disposici\u00f3n de los asistentes una<strong> <a title=\"Concierto Piano Julio Mazziotti Hotel Montermoso\" href=\"http:\/\/www.hotelmontermoso.com\/noticias-y-promociones\/noticias\/concierto-piano-julio-mazziotti-hotel-montermoso\/\" target=\"_blank\">oferta especial D\u00eda del Padre<\/a><\/strong>, que incluye cena, alojamiento y desayuno, por si deseas pasar la noche all\u00ed despu\u00e9s del concierto. Todo el hotel nos recuerda que estamos en la Ribera del Duero, y hasta las habitaciones tienen ese toque enotur\u00edstico vinculado al vino que todo <em>winelover<\/em> anhela en sus viajes.<\/p>\n<p style=\"text-align: justify;\">Al d\u00eda siguiente puedes visitar Aranda de Duero, su imponente <strong>parroquia de Santa Mar\u00eda la Real,<\/strong> sus museos (del ferrocarril y de la cer\u00e1mica), las bodegas subterr\u00e1neas, el museo de escultura al aire libre y c\u00f3mo no, disfrutar del\u00a0\u00a0<strong>\u2018XIII consurso de tapas de Aranda de Duero\u00bb.\u00a0<\/strong><\/p>\n<p style=\"text-align: justify;\"><strong>\u00bfVas a asistir? \u00a1Nosotros all\u00ed estaremos! D\u00e9janos tu comentario y all\u00ed nos vemos! \ud83d\ude09<\/strong><\/p>\n<p>&nbsp;<\/p>\n<h4>Otros art\u00edculos relacionados<\/h4>\n<p>&nbsp; &nbsp; <strong>\u2022 <\/strong><a title=\"Ruta de tapas por Aranda de Duero\" href=\"http:\/\/destinocastillayleon.es\/index\/de-tapas-por-aranda\/\" target=\"_blank\"><span style=\"color: #000000;\">Ruta de tapas por Aranda de Duero<\/a>.<br \/>\n&nbsp; &nbsp; <strong>\u2022 <\/strong><a href=\"http:\/\/destinocastillayleon.es\/index\/musicoterapia-y-vino-en-la-ribera-del-duero\/\" target=\"_Blank\" title=\"Musicoterapia y vino en la Ribera del Duero\"><span style=\"color: #000000;\">Musicoterapia y vino en la Ribera del Duero<\/span><\/a>.<br \/>\n&nbsp; &nbsp; <strong>\u2022 <\/strong><a href=\"http:\/\/destinocastillayleon.es\/index\/coco-atapuerca-show-comienza-el-espectaculo\/\" target=\"_Blank\" title=\"CocoAtapuerca, comienza el Show\"><span style=\"color: #000000;\">CocoAtapuerca, comienza el Show<\/span><\/a>.<br \/>\n&nbsp; &nbsp; <strong>\u2022 <\/strong><a href=\"http:\/\/destinocastillayleon.es\/index\/musicoterapia-y-vino-el-15-de-febrero-en-lerma\/\" target=\"_Blank\" title=\"Musicoterapia y vino en Lerma, en el coraz\u00f3n de la Ribera del Arlanza\"><span style=\"color: #000000;\">Musicoterapia y vino en Lerma, en el coraz\u00f3n de la Ribera del Arlanza<\/span><\/a>.<br \/>\n&nbsp; &nbsp; <strong>\u2022 <\/strong><a href=\"http:\/\/destinocastillayleon.es\/index\/el-triangulo-del-arlanza-viajando-por-covarrubias-lerma-y-silos\/\" target=\"_Blank\" title=\"Viaje por el tri\u00e1ngulo del Arlanza\"><span style=\"color: #000000;\">Viaje por el tri\u00e1ngulo del Arlanza<\/span><\/a>.<br \/>\n&nbsp;<\/p>\n","protected":false},"excerpt":{"rendered":"<p>Este fin de semana se celebra en Aranda de Duero el Wine&#038;Piano Concert de Julio Mazziotti en el Hotel Montehermoso con degustaci\u00f3n de vinos de la Ribera del Duero. Tambi\u00e9n es el XIII consurso de Tapas en Aranda de Duero, la excusa perfecta para visitar este emblem\u00e1tico lugar<\/p>\n","protected":false},"author":14,"featured_media":12034,"comment_status":"open","ping_status":"closed","sticky":false,"template":"","format":"standard","meta":{"rop_custom_images_group":[],"rop_custom_messages_group":[],"rop_publish_now":"initial","rop_publish_now_accounts":{"twitter_1150954226_1150954226":""},"rop_publish_now_history":[],"rop_publish_now_status":"pending","footnotes":""},"categories":[1343,43,68],"tags":[349,1792,1559,1496,1513,752,4040,4509,1512,1508],"class_list":["post-12027","post","type-post","status-publish","format-standard","has-post-thumbnail","hentry","category-agenda","category-burgos","category-post_inicial","tag-aranda-de-duero","tag-concierto-de-piano-en-aranda-de-duero","tag-edades-del-hombre-en-aranda-de-duero","tag-hotel-montehermoso-aranda-de-duero","tag-que-hacer-en-aranda-de-duero","tag-que-hacer-en-burgos","tag-restaurantes-en-aranda","tag-tapear-en-castilla-y-leon","tag-vamonos-a-aranda-de-duero","tag-xiii-consurso-de-tapas-de-aranda-de-duero"],"yoast_head":"<!-- This site is optimized with the Yoast SEO Premium plugin v20.4 (Yoast SEO v27.4) - https:\/\/yoast.com\/product\/yoast-seo-premium-wordpress\/ -->\n<title>Conoce una propuesta para ir de tapas en Aranda de Duero<\/title>\n<meta name=\"description\" content=\"Se celebra el Consurso de Tapas en Aranda de Duero y el Wine&amp;Piano Concert de Julio Mazziotti en el Hotel Montehermoso. Excusas para visitar este lugar\" \/>\n<meta name=\"robots\" content=\"index, follow, max-snippet:-1, max-image-preview:large, max-video-preview:-1\" \/>\n<link rel=\"canonical\" href=\"https:\/\/destinocastillayleon.es\/index\/de-tapas-en-aranda-de-duero\/\" \/>\n<meta property=\"og:locale\" content=\"es_ES\" \/>\n<meta property=\"og:type\" content=\"article\" \/>\n<meta property=\"og:title\" content=\"Este fin de semana, v\u00e1monos de tapas en Aranda de Duero\" \/>\n<meta property=\"og:description\" content=\"Este fin de semana se celebra en Aranda de Duero el Wine&amp;Piano Concert de Julio Mazziotti en el Hotel Montehermoso con degustaci\u00f3n de vinos de la Ribera del Duero. Tambi\u00e9n es el XIII consurso de tapas de Aranda de Duero, la excusa perfecta para visitar este emblem\u00e1tico lugar\" \/>\n<meta property=\"og:url\" content=\"https:\/\/destinocastillayleon.es\/index\/de-tapas-en-aranda-de-duero\/\" \/>\n<meta property=\"og:site_name\" content=\"Destino Castilla y Le\u00f3n\" \/>\n<meta property=\"article:publisher\" content=\"https:\/\/www.facebook.com\/DestinoCastillaYLeon\/\" \/>\n<meta property=\"article:published_time\" content=\"2014-03-18T09:49:01+00:00\" \/>\n<meta property=\"article:modified_time\" content=\"2015-05-07T10:09:07+00:00\" \/>\n<meta property=\"og:image\" content=\"https:\/\/destinocastillayleon.es\/index\/wp-content\/uploads\/2014\/03\/de-tapas-por-Aranda-de-Duero.jpg\" \/>\n\t<meta property=\"og:image:width\" content=\"353\" \/>\n\t<meta property=\"og:image:height\" content=\"531\" \/>\n\t<meta property=\"og:image:type\" content=\"image\/jpeg\" \/>\n<meta name=\"author\" content=\"Destino CyL\" \/>\n<meta name=\"twitter:card\" content=\"summary_large_image\" \/>\n<meta name=\"twitter:creator\" content=\"@destinocyl\" \/>\n<meta name=\"twitter:site\" content=\"@destinocyl\" \/>\n<meta name=\"twitter:label1\" content=\"Escrito por\" \/>\n\t<meta name=\"twitter:data1\" content=\"Destino CyL\" \/>\n\t<meta name=\"twitter:label2\" content=\"Tiempo de lectura\" \/>\n\t<meta name=\"twitter:data2\" content=\"3 minutos\" \/>\n<script type=\"application\/ld+json\" class=\"yoast-schema-graph\">{\"@context\":\"https:\\\/\\\/schema.org\",\"@graph\":[{\"@type\":\"Article\",\"@id\":\"https:\\\/\\\/destinocastillayleon.es\\\/index\\\/de-tapas-en-aranda-de-duero\\\/#article\",\"isPartOf\":{\"@id\":\"https:\\\/\\\/destinocastillayleon.es\\\/index\\\/de-tapas-en-aranda-de-duero\\\/\"},\"author\":{\"name\":\"Destino CyL\",\"@id\":\"https:\\\/\\\/destinocastillayleon.es\\\/index\\\/#\\\/schema\\\/person\\\/820bc853671969462e3e479c4ef6f253\"},\"headline\":\"Este fin de semana, v\u00e1monos de tapas en Aranda de Duero\",\"datePublished\":\"2014-03-18T09:49:01+00:00\",\"dateModified\":\"2015-05-07T10:09:07+00:00\",\"mainEntityOfPage\":{\"@id\":\"https:\\\/\\\/destinocastillayleon.es\\\/index\\\/de-tapas-en-aranda-de-duero\\\/\"},\"wordCount\":552,\"commentCount\":0,\"image\":{\"@id\":\"https:\\\/\\\/destinocastillayleon.es\\\/index\\\/de-tapas-en-aranda-de-duero\\\/#primaryimage\"},\"thumbnailUrl\":\"https:\\\/\\\/destinocastillayleon.es\\\/index\\\/wp-content\\\/uploads\\\/2014\\\/03\\\/aranda-de-duero.jpg\",\"keywords\":[\"Aranda de Duero\",\"concierto de piano en Aranda de Duero\",\"Edades del hombre en Aranda de Duero\",\"Hotel montehermoso Aranda de Duero\",\"Qu\u00e9 hacer en Aranda de Duero\",\"que hacer en Burgos\",\"restaurantes en Aranda\",\"tapear en Castilla y Le\u00f3n\",\"v\u00e1monos a Aranda de Duero!\",\"XIII consurso de tapas de Aranda de Duero\"],\"articleSection\":[\"Agenda\",\"Burgos\",\"Post_inicial\"],\"inLanguage\":\"es\",\"potentialAction\":[{\"@type\":\"CommentAction\",\"name\":\"Comment\",\"target\":[\"https:\\\/\\\/destinocastillayleon.es\\\/index\\\/de-tapas-en-aranda-de-duero\\\/#respond\"]}]},{\"@type\":\"WebPage\",\"@id\":\"https:\\\/\\\/destinocastillayleon.es\\\/index\\\/de-tapas-en-aranda-de-duero\\\/\",\"url\":\"https:\\\/\\\/destinocastillayleon.es\\\/index\\\/de-tapas-en-aranda-de-duero\\\/\",\"name\":\"Conoce una propuesta para ir de tapas en Aranda de Duero\",\"isPartOf\":{\"@id\":\"https:\\\/\\\/destinocastillayleon.es\\\/index\\\/#website\"},\"primaryImageOfPage\":{\"@id\":\"https:\\\/\\\/destinocastillayleon.es\\\/index\\\/de-tapas-en-aranda-de-duero\\\/#primaryimage\"},\"image\":{\"@id\":\"https:\\\/\\\/destinocastillayleon.es\\\/index\\\/de-tapas-en-aranda-de-duero\\\/#primaryimage\"},\"thumbnailUrl\":\"https:\\\/\\\/destinocastillayleon.es\\\/index\\\/wp-content\\\/uploads\\\/2014\\\/03\\\/aranda-de-duero.jpg\",\"datePublished\":\"2014-03-18T09:49:01+00:00\",\"dateModified\":\"2015-05-07T10:09:07+00:00\",\"author\":{\"@id\":\"https:\\\/\\\/destinocastillayleon.es\\\/index\\\/#\\\/schema\\\/person\\\/820bc853671969462e3e479c4ef6f253\"},\"description\":\"Se celebra el Consurso de Tapas en Aranda de Duero y el Wine&Piano Concert de Julio Mazziotti en el Hotel Montehermoso. Excusas para visitar este lugar\",\"breadcrumb\":{\"@id\":\"https:\\\/\\\/destinocastillayleon.es\\\/index\\\/de-tapas-en-aranda-de-duero\\\/#breadcrumb\"},\"inLanguage\":\"es\",\"potentialAction\":[{\"@type\":\"ReadAction\",\"target\":[\"https:\\\/\\\/destinocastillayleon.es\\\/index\\\/de-tapas-en-aranda-de-duero\\\/\"]}]},{\"@type\":\"ImageObject\",\"inLanguage\":\"es\",\"@id\":\"https:\\\/\\\/destinocastillayleon.es\\\/index\\\/de-tapas-en-aranda-de-duero\\\/#primaryimage\",\"url\":\"https:\\\/\\\/destinocastillayleon.es\\\/index\\\/wp-content\\\/uploads\\\/2014\\\/03\\\/aranda-de-duero.jpg\",\"contentUrl\":\"https:\\\/\\\/destinocastillayleon.es\\\/index\\\/wp-content\\\/uploads\\\/2014\\\/03\\\/aranda-de-duero.jpg\",\"width\":600,\"height\":300},{\"@type\":\"BreadcrumbList\",\"@id\":\"https:\\\/\\\/destinocastillayleon.es\\\/index\\\/de-tapas-en-aranda-de-duero\\\/#breadcrumb\",\"itemListElement\":[{\"@type\":\"ListItem\",\"position\":1,\"name\":\"Portada\",\"item\":\"https:\\\/\\\/destinocastillayleon.es\\\/index\\\/\"},{\"@type\":\"ListItem\",\"position\":2,\"name\":\"Este fin de semana, v\u00e1monos de tapas en Aranda de Duero\"}]},{\"@type\":\"WebSite\",\"@id\":\"https:\\\/\\\/destinocastillayleon.es\\\/index\\\/#website\",\"url\":\"https:\\\/\\\/destinocastillayleon.es\\\/index\\\/\",\"name\":\"Destino Castilla y Le\u00f3n\",\"description\":\"Medio digital independiente y revista de Castilla y Le\u00f3n dedicado al turismo, gastronom\u00eda y vino de Castilla y Le\u00f3n\",\"potentialAction\":[{\"@type\":\"SearchAction\",\"target\":{\"@type\":\"EntryPoint\",\"urlTemplate\":\"https:\\\/\\\/destinocastillayleon.es\\\/index\\\/?s={search_term_string}\"},\"query-input\":{\"@type\":\"PropertyValueSpecification\",\"valueRequired\":true,\"valueName\":\"search_term_string\"}}],\"inLanguage\":\"es\"},{\"@type\":\"Person\",\"@id\":\"https:\\\/\\\/destinocastillayleon.es\\\/index\\\/#\\\/schema\\\/person\\\/820bc853671969462e3e479c4ef6f253\",\"name\":\"Destino CyL\",\"image\":{\"@type\":\"ImageObject\",\"inLanguage\":\"es\",\"@id\":\"https:\\\/\\\/secure.gravatar.com\\\/avatar\\\/3ab58882c96a1f667e4b7004a344de8a7e22e7396dda91bd580baf77b48c2711?s=96&d=mm&r=g\",\"url\":\"https:\\\/\\\/secure.gravatar.com\\\/avatar\\\/3ab58882c96a1f667e4b7004a344de8a7e22e7396dda91bd580baf77b48c2711?s=96&d=mm&r=g\",\"contentUrl\":\"https:\\\/\\\/secure.gravatar.com\\\/avatar\\\/3ab58882c96a1f667e4b7004a344de8a7e22e7396dda91bd580baf77b48c2711?s=96&d=mm&r=g\",\"caption\":\"Destino CyL\"},\"description\":\"Equipo de redacci\u00f3n de Destino Castilla y Le\u00f3n\",\"sameAs\":[\"http:\\\/\\\/www.destinocastillayleon.es\"],\"url\":\"https:\\\/\\\/destinocastillayleon.es\\\/index\\\/author\\\/administrador\\\/\"}]}<\/script>\n<!-- \/ Yoast SEO Premium plugin. -->","yoast_head_json":{"title":"Conoce una propuesta para ir de tapas en Aranda de Duero","description":"Se celebra el Consurso de Tapas en Aranda de Duero y el Wine&Piano Concert de Julio Mazziotti en el Hotel Montehermoso. Excusas para visitar este lugar","robots":{"index":"index","follow":"follow","max-snippet":"max-snippet:-1","max-image-preview":"max-image-preview:large","max-video-preview":"max-video-preview:-1"},"canonical":"https:\/\/destinocastillayleon.es\/index\/de-tapas-en-aranda-de-duero\/","og_locale":"es_ES","og_type":"article","og_title":"Este fin de semana, v\u00e1monos de tapas en Aranda de Duero","og_description":"Este fin de semana se celebra en Aranda de Duero el Wine&Piano Concert de Julio Mazziotti en el Hotel Montehermoso con degustaci\u00f3n de vinos de la Ribera del Duero. Tambi\u00e9n es el XIII consurso de tapas de Aranda de Duero, la excusa perfecta para visitar este emblem\u00e1tico lugar","og_url":"https:\/\/destinocastillayleon.es\/index\/de-tapas-en-aranda-de-duero\/","og_site_name":"Destino Castilla y Le\u00f3n","article_publisher":"https:\/\/www.facebook.com\/DestinoCastillaYLeon\/","article_published_time":"2014-03-18T09:49:01+00:00","article_modified_time":"2015-05-07T10:09:07+00:00","og_image":[{"width":353,"height":531,"url":"https:\/\/destinocastillayleon.es\/index\/wp-content\/uploads\/2014\/03\/de-tapas-por-Aranda-de-Duero.jpg","type":"image\/jpeg"}],"author":"Destino CyL","twitter_card":"summary_large_image","twitter_creator":"@destinocyl","twitter_site":"@destinocyl","twitter_misc":{"Escrito por":"Destino CyL","Tiempo de lectura":"3 minutos"},"schema":{"@context":"https:\/\/schema.org","@graph":[{"@type":"Article","@id":"https:\/\/destinocastillayleon.es\/index\/de-tapas-en-aranda-de-duero\/#article","isPartOf":{"@id":"https:\/\/destinocastillayleon.es\/index\/de-tapas-en-aranda-de-duero\/"},"author":{"name":"Destino CyL","@id":"https:\/\/destinocastillayleon.es\/index\/#\/schema\/person\/820bc853671969462e3e479c4ef6f253"},"headline":"Este fin de semana, v\u00e1monos de tapas en Aranda de Duero","datePublished":"2014-03-18T09:49:01+00:00","dateModified":"2015-05-07T10:09:07+00:00","mainEntityOfPage":{"@id":"https:\/\/destinocastillayleon.es\/index\/de-tapas-en-aranda-de-duero\/"},"wordCount":552,"commentCount":0,"image":{"@id":"https:\/\/destinocastillayleon.es\/index\/de-tapas-en-aranda-de-duero\/#primaryimage"},"thumbnailUrl":"https:\/\/destinocastillayleon.es\/index\/wp-content\/uploads\/2014\/03\/aranda-de-duero.jpg","keywords":["Aranda de Duero","concierto de piano en Aranda de Duero","Edades del hombre en Aranda de Duero","Hotel montehermoso Aranda de Duero","Qu\u00e9 hacer en Aranda de Duero","que hacer en Burgos","restaurantes en Aranda","tapear en Castilla y Le\u00f3n","v\u00e1monos a Aranda de Duero!","XIII consurso de tapas de Aranda de Duero"],"articleSection":["Agenda","Burgos","Post_inicial"],"inLanguage":"es","potentialAction":[{"@type":"CommentAction","name":"Comment","target":["https:\/\/destinocastillayleon.es\/index\/de-tapas-en-aranda-de-duero\/#respond"]}]},{"@type":"WebPage","@id":"https:\/\/destinocastillayleon.es\/index\/de-tapas-en-aranda-de-duero\/","url":"https:\/\/destinocastillayleon.es\/index\/de-tapas-en-aranda-de-duero\/","name":"Conoce una propuesta para ir de tapas en Aranda de Duero","isPartOf":{"@id":"https:\/\/destinocastillayleon.es\/index\/#website"},"primaryImageOfPage":{"@id":"https:\/\/destinocastillayleon.es\/index\/de-tapas-en-aranda-de-duero\/#primaryimage"},"image":{"@id":"https:\/\/destinocastillayleon.es\/index\/de-tapas-en-aranda-de-duero\/#primaryimage"},"thumbnailUrl":"https:\/\/destinocastillayleon.es\/index\/wp-content\/uploads\/2014\/03\/aranda-de-duero.jpg","datePublished":"2014-03-18T09:49:01+00:00","dateModified":"2015-05-07T10:09:07+00:00","author":{"@id":"https:\/\/destinocastillayleon.es\/index\/#\/schema\/person\/820bc853671969462e3e479c4ef6f253"},"description":"Se celebra el Consurso de Tapas en Aranda de Duero y el Wine&Piano Concert de Julio Mazziotti en el Hotel Montehermoso. Excusas para visitar este lugar","breadcrumb":{"@id":"https:\/\/destinocastillayleon.es\/index\/de-tapas-en-aranda-de-duero\/#breadcrumb"},"inLanguage":"es","potentialAction":[{"@type":"ReadAction","target":["https:\/\/destinocastillayleon.es\/index\/de-tapas-en-aranda-de-duero\/"]}]},{"@type":"ImageObject","inLanguage":"es","@id":"https:\/\/destinocastillayleon.es\/index\/de-tapas-en-aranda-de-duero\/#primaryimage","url":"https:\/\/destinocastillayleon.es\/index\/wp-content\/uploads\/2014\/03\/aranda-de-duero.jpg","contentUrl":"https:\/\/destinocastillayleon.es\/index\/wp-content\/uploads\/2014\/03\/aranda-de-duero.jpg","width":600,"height":300},{"@type":"BreadcrumbList","@id":"https:\/\/destinocastillayleon.es\/index\/de-tapas-en-aranda-de-duero\/#breadcrumb","itemListElement":[{"@type":"ListItem","position":1,"name":"Portada","item":"https:\/\/destinocastillayleon.es\/index\/"},{"@type":"ListItem","position":2,"name":"Este fin de semana, v\u00e1monos de tapas en Aranda de Duero"}]},{"@type":"WebSite","@id":"https:\/\/destinocastillayleon.es\/index\/#website","url":"https:\/\/destinocastillayleon.es\/index\/","name":"Destino Castilla y Le\u00f3n","description":"Medio digital independiente y revista de Castilla y Le\u00f3n dedicado al turismo, gastronom\u00eda y vino de Castilla y Le\u00f3n","potentialAction":[{"@type":"SearchAction","target":{"@type":"EntryPoint","urlTemplate":"https:\/\/destinocastillayleon.es\/index\/?s={search_term_string}"},"query-input":{"@type":"PropertyValueSpecification","valueRequired":true,"valueName":"search_term_string"}}],"inLanguage":"es"},{"@type":"Person","@id":"https:\/\/destinocastillayleon.es\/index\/#\/schema\/person\/820bc853671969462e3e479c4ef6f253","name":"Destino CyL","image":{"@type":"ImageObject","inLanguage":"es","@id":"https:\/\/secure.gravatar.com\/avatar\/3ab58882c96a1f667e4b7004a344de8a7e22e7396dda91bd580baf77b48c2711?s=96&d=mm&r=g","url":"https:\/\/secure.gravatar.com\/avatar\/3ab58882c96a1f667e4b7004a344de8a7e22e7396dda91bd580baf77b48c2711?s=96&d=mm&r=g","contentUrl":"https:\/\/secure.gravatar.com\/avatar\/3ab58882c96a1f667e4b7004a344de8a7e22e7396dda91bd580baf77b48c2711?s=96&d=mm&r=g","caption":"Destino CyL"},"description":"Equipo de redacci\u00f3n de Destino Castilla y Le\u00f3n","sameAs":["http:\/\/www.destinocastillayleon.es"],"url":"https:\/\/destinocastillayleon.es\/index\/author\/administrador\/"}]}},"_links":{"self":[{"href":"https:\/\/destinocastillayleon.es\/index\/wp-json\/wp\/v2\/posts\/12027","targetHints":{"allow":["GET"]}}],"collection":[{"href":"https:\/\/destinocastillayleon.es\/index\/wp-json\/wp\/v2\/posts"}],"about":[{"href":"https:\/\/destinocastillayleon.es\/index\/wp-json\/wp\/v2\/types\/post"}],"author":[{"embeddable":true,"href":"https:\/\/destinocastillayleon.es\/index\/wp-json\/wp\/v2\/users\/14"}],"replies":[{"embeddable":true,"href":"https:\/\/destinocastillayleon.es\/index\/wp-json\/wp\/v2\/comments?post=12027"}],"version-history":[{"count":15,"href":"https:\/\/destinocastillayleon.es\/index\/wp-json\/wp\/v2\/posts\/12027\/revisions"}],"predecessor-version":[{"id":19194,"href":"https:\/\/destinocastillayleon.es\/index\/wp-json\/wp\/v2\/posts\/12027\/revisions\/19194"}],"wp:featuredmedia":[{"embeddable":true,"href":"https:\/\/destinocastillayleon.es\/index\/wp-json\/wp\/v2\/media\/12034"}],"wp:attachment":[{"href":"https:\/\/destinocastillayleon.es\/index\/wp-json\/wp\/v2\/media?parent=12027"}],"wp:term":[{"taxonomy":"category","embeddable":true,"href":"https:\/\/destinocastillayleon.es\/index\/wp-json\/wp\/v2\/categories?post=12027"},{"taxonomy":"post_tag","embeddable":true,"href":"https:\/\/destinocastillayleon.es\/index\/wp-json\/wp\/v2\/tags?post=12027"}],"curies":[{"name":"wp","href":"https:\/\/api.w.org\/{rel}","templated":true}]}}