{"id":11239,"date":"2014-03-04T10:41:37","date_gmt":"2014-03-04T10:41:37","guid":{"rendered":"http:\/\/destinocastillayleon.es\/index\/?p=11239"},"modified":"2014-11-18T11:05:37","modified_gmt":"2014-11-18T10:05:37","slug":"revitalizando-la-plaza-cantarranas","status":"publish","type":"post","link":"https:\/\/destinocastillayleon.es\/index\/revitalizando-la-plaza-cantarranas\/","title":{"rendered":"Revitalizando la plaza Cantarranas, el resurgir de una plaza en Valladolid"},"content":{"rendered":"<p style=\"text-align: justify;\">Durante muchos a\u00f1os,<strong> la plaza de Cantarranas en Valladolid estuvo asociada al ocio nocturno<\/strong>. Peque\u00f1os bares y discotecas inundaban esta plaza que poco a poco fue qued\u00e1ndose sin ambiente. Los locales m\u00e1s emblem\u00e1ticos de la zona fueron cerrando y esta m\u00edtica y c\u00e9ntrica plaza pucelana perdi\u00f3 todo su atractivo.\u00a0<strong><br \/>\n<\/strong><\/p>\n<p style=\"text-align: justify;\">Fue<strong> hace aproximadamente un a\u00f1o<\/strong>, cuando ya nadie apostaba por la plaza de Cantarranas, cuando\u00a0<strong>algunos j\u00f3venes emprendedores de Valladolid<\/strong> iniciaron una nueva etapa para la zona,<strong>\u00a0<\/strong>implantando nuevos negocios y restaurantes, ofreciendo este espacio como punto de encuentro sostenible.<\/p>\n<p>&nbsp; <\/p>\n<h3 style=\"text-align: justify;\">Cantarranas, un nuevo punto gastron\u00f3mico en Valladolid<\/h3>\n<p style=\"text-align: justify;\">Si te \u00a0acercas a Cantarranas ver\u00e1s que ya est\u00e1n funcionando dos restaurantes de forma estable: el\u00a0<a href=\"http:\/\/www.factoriamatilda.wordpress.com\" target=\"_blank&quot;\"><strong>Restaurante Matilda<\/strong><\/a>\u00a0con m\u00e1s trayectoria y el\u00a0<a href=\"http:\/\/www.cuatroplatos.com\/\" target=\"_blank&quot;\"><strong>Restaurante Cuatro Platos<\/strong><\/a>\u00a0de reciente apertura.\u00a0Ambos restaurantes proponen una cocina diferente y actual, con ciertos toques internacionales.<\/p>\n<p style=\"text-align: justify;\">En el caso del<strong> Restaurante Matilda, ofrecen nachos, quiches de verduras y patatas con guacamole<\/strong> que est\u00e1n de vicio. A\u00fan no hemos podido probar el restaurante Cuatro platos, aunque por lo que parece su cocina es tan cuidada y actual como la decoraci\u00f3n que envuelve al establecimiento.<\/p>\n<p>&nbsp;<br \/>\n<div class=\"easyRotatorWrapper\" align=\"center\">\r\n\r\n<!-- Begin DWUser_EasyRotator -->\r\n<script type=\"text\/javascript\" src=\"https:\/\/c520866.ssl.cf2.rackcdn.com\/1\/js\/easy_rotator.min.js\"><\/script>\r\n<div class=\"dwuserEasyRotator\" style=\"width: 100%; height: 400px; position:relative; text-align: left;\" data-erConfig=\"{autoplayEnabled:false, lpp:'102-105-108-101-58-47-47-47-67-58-47-68-111-99-117-109-101-110-116-115-37-50-48-97-110-100-37-50-48-83-101-116-116-105-110-103-115-47-85-83-85-65-82-73-79-47-77-121-37-50-48-68-111-99-117-109-101-110-116-115-47-69-97-115-121-82-111-116-97-116-111-114-80-114-101-118-105-101-119-47-112-114-101-118-105-101-119-95-115-119-102-115-47', wv:1}\" data-erName=\"Proyecto Cantarranas\" data-erTID=\"{vsk3783nq4370541322341}\" data-erResponsiveRatio=\"{16:9}\">\r\n\t<div data-ertype=\"content\" style=\"display: none;\"><ul data-erlabel=\"Main Category\">\r\n\t<li>\r\n\t\t<img decoding=\"async\" class=\"main\" src=\"https:\/\/destinocastillayleon.es\/index\/wp-content\/uploads\/EasyRotatorStorage\/user-content\/erf_11_1368644586\/erc_75_1393598722\/content\/assets\/Matilda interior 1-0.jpg\" \/>\r\n\t\t<img decoding=\"async\" class=\"thumb\" src=\"https:\/\/destinocastillayleon.es\/index\/wp-content\/uploads\/EasyRotatorStorage\/user-content\/erf_11_1368644586\/erc_75_1393598722\/content\/assets\/Matilda interior 1-0.jpg\" \/>\r\n\t<\/li>\r\n\t<li>\r\n\t\t<img decoding=\"async\" class=\"main\" src=\"https:\/\/destinocastillayleon.es\/index\/wp-content\/uploads\/EasyRotatorStorage\/user-content\/erf_11_1368644586\/erc_75_1393598722\/content\/assets\/restaurante Cuatro Platos 1-0.jpg\" \/>\r\n\t\t<img decoding=\"async\" class=\"thumb\" src=\"https:\/\/destinocastillayleon.es\/index\/wp-content\/uploads\/EasyRotatorStorage\/user-content\/erf_11_1368644586\/erc_75_1393598722\/content\/assets\/restaurante Cuatro Platos 1-0.jpg\" \/>\r\n\t<\/li>\r\n<\/ul>\r\n<\/div>\r\n\t<div data-ertype=\"layout\" data-ertemplateName=\"NONE\" style=\"\">\t\t\t<div class=\"erimgMain\" style=\"position: absolute; left:0;right:0;top:0;bottom:25px;\" data-erConfig=\"{___numTiles:3, scaleMode:'scaleDown', imgType:'main', alwaysPreviousButton:true, __loopNextButton:false, __arrowButtonMode:'rollover'}\">\r\n\t\t\t\t<div class=\"erimgMain_slides erFixCSS3\" style=\"position: absolute; left:15px; top:0; bottom:0; right:15px;\">\r\n\t\t\t\t\t<div class=\"erimgMain_slide\">\r\n\t\t\t\t\t\t<div class=\"erimgMain_img\" style=\"position: absolute; left:0;right:0;top:0;bottom:0;\"><\/div>\r\n\t\t\t\t\t<\/div>\r\n\t\t\t\t<\/div>\r\n\t\t\t\t<div class=\"erimgMain_arrowLeft\" style=\"position:absolute; left: 0; top: 50%; margin-top: -15px;\" data-erConfig=\"{image:'circleCozy', image2:'circleCozy'}\"><\/div>\r\n\t\t\t\t<div class=\"erimgMain_arrowRight\" style=\"position:absolute; right: 0; top: 50%; margin-top: -15px;\" data-erConfig=\"{image:'circleCozy', image2:'circleCozy'}\"><\/div>\r\n\t\t\t<\/div>\r\n\t\t\t\r\n\t\t\t<div class=\"erdots\" style=\"overflow: hidden; margin: 0; font-size: 10px; font-family: 'Lucida Grande', 'Lucida Sans', Arial, _sans; color: #FFF; position: absolute; left:0; right:0; bottom:5px;\" data-erConfig=\"{showText:false}\" align=\"center\">\r\n\t\t\t\t<div class=\"erdots_wrap\" style=\"wasbackground-color: #CFC; float: none;\" align=\"left\"> <!-- modify the float on this element to make left\/right\/none=center aligned. -->\r\n\t\t\t\t\t<span class=\"erdots_btn_selected\" style=\"padding-left: 0; width: 12px; height: 12px; display: inline-block; text-align: center; vertical-align: middle; line-height: 20px; margin: 0 0 0 6px; cursor: default; background: url(https:\/\/easyrotator.s3.amazonaws.com\/1\/i\/rotator\/dots\/export\/12_8_666empty.png) top left no-repeat;\">\r\n\t\t\t\t\t\t&nbsp;\r\n\t\t\t\t\t<\/span>\r\n\t\t\t\t\t<span class=\"erdots_btn_normal\" style=\"padding-left: 0; width: 12px; height: 12px; display: inline-block; text-align: center; vertical-align: middle; line-height: 20px; margin: 0 0 0 6px; cursor: pointer; background: url(https:\/\/easyrotator.s3.amazonaws.com\/1\/i\/rotator\/dots\/export\/12_8_666.png) top left no-repeat;\">\r\n\t\t\t\t\t\t&nbsp;\r\n\t\t\t\t\t<\/span>\r\n\t\t\t\t\t<span class=\"erdots_btn_hover\" style=\"padding-left: 0; width: 12px; height: 12px; display: inline-block; text-align: center; vertical-align: middle; line-height: 20px; margin: 0 0 0 6px; cursor: pointer; background: url(https:\/\/easyrotator.s3.amazonaws.com\/1\/i\/rotator\/dots\/export\/12_8_CCC.png) top left no-repeat;\">\r\n\t\t\t\t\t\t&nbsp;\r\n\t\t\t\t\t<\/span>\r\n\t\t\t\t<\/div>\r\n\t\t\t<\/div><div class=\"erabout erFixCSS3\" style=\"color: #FFF; text-align: left; background: #000; background:rgba(0,0,0,0.93); border: 2px solid #FFF; padding: 20px; font: normal 11px\/14px Verdana,_sans; width: 300px; border-radius: 10px; display:none;\">\r\n\t\t\tThis jQuery slider was created with the free <a style=\"color:#FFF;\" href=\"#eraboutlink\" target=\"_blank\">EasyRotator for WordPress<\/a> plugin from DWUser.com.\r\n\t\t\t<br \/><br \/>\r\n\t\t\t<a style=\"color:#FFF;\" href=\"#\" class=\"erabout_ok\">OK<\/a>   \r\n\t\t<\/div>\r\n\t\t<noscript>\r\n\t\t\tRotator powered by <strong>EasyRotator for WordPress<\/strong>, a free and easy jQuery slider builder from DWUser.com.  Please enable JavaScript to view. \r\n\t\t<\/noscript>\r\n\t\t<script type=\"text\/javascript\">\/*Avoid IE gzip bug*\/(function(b,c,d){try{if(!b[d]){b[d]=\"temp\";var a=c.createElement(\"script\");a.type=\"text\/javascript\";a.src=\"https:\/\/easyrotator.s3.amazonaws.com\/1\/js\/nozip\/easy_rotator.min.js\";c.getElementsByTagName(\"head\")[0].appendChild(a)}}catch(e){alert(\"EasyRotator fail; contact support.\")}})(window,document,\"er_$144\");<\/script>\r\n\t\r\n\t<\/div>\r\n<\/div>\r\n<!-- End DWUser_EasyRotator -->\r\n\r\n\r\n\r\n\r\n\r\n<\/div><br \/>\n&nbsp; <\/p>\n<h3>Cantarranas, espacio de encuentro<\/h3>\n<p style=\"text-align: justify;\">Igualmente, la plaza Cantarranas est\u00e1 sirviendo como <strong>punto de encuentro de nuevos emprendedores<\/strong> que llegado el buen tiempo realizan peque\u00f1as ferias y exposiciones.<\/p>\n<p style=\"text-align: justify;\">El a\u00f1o pasado se realiz\u00f3\u00a0con motivo del\u00a0<em>world wide knitting day<\/em>, un taller para aprender a tejer punto\u00a0de mano de la blogera\u00a0<a title=\"Link al blog de 'Pilar hecho a mano'\" href=\"http:\/\/www.pilarinahechoamano.com\/\" target=\"_blank\">Pilarhechoamano<\/a>\u00a0que reuni\u00f3 a personas con ganas de aprender o mejorar sus habilidades aprovechando este espacio abierto libre de autom\u00f3viles.<\/p>\n<p>&nbsp;<br \/>\n<center><img decoding=\"async\" title=\"Talleres e iniciativas en la Plaza de Cantarranas - Cortesia de Pilarhechoamano\" alt=\"talleres en la Plaza de Cantarranas\" src=\"http:\/\/destinocastillayleon.es\/index\/wp-content\/uploads\/2014\/02\/Actividades-en-Plaza-de-Cantarranas.jpg\" width=\"640\" \/><\/center><br \/>\n&nbsp; <\/p>\n<p style=\"text-align: justify;\">Uno de los espacios de encuentro m\u00e1s punteros es la empresa <strong><a href=\"http:\/\/ranacowork.com\/\" target=\"_blank&quot;\">Rana Cowork<\/a>, <\/strong>que ofrece<strong>\u00a0<\/strong>un espacio polivalente para el uso racional de oficinas compartidas y trabaja para que se establezcan buenas relaciones entre los miembros del coworking. As\u00ed mismo <strong>se organizan peque\u00f1as catas<\/strong> dentro de sus oficinas y presentaciones de productos. Se podr\u00eda decir que el \u00abesp\u00edritu del joven emprendedor\u00bb ha llegado a Valladolid de la mano de estos chicos.<\/p>\n<p>&nbsp;<br \/>\n<center><img decoding=\"async\" title=\"Rana Cowork\" alt=\"ranacowork\" src=\"http:\/\/destinocastillayleon.es\/index\/wp-content\/uploads\/2014\/02\/rana-cowork-Valladolid-1.jpg\" width=\"640\" \/><\/center><br \/>\n&nbsp; <\/p>\n<p style=\"text-align: justify;\">Por si a\u00fan no te suena <strong>el t\u00e9rmino \u00abcoworking\u00bb<\/strong>, te diremos que es una buena soluci\u00f3n para los emprendedores que, mediante unas tarifas ajustadas, alquilan un espacio de trabajo compartido, en lugar de una oficina entera. Adem\u00e1s de compartir gastos, es posible generar sinergias e ideas.<\/p>\n<p>&nbsp; <\/p>\n<h3 style=\"text-align: justify;\">Cantarranas, espacio cultural y creativo<\/h3>\n<p style=\"text-align: justify;\">Tambi\u00e9n encontrar\u00e1s en la plaza cantarranas, el <a href=\"http:\/\/colectivoremora.wordpress.com\/\" target=\"_blank&quot;\"><strong>caf\u00e9 Beluga<\/strong><\/a>,<strong> un espacio abierto a la cultura y a la reactivaci\u00f3n social<\/strong> y econ\u00f3mica de la zona. Un punto de encuentro para el arte, la cultura, y la creaci\u00f3n de nuevos conceptos donde empresas, artistas y p\u00fablico general puedan compartir diferentes iniciativas.<\/p>\n<p>&nbsp;<br \/>\n<center><img decoding=\"async\" title=\"Caf\u00e9 Beluga\" alt=\"Caf\u00e9 Beluga\" src=\"http:\/\/destinocastillayleon.es\/index\/wp-content\/uploads\/2014\/02\/Beluga-cafe-03.jpg\" width=\"640\" \/><\/center><br \/>\n&nbsp; <\/p>\n<p style=\"text-align: justify;\">En Cantarranas tambi\u00e9n se ubica\u00a0<a href=\"http:\/\/monestudio.com\/\" target=\"_blank&quot;\"><strong>Mon Studio Creativo<\/strong><\/a>. Como su nombre indica es una empresa dedicada a la creaci\u00f3n audiovisual digital, webs y comunicaci\u00f3n. Gente joven con ideas nuevas y frescas.<\/p>\n<p>&nbsp; <\/p>\n<h3>Coordinaci\u00f3n del Proyecto Revitalizando la plaza Cantarranas<\/h3>\n<p style=\"text-align: justify;\">Estos proyectos trabajan coordinadamente en la <strong><a href=\"http:\/\/www.plazacantarranas.com\/\" target=\"_blank&quot;\"> Asociaci\u00f3n Plaza Cantarranas<\/a>\u00a0<\/strong>con el objetivo com\u00fan de seguir mejorando la zona, de forma que<strong> recupere su pasado m\u00e1s bohemio<\/strong> y atractivo.<\/p>\n<p style=\"text-align: justify;\">Adem\u00e1s, este proyecto cuenta con el respaldo del programa de Responsabilidad Social Empresarial a nivel Europeo <a href=\"http:\/\/www.miltrescientosgramos.com\/plaza-cantarranas-y-miltrescientosgramos-seleccionados-para-enterprise-2020\/\" target=\"_blank&quot;\"><strong> Enterprise 2020<\/strong><\/a>.<\/p>\n<p>&nbsp;<br \/>\n<center><img decoding=\"async\" title=\"Coordinaci\u00f3n de la iniciativa en la Plaza de Cantarranas\" alt=\"Coordinaci\u00f3n en la Plaza de Cantarranas\" src=\"http:\/\/destinocastillayleon.es\/index\/wp-content\/uploads\/2014\/02\/Proyecto-Plaza-Cantarranas.jpg\" width=\"360\" \/><\/center><br \/>\n&nbsp;<br \/>\nAs\u00ed que ya sabes, si quieres emprender o pasar un rato diferente puedes acercarte a Cantarranas, un nuevo espacio en Valladolid.<br \/>\n&nbsp; <\/p>\n<h4>Nota:<\/h4>\n<p>Agradecemos la cesi\u00f3n de im\u00e1genes a:<br \/>\n&nbsp; &nbsp; <strong>\u2022 <\/strong><a title=\"Link al blog de Vallisoletum\" href=\"http:\/\/vallisoletvm.blogspot.com.es\/\" target=\"_blank\"><span style=\"color: #000000;\">Vallisoletum<\/a>.<br \/>\n&nbsp; &nbsp; <strong>\u2022 <\/strong><a title=\"Link al blog de Pilarhechoamano \" href=\"http:\/\/pilarinahechoamano.blogspot.com.es\/\"><span style=\"color: #000000;\">Pilarhechoamano<\/a>.<br \/>\n&nbsp; <\/p>\n<h4>Otros art\u00edculos relacionados<\/h4>\n<p>&nbsp; &nbsp; <strong>\u2022 <\/strong><a href=\"http:\/\/destinocastillayleon.es\/index\/valladolid-actual\/\" target=\"_Blank\"><span style=\"color: #000000;\">Safari fotogr\u00e1fico por Valladolid<\/span><\/a>.<br \/>\n&nbsp; &nbsp; <strong>\u2022 <\/strong><a href=\"http:\/\/destinocastillayleon.es\/index\/los-fantasmas-de-la-casa-de-zorrilla\/\" target=\"_Blank\"><span style=\"color: #000000;\">Los fantasmas de la Casa Zorrilla<\/span><\/a>.<br \/>\n&nbsp; &nbsp; <strong>\u2022 <\/strong><a href=\"http:\/\/destinocastillayleon.es\/index\/de-tapas-por-valladolid\/\" target=\"_Blank\"><span style=\"color: #000000;\">Ruta de tapas por Valladolid &#8211; Zona centro<\/span><\/a>.<br \/>\n&nbsp; &nbsp; <strong>\u2022 <\/strong><a href=\"http:\/\/destinocastillayleon.es\/index\/ruta-de-tapas-por-valladolid-zona-san-martin-zona-de-la-catedral\/\" target=\"_Blank\"><span style=\"color: #000000;\">Ruta de tapas por Valladolid &#8211; Zona San Miguel y la Catedral<\/span><\/a>.<br \/>\n&nbsp; &nbsp; <strong>\u2022 <\/strong><a href=\"http:\/\/destinocastillayleon.es\/index\/hamburguesas-de-autor-en-2-mujeres-al-borde-de-ataque-de-nervios\/\" target=\"_Blank\"><span style=\"color: #000000;\">Hamburguesas de Autor en \u00ab2 Mujeres al borde de un ataque de nervios\u00bb<\/span><\/a>.<br \/>\n&nbsp; <\/p>\n","protected":false},"excerpt":{"rendered":"<p>Desde hace un tiempo, nuevos negocios est\u00e1n revitalizando la plaza Cantarranas, transformado el lugar en un punto de encuentro social, art\u00edstico y cultural<\/p>\n","protected":false},"author":2,"featured_media":11633,"comment_status":"open","ping_status":"closed","sticky":false,"template":"","format":"standard","meta":{"rop_custom_images_group":[],"rop_custom_messages_group":[],"rop_publish_now":"initial","rop_publish_now_accounts":{"twitter_1150954226_1150954226":""},"rop_publish_now_history":[],"rop_publish_now_status":"pending","footnotes":""},"categories":[77,68,73,26],"tags":[1456,3942,3944,1454,2768,1457,3943,1455,2769,2767],"class_list":["post-11239","post","type-post","status-publish","format-standard","has-post-thumbnail","hentry","category-actualidad-y-agenda-de-castilla-y-leon","category-post_inicial","category-punto_singular","category-valladolid","tag-cafe-beluga-valladolid","tag-el-resurgir-de-una-plaza-en-valladolid","tag-ocio-en-la-plaza-cantarranas","tag-plaza-cantarranas-valladolid","tag-proyecto-cantarranas","tag-rana-coworking-valladolid","tag-restaurantes-en-la-plaza-cantarranas-de-valladolid","tag-restaurantes-plaza-cantarranas","tag-revitalizando-la-plaza-cantarranas","tag-urbanismo-en-valladolid"],"yoast_head":"<!-- This site is optimized with the Yoast SEO Premium plugin v20.4 (Yoast SEO v27.4) - https:\/\/yoast.com\/product\/yoast-seo-premium-wordpress\/ -->\n<title>Revitalizando la plaza Cantarranas, el resurgir de una plaza en Valladolid<\/title>\n<meta name=\"description\" content=\"Desde hace un tiempo, nuevos negocios est\u00e1n revitalizando la plaza Cantarranas, transformado el lugar en un punto de encuentro social, art\u00edstico y cultural\" \/>\n<meta name=\"robots\" content=\"index, follow, max-snippet:-1, max-image-preview:large, max-video-preview:-1\" \/>\n<link rel=\"canonical\" href=\"https:\/\/destinocastillayleon.es\/index\/revitalizando-la-plaza-cantarranas\/\" \/>\n<meta property=\"og:locale\" content=\"es_ES\" \/>\n<meta property=\"og:type\" content=\"article\" \/>\n<meta property=\"og:title\" content=\"Revitalizando la plaza Cantarranas, el resurgir de una plaza en Valladolid\" \/>\n<meta property=\"og:description\" content=\"Desde hace un tiempo, nuevos negocios est\u00e1n revitalizando la plaza Cantarranas, transformado el lugar en un punto de encuentro social, art\u00edstico y cultural\" \/>\n<meta property=\"og:url\" content=\"https:\/\/destinocastillayleon.es\/index\/revitalizando-la-plaza-cantarranas\/\" \/>\n<meta property=\"og:site_name\" content=\"Destino Castilla y Le\u00f3n\" \/>\n<meta property=\"article:publisher\" content=\"https:\/\/www.facebook.com\/DestinoCastillaYLeon\/\" \/>\n<meta property=\"article:author\" content=\"https:\/\/www.facebook.com\/profile.php?id=1158416854\" \/>\n<meta property=\"article:published_time\" content=\"2014-03-04T10:41:37+00:00\" \/>\n<meta property=\"article:modified_time\" content=\"2014-11-18T10:05:37+00:00\" \/>\n<meta property=\"og:image\" content=\"https:\/\/destinocastillayleon.es\/index\/wp-content\/uploads\/2014\/02\/restaurante-Cuatro-Platos-1.jpg\" \/>\n\t<meta property=\"og:image:width\" content=\"750\" \/>\n\t<meta property=\"og:image:height\" content=\"499\" \/>\n\t<meta property=\"og:image:type\" content=\"image\/jpeg\" \/>\n<meta name=\"author\" content=\"David V\u00e1zquez\" \/>\n<meta name=\"twitter:card\" content=\"summary_large_image\" \/>\n<meta name=\"twitter:creator\" content=\"@https:\/\/twitter.com\/ContePantaleone\u200e\" \/>\n<meta name=\"twitter:site\" content=\"@destinocyl\" \/>\n<meta name=\"twitter:label1\" content=\"Escrito por\" \/>\n\t<meta name=\"twitter:data1\" content=\"David V\u00e1zquez\" \/>\n\t<meta name=\"twitter:label2\" content=\"Tiempo de lectura\" \/>\n\t<meta name=\"twitter:data2\" content=\"3 minutos\" \/>\n<script type=\"application\/ld+json\" class=\"yoast-schema-graph\">{\"@context\":\"https:\\\/\\\/schema.org\",\"@graph\":[{\"@type\":\"Article\",\"@id\":\"https:\\\/\\\/destinocastillayleon.es\\\/index\\\/revitalizando-la-plaza-cantarranas\\\/#article\",\"isPartOf\":{\"@id\":\"https:\\\/\\\/destinocastillayleon.es\\\/index\\\/revitalizando-la-plaza-cantarranas\\\/\"},\"author\":{\"name\":\"David V\u00e1zquez\",\"@id\":\"https:\\\/\\\/destinocastillayleon.es\\\/index\\\/#\\\/schema\\\/person\\\/189221bc8f6cc4fa28b18ad5c289d4c2\"},\"headline\":\"Revitalizando la plaza Cantarranas, el resurgir de una plaza en Valladolid\",\"datePublished\":\"2014-03-04T10:41:37+00:00\",\"dateModified\":\"2014-11-18T10:05:37+00:00\",\"mainEntityOfPage\":{\"@id\":\"https:\\\/\\\/destinocastillayleon.es\\\/index\\\/revitalizando-la-plaza-cantarranas\\\/\"},\"wordCount\":675,\"commentCount\":3,\"image\":{\"@id\":\"https:\\\/\\\/destinocastillayleon.es\\\/index\\\/revitalizando-la-plaza-cantarranas\\\/#primaryimage\"},\"thumbnailUrl\":\"https:\\\/\\\/destinocastillayleon.es\\\/index\\\/wp-content\\\/uploads\\\/2014\\\/02\\\/Plaza-Cantarranas-Portada.jpg\",\"keywords\":[\"cafe beluga Valladolid\",\"el resurgir de una plaza en Valladolid\",\"ocio en la plaza cantarranas\",\"plaza cantarranas Valladolid\",\"proyecto Cantarranas\",\"Rana coworking Valladolid\",\"restaurantes en la plaza cantarranas de valladolid\",\"restaurantes plaza cantarranas\",\"Revitalizando la plaza Cantarranas\",\"urbanismo en Valladolid\"],\"articleSection\":[\"Actualidad\",\"Post_inicial\",\"Punto Singular\",\"Valladolid\"],\"inLanguage\":\"es\",\"potentialAction\":[{\"@type\":\"CommentAction\",\"name\":\"Comment\",\"target\":[\"https:\\\/\\\/destinocastillayleon.es\\\/index\\\/revitalizando-la-plaza-cantarranas\\\/#respond\"]}]},{\"@type\":\"WebPage\",\"@id\":\"https:\\\/\\\/destinocastillayleon.es\\\/index\\\/revitalizando-la-plaza-cantarranas\\\/\",\"url\":\"https:\\\/\\\/destinocastillayleon.es\\\/index\\\/revitalizando-la-plaza-cantarranas\\\/\",\"name\":\"Revitalizando la plaza Cantarranas, el resurgir de una plaza en Valladolid\",\"isPartOf\":{\"@id\":\"https:\\\/\\\/destinocastillayleon.es\\\/index\\\/#website\"},\"primaryImageOfPage\":{\"@id\":\"https:\\\/\\\/destinocastillayleon.es\\\/index\\\/revitalizando-la-plaza-cantarranas\\\/#primaryimage\"},\"image\":{\"@id\":\"https:\\\/\\\/destinocastillayleon.es\\\/index\\\/revitalizando-la-plaza-cantarranas\\\/#primaryimage\"},\"thumbnailUrl\":\"https:\\\/\\\/destinocastillayleon.es\\\/index\\\/wp-content\\\/uploads\\\/2014\\\/02\\\/Plaza-Cantarranas-Portada.jpg\",\"datePublished\":\"2014-03-04T10:41:37+00:00\",\"dateModified\":\"2014-11-18T10:05:37+00:00\",\"author\":{\"@id\":\"https:\\\/\\\/destinocastillayleon.es\\\/index\\\/#\\\/schema\\\/person\\\/189221bc8f6cc4fa28b18ad5c289d4c2\"},\"description\":\"Desde hace un tiempo, nuevos negocios est\u00e1n revitalizando la plaza Cantarranas, transformado el lugar en un punto de encuentro social, art\u00edstico y cultural\",\"breadcrumb\":{\"@id\":\"https:\\\/\\\/destinocastillayleon.es\\\/index\\\/revitalizando-la-plaza-cantarranas\\\/#breadcrumb\"},\"inLanguage\":\"es\",\"potentialAction\":[{\"@type\":\"ReadAction\",\"target\":[\"https:\\\/\\\/destinocastillayleon.es\\\/index\\\/revitalizando-la-plaza-cantarranas\\\/\"]}]},{\"@type\":\"ImageObject\",\"inLanguage\":\"es\",\"@id\":\"https:\\\/\\\/destinocastillayleon.es\\\/index\\\/revitalizando-la-plaza-cantarranas\\\/#primaryimage\",\"url\":\"https:\\\/\\\/destinocastillayleon.es\\\/index\\\/wp-content\\\/uploads\\\/2014\\\/02\\\/Plaza-Cantarranas-Portada.jpg\",\"contentUrl\":\"https:\\\/\\\/destinocastillayleon.es\\\/index\\\/wp-content\\\/uploads\\\/2014\\\/02\\\/Plaza-Cantarranas-Portada.jpg\",\"width\":783,\"height\":531,\"caption\":\"Plaza de Cantarranas\"},{\"@type\":\"BreadcrumbList\",\"@id\":\"https:\\\/\\\/destinocastillayleon.es\\\/index\\\/revitalizando-la-plaza-cantarranas\\\/#breadcrumb\",\"itemListElement\":[{\"@type\":\"ListItem\",\"position\":1,\"name\":\"Portada\",\"item\":\"https:\\\/\\\/destinocastillayleon.es\\\/index\\\/\"},{\"@type\":\"ListItem\",\"position\":2,\"name\":\"Revitalizando la plaza Cantarranas, el resurgir de una plaza en Valladolid\"}]},{\"@type\":\"WebSite\",\"@id\":\"https:\\\/\\\/destinocastillayleon.es\\\/index\\\/#website\",\"url\":\"https:\\\/\\\/destinocastillayleon.es\\\/index\\\/\",\"name\":\"Destino Castilla y Le\u00f3n\",\"description\":\"Medio digital independiente y revista de Castilla y Le\u00f3n dedicado al turismo, gastronom\u00eda y vino de Castilla y Le\u00f3n\",\"potentialAction\":[{\"@type\":\"SearchAction\",\"target\":{\"@type\":\"EntryPoint\",\"urlTemplate\":\"https:\\\/\\\/destinocastillayleon.es\\\/index\\\/?s={search_term_string}\"},\"query-input\":{\"@type\":\"PropertyValueSpecification\",\"valueRequired\":true,\"valueName\":\"search_term_string\"}}],\"inLanguage\":\"es\"},{\"@type\":\"Person\",\"@id\":\"https:\\\/\\\/destinocastillayleon.es\\\/index\\\/#\\\/schema\\\/person\\\/189221bc8f6cc4fa28b18ad5c289d4c2\",\"name\":\"David V\u00e1zquez\",\"image\":{\"@type\":\"ImageObject\",\"inLanguage\":\"es\",\"@id\":\"https:\\\/\\\/secure.gravatar.com\\\/avatar\\\/cd12db6c575a90c3b75cfa0f794b74d425201c768612fad17e9f13cd33d48be8?s=96&d=mm&r=g\",\"url\":\"https:\\\/\\\/secure.gravatar.com\\\/avatar\\\/cd12db6c575a90c3b75cfa0f794b74d425201c768612fad17e9f13cd33d48be8?s=96&d=mm&r=g\",\"contentUrl\":\"https:\\\/\\\/secure.gravatar.com\\\/avatar\\\/cd12db6c575a90c3b75cfa0f794b74d425201c768612fad17e9f13cd33d48be8?s=96&d=mm&r=g\",\"caption\":\"David V\u00e1zquez\"},\"description\":\"Ingeniero Industrial de vocaci\u00f3n y profesi\u00f3n, he encontrado en los blogs la forma de plasmar mi pasi\u00f3n por los viajes, la gastronom\u00eda y los vinos. Especialmente los procedentes de Castilla y Le\u00f3n\",\"sameAs\":[\"https:\\\/\\\/www.destinocastillayleon.es\",\"https:\\\/\\\/www.facebook.com\\\/profile.php?id=1158416854\",\"https:\\\/\\\/instagram.com\\\/conte.pantaleone\",\"https:\\\/\\\/www.linkedin.com\\\/pub\\\/david-vazquez-lozano\\\/37\\\/17a\\\/25a\",\"https:\\\/\\\/x.com\\\/https:\\\/\\\/twitter.com\\\/ContePantaleone\u200e\"],\"url\":\"https:\\\/\\\/destinocastillayleon.es\\\/index\\\/author\\\/coadministradorcyl\\\/\"}]}<\/script>\n<!-- \/ Yoast SEO Premium plugin. -->","yoast_head_json":{"title":"Revitalizando la plaza Cantarranas, el resurgir de una plaza en Valladolid","description":"Desde hace un tiempo, nuevos negocios est\u00e1n revitalizando la plaza Cantarranas, transformado el lugar en un punto de encuentro social, art\u00edstico y cultural","robots":{"index":"index","follow":"follow","max-snippet":"max-snippet:-1","max-image-preview":"max-image-preview:large","max-video-preview":"max-video-preview:-1"},"canonical":"https:\/\/destinocastillayleon.es\/index\/revitalizando-la-plaza-cantarranas\/","og_locale":"es_ES","og_type":"article","og_title":"Revitalizando la plaza Cantarranas, el resurgir de una plaza en Valladolid","og_description":"Desde hace un tiempo, nuevos negocios est\u00e1n revitalizando la plaza Cantarranas, transformado el lugar en un punto de encuentro social, art\u00edstico y cultural","og_url":"https:\/\/destinocastillayleon.es\/index\/revitalizando-la-plaza-cantarranas\/","og_site_name":"Destino Castilla y Le\u00f3n","article_publisher":"https:\/\/www.facebook.com\/DestinoCastillaYLeon\/","article_author":"https:\/\/www.facebook.com\/profile.php?id=1158416854","article_published_time":"2014-03-04T10:41:37+00:00","article_modified_time":"2014-11-18T10:05:37+00:00","og_image":[{"width":750,"height":499,"url":"https:\/\/destinocastillayleon.es\/index\/wp-content\/uploads\/2014\/02\/restaurante-Cuatro-Platos-1.jpg","type":"image\/jpeg"}],"author":"David V\u00e1zquez","twitter_card":"summary_large_image","twitter_creator":"@https:\/\/twitter.com\/ContePantaleone\u200e","twitter_site":"@destinocyl","twitter_misc":{"Escrito por":"David V\u00e1zquez","Tiempo de lectura":"3 minutos"},"schema":{"@context":"https:\/\/schema.org","@graph":[{"@type":"Article","@id":"https:\/\/destinocastillayleon.es\/index\/revitalizando-la-plaza-cantarranas\/#article","isPartOf":{"@id":"https:\/\/destinocastillayleon.es\/index\/revitalizando-la-plaza-cantarranas\/"},"author":{"name":"David V\u00e1zquez","@id":"https:\/\/destinocastillayleon.es\/index\/#\/schema\/person\/189221bc8f6cc4fa28b18ad5c289d4c2"},"headline":"Revitalizando la plaza Cantarranas, el resurgir de una plaza en Valladolid","datePublished":"2014-03-04T10:41:37+00:00","dateModified":"2014-11-18T10:05:37+00:00","mainEntityOfPage":{"@id":"https:\/\/destinocastillayleon.es\/index\/revitalizando-la-plaza-cantarranas\/"},"wordCount":675,"commentCount":3,"image":{"@id":"https:\/\/destinocastillayleon.es\/index\/revitalizando-la-plaza-cantarranas\/#primaryimage"},"thumbnailUrl":"https:\/\/destinocastillayleon.es\/index\/wp-content\/uploads\/2014\/02\/Plaza-Cantarranas-Portada.jpg","keywords":["cafe beluga Valladolid","el resurgir de una plaza en Valladolid","ocio en la plaza cantarranas","plaza cantarranas Valladolid","proyecto Cantarranas","Rana coworking Valladolid","restaurantes en la plaza cantarranas de valladolid","restaurantes plaza cantarranas","Revitalizando la plaza Cantarranas","urbanismo en Valladolid"],"articleSection":["Actualidad","Post_inicial","Punto Singular","Valladolid"],"inLanguage":"es","potentialAction":[{"@type":"CommentAction","name":"Comment","target":["https:\/\/destinocastillayleon.es\/index\/revitalizando-la-plaza-cantarranas\/#respond"]}]},{"@type":"WebPage","@id":"https:\/\/destinocastillayleon.es\/index\/revitalizando-la-plaza-cantarranas\/","url":"https:\/\/destinocastillayleon.es\/index\/revitalizando-la-plaza-cantarranas\/","name":"Revitalizando la plaza Cantarranas, el resurgir de una plaza en Valladolid","isPartOf":{"@id":"https:\/\/destinocastillayleon.es\/index\/#website"},"primaryImageOfPage":{"@id":"https:\/\/destinocastillayleon.es\/index\/revitalizando-la-plaza-cantarranas\/#primaryimage"},"image":{"@id":"https:\/\/destinocastillayleon.es\/index\/revitalizando-la-plaza-cantarranas\/#primaryimage"},"thumbnailUrl":"https:\/\/destinocastillayleon.es\/index\/wp-content\/uploads\/2014\/02\/Plaza-Cantarranas-Portada.jpg","datePublished":"2014-03-04T10:41:37+00:00","dateModified":"2014-11-18T10:05:37+00:00","author":{"@id":"https:\/\/destinocastillayleon.es\/index\/#\/schema\/person\/189221bc8f6cc4fa28b18ad5c289d4c2"},"description":"Desde hace un tiempo, nuevos negocios est\u00e1n revitalizando la plaza Cantarranas, transformado el lugar en un punto de encuentro social, art\u00edstico y cultural","breadcrumb":{"@id":"https:\/\/destinocastillayleon.es\/index\/revitalizando-la-plaza-cantarranas\/#breadcrumb"},"inLanguage":"es","potentialAction":[{"@type":"ReadAction","target":["https:\/\/destinocastillayleon.es\/index\/revitalizando-la-plaza-cantarranas\/"]}]},{"@type":"ImageObject","inLanguage":"es","@id":"https:\/\/destinocastillayleon.es\/index\/revitalizando-la-plaza-cantarranas\/#primaryimage","url":"https:\/\/destinocastillayleon.es\/index\/wp-content\/uploads\/2014\/02\/Plaza-Cantarranas-Portada.jpg","contentUrl":"https:\/\/destinocastillayleon.es\/index\/wp-content\/uploads\/2014\/02\/Plaza-Cantarranas-Portada.jpg","width":783,"height":531,"caption":"Plaza de Cantarranas"},{"@type":"BreadcrumbList","@id":"https:\/\/destinocastillayleon.es\/index\/revitalizando-la-plaza-cantarranas\/#breadcrumb","itemListElement":[{"@type":"ListItem","position":1,"name":"Portada","item":"https:\/\/destinocastillayleon.es\/index\/"},{"@type":"ListItem","position":2,"name":"Revitalizando la plaza Cantarranas, el resurgir de una plaza en Valladolid"}]},{"@type":"WebSite","@id":"https:\/\/destinocastillayleon.es\/index\/#website","url":"https:\/\/destinocastillayleon.es\/index\/","name":"Destino Castilla y Le\u00f3n","description":"Medio digital independiente y revista de Castilla y Le\u00f3n dedicado al turismo, gastronom\u00eda y vino de Castilla y Le\u00f3n","potentialAction":[{"@type":"SearchAction","target":{"@type":"EntryPoint","urlTemplate":"https:\/\/destinocastillayleon.es\/index\/?s={search_term_string}"},"query-input":{"@type":"PropertyValueSpecification","valueRequired":true,"valueName":"search_term_string"}}],"inLanguage":"es"},{"@type":"Person","@id":"https:\/\/destinocastillayleon.es\/index\/#\/schema\/person\/189221bc8f6cc4fa28b18ad5c289d4c2","name":"David V\u00e1zquez","image":{"@type":"ImageObject","inLanguage":"es","@id":"https:\/\/secure.gravatar.com\/avatar\/cd12db6c575a90c3b75cfa0f794b74d425201c768612fad17e9f13cd33d48be8?s=96&d=mm&r=g","url":"https:\/\/secure.gravatar.com\/avatar\/cd12db6c575a90c3b75cfa0f794b74d425201c768612fad17e9f13cd33d48be8?s=96&d=mm&r=g","contentUrl":"https:\/\/secure.gravatar.com\/avatar\/cd12db6c575a90c3b75cfa0f794b74d425201c768612fad17e9f13cd33d48be8?s=96&d=mm&r=g","caption":"David V\u00e1zquez"},"description":"Ingeniero Industrial de vocaci\u00f3n y profesi\u00f3n, he encontrado en los blogs la forma de plasmar mi pasi\u00f3n por los viajes, la gastronom\u00eda y los vinos. Especialmente los procedentes de Castilla y Le\u00f3n","sameAs":["https:\/\/www.destinocastillayleon.es","https:\/\/www.facebook.com\/profile.php?id=1158416854","https:\/\/instagram.com\/conte.pantaleone","https:\/\/www.linkedin.com\/pub\/david-vazquez-lozano\/37\/17a\/25a","https:\/\/x.com\/https:\/\/twitter.com\/ContePantaleone\u200e"],"url":"https:\/\/destinocastillayleon.es\/index\/author\/coadministradorcyl\/"}]}},"_links":{"self":[{"href":"https:\/\/destinocastillayleon.es\/index\/wp-json\/wp\/v2\/posts\/11239","targetHints":{"allow":["GET"]}}],"collection":[{"href":"https:\/\/destinocastillayleon.es\/index\/wp-json\/wp\/v2\/posts"}],"about":[{"href":"https:\/\/destinocastillayleon.es\/index\/wp-json\/wp\/v2\/types\/post"}],"author":[{"embeddable":true,"href":"https:\/\/destinocastillayleon.es\/index\/wp-json\/wp\/v2\/users\/2"}],"replies":[{"embeddable":true,"href":"https:\/\/destinocastillayleon.es\/index\/wp-json\/wp\/v2\/comments?post=11239"}],"version-history":[{"count":27,"href":"https:\/\/destinocastillayleon.es\/index\/wp-json\/wp\/v2\/posts\/11239\/revisions"}],"predecessor-version":[{"id":16973,"href":"https:\/\/destinocastillayleon.es\/index\/wp-json\/wp\/v2\/posts\/11239\/revisions\/16973"}],"wp:featuredmedia":[{"embeddable":true,"href":"https:\/\/destinocastillayleon.es\/index\/wp-json\/wp\/v2\/media\/11633"}],"wp:attachment":[{"href":"https:\/\/destinocastillayleon.es\/index\/wp-json\/wp\/v2\/media?parent=11239"}],"wp:term":[{"taxonomy":"category","embeddable":true,"href":"https:\/\/destinocastillayleon.es\/index\/wp-json\/wp\/v2\/categories?post=11239"},{"taxonomy":"post_tag","embeddable":true,"href":"https:\/\/destinocastillayleon.es\/index\/wp-json\/wp\/v2\/tags?post=11239"}],"curies":[{"name":"wp","href":"https:\/\/api.w.org\/{rel}","templated":true}]}}