{"id":11154,"date":"2014-02-11T09:33:14","date_gmt":"2014-02-11T09:33:14","guid":{"rendered":"http:\/\/destinocastillayleon.es\/index\/?p=11154"},"modified":"2014-11-14T12:57:48","modified_gmt":"2014-11-14T11:57:48","slug":"jornadas-riojanas-en-salamanca-el-1-y-2-de-marzo","status":"publish","type":"post","link":"https:\/\/destinocastillayleon.es\/index\/jornadas-riojanas-en-salamanca-el-1-y-2-de-marzo\/","title":{"rendered":"Jornadas Riojanas en la Sierra de Francia, Salamanca"},"content":{"rendered":"<p style=\"text-align: justify;\">Llev\u00e1bamos tiempo conversando con <a title=\"Javier Romero cocinero\" href=\"http:\/\/www.javier-romero.es\/\" target=\"_blank\">Javier Romero<\/a> por las redes sociales cuando hace pocos d\u00edas nos invit\u00f3 a las Jornadas Riojanas en el <a title=\"Restaurante el Pipero en Santiba\u00f1ez de la Sierra, Salamanca\" href=\"http:\/\/www.elpipero.es\/\" target=\"_blank\">Restaurante el Pipero<\/a>\u00a0Santiba\u00f1ez De La Sierra, Salamanca. Javier, uno de los cocineros m\u00e1s punteros de la cocina riojana acudir\u00e1 al restaurante para ser la imagen de estas jornadas gastron\u00f3micas tan peculiares y \u00fanicas dentro de Castilla y Le\u00f3n.<\/p>\n<p>&nbsp; <\/p>\n<h3>Lo mejor de la gastronom\u00eda riojana<\/h3>\n<p style=\"text-align: justify;\">Javier ha seleccionado las <strong>recetas m\u00e1s representativas de la cocina riojana<\/strong>, eso s\u00ed, con su toque personal, actual e inconfundible. El men\u00fa consiste en:<\/p>\n<p>&nbsp; &nbsp; \u2022 Galletas Riojanas<br \/>\n&nbsp; &nbsp; \u2022 Pimientos rellenos de carne<br \/>\n&nbsp; &nbsp; \u2022 Ensalada Javier Romero<br \/>\n&nbsp; &nbsp; \u2022 Patatas a La Riojana<br \/>\n&nbsp; &nbsp; \u2022 Bacalao a la Riojana<br \/>\n&nbsp; &nbsp; \u2022 Peras al vino<br \/>\n&nbsp; &nbsp; \u2022 Tinto joven de Rioja<br \/>\n&nbsp; &nbsp; \u2022 Tinto Crianza de Rioja<\/p>\n<p>Su precio es de\u00a034,00 euros.\u00a0Tel\u00e9fono de reservas e informaci\u00f3n: 923 435 065.<br \/>\n&nbsp; <\/p>\n<h3>El entorno del Restaurante el Pipero<\/h3>\n<p style=\"text-align: justify;\">Lo que m\u00e1s nos ha gustado es el entorno natural y privilegiado del Restaurante, enclavado en\u00a0las Sierras de B\u00e9jar y Francia, en una zona que recibe el nombre de Entresierras. La Sierra de Francia fue declarada Reserva de la Biosfera por la UNESCO en el a\u00f1o 2006 y es una maravilla. Sus monta\u00f1as, riachuelos, sus vi\u00f1edos en peque\u00f1as terrazas, los peque\u00f1os pueblos serranos&#8230;<\/p>\n<p>&nbsp; <\/p>\n<p style=\"text-align: center;\"><a href=\"http:\/\/destinocastillayleon.es\/index\/jornadas-riojanas-en-salamanca-el-1-y-2-de-marzo\/vistas-de-la-sierra-de-francia-desde-herguijuela-de-la-sierra-salamanca-2\/\" rel=\"attachment wp-att-11158\"><img decoding=\"async\" class=\"size-full wp-image-11158 aligncenter\" title=\"Vistas-de-la-Sierra-de-Francia-desde-Herguijuela-de-la-Sierra-Salamanca\" alt=\"Vistas-de-la-Sierra-de-Francia-desde-Herguijuela-de-la-Sierra-Salamanca\" src=\"http:\/\/destinocastillayleon.es\/index\/wp-content\/uploads\/2014\/02\/Vistas-de-la-Sierra-de-Francia-desde-Herguijuela-de-la-Sierra-Salamanca.jpg\" width=\"640\" height=\"296\" srcset=\"https:\/\/destinocastillayleon.es\/index\/wp-content\/uploads\/2014\/02\/Vistas-de-la-Sierra-de-Francia-desde-Herguijuela-de-la-Sierra-Salamanca.jpg 640w, https:\/\/destinocastillayleon.es\/index\/wp-content\/uploads\/2014\/02\/Vistas-de-la-Sierra-de-Francia-desde-Herguijuela-de-la-Sierra-Salamanca-300x138.jpg 300w\" sizes=\"(max-width: 640px) 100vw, 640px\" \/><\/a><\/p>\n<p>&nbsp; <\/p>\n<p style=\"text-align: justify;\">Aunque no te apetezca probar el men\u00fa, s\u00f3lo con descubrir sus alrededores, bien merece la pena su visita. En verano cuentan con piscina y una animada terraza.<\/p>\n<p>&nbsp; <\/p>\n<h4>Otros art\u00edculos relacionados: <\/h4>\n<p>&nbsp; &nbsp; \u2022 <a title=\"En ruta por la Sierra de Francia, el coraz\u00f3n verde de Salamanca\" href=\"http:\/\/destinocastillayleon.es\/index\/viaje-la-sierra-de-francia\/\" target=\"_blank\">En ruta por la Sierra de Francia, el coraz\u00f3n verde de Salamanca<\/a>.<br \/>\n&nbsp; &nbsp; \u2022 <a title=\"Oleoturismo en Castilla y Le\u00f3n\" href=\"http:\/\/destinocastillayleon.es\/index\/oleoturismo-en-castilla-leon\/\" target=\"_blank\">Oleoturismo en Castilla y Le\u00f3n, almazara Soleae<\/a>.<br \/>\n&nbsp; &nbsp; \u2022 <a title=\"Ensalada serrana t\u00edpica de la Alberca\" href=\"http:\/\/destinocastillayleon.es\/index\/ensalada-serrana-tipica-de-la-alberca\/\" target=\"_blank\">Ensalada serrana t\u00edpica de la Alberca<\/a>.<br \/>\n&nbsp; &nbsp; \u2022 <a title=\"Cata del vino blanco La Zorra de la DO. Sierra de Salamanca\" href=\"http:\/\/destinocastillayleon.es\/index\/cata-del-vino-blanco-la-zorra-de-la-do-sierra-de-salamanca\/\" target=\"_blank\">Cata del vino blanco La Zorra de la DO. Sierra de Salamanca<\/a>.<br \/>\n&nbsp; &nbsp; \u2022 <a title=\"Vino Cabras Pint\u00e1s de la DOP. Sierra de Salamanca\" href=\"http:\/\/destinocastillayleon.es\/index\/catando-el-vino-cabras-pintas-de-la-dop-sierra-de-salamanca\/\" target=\"_blank\">Vino Cabras Pint\u00e1s de la DOP. Sierra de Salamanca<\/a>.<br \/>\n&nbsp; <\/p>\n","protected":false},"excerpt":{"rendered":"<p>Llev\u00e1bamos tiempo conversando con Javier Romero por las redes sociales cuando hace pocos d\u00edas nos invit\u00f3 a las Jornadas Riojanas en el Restaurante el Pipero Santiba\u00f1ez De La Sierra, Salamanca. Javier, uno de los cocineros m\u00e1s punteros de la cocina riojana acudir\u00e1 al restaurante para ser la imagen de estas jornadas gastron\u00f3micas tan peculiares y \u00fanicas dentro de Castilla y Le\u00f3n.<\/p>\n","protected":false},"author":6,"featured_media":11155,"comment_status":"open","ping_status":"closed","sticky":false,"template":"","format":"standard","meta":{"rop_custom_images_group":[],"rop_custom_messages_group":[],"rop_publish_now":"initial","rop_publish_now_accounts":{"twitter_1150954226_1150954226":""},"rop_publish_now_history":[],"rop_publish_now_status":"pending","footnotes":""},"categories":[1343,68,40],"tags":[2705,1386,2702,2703,1383,1384,2704,3901,1385],"class_list":["post-11154","post","type-post","status-publish","format-standard","has-post-thumbnail","hentry","category-agenda","category-post_inicial","category-salamanca","tag-chef-javier-romero","tag-gastronomia-en-la-sierra-de-francia-salamanca","tag-jornada-gastronomica-en-salamanca","tag-jornadas-de-la-gastronomia-riojana","tag-jornadas-riojanas-en-salamanca","tag-restaurante-el-pipero","tag-restaurante-el-pipero-en-santibanez-de-la-sierra","tag-restaurantes-en-salamanca","tag-restaurantes-sierra-de-salamanca"],"yoast_head":"<!-- This site is optimized with the Yoast SEO Premium plugin v20.4 (Yoast SEO v27.4) - https:\/\/yoast.com\/product\/yoast-seo-premium-wordpress\/ -->\n<title>Jornadas Riojanas en la Sierra de Francia, Salamanca<\/title>\n<meta name=\"description\" content=\"Presentaci\u00f3n de las Jornadas Riojanas en el Restaurante el Pipero Santiba\u00f1ez en La Sierra de Francia, Salamanca.\" \/>\n<meta name=\"robots\" content=\"index, follow, max-snippet:-1, max-image-preview:large, max-video-preview:-1\" \/>\n<link rel=\"canonical\" href=\"https:\/\/destinocastillayleon.es\/index\/jornadas-riojanas-en-salamanca-el-1-y-2-de-marzo\/\" \/>\n<meta property=\"og:locale\" content=\"es_ES\" \/>\n<meta property=\"og:type\" content=\"article\" \/>\n<meta property=\"og:title\" content=\"Jornadas Riojanas en la Sierra de Francia, Salamanca\" \/>\n<meta property=\"og:description\" content=\"Llev\u00e1bamos tiempo conversando con Javier Romero por las redes sociales cuando hace pocos d\u00edas nos invit\u00f3 a las Jornadas Riojanas en el Restaurante el Pipero Santiba\u00f1ez De La Sierra, Salamanca. Javier, uno de los cocineros m\u00e1s punteros de la cocina riojana acudir\u00e1 al restaurante para ser la imagen de estas jornadas gastron\u00f3micas tan peculiares y \u00fanicas dentro de Castilla y Le\u00f3n.\" \/>\n<meta property=\"og:url\" content=\"https:\/\/destinocastillayleon.es\/index\/jornadas-riojanas-en-salamanca-el-1-y-2-de-marzo\/\" \/>\n<meta property=\"og:site_name\" content=\"Destino Castilla y Le\u00f3n\" \/>\n<meta property=\"article:publisher\" content=\"https:\/\/www.facebook.com\/DestinoCastillaYLeon\/\" \/>\n<meta property=\"article:published_time\" content=\"2014-02-11T09:33:14+00:00\" \/>\n<meta property=\"article:modified_time\" content=\"2014-11-14T11:57:48+00:00\" \/>\n<meta property=\"og:image\" content=\"https:\/\/destinocastillayleon.es\/index\/wp-content\/uploads\/2014\/02\/Jornadas-riojanas.jpg\" \/>\n\t<meta property=\"og:image:width\" content=\"708\" \/>\n\t<meta property=\"og:image:height\" content=\"531\" \/>\n\t<meta property=\"og:image:type\" content=\"image\/jpeg\" \/>\n<meta name=\"author\" content=\"Lola Hernandez\" \/>\n<meta name=\"twitter:card\" content=\"summary_large_image\" \/>\n<meta name=\"twitter:creator\" content=\"@destinocyl\" \/>\n<meta name=\"twitter:site\" content=\"@destinocyl\" \/>\n<meta name=\"twitter:label1\" content=\"Escrito por\" \/>\n\t<meta name=\"twitter:data1\" content=\"Lola Hernandez\" \/>\n\t<meta name=\"twitter:label2\" content=\"Tiempo de lectura\" \/>\n\t<meta name=\"twitter:data2\" content=\"2 minutos\" \/>\n<script type=\"application\/ld+json\" class=\"yoast-schema-graph\">{\"@context\":\"https:\\\/\\\/schema.org\",\"@graph\":[{\"@type\":\"Article\",\"@id\":\"https:\\\/\\\/destinocastillayleon.es\\\/index\\\/jornadas-riojanas-en-salamanca-el-1-y-2-de-marzo\\\/#article\",\"isPartOf\":{\"@id\":\"https:\\\/\\\/destinocastillayleon.es\\\/index\\\/jornadas-riojanas-en-salamanca-el-1-y-2-de-marzo\\\/\"},\"author\":{\"name\":\"Lola Hernandez\",\"@id\":\"https:\\\/\\\/destinocastillayleon.es\\\/index\\\/#\\\/schema\\\/person\\\/49ffcb7eb307589ba529009335ed7767\"},\"headline\":\"Jornadas Riojanas en la Sierra de Francia, Salamanca\",\"datePublished\":\"2014-02-11T09:33:14+00:00\",\"dateModified\":\"2014-11-14T11:57:48+00:00\",\"mainEntityOfPage\":{\"@id\":\"https:\\\/\\\/destinocastillayleon.es\\\/index\\\/jornadas-riojanas-en-salamanca-el-1-y-2-de-marzo\\\/\"},\"wordCount\":337,\"commentCount\":1,\"image\":{\"@id\":\"https:\\\/\\\/destinocastillayleon.es\\\/index\\\/jornadas-riojanas-en-salamanca-el-1-y-2-de-marzo\\\/#primaryimage\"},\"thumbnailUrl\":\"https:\\\/\\\/destinocastillayleon.es\\\/index\\\/wp-content\\\/uploads\\\/2014\\\/02\\\/Jornadas-riojanas.jpg\",\"keywords\":[\"chef Javier Romero\",\"Gastronom\u00eda en la Sierra de Francia Salamanca\",\"jornada gastron\u00f3mica en Salamanca\",\"Jornadas de la Gastronom\u00eda riojana\",\"Jornadas Riojanas en Salamanca\",\"Restaurante el Pipero\",\"Restaurante el Pipero en Santiba\u00f1ez De La Sierra\",\"restaurantes en Salamanca\",\"Restaurantes Sierra de Salamanca\"],\"articleSection\":[\"Agenda\",\"Post_inicial\",\"Salamanca\"],\"inLanguage\":\"es\",\"potentialAction\":[{\"@type\":\"CommentAction\",\"name\":\"Comment\",\"target\":[\"https:\\\/\\\/destinocastillayleon.es\\\/index\\\/jornadas-riojanas-en-salamanca-el-1-y-2-de-marzo\\\/#respond\"]}]},{\"@type\":\"WebPage\",\"@id\":\"https:\\\/\\\/destinocastillayleon.es\\\/index\\\/jornadas-riojanas-en-salamanca-el-1-y-2-de-marzo\\\/\",\"url\":\"https:\\\/\\\/destinocastillayleon.es\\\/index\\\/jornadas-riojanas-en-salamanca-el-1-y-2-de-marzo\\\/\",\"name\":\"Jornadas Riojanas en la Sierra de Francia, Salamanca\",\"isPartOf\":{\"@id\":\"https:\\\/\\\/destinocastillayleon.es\\\/index\\\/#website\"},\"primaryImageOfPage\":{\"@id\":\"https:\\\/\\\/destinocastillayleon.es\\\/index\\\/jornadas-riojanas-en-salamanca-el-1-y-2-de-marzo\\\/#primaryimage\"},\"image\":{\"@id\":\"https:\\\/\\\/destinocastillayleon.es\\\/index\\\/jornadas-riojanas-en-salamanca-el-1-y-2-de-marzo\\\/#primaryimage\"},\"thumbnailUrl\":\"https:\\\/\\\/destinocastillayleon.es\\\/index\\\/wp-content\\\/uploads\\\/2014\\\/02\\\/Jornadas-riojanas.jpg\",\"datePublished\":\"2014-02-11T09:33:14+00:00\",\"dateModified\":\"2014-11-14T11:57:48+00:00\",\"author\":{\"@id\":\"https:\\\/\\\/destinocastillayleon.es\\\/index\\\/#\\\/schema\\\/person\\\/49ffcb7eb307589ba529009335ed7767\"},\"description\":\"Presentaci\u00f3n de las Jornadas Riojanas en el Restaurante el Pipero Santiba\u00f1ez en La Sierra de Francia, Salamanca.\",\"breadcrumb\":{\"@id\":\"https:\\\/\\\/destinocastillayleon.es\\\/index\\\/jornadas-riojanas-en-salamanca-el-1-y-2-de-marzo\\\/#breadcrumb\"},\"inLanguage\":\"es\",\"potentialAction\":[{\"@type\":\"ReadAction\",\"target\":[\"https:\\\/\\\/destinocastillayleon.es\\\/index\\\/jornadas-riojanas-en-salamanca-el-1-y-2-de-marzo\\\/\"]}]},{\"@type\":\"ImageObject\",\"inLanguage\":\"es\",\"@id\":\"https:\\\/\\\/destinocastillayleon.es\\\/index\\\/jornadas-riojanas-en-salamanca-el-1-y-2-de-marzo\\\/#primaryimage\",\"url\":\"https:\\\/\\\/destinocastillayleon.es\\\/index\\\/wp-content\\\/uploads\\\/2014\\\/02\\\/Jornadas-riojanas.jpg\",\"contentUrl\":\"https:\\\/\\\/destinocastillayleon.es\\\/index\\\/wp-content\\\/uploads\\\/2014\\\/02\\\/Jornadas-riojanas.jpg\",\"width\":708,\"height\":531},{\"@type\":\"BreadcrumbList\",\"@id\":\"https:\\\/\\\/destinocastillayleon.es\\\/index\\\/jornadas-riojanas-en-salamanca-el-1-y-2-de-marzo\\\/#breadcrumb\",\"itemListElement\":[{\"@type\":\"ListItem\",\"position\":1,\"name\":\"Portada\",\"item\":\"https:\\\/\\\/destinocastillayleon.es\\\/index\\\/\"},{\"@type\":\"ListItem\",\"position\":2,\"name\":\"Jornadas Riojanas en la Sierra de Francia, Salamanca\"}]},{\"@type\":\"WebSite\",\"@id\":\"https:\\\/\\\/destinocastillayleon.es\\\/index\\\/#website\",\"url\":\"https:\\\/\\\/destinocastillayleon.es\\\/index\\\/\",\"name\":\"Destino Castilla y Le\u00f3n\",\"description\":\"Medio digital independiente y revista de Castilla y Le\u00f3n dedicado al turismo, gastronom\u00eda y vino de Castilla y Le\u00f3n\",\"potentialAction\":[{\"@type\":\"SearchAction\",\"target\":{\"@type\":\"EntryPoint\",\"urlTemplate\":\"https:\\\/\\\/destinocastillayleon.es\\\/index\\\/?s={search_term_string}\"},\"query-input\":{\"@type\":\"PropertyValueSpecification\",\"valueRequired\":true,\"valueName\":\"search_term_string\"}}],\"inLanguage\":\"es\"},{\"@type\":\"Person\",\"@id\":\"https:\\\/\\\/destinocastillayleon.es\\\/index\\\/#\\\/schema\\\/person\\\/49ffcb7eb307589ba529009335ed7767\",\"name\":\"Lola Hernandez\",\"image\":{\"@type\":\"ImageObject\",\"inLanguage\":\"es\",\"@id\":\"https:\\\/\\\/secure.gravatar.com\\\/avatar\\\/72ead65e55ad0522fba484acfe2842bf78b2f7c727df41d76fed78a85519da34?s=96&d=mm&r=g\",\"url\":\"https:\\\/\\\/secure.gravatar.com\\\/avatar\\\/72ead65e55ad0522fba484acfe2842bf78b2f7c727df41d76fed78a85519da34?s=96&d=mm&r=g\",\"contentUrl\":\"https:\\\/\\\/secure.gravatar.com\\\/avatar\\\/72ead65e55ad0522fba484acfe2842bf78b2f7c727df41d76fed78a85519da34?s=96&d=mm&r=g\",\"caption\":\"Lola Hernandez\"},\"description\":\"Lola Hern\u00e1ndez fue fundadora y directora de www.destinocastillayleon.es Escribiendo sobre turismo, gastronom\u00eda y vino de su tierra de origen, Castilla y Le\u00f3n.\",\"sameAs\":[\"http:\\\/\\\/www.destinoysabor.com\\\/blog\"],\"url\":\"https:\\\/\\\/destinocastillayleon.es\\\/index\\\/author\\\/lola-hernandez\\\/\"}]}<\/script>\n<!-- \/ Yoast SEO Premium plugin. -->","yoast_head_json":{"title":"Jornadas Riojanas en la Sierra de Francia, Salamanca","description":"Presentaci\u00f3n de las Jornadas Riojanas en el Restaurante el Pipero Santiba\u00f1ez en La Sierra de Francia, Salamanca.","robots":{"index":"index","follow":"follow","max-snippet":"max-snippet:-1","max-image-preview":"max-image-preview:large","max-video-preview":"max-video-preview:-1"},"canonical":"https:\/\/destinocastillayleon.es\/index\/jornadas-riojanas-en-salamanca-el-1-y-2-de-marzo\/","og_locale":"es_ES","og_type":"article","og_title":"Jornadas Riojanas en la Sierra de Francia, Salamanca","og_description":"Llev\u00e1bamos tiempo conversando con Javier Romero por las redes sociales cuando hace pocos d\u00edas nos invit\u00f3 a las Jornadas Riojanas en el Restaurante el Pipero Santiba\u00f1ez De La Sierra, Salamanca. Javier, uno de los cocineros m\u00e1s punteros de la cocina riojana acudir\u00e1 al restaurante para ser la imagen de estas jornadas gastron\u00f3micas tan peculiares y \u00fanicas dentro de Castilla y Le\u00f3n.","og_url":"https:\/\/destinocastillayleon.es\/index\/jornadas-riojanas-en-salamanca-el-1-y-2-de-marzo\/","og_site_name":"Destino Castilla y Le\u00f3n","article_publisher":"https:\/\/www.facebook.com\/DestinoCastillaYLeon\/","article_published_time":"2014-02-11T09:33:14+00:00","article_modified_time":"2014-11-14T11:57:48+00:00","og_image":[{"width":708,"height":531,"url":"https:\/\/destinocastillayleon.es\/index\/wp-content\/uploads\/2014\/02\/Jornadas-riojanas.jpg","type":"image\/jpeg"}],"author":"Lola Hernandez","twitter_card":"summary_large_image","twitter_creator":"@destinocyl","twitter_site":"@destinocyl","twitter_misc":{"Escrito por":"Lola Hernandez","Tiempo de lectura":"2 minutos"},"schema":{"@context":"https:\/\/schema.org","@graph":[{"@type":"Article","@id":"https:\/\/destinocastillayleon.es\/index\/jornadas-riojanas-en-salamanca-el-1-y-2-de-marzo\/#article","isPartOf":{"@id":"https:\/\/destinocastillayleon.es\/index\/jornadas-riojanas-en-salamanca-el-1-y-2-de-marzo\/"},"author":{"name":"Lola Hernandez","@id":"https:\/\/destinocastillayleon.es\/index\/#\/schema\/person\/49ffcb7eb307589ba529009335ed7767"},"headline":"Jornadas Riojanas en la Sierra de Francia, Salamanca","datePublished":"2014-02-11T09:33:14+00:00","dateModified":"2014-11-14T11:57:48+00:00","mainEntityOfPage":{"@id":"https:\/\/destinocastillayleon.es\/index\/jornadas-riojanas-en-salamanca-el-1-y-2-de-marzo\/"},"wordCount":337,"commentCount":1,"image":{"@id":"https:\/\/destinocastillayleon.es\/index\/jornadas-riojanas-en-salamanca-el-1-y-2-de-marzo\/#primaryimage"},"thumbnailUrl":"https:\/\/destinocastillayleon.es\/index\/wp-content\/uploads\/2014\/02\/Jornadas-riojanas.jpg","keywords":["chef Javier Romero","Gastronom\u00eda en la Sierra de Francia Salamanca","jornada gastron\u00f3mica en Salamanca","Jornadas de la Gastronom\u00eda riojana","Jornadas Riojanas en Salamanca","Restaurante el Pipero","Restaurante el Pipero en Santiba\u00f1ez De La Sierra","restaurantes en Salamanca","Restaurantes Sierra de Salamanca"],"articleSection":["Agenda","Post_inicial","Salamanca"],"inLanguage":"es","potentialAction":[{"@type":"CommentAction","name":"Comment","target":["https:\/\/destinocastillayleon.es\/index\/jornadas-riojanas-en-salamanca-el-1-y-2-de-marzo\/#respond"]}]},{"@type":"WebPage","@id":"https:\/\/destinocastillayleon.es\/index\/jornadas-riojanas-en-salamanca-el-1-y-2-de-marzo\/","url":"https:\/\/destinocastillayleon.es\/index\/jornadas-riojanas-en-salamanca-el-1-y-2-de-marzo\/","name":"Jornadas Riojanas en la Sierra de Francia, Salamanca","isPartOf":{"@id":"https:\/\/destinocastillayleon.es\/index\/#website"},"primaryImageOfPage":{"@id":"https:\/\/destinocastillayleon.es\/index\/jornadas-riojanas-en-salamanca-el-1-y-2-de-marzo\/#primaryimage"},"image":{"@id":"https:\/\/destinocastillayleon.es\/index\/jornadas-riojanas-en-salamanca-el-1-y-2-de-marzo\/#primaryimage"},"thumbnailUrl":"https:\/\/destinocastillayleon.es\/index\/wp-content\/uploads\/2014\/02\/Jornadas-riojanas.jpg","datePublished":"2014-02-11T09:33:14+00:00","dateModified":"2014-11-14T11:57:48+00:00","author":{"@id":"https:\/\/destinocastillayleon.es\/index\/#\/schema\/person\/49ffcb7eb307589ba529009335ed7767"},"description":"Presentaci\u00f3n de las Jornadas Riojanas en el Restaurante el Pipero Santiba\u00f1ez en La Sierra de Francia, Salamanca.","breadcrumb":{"@id":"https:\/\/destinocastillayleon.es\/index\/jornadas-riojanas-en-salamanca-el-1-y-2-de-marzo\/#breadcrumb"},"inLanguage":"es","potentialAction":[{"@type":"ReadAction","target":["https:\/\/destinocastillayleon.es\/index\/jornadas-riojanas-en-salamanca-el-1-y-2-de-marzo\/"]}]},{"@type":"ImageObject","inLanguage":"es","@id":"https:\/\/destinocastillayleon.es\/index\/jornadas-riojanas-en-salamanca-el-1-y-2-de-marzo\/#primaryimage","url":"https:\/\/destinocastillayleon.es\/index\/wp-content\/uploads\/2014\/02\/Jornadas-riojanas.jpg","contentUrl":"https:\/\/destinocastillayleon.es\/index\/wp-content\/uploads\/2014\/02\/Jornadas-riojanas.jpg","width":708,"height":531},{"@type":"BreadcrumbList","@id":"https:\/\/destinocastillayleon.es\/index\/jornadas-riojanas-en-salamanca-el-1-y-2-de-marzo\/#breadcrumb","itemListElement":[{"@type":"ListItem","position":1,"name":"Portada","item":"https:\/\/destinocastillayleon.es\/index\/"},{"@type":"ListItem","position":2,"name":"Jornadas Riojanas en la Sierra de Francia, Salamanca"}]},{"@type":"WebSite","@id":"https:\/\/destinocastillayleon.es\/index\/#website","url":"https:\/\/destinocastillayleon.es\/index\/","name":"Destino Castilla y Le\u00f3n","description":"Medio digital independiente y revista de Castilla y Le\u00f3n dedicado al turismo, gastronom\u00eda y vino de Castilla y Le\u00f3n","potentialAction":[{"@type":"SearchAction","target":{"@type":"EntryPoint","urlTemplate":"https:\/\/destinocastillayleon.es\/index\/?s={search_term_string}"},"query-input":{"@type":"PropertyValueSpecification","valueRequired":true,"valueName":"search_term_string"}}],"inLanguage":"es"},{"@type":"Person","@id":"https:\/\/destinocastillayleon.es\/index\/#\/schema\/person\/49ffcb7eb307589ba529009335ed7767","name":"Lola Hernandez","image":{"@type":"ImageObject","inLanguage":"es","@id":"https:\/\/secure.gravatar.com\/avatar\/72ead65e55ad0522fba484acfe2842bf78b2f7c727df41d76fed78a85519da34?s=96&d=mm&r=g","url":"https:\/\/secure.gravatar.com\/avatar\/72ead65e55ad0522fba484acfe2842bf78b2f7c727df41d76fed78a85519da34?s=96&d=mm&r=g","contentUrl":"https:\/\/secure.gravatar.com\/avatar\/72ead65e55ad0522fba484acfe2842bf78b2f7c727df41d76fed78a85519da34?s=96&d=mm&r=g","caption":"Lola Hernandez"},"description":"Lola Hern\u00e1ndez fue fundadora y directora de www.destinocastillayleon.es Escribiendo sobre turismo, gastronom\u00eda y vino de su tierra de origen, Castilla y Le\u00f3n.","sameAs":["http:\/\/www.destinoysabor.com\/blog"],"url":"https:\/\/destinocastillayleon.es\/index\/author\/lola-hernandez\/"}]}},"_links":{"self":[{"href":"https:\/\/destinocastillayleon.es\/index\/wp-json\/wp\/v2\/posts\/11154","targetHints":{"allow":["GET"]}}],"collection":[{"href":"https:\/\/destinocastillayleon.es\/index\/wp-json\/wp\/v2\/posts"}],"about":[{"href":"https:\/\/destinocastillayleon.es\/index\/wp-json\/wp\/v2\/types\/post"}],"author":[{"embeddable":true,"href":"https:\/\/destinocastillayleon.es\/index\/wp-json\/wp\/v2\/users\/6"}],"replies":[{"embeddable":true,"href":"https:\/\/destinocastillayleon.es\/index\/wp-json\/wp\/v2\/comments?post=11154"}],"version-history":[{"count":9,"href":"https:\/\/destinocastillayleon.es\/index\/wp-json\/wp\/v2\/posts\/11154\/revisions"}],"predecessor-version":[{"id":16902,"href":"https:\/\/destinocastillayleon.es\/index\/wp-json\/wp\/v2\/posts\/11154\/revisions\/16902"}],"wp:featuredmedia":[{"embeddable":true,"href":"https:\/\/destinocastillayleon.es\/index\/wp-json\/wp\/v2\/media\/11155"}],"wp:attachment":[{"href":"https:\/\/destinocastillayleon.es\/index\/wp-json\/wp\/v2\/media?parent=11154"}],"wp:term":[{"taxonomy":"category","embeddable":true,"href":"https:\/\/destinocastillayleon.es\/index\/wp-json\/wp\/v2\/categories?post=11154"},{"taxonomy":"post_tag","embeddable":true,"href":"https:\/\/destinocastillayleon.es\/index\/wp-json\/wp\/v2\/tags?post=11154"}],"curies":[{"name":"wp","href":"https:\/\/api.w.org\/{rel}","templated":true}]}}