{"id":11143,"date":"2014-02-10T12:20:42","date_gmt":"2014-02-10T12:20:42","guid":{"rendered":"http:\/\/destinocastillayleon.es\/index\/?p=11143"},"modified":"2014-11-14T12:29:24","modified_gmt":"2014-11-14T11:29:24","slug":"musicoterapia-y-vino-el-15-de-febrero-en-lerma","status":"publish","type":"post","link":"https:\/\/destinocastillayleon.es\/index\/musicoterapia-y-vino-el-15-de-febrero-en-lerma\/","title":{"rendered":"Musicoterapia y Vino el 15 de febrero en Lerma"},"content":{"rendered":"<p style=\"text-align: justify;\"><strong>Enocultura<\/strong> es un nuevo concepto tan amplio como ap<span style=\"line-height: 1.5em;\">asionante. Una terapia a\u00fan sin explorar basada en la\u00a0<\/span><strong style=\"line-height: 1.5em;\">relaci\u00f3n entre la m\u00fasica y el vino<\/strong><span style=\"line-height: 1.5em;\"> y sus efectos beneficiosos en nuestro estado de an\u00edmico.<\/span><\/p>\n<p>&nbsp; <\/p>\n<h3>musicoterapia y vino<\/h3>\n<p style=\"text-align: justify;\">Durante meses, nuestros amigos de\u00a0<a title=\"Perfil en Twitter de wineworldtourspain\" href=\"https:\/\/twitter.com\/wineworldtoursp\" target=\"_blank\" data-send-impression-cookie=\"true\">Wineworldtourspain<\/a>\u00a0han reunido a expertos en enolog\u00eda y profesionales de la Musicoterapia que, tras un estudio de observaci\u00f3n, encontraron en <strong>la m\u00fasica del compositor y pianista Julio Mazziotti, <\/strong>un transmisor de\u00a0emociones positivas, liberando en nuestro hemisferio derecho las hormonas responsables de avivar nuestras percepciones y sentimientos.<\/p>\n<p>&nbsp; <\/p>\n<h3 style=\"text-align: justify;\">Julio Mazziotti en concierto<\/h3>\n<p style=\"text-align: justify;\"><span style=\"line-height: 1.5em;\"><strong>El 15 de febrero, en el Palacio Ducal de Lerma (Burgos) a las 19:00h,<\/strong> se vivir\u00e1 un extraordinario concierto a cargo del pianista Julio Mazziotti. Est\u00e1 demostrado que, tras escuchar sus composiciones, <strong>nuestra percepci\u00f3n en las notas de cata de un vino queda modificada:<\/strong> se potencian los aromas primarios (florales, frutales\u2026), predominando las notas de cereza, zarzamora, confitura de mora, y a\u00fan en vinos con madurez en roble, los toques a vainilla o cacao quedan suavizados. Toda una experiencia, \u00bfno crees?<\/span><\/p>\n<p>&nbsp; <\/p>\n<p style=\"text-align: center;\"><a href=\"http:\/\/destinocastillayleon.es\/index\/wp-content\/uploads\/2014\/02\/Concierto-Julio-Mazziotti2.jpg\"><img decoding=\"async\" class=\" wp-image-11144 aligncenter\" title=\"Concierto Julio Mazziotti 15 de febrero en Lerma, Burgos\" alt=\"Concierto Julio Mazziotti 15 de febrero en Lerma, Burgos\" src=\"http:\/\/destinocastillayleon.es\/index\/wp-content\/uploads\/2014\/02\/Concierto-Julio-Mazziotti2.jpg\" width=\"512\" height=\"756\" srcset=\"https:\/\/destinocastillayleon.es\/index\/wp-content\/uploads\/2014\/02\/Concierto-Julio-Mazziotti2.jpg 360w, https:\/\/destinocastillayleon.es\/index\/wp-content\/uploads\/2014\/02\/Concierto-Julio-Mazziotti2-203x300.jpg 203w\" sizes=\"(max-width: 512px) 100vw, 512px\" \/><\/a><\/p>\n<p>&nbsp; <\/p>\n<p style=\"text-align: justify;\">Los efectos de la m\u00fasica en general son infinitos y los conciertos de Julio Mazziotti son una vivencia personal \u00fanica.<\/p>\n<p style=\"text-align: justify;\">Una experiencia que aterriza en Lerma el pr\u00f3ximo s\u00e1bado, fecha muy cercana a San Valent\u00edn, para recorrer despu\u00e9s varias ciudades de Espa\u00f1a.<\/p>\n<p style=\"text-align: justify;\">Para <strong>m\u00e1s informaci\u00f3n y entradas<\/strong>, debes contactar con sus organizadores, Wine World Tour Spain por correo electr\u00f3nico: wineworldtourspain@gmail.com o llamando por tel\u00e9fono al: 695.573.821 \/ 654. 299. 388<\/p>\n<p>&nbsp; <\/p>\n<h4>Otros art\u00edculos relacionados:\u00a0<\/h4>\n<p>&nbsp; &nbsp; <strong>\u2022 <\/strong><a title=\"\u00bfCu\u00e1l es el rinc\u00f3n m\u00e1s rom\u00e1ntico de Castilla y Le\u00f3n?\" href=\"http:\/\/destinocastillayleon.es\/index\/cual-es-el-rincon-mas-romantico-de-castilla-y-leon\/\" target=\"_blank\"><span style=\"color: #000000;\">\u00bfCu\u00e1l es el rinc\u00f3n m\u00e1s rom\u00e1ntico de Castilla y Le\u00f3n?<\/a>.<br \/>\n&nbsp; &nbsp; <strong>\u2022 <\/strong><a title=\"Qu\u00e9 hacer en Burgos\" href=\"http:\/\/destinocastillayleon.es\/index\/que-hacer-en-burgos-capital-de-la-gastronomia-2013\/\" target=\"_blank\"><span style=\"color: #000000;\">Qu\u00e9 hacer en Burgos, Capital de la Gastronom\u00eda 2013<\/a>.<br \/>\n&nbsp; &nbsp; <strong>\u2022 <\/strong><a title=\"Morcilla de Burgos, 5 nuevas formas de degustarla\" href=\"http:\/\/destinocastillayleon.es\/index\/morcilla-de-burgos-5-nuevas-formas-de-degustarla\/\" target=\"_blank\"><span style=\"color: #000000;\">Morcilla de Burgos, 5 nuevas formas de degustarla<\/a>.<br \/>\n&nbsp; &nbsp; <strong>\u2022 <\/strong><a title=\"Viajando por el Tri\u00e1ngulo del Arlanza, en Burgos\" href=\"http:\/\/destinocastillayleon.es\/index\/el-triangulo-del-arlanza-viajando-por-covarrubias-lerma-y-silos\/\" target=\"_blank\"><span style=\"color: #000000;\">Viajando por el Tri\u00e1ngulo del Arlanza, en Burgos<\/a>.<\/p>\n","protected":false},"excerpt":{"rendered":"<p>Conoce y disfruta de una sesi\u00f3n de Musicoterapia y Vino el 15 de febrero, en el Palacio Ducal de Lerma. Un extraordinario concierto del pianista Julio Mazziotti con vinos de la DO Arlanza<\/p>\n","protected":false},"author":14,"featured_media":11147,"comment_status":"open","ping_status":"closed","sticky":false,"template":"","format":"standard","meta":{"rop_custom_images_group":[],"rop_custom_messages_group":[],"rop_publish_now":"initial","rop_publish_now_accounts":{"twitter_1150954226_1150954226":""},"rop_publish_now_history":[],"rop_publish_now_status":"pending","footnotes":""},"categories":[77,1343,43,68],"tags":[1377,1382,1378,2698,2697,1381,1380,1379,2699,3900,2701],"class_list":["post-11143","post","type-post","status-publish","format-standard","has-post-thumbnail","hentry","category-actualidad-y-agenda-de-castilla-y-leon","category-agenda","category-burgos","category-post_inicial","tag-concierto-julio-mazziotti-en-lerma","tag-eventos-burgos","tag-musicoterapia","tag-musicoterapia-en-lerma","tag-musicoterapia-y-vino","tag-que-hacer-en-lerma","tag-turismo-en-lerma","tag-vino-castilla-y-leon","tag-vino-de-ls-do-arlanza","tag-vino-y-musica","tag-winewordtourspain"],"yoast_head":"<!-- This site is optimized with the Yoast SEO Premium plugin v20.4 (Yoast SEO v27.4) - https:\/\/yoast.com\/product\/yoast-seo-premium-wordpress\/ -->\n<title>Musicoterapia y Vino el 15 de febrero en Lerma<\/title>\n<meta name=\"description\" content=\"Conoce y disfruta de una sesi\u00f3n de Musicoterapia y Vino el 15 de febrero, en el Palacio Ducal de Lerma. Un extraordinario concierto del pianista Julio Mazziotti con vinos de la DO Arlanza\" \/>\n<meta name=\"robots\" content=\"index, follow, max-snippet:-1, max-image-preview:large, max-video-preview:-1\" \/>\n<link rel=\"canonical\" href=\"https:\/\/destinocastillayleon.es\/index\/musicoterapia-y-vino-el-15-de-febrero-en-lerma\/\" \/>\n<meta property=\"og:locale\" content=\"es_ES\" \/>\n<meta property=\"og:type\" content=\"article\" \/>\n<meta property=\"og:title\" content=\"Musicoterapia y Vino el 15 de febrero en Lerma\" \/>\n<meta property=\"og:description\" content=\"El 15 de febrero, en el Palacio Ducal de Lerma (Burgos) a las 19:00h, se vivir\u00e1 un extraordinario concierto a cargo del pianista Julio Mazziotti, armonizado con vinos de la zona. \u00a1un espect\u00e1culo \u00fanico!\" \/>\n<meta property=\"og:url\" content=\"https:\/\/destinocastillayleon.es\/index\/musicoterapia-y-vino-el-15-de-febrero-en-lerma\/\" \/>\n<meta property=\"og:site_name\" content=\"Destino Castilla y Le\u00f3n\" \/>\n<meta property=\"article:publisher\" content=\"https:\/\/www.facebook.com\/DestinoCastillaYLeon\/\" \/>\n<meta property=\"article:published_time\" content=\"2014-02-10T12:20:42+00:00\" \/>\n<meta property=\"article:modified_time\" content=\"2014-11-14T11:29:24+00:00\" \/>\n<meta property=\"og:image\" content=\"https:\/\/destinocastillayleon.es\/index\/wp-content\/uploads\/2014\/02\/Concierto-Julio-Mazziotti2.jpg\" \/>\n\t<meta property=\"og:image:width\" content=\"360\" \/>\n\t<meta property=\"og:image:height\" content=\"531\" \/>\n\t<meta property=\"og:image:type\" content=\"image\/jpeg\" \/>\n<meta name=\"author\" content=\"Destino CyL\" \/>\n<meta name=\"twitter:card\" content=\"summary_large_image\" \/>\n<meta name=\"twitter:creator\" content=\"@destinocyl\" \/>\n<meta name=\"twitter:site\" content=\"@destinocyl\" \/>\n<meta name=\"twitter:label1\" content=\"Escrito por\" \/>\n\t<meta name=\"twitter:data1\" content=\"Destino CyL\" \/>\n\t<meta name=\"twitter:label2\" content=\"Tiempo de lectura\" \/>\n\t<meta name=\"twitter:data2\" content=\"2 minutos\" \/>\n<script type=\"application\/ld+json\" class=\"yoast-schema-graph\">{\"@context\":\"https:\\\/\\\/schema.org\",\"@graph\":[{\"@type\":\"Article\",\"@id\":\"https:\\\/\\\/destinocastillayleon.es\\\/index\\\/musicoterapia-y-vino-el-15-de-febrero-en-lerma\\\/#article\",\"isPartOf\":{\"@id\":\"https:\\\/\\\/destinocastillayleon.es\\\/index\\\/musicoterapia-y-vino-el-15-de-febrero-en-lerma\\\/\"},\"author\":{\"name\":\"Destino CyL\",\"@id\":\"https:\\\/\\\/destinocastillayleon.es\\\/index\\\/#\\\/schema\\\/person\\\/820bc853671969462e3e479c4ef6f253\"},\"headline\":\"Musicoterapia y Vino el 15 de febrero en Lerma\",\"datePublished\":\"2014-02-10T12:20:42+00:00\",\"dateModified\":\"2014-11-14T11:29:24+00:00\",\"mainEntityOfPage\":{\"@id\":\"https:\\\/\\\/destinocastillayleon.es\\\/index\\\/musicoterapia-y-vino-el-15-de-febrero-en-lerma\\\/\"},\"wordCount\":323,\"commentCount\":4,\"image\":{\"@id\":\"https:\\\/\\\/destinocastillayleon.es\\\/index\\\/musicoterapia-y-vino-el-15-de-febrero-en-lerma\\\/#primaryimage\"},\"thumbnailUrl\":\"https:\\\/\\\/destinocastillayleon.es\\\/index\\\/wp-content\\\/uploads\\\/2014\\\/02\\\/Musicoterapia.jpg\",\"keywords\":[\"Concierto Julio Mazziotti en Lerma\",\"eventos Burgos\",\"Musicoterapia\",\"Musicoterapia en Lerma\",\"Musicoterapia y Vino\",\"Qu\u00e9 hacer en Lerma\",\"Turismo en Lerma\",\"Vino Castilla y Le\u00f3n\",\"vino de ls DO Arlanza\",\"vino y m\u00fasica\",\"WineWordTourSpain\"],\"articleSection\":[\"Actualidad\",\"Agenda\",\"Burgos\",\"Post_inicial\"],\"inLanguage\":\"es\",\"potentialAction\":[{\"@type\":\"CommentAction\",\"name\":\"Comment\",\"target\":[\"https:\\\/\\\/destinocastillayleon.es\\\/index\\\/musicoterapia-y-vino-el-15-de-febrero-en-lerma\\\/#respond\"]}]},{\"@type\":\"WebPage\",\"@id\":\"https:\\\/\\\/destinocastillayleon.es\\\/index\\\/musicoterapia-y-vino-el-15-de-febrero-en-lerma\\\/\",\"url\":\"https:\\\/\\\/destinocastillayleon.es\\\/index\\\/musicoterapia-y-vino-el-15-de-febrero-en-lerma\\\/\",\"name\":\"Musicoterapia y Vino el 15 de febrero en Lerma\",\"isPartOf\":{\"@id\":\"https:\\\/\\\/destinocastillayleon.es\\\/index\\\/#website\"},\"primaryImageOfPage\":{\"@id\":\"https:\\\/\\\/destinocastillayleon.es\\\/index\\\/musicoterapia-y-vino-el-15-de-febrero-en-lerma\\\/#primaryimage\"},\"image\":{\"@id\":\"https:\\\/\\\/destinocastillayleon.es\\\/index\\\/musicoterapia-y-vino-el-15-de-febrero-en-lerma\\\/#primaryimage\"},\"thumbnailUrl\":\"https:\\\/\\\/destinocastillayleon.es\\\/index\\\/wp-content\\\/uploads\\\/2014\\\/02\\\/Musicoterapia.jpg\",\"datePublished\":\"2014-02-10T12:20:42+00:00\",\"dateModified\":\"2014-11-14T11:29:24+00:00\",\"author\":{\"@id\":\"https:\\\/\\\/destinocastillayleon.es\\\/index\\\/#\\\/schema\\\/person\\\/820bc853671969462e3e479c4ef6f253\"},\"description\":\"Conoce y disfruta de una sesi\u00f3n de Musicoterapia y Vino el 15 de febrero, en el Palacio Ducal de Lerma. Un extraordinario concierto del pianista Julio Mazziotti con vinos de la DO Arlanza\",\"breadcrumb\":{\"@id\":\"https:\\\/\\\/destinocastillayleon.es\\\/index\\\/musicoterapia-y-vino-el-15-de-febrero-en-lerma\\\/#breadcrumb\"},\"inLanguage\":\"es\",\"potentialAction\":[{\"@type\":\"ReadAction\",\"target\":[\"https:\\\/\\\/destinocastillayleon.es\\\/index\\\/musicoterapia-y-vino-el-15-de-febrero-en-lerma\\\/\"]}]},{\"@type\":\"ImageObject\",\"inLanguage\":\"es\",\"@id\":\"https:\\\/\\\/destinocastillayleon.es\\\/index\\\/musicoterapia-y-vino-el-15-de-febrero-en-lerma\\\/#primaryimage\",\"url\":\"https:\\\/\\\/destinocastillayleon.es\\\/index\\\/wp-content\\\/uploads\\\/2014\\\/02\\\/Musicoterapia.jpg\",\"contentUrl\":\"https:\\\/\\\/destinocastillayleon.es\\\/index\\\/wp-content\\\/uploads\\\/2014\\\/02\\\/Musicoterapia.jpg\",\"width\":632,\"height\":536},{\"@type\":\"BreadcrumbList\",\"@id\":\"https:\\\/\\\/destinocastillayleon.es\\\/index\\\/musicoterapia-y-vino-el-15-de-febrero-en-lerma\\\/#breadcrumb\",\"itemListElement\":[{\"@type\":\"ListItem\",\"position\":1,\"name\":\"Portada\",\"item\":\"https:\\\/\\\/destinocastillayleon.es\\\/index\\\/\"},{\"@type\":\"ListItem\",\"position\":2,\"name\":\"Musicoterapia y Vino el 15 de febrero en Lerma\"}]},{\"@type\":\"WebSite\",\"@id\":\"https:\\\/\\\/destinocastillayleon.es\\\/index\\\/#website\",\"url\":\"https:\\\/\\\/destinocastillayleon.es\\\/index\\\/\",\"name\":\"Destino Castilla y Le\u00f3n\",\"description\":\"Medio digital independiente y revista de Castilla y Le\u00f3n dedicado al turismo, gastronom\u00eda y vino de Castilla y Le\u00f3n\",\"potentialAction\":[{\"@type\":\"SearchAction\",\"target\":{\"@type\":\"EntryPoint\",\"urlTemplate\":\"https:\\\/\\\/destinocastillayleon.es\\\/index\\\/?s={search_term_string}\"},\"query-input\":{\"@type\":\"PropertyValueSpecification\",\"valueRequired\":true,\"valueName\":\"search_term_string\"}}],\"inLanguage\":\"es\"},{\"@type\":\"Person\",\"@id\":\"https:\\\/\\\/destinocastillayleon.es\\\/index\\\/#\\\/schema\\\/person\\\/820bc853671969462e3e479c4ef6f253\",\"name\":\"Destino CyL\",\"image\":{\"@type\":\"ImageObject\",\"inLanguage\":\"es\",\"@id\":\"https:\\\/\\\/secure.gravatar.com\\\/avatar\\\/3ab58882c96a1f667e4b7004a344de8a7e22e7396dda91bd580baf77b48c2711?s=96&d=mm&r=g\",\"url\":\"https:\\\/\\\/secure.gravatar.com\\\/avatar\\\/3ab58882c96a1f667e4b7004a344de8a7e22e7396dda91bd580baf77b48c2711?s=96&d=mm&r=g\",\"contentUrl\":\"https:\\\/\\\/secure.gravatar.com\\\/avatar\\\/3ab58882c96a1f667e4b7004a344de8a7e22e7396dda91bd580baf77b48c2711?s=96&d=mm&r=g\",\"caption\":\"Destino CyL\"},\"description\":\"Equipo de redacci\u00f3n de Destino Castilla y Le\u00f3n\",\"sameAs\":[\"http:\\\/\\\/www.destinocastillayleon.es\"],\"url\":\"https:\\\/\\\/destinocastillayleon.es\\\/index\\\/author\\\/administrador\\\/\"}]}<\/script>\n<!-- \/ Yoast SEO Premium plugin. -->","yoast_head_json":{"title":"Musicoterapia y Vino el 15 de febrero en Lerma","description":"Conoce y disfruta de una sesi\u00f3n de Musicoterapia y Vino el 15 de febrero, en el Palacio Ducal de Lerma. Un extraordinario concierto del pianista Julio Mazziotti con vinos de la DO Arlanza","robots":{"index":"index","follow":"follow","max-snippet":"max-snippet:-1","max-image-preview":"max-image-preview:large","max-video-preview":"max-video-preview:-1"},"canonical":"https:\/\/destinocastillayleon.es\/index\/musicoterapia-y-vino-el-15-de-febrero-en-lerma\/","og_locale":"es_ES","og_type":"article","og_title":"Musicoterapia y Vino el 15 de febrero en Lerma","og_description":"El 15 de febrero, en el Palacio Ducal de Lerma (Burgos) a las 19:00h, se vivir\u00e1 un extraordinario concierto a cargo del pianista Julio Mazziotti, armonizado con vinos de la zona. \u00a1un espect\u00e1culo \u00fanico!","og_url":"https:\/\/destinocastillayleon.es\/index\/musicoterapia-y-vino-el-15-de-febrero-en-lerma\/","og_site_name":"Destino Castilla y Le\u00f3n","article_publisher":"https:\/\/www.facebook.com\/DestinoCastillaYLeon\/","article_published_time":"2014-02-10T12:20:42+00:00","article_modified_time":"2014-11-14T11:29:24+00:00","og_image":[{"width":360,"height":531,"url":"https:\/\/destinocastillayleon.es\/index\/wp-content\/uploads\/2014\/02\/Concierto-Julio-Mazziotti2.jpg","type":"image\/jpeg"}],"author":"Destino CyL","twitter_card":"summary_large_image","twitter_creator":"@destinocyl","twitter_site":"@destinocyl","twitter_misc":{"Escrito por":"Destino CyL","Tiempo de lectura":"2 minutos"},"schema":{"@context":"https:\/\/schema.org","@graph":[{"@type":"Article","@id":"https:\/\/destinocastillayleon.es\/index\/musicoterapia-y-vino-el-15-de-febrero-en-lerma\/#article","isPartOf":{"@id":"https:\/\/destinocastillayleon.es\/index\/musicoterapia-y-vino-el-15-de-febrero-en-lerma\/"},"author":{"name":"Destino CyL","@id":"https:\/\/destinocastillayleon.es\/index\/#\/schema\/person\/820bc853671969462e3e479c4ef6f253"},"headline":"Musicoterapia y Vino el 15 de febrero en Lerma","datePublished":"2014-02-10T12:20:42+00:00","dateModified":"2014-11-14T11:29:24+00:00","mainEntityOfPage":{"@id":"https:\/\/destinocastillayleon.es\/index\/musicoterapia-y-vino-el-15-de-febrero-en-lerma\/"},"wordCount":323,"commentCount":4,"image":{"@id":"https:\/\/destinocastillayleon.es\/index\/musicoterapia-y-vino-el-15-de-febrero-en-lerma\/#primaryimage"},"thumbnailUrl":"https:\/\/destinocastillayleon.es\/index\/wp-content\/uploads\/2014\/02\/Musicoterapia.jpg","keywords":["Concierto Julio Mazziotti en Lerma","eventos Burgos","Musicoterapia","Musicoterapia en Lerma","Musicoterapia y Vino","Qu\u00e9 hacer en Lerma","Turismo en Lerma","Vino Castilla y Le\u00f3n","vino de ls DO Arlanza","vino y m\u00fasica","WineWordTourSpain"],"articleSection":["Actualidad","Agenda","Burgos","Post_inicial"],"inLanguage":"es","potentialAction":[{"@type":"CommentAction","name":"Comment","target":["https:\/\/destinocastillayleon.es\/index\/musicoterapia-y-vino-el-15-de-febrero-en-lerma\/#respond"]}]},{"@type":"WebPage","@id":"https:\/\/destinocastillayleon.es\/index\/musicoterapia-y-vino-el-15-de-febrero-en-lerma\/","url":"https:\/\/destinocastillayleon.es\/index\/musicoterapia-y-vino-el-15-de-febrero-en-lerma\/","name":"Musicoterapia y Vino el 15 de febrero en Lerma","isPartOf":{"@id":"https:\/\/destinocastillayleon.es\/index\/#website"},"primaryImageOfPage":{"@id":"https:\/\/destinocastillayleon.es\/index\/musicoterapia-y-vino-el-15-de-febrero-en-lerma\/#primaryimage"},"image":{"@id":"https:\/\/destinocastillayleon.es\/index\/musicoterapia-y-vino-el-15-de-febrero-en-lerma\/#primaryimage"},"thumbnailUrl":"https:\/\/destinocastillayleon.es\/index\/wp-content\/uploads\/2014\/02\/Musicoterapia.jpg","datePublished":"2014-02-10T12:20:42+00:00","dateModified":"2014-11-14T11:29:24+00:00","author":{"@id":"https:\/\/destinocastillayleon.es\/index\/#\/schema\/person\/820bc853671969462e3e479c4ef6f253"},"description":"Conoce y disfruta de una sesi\u00f3n de Musicoterapia y Vino el 15 de febrero, en el Palacio Ducal de Lerma. Un extraordinario concierto del pianista Julio Mazziotti con vinos de la DO Arlanza","breadcrumb":{"@id":"https:\/\/destinocastillayleon.es\/index\/musicoterapia-y-vino-el-15-de-febrero-en-lerma\/#breadcrumb"},"inLanguage":"es","potentialAction":[{"@type":"ReadAction","target":["https:\/\/destinocastillayleon.es\/index\/musicoterapia-y-vino-el-15-de-febrero-en-lerma\/"]}]},{"@type":"ImageObject","inLanguage":"es","@id":"https:\/\/destinocastillayleon.es\/index\/musicoterapia-y-vino-el-15-de-febrero-en-lerma\/#primaryimage","url":"https:\/\/destinocastillayleon.es\/index\/wp-content\/uploads\/2014\/02\/Musicoterapia.jpg","contentUrl":"https:\/\/destinocastillayleon.es\/index\/wp-content\/uploads\/2014\/02\/Musicoterapia.jpg","width":632,"height":536},{"@type":"BreadcrumbList","@id":"https:\/\/destinocastillayleon.es\/index\/musicoterapia-y-vino-el-15-de-febrero-en-lerma\/#breadcrumb","itemListElement":[{"@type":"ListItem","position":1,"name":"Portada","item":"https:\/\/destinocastillayleon.es\/index\/"},{"@type":"ListItem","position":2,"name":"Musicoterapia y Vino el 15 de febrero en Lerma"}]},{"@type":"WebSite","@id":"https:\/\/destinocastillayleon.es\/index\/#website","url":"https:\/\/destinocastillayleon.es\/index\/","name":"Destino Castilla y Le\u00f3n","description":"Medio digital independiente y revista de Castilla y Le\u00f3n dedicado al turismo, gastronom\u00eda y vino de Castilla y Le\u00f3n","potentialAction":[{"@type":"SearchAction","target":{"@type":"EntryPoint","urlTemplate":"https:\/\/destinocastillayleon.es\/index\/?s={search_term_string}"},"query-input":{"@type":"PropertyValueSpecification","valueRequired":true,"valueName":"search_term_string"}}],"inLanguage":"es"},{"@type":"Person","@id":"https:\/\/destinocastillayleon.es\/index\/#\/schema\/person\/820bc853671969462e3e479c4ef6f253","name":"Destino CyL","image":{"@type":"ImageObject","inLanguage":"es","@id":"https:\/\/secure.gravatar.com\/avatar\/3ab58882c96a1f667e4b7004a344de8a7e22e7396dda91bd580baf77b48c2711?s=96&d=mm&r=g","url":"https:\/\/secure.gravatar.com\/avatar\/3ab58882c96a1f667e4b7004a344de8a7e22e7396dda91bd580baf77b48c2711?s=96&d=mm&r=g","contentUrl":"https:\/\/secure.gravatar.com\/avatar\/3ab58882c96a1f667e4b7004a344de8a7e22e7396dda91bd580baf77b48c2711?s=96&d=mm&r=g","caption":"Destino CyL"},"description":"Equipo de redacci\u00f3n de Destino Castilla y Le\u00f3n","sameAs":["http:\/\/www.destinocastillayleon.es"],"url":"https:\/\/destinocastillayleon.es\/index\/author\/administrador\/"}]}},"_links":{"self":[{"href":"https:\/\/destinocastillayleon.es\/index\/wp-json\/wp\/v2\/posts\/11143","targetHints":{"allow":["GET"]}}],"collection":[{"href":"https:\/\/destinocastillayleon.es\/index\/wp-json\/wp\/v2\/posts"}],"about":[{"href":"https:\/\/destinocastillayleon.es\/index\/wp-json\/wp\/v2\/types\/post"}],"author":[{"embeddable":true,"href":"https:\/\/destinocastillayleon.es\/index\/wp-json\/wp\/v2\/users\/14"}],"replies":[{"embeddable":true,"href":"https:\/\/destinocastillayleon.es\/index\/wp-json\/wp\/v2\/comments?post=11143"}],"version-history":[{"count":11,"href":"https:\/\/destinocastillayleon.es\/index\/wp-json\/wp\/v2\/posts\/11143\/revisions"}],"predecessor-version":[{"id":16898,"href":"https:\/\/destinocastillayleon.es\/index\/wp-json\/wp\/v2\/posts\/11143\/revisions\/16898"}],"wp:featuredmedia":[{"embeddable":true,"href":"https:\/\/destinocastillayleon.es\/index\/wp-json\/wp\/v2\/media\/11147"}],"wp:attachment":[{"href":"https:\/\/destinocastillayleon.es\/index\/wp-json\/wp\/v2\/media?parent=11143"}],"wp:term":[{"taxonomy":"category","embeddable":true,"href":"https:\/\/destinocastillayleon.es\/index\/wp-json\/wp\/v2\/categories?post=11143"},{"taxonomy":"post_tag","embeddable":true,"href":"https:\/\/destinocastillayleon.es\/index\/wp-json\/wp\/v2\/tags?post=11143"}],"curies":[{"name":"wp","href":"https:\/\/api.w.org\/{rel}","templated":true}]}}