{"id":11059,"date":"2014-02-07T09:40:54","date_gmt":"2014-02-07T09:40:54","guid":{"rendered":"http:\/\/destinocastillayleon.es\/index\/?p=11059"},"modified":"2014-11-13T11:48:53","modified_gmt":"2014-11-13T10:48:53","slug":"arranca-la-semana-del-puchero-en-zamora","status":"publish","type":"post","link":"https:\/\/destinocastillayleon.es\/index\/arranca-la-semana-del-puchero-en-zamora\/","title":{"rendered":"Arranca la Semana del Puchero en Zamora"},"content":{"rendered":"<p style=\"text-align: justify;\">Desde hoy, 7 de febrero, hasta el pr\u00f3ximo viernes 14, se celebra en Zamora la segunda edici\u00f3n de la <strong>Semana del Puchero Zamorano.\u00a0<\/strong>\u00a0Diez d\u00edas de puchero tradicional a precios populares en <strong>36 establecimientos de la capital<\/strong>.<\/p>\n<p style=\"display: inline !important; text-align: justify;\">Organizada por la Asociaci\u00f3n Zamorana de Empresarios de hosteler\u00eda (Azehos), en esta semana dedicada a la cocina tradicional zamora, podremos disfrutar de <strong>pucheritos a\u00a01,50\u20ac \u00a0y pucheros XL<\/strong> (la raci\u00f3n completa)<strong> por 4\u20ac.<\/strong>\u00a0Precios muy ajustados para que no te quedes con hambre! \ud83d\ude42<\/p>\n<p>&nbsp;<\/p>\n<p style=\"display: inline !important;\"><a href=\"http:\/\/destinocastillayleon.es\/index\/wp-content\/uploads\/2014\/02\/Puchero-caliente-zamorano.jpg\"><img decoding=\"async\" class=\"size-medium wp-image-11078 aligncenter\" alt=\"Puchero caliente zamorano\" src=\"http:\/\/destinocastillayleon.es\/index\/wp-content\/uploads\/2014\/02\/Puchero-caliente-zamorano-300x224.jpg\" width=\"300\" height=\"224\" srcset=\"https:\/\/destinocastillayleon.es\/index\/wp-content\/uploads\/2014\/02\/Puchero-caliente-zamorano-300x224.jpg 300w, https:\/\/destinocastillayleon.es\/index\/wp-content\/uploads\/2014\/02\/Puchero-caliente-zamorano.jpg 520w\" sizes=\"(max-width: 300px) 100vw, 300px\" \/><\/a><\/p>\n<p>&nbsp;<\/p>\n<p style=\"text-align: justify;\">Estas jornadas gastron\u00f3micas surgen con el objetivo de <strong>revitalizar el sector<\/strong> en uno de los meses m\u00e1s flojos del a\u00f1o y a la vez recuperar los platos tradicionales de invierno de la gastronom\u00eda zamorana.\u00a0Cada establecimiento participante contar\u00e1 con <strong>un cartel que le identifique<\/strong> y podr\u00e1 ofrecer al p\u00fablico tantos platos quiera y en ambos formatos.<\/p>\n<p>&nbsp;<\/p>\n<h3>Establecimientos con puchero<\/h3>\n<p>&nbsp; BAR ABUELOS V &#8211; CL. JUAN NICASIO  GALLEGO, 6<br \/>\n&nbsp; BAR AZEMUR &#8211; CL. SAN ANDRES, 33<br \/>\n&nbsp; BAR LOS ABUELOS I &#8211; CL. HERREROS,4<br \/>\n&nbsp; BAR PAUSE &#8211; Cl. VILLALPANDO, 42<br \/>\n&nbsp; BAR QTR &#8211; AVDA. PRINCIPE DE ASTURIAS, 17<br \/>\n&nbsp; BAR RESTAURANTE CASA BERNARDO  &#8211; PLAZUELA DE SAN MIGUEL,2<br \/>\n&nbsp; BAR SEVILLA &#8211; CL. ALFONSO DE CASTRO,5<br \/>\n&nbsp; BAR WILDOR  &#8211; CL. FRAY TORIBIO DE MOTOLIMIA, 16<br \/>\n&nbsp; BAR ZUMACAL  &#8211; CL. PATERNOSTER, 4<br \/>\n&nbsp; CAF\u00c9 BAR FAS &#8211; PLAZA CUARTEL VIEJO, 7<br \/>\n&nbsp; CAF\u00c9 BAR HERMANOS PINZ\u00d3N &#8211; CL. HERMANOS PINZ\u00d3N, 5<br \/>\n&nbsp; CAF\u00c9 BAR LA CEPA &#8211; CL. DONANTES DE SANGRE, 18<br \/>\n&nbsp; CAF\u00c9 BAR OASIS &#8211; CL. CHURRUCA, 58<br \/>\n&nbsp; CAF\u00c9 BAR OVIEDO\u2019S &#8211; CL. IGNACIO GAZAPO, 6<br \/>\n&nbsp; CAF\u00c9 RESTAURANTE PUERTA NUEVA &#8211; CL. PUERTA NUEVA, 40<br \/>\n&nbsp; CAFETERIA DOLFOS  &#8211; CL. SANTA CLARA, 26<br \/>\n&nbsp; CHARLOTTE CAF\u00c9&#038;TAPAS &#8211; PLAZA DEL MERCADO, 1<br \/>\n&nbsp; CERVECERIA DEL BUDA  &#8211; CL. PABLO MORILLO, 19<br \/>\n&nbsp; CERVECERIA LA CA\u00d1A &#8211; CL. CERVANTES, 5<br \/>\n&nbsp; HOTEL CASA AURELIA  &#8211; CL. CERVANTES, 5<br \/>\n&nbsp; MES\u00d3N CASA PEPE &#8211; CL. SANTA TERESA, 1<br \/>\n&nbsp; MES\u00d3N RESTAURANTE LA VAGUADA &#8211; CL. VILLALPANDO, 18<br \/>\n&nbsp; RESTAURANTE CASA CIPRI &#8211; CL. SANTA CLARA, 2   1\u00ba<br \/>\n&nbsp; RESTAURANTE CIRCULO DE ZAMORA-LA ORONJA &#8211; CL. JUAN II, 3<br \/>\n&nbsp; RESTAURANTE LA BARAKA &#8211; CL. SOTELO,1<br \/>\n&nbsp; RESTAURANTE LA FONTANA &#8211; JARDINES DE EDUARDO BARRON, 1<br \/>\n&nbsp; RESTAURANTE LA JAMONERIA  &#8211; CL. LOPE DE VEGA, 4<br \/>\n&nbsp; RESTAURANTE LA MANZANA VERDE &#8211; CL. LA REINA, 6<br \/>\n&nbsp; RESTAURANTE LIBERTEN &#8211; CL. PUERTA NUEVA, 2<br \/>\n&nbsp; RESTAURANTE MESON EL CASTILLO &#8211; PLAZA ARIAS GONZALO S\/N<br \/>\n&nbsp; RESTAURANTE PARIS QATORCE &#8211; AVDA. PORTUGAL, 14<br \/>\n&nbsp; RESTAURANTE PATANEGRA &#8211; CL. PELAYO, 4<br \/>\n&nbsp; RESTAURANTE SERAFIN &#8211; PLAZA DEL MAESTRO HAEDO, 10<br \/>\n&nbsp; RESTAURANTE TOSCa -CL. SANTA EULALIA, 3<\/p>\n<p style=\"text-align: justify;\"><strong>Sentimos deciros que no habr\u00e1 premios a los mejores pucheros<\/strong> ni sorteo de regalos entre los clientes. En cambio, s\u00ed se mantiene el formato concurso y los regalos en la feria de la tapa de Zamora, para la que ya est\u00e1 abierto el plazo de inscripci\u00f3n.<\/p>\n<p>&nbsp; <\/p>\n<h4>Art\u00edculos relacionados<\/h4>\n<p>&nbsp; &nbsp; <strong>\u2022 <\/strong><a title=\"Los mejores bares para tapear en Toro\" href=\"http:\/\/destinocastillayleon.es\/index\/de-tapas-por-valladolid\/\" target=\"_Blank\"><span style=\"color: #000000;\">Los mejores bares para tapear en Toro<\/span><\/a>.<br \/>\n&nbsp; &nbsp; <strong>\u2022 <\/strong><a title=\"Tinto crianza Arribes de Vettonia\" href=\"http:\/\/destinocastillayleon.es\/index\/tinto-crianza-arribes-de-vettonia\/\" target=\"_Blank\"><span style=\"color: #000000;\">Tinto crianza Arribes de Vettonia<\/span><\/a>.<br \/>\n&nbsp; &nbsp; <strong>\u2022 <\/strong><a title=\"Tinto crianza Arribes de Vettonia\" href=\"http:\/\/destinocastillayleon.es\/index\/taller-de-mascaras-zamoranas\/\" target=\"_Blank\"><span style=\"color: #000000;\">Taller de m\u00e1scaras zamoranas y la tradic\u00f3n carnavalesca<\/span><\/a>.<br \/>\n&nbsp; &nbsp; <strong>\u2022 <\/strong><a title=\"Tinto crianza Arribes de Vettonia\" href=\"http:\/\/destinocastillayleon.es\/index\/parque-natural-de-las-arribes-del-duero\/\" target=\"_Blank\"><span style=\"color: #000000;\">Parque Natural de los Arribes del Duero<\/span><\/a>.<br \/>\n&nbsp; &nbsp; <strong>\u2022 <\/strong><a href=\"http:\/\/destinocastillayleon.es\/index\/arroz-a-la-zamorana\/\"><span style=\"color: #000000;\">Arroz a la zamorana<\/a>.<br \/>\n&nbsp; &nbsp; <strong>\u2022 <\/strong><a href=\"http:\/\/destinocastillayleon.es\/index\/costillas-de-lechazo-la-zamorana\/\"><span style=\"color: #000000;\">Costillas de lechazo asado a la zamorana<\/a>.<br \/>\n&nbsp; <\/p>\n","protected":false},"excerpt":{"rendered":"<p>En los pr\u00f3ximos d\u00edas podr\u00e1s disfrutar en Zamora de un pucherito o puchero raci\u00f3n grande de puchero en 36 establecimientos de la capital zamorana<\/p>\n","protected":false},"author":14,"featured_media":11222,"comment_status":"open","ping_status":"closed","sticky":false,"template":"","format":"standard","meta":{"rop_custom_images_group":[],"rop_custom_messages_group":[],"rop_publish_now":"initial","rop_publish_now_accounts":{"twitter_1150954226_1150954226":""},"rop_publish_now_history":[],"rop_publish_now_status":"pending","footnotes":""},"categories":[1343],"tags":[3889,3888,2691,1370,1369,2692],"class_list":["post-11059","post","type-post","status-publish","format-standard","has-post-thumbnail","hentry","category-agenda","tag-actividades-gastronomicas-en-zamora","tag-arranca-la-semana-del-puchero-en-zamora","tag-feria-gastronomica-del-puchero-en-zamora","tag-gastronomia-zamorana","tag-semana-del-puchero-zamora","tag-tapear-en-zamora"],"yoast_head":"<!-- This site is optimized with the Yoast SEO Premium plugin v20.4 (Yoast SEO v27.4) - https:\/\/yoast.com\/product\/yoast-seo-premium-wordpress\/ -->\n<title>Arranca la Semana del Puchero en Zamora<\/title>\n<meta name=\"description\" content=\"En los pr\u00f3ximos d\u00edas podr\u00e1s disfrutar de la Semana del Puchero en Zamora. tapeo de un pucherito o puchero raci\u00f3n grande establecimientos de Zamora\" \/>\n<meta name=\"robots\" content=\"index, follow, max-snippet:-1, max-image-preview:large, max-video-preview:-1\" \/>\n<link rel=\"canonical\" href=\"https:\/\/destinocastillayleon.es\/index\/arranca-la-semana-del-puchero-en-zamora\/\" \/>\n<meta property=\"og:locale\" content=\"es_ES\" \/>\n<meta property=\"og:type\" content=\"article\" \/>\n<meta property=\"og:title\" content=\"Arranca la Semana del Puchero en Zamora\" \/>\n<meta property=\"og:description\" content=\"En los pr\u00f3ximos d\u00edas podr\u00e1s disfrutar en Zamora de un pucherito o puchero raci\u00f3n grande de puchero en 36 establecimientos de la capital zamorana\" \/>\n<meta property=\"og:url\" content=\"https:\/\/destinocastillayleon.es\/index\/arranca-la-semana-del-puchero-en-zamora\/\" \/>\n<meta property=\"og:site_name\" content=\"Destino Castilla y Le\u00f3n\" \/>\n<meta property=\"article:publisher\" content=\"https:\/\/www.facebook.com\/DestinoCastillaYLeon\/\" \/>\n<meta property=\"article:published_time\" content=\"2014-02-07T09:40:54+00:00\" \/>\n<meta property=\"article:modified_time\" content=\"2014-11-13T10:48:53+00:00\" \/>\n<meta property=\"og:image\" content=\"https:\/\/destinocastillayleon.es\/index\/wp-content\/uploads\/2014\/02\/foto-cartel-puchero-2014-Zamora.jpg\" \/>\n\t<meta property=\"og:image:width\" content=\"705\" \/>\n\t<meta property=\"og:image:height\" content=\"496\" \/>\n\t<meta property=\"og:image:type\" content=\"image\/jpeg\" \/>\n<meta name=\"author\" content=\"Destino CyL\" \/>\n<meta name=\"twitter:card\" content=\"summary_large_image\" \/>\n<meta name=\"twitter:creator\" content=\"@destinocyl\" \/>\n<meta name=\"twitter:site\" content=\"@destinocyl\" \/>\n<meta name=\"twitter:label1\" content=\"Escrito por\" \/>\n\t<meta name=\"twitter:data1\" content=\"Destino CyL\" \/>\n\t<meta name=\"twitter:label2\" content=\"Tiempo de lectura\" \/>\n\t<meta name=\"twitter:data2\" content=\"3 minutos\" \/>\n<script type=\"application\/ld+json\" class=\"yoast-schema-graph\">{\"@context\":\"https:\\\/\\\/schema.org\",\"@graph\":[{\"@type\":\"Article\",\"@id\":\"https:\\\/\\\/destinocastillayleon.es\\\/index\\\/arranca-la-semana-del-puchero-en-zamora\\\/#article\",\"isPartOf\":{\"@id\":\"https:\\\/\\\/destinocastillayleon.es\\\/index\\\/arranca-la-semana-del-puchero-en-zamora\\\/\"},\"author\":{\"name\":\"Destino CyL\",\"@id\":\"https:\\\/\\\/destinocastillayleon.es\\\/index\\\/#\\\/schema\\\/person\\\/820bc853671969462e3e479c4ef6f253\"},\"headline\":\"Arranca la Semana del Puchero en Zamora\",\"datePublished\":\"2014-02-07T09:40:54+00:00\",\"dateModified\":\"2014-11-13T10:48:53+00:00\",\"mainEntityOfPage\":{\"@id\":\"https:\\\/\\\/destinocastillayleon.es\\\/index\\\/arranca-la-semana-del-puchero-en-zamora\\\/\"},\"wordCount\":538,\"commentCount\":0,\"image\":{\"@id\":\"https:\\\/\\\/destinocastillayleon.es\\\/index\\\/arranca-la-semana-del-puchero-en-zamora\\\/#primaryimage\"},\"thumbnailUrl\":\"https:\\\/\\\/destinocastillayleon.es\\\/index\\\/wp-content\\\/uploads\\\/2014\\\/02\\\/foto-cartel-puchero-2014-Zamora.jpg\",\"keywords\":[\"actividades gastron\u00f3micas en Zamora\",\"Arranca la Semana del Puchero en Zamora\",\"feria gastron\u00f3mica del puchero en Zamora\",\"Gastronom\u00eda Zamorana\",\"Semana del Puchero Zamora\",\"tapear en Zamora\"],\"articleSection\":[\"Agenda\"],\"inLanguage\":\"es\",\"potentialAction\":[{\"@type\":\"CommentAction\",\"name\":\"Comment\",\"target\":[\"https:\\\/\\\/destinocastillayleon.es\\\/index\\\/arranca-la-semana-del-puchero-en-zamora\\\/#respond\"]}]},{\"@type\":\"WebPage\",\"@id\":\"https:\\\/\\\/destinocastillayleon.es\\\/index\\\/arranca-la-semana-del-puchero-en-zamora\\\/\",\"url\":\"https:\\\/\\\/destinocastillayleon.es\\\/index\\\/arranca-la-semana-del-puchero-en-zamora\\\/\",\"name\":\"Arranca la Semana del Puchero en Zamora\",\"isPartOf\":{\"@id\":\"https:\\\/\\\/destinocastillayleon.es\\\/index\\\/#website\"},\"primaryImageOfPage\":{\"@id\":\"https:\\\/\\\/destinocastillayleon.es\\\/index\\\/arranca-la-semana-del-puchero-en-zamora\\\/#primaryimage\"},\"image\":{\"@id\":\"https:\\\/\\\/destinocastillayleon.es\\\/index\\\/arranca-la-semana-del-puchero-en-zamora\\\/#primaryimage\"},\"thumbnailUrl\":\"https:\\\/\\\/destinocastillayleon.es\\\/index\\\/wp-content\\\/uploads\\\/2014\\\/02\\\/foto-cartel-puchero-2014-Zamora.jpg\",\"datePublished\":\"2014-02-07T09:40:54+00:00\",\"dateModified\":\"2014-11-13T10:48:53+00:00\",\"author\":{\"@id\":\"https:\\\/\\\/destinocastillayleon.es\\\/index\\\/#\\\/schema\\\/person\\\/820bc853671969462e3e479c4ef6f253\"},\"description\":\"En los pr\u00f3ximos d\u00edas podr\u00e1s disfrutar de la Semana del Puchero en Zamora. tapeo de un pucherito o puchero raci\u00f3n grande establecimientos de Zamora\",\"breadcrumb\":{\"@id\":\"https:\\\/\\\/destinocastillayleon.es\\\/index\\\/arranca-la-semana-del-puchero-en-zamora\\\/#breadcrumb\"},\"inLanguage\":\"es\",\"potentialAction\":[{\"@type\":\"ReadAction\",\"target\":[\"https:\\\/\\\/destinocastillayleon.es\\\/index\\\/arranca-la-semana-del-puchero-en-zamora\\\/\"]}]},{\"@type\":\"ImageObject\",\"inLanguage\":\"es\",\"@id\":\"https:\\\/\\\/destinocastillayleon.es\\\/index\\\/arranca-la-semana-del-puchero-en-zamora\\\/#primaryimage\",\"url\":\"https:\\\/\\\/destinocastillayleon.es\\\/index\\\/wp-content\\\/uploads\\\/2014\\\/02\\\/foto-cartel-puchero-2014-Zamora.jpg\",\"contentUrl\":\"https:\\\/\\\/destinocastillayleon.es\\\/index\\\/wp-content\\\/uploads\\\/2014\\\/02\\\/foto-cartel-puchero-2014-Zamora.jpg\",\"width\":705,\"height\":496},{\"@type\":\"BreadcrumbList\",\"@id\":\"https:\\\/\\\/destinocastillayleon.es\\\/index\\\/arranca-la-semana-del-puchero-en-zamora\\\/#breadcrumb\",\"itemListElement\":[{\"@type\":\"ListItem\",\"position\":1,\"name\":\"Portada\",\"item\":\"https:\\\/\\\/destinocastillayleon.es\\\/index\\\/\"},{\"@type\":\"ListItem\",\"position\":2,\"name\":\"Arranca la Semana del Puchero en Zamora\"}]},{\"@type\":\"WebSite\",\"@id\":\"https:\\\/\\\/destinocastillayleon.es\\\/index\\\/#website\",\"url\":\"https:\\\/\\\/destinocastillayleon.es\\\/index\\\/\",\"name\":\"Destino Castilla y Le\u00f3n\",\"description\":\"Medio digital independiente y revista de Castilla y Le\u00f3n dedicado al turismo, gastronom\u00eda y vino de Castilla y Le\u00f3n\",\"potentialAction\":[{\"@type\":\"SearchAction\",\"target\":{\"@type\":\"EntryPoint\",\"urlTemplate\":\"https:\\\/\\\/destinocastillayleon.es\\\/index\\\/?s={search_term_string}\"},\"query-input\":{\"@type\":\"PropertyValueSpecification\",\"valueRequired\":true,\"valueName\":\"search_term_string\"}}],\"inLanguage\":\"es\"},{\"@type\":\"Person\",\"@id\":\"https:\\\/\\\/destinocastillayleon.es\\\/index\\\/#\\\/schema\\\/person\\\/820bc853671969462e3e479c4ef6f253\",\"name\":\"Destino CyL\",\"image\":{\"@type\":\"ImageObject\",\"inLanguage\":\"es\",\"@id\":\"https:\\\/\\\/secure.gravatar.com\\\/avatar\\\/3ab58882c96a1f667e4b7004a344de8a7e22e7396dda91bd580baf77b48c2711?s=96&d=mm&r=g\",\"url\":\"https:\\\/\\\/secure.gravatar.com\\\/avatar\\\/3ab58882c96a1f667e4b7004a344de8a7e22e7396dda91bd580baf77b48c2711?s=96&d=mm&r=g\",\"contentUrl\":\"https:\\\/\\\/secure.gravatar.com\\\/avatar\\\/3ab58882c96a1f667e4b7004a344de8a7e22e7396dda91bd580baf77b48c2711?s=96&d=mm&r=g\",\"caption\":\"Destino CyL\"},\"description\":\"Equipo de redacci\u00f3n de Destino Castilla y Le\u00f3n\",\"sameAs\":[\"http:\\\/\\\/www.destinocastillayleon.es\"],\"url\":\"https:\\\/\\\/destinocastillayleon.es\\\/index\\\/author\\\/administrador\\\/\"}]}<\/script>\n<!-- \/ Yoast SEO Premium plugin. -->","yoast_head_json":{"title":"Arranca la Semana del Puchero en Zamora","description":"En los pr\u00f3ximos d\u00edas podr\u00e1s disfrutar de la Semana del Puchero en Zamora. tapeo de un pucherito o puchero raci\u00f3n grande establecimientos de Zamora","robots":{"index":"index","follow":"follow","max-snippet":"max-snippet:-1","max-image-preview":"max-image-preview:large","max-video-preview":"max-video-preview:-1"},"canonical":"https:\/\/destinocastillayleon.es\/index\/arranca-la-semana-del-puchero-en-zamora\/","og_locale":"es_ES","og_type":"article","og_title":"Arranca la Semana del Puchero en Zamora","og_description":"En los pr\u00f3ximos d\u00edas podr\u00e1s disfrutar en Zamora de un pucherito o puchero raci\u00f3n grande de puchero en 36 establecimientos de la capital zamorana","og_url":"https:\/\/destinocastillayleon.es\/index\/arranca-la-semana-del-puchero-en-zamora\/","og_site_name":"Destino Castilla y Le\u00f3n","article_publisher":"https:\/\/www.facebook.com\/DestinoCastillaYLeon\/","article_published_time":"2014-02-07T09:40:54+00:00","article_modified_time":"2014-11-13T10:48:53+00:00","og_image":[{"width":705,"height":496,"url":"https:\/\/destinocastillayleon.es\/index\/wp-content\/uploads\/2014\/02\/foto-cartel-puchero-2014-Zamora.jpg","type":"image\/jpeg"}],"author":"Destino CyL","twitter_card":"summary_large_image","twitter_creator":"@destinocyl","twitter_site":"@destinocyl","twitter_misc":{"Escrito por":"Destino CyL","Tiempo de lectura":"3 minutos"},"schema":{"@context":"https:\/\/schema.org","@graph":[{"@type":"Article","@id":"https:\/\/destinocastillayleon.es\/index\/arranca-la-semana-del-puchero-en-zamora\/#article","isPartOf":{"@id":"https:\/\/destinocastillayleon.es\/index\/arranca-la-semana-del-puchero-en-zamora\/"},"author":{"name":"Destino CyL","@id":"https:\/\/destinocastillayleon.es\/index\/#\/schema\/person\/820bc853671969462e3e479c4ef6f253"},"headline":"Arranca la Semana del Puchero en Zamora","datePublished":"2014-02-07T09:40:54+00:00","dateModified":"2014-11-13T10:48:53+00:00","mainEntityOfPage":{"@id":"https:\/\/destinocastillayleon.es\/index\/arranca-la-semana-del-puchero-en-zamora\/"},"wordCount":538,"commentCount":0,"image":{"@id":"https:\/\/destinocastillayleon.es\/index\/arranca-la-semana-del-puchero-en-zamora\/#primaryimage"},"thumbnailUrl":"https:\/\/destinocastillayleon.es\/index\/wp-content\/uploads\/2014\/02\/foto-cartel-puchero-2014-Zamora.jpg","keywords":["actividades gastron\u00f3micas en Zamora","Arranca la Semana del Puchero en Zamora","feria gastron\u00f3mica del puchero en Zamora","Gastronom\u00eda Zamorana","Semana del Puchero Zamora","tapear en Zamora"],"articleSection":["Agenda"],"inLanguage":"es","potentialAction":[{"@type":"CommentAction","name":"Comment","target":["https:\/\/destinocastillayleon.es\/index\/arranca-la-semana-del-puchero-en-zamora\/#respond"]}]},{"@type":"WebPage","@id":"https:\/\/destinocastillayleon.es\/index\/arranca-la-semana-del-puchero-en-zamora\/","url":"https:\/\/destinocastillayleon.es\/index\/arranca-la-semana-del-puchero-en-zamora\/","name":"Arranca la Semana del Puchero en Zamora","isPartOf":{"@id":"https:\/\/destinocastillayleon.es\/index\/#website"},"primaryImageOfPage":{"@id":"https:\/\/destinocastillayleon.es\/index\/arranca-la-semana-del-puchero-en-zamora\/#primaryimage"},"image":{"@id":"https:\/\/destinocastillayleon.es\/index\/arranca-la-semana-del-puchero-en-zamora\/#primaryimage"},"thumbnailUrl":"https:\/\/destinocastillayleon.es\/index\/wp-content\/uploads\/2014\/02\/foto-cartel-puchero-2014-Zamora.jpg","datePublished":"2014-02-07T09:40:54+00:00","dateModified":"2014-11-13T10:48:53+00:00","author":{"@id":"https:\/\/destinocastillayleon.es\/index\/#\/schema\/person\/820bc853671969462e3e479c4ef6f253"},"description":"En los pr\u00f3ximos d\u00edas podr\u00e1s disfrutar de la Semana del Puchero en Zamora. tapeo de un pucherito o puchero raci\u00f3n grande establecimientos de Zamora","breadcrumb":{"@id":"https:\/\/destinocastillayleon.es\/index\/arranca-la-semana-del-puchero-en-zamora\/#breadcrumb"},"inLanguage":"es","potentialAction":[{"@type":"ReadAction","target":["https:\/\/destinocastillayleon.es\/index\/arranca-la-semana-del-puchero-en-zamora\/"]}]},{"@type":"ImageObject","inLanguage":"es","@id":"https:\/\/destinocastillayleon.es\/index\/arranca-la-semana-del-puchero-en-zamora\/#primaryimage","url":"https:\/\/destinocastillayleon.es\/index\/wp-content\/uploads\/2014\/02\/foto-cartel-puchero-2014-Zamora.jpg","contentUrl":"https:\/\/destinocastillayleon.es\/index\/wp-content\/uploads\/2014\/02\/foto-cartel-puchero-2014-Zamora.jpg","width":705,"height":496},{"@type":"BreadcrumbList","@id":"https:\/\/destinocastillayleon.es\/index\/arranca-la-semana-del-puchero-en-zamora\/#breadcrumb","itemListElement":[{"@type":"ListItem","position":1,"name":"Portada","item":"https:\/\/destinocastillayleon.es\/index\/"},{"@type":"ListItem","position":2,"name":"Arranca la Semana del Puchero en Zamora"}]},{"@type":"WebSite","@id":"https:\/\/destinocastillayleon.es\/index\/#website","url":"https:\/\/destinocastillayleon.es\/index\/","name":"Destino Castilla y Le\u00f3n","description":"Medio digital independiente y revista de Castilla y Le\u00f3n dedicado al turismo, gastronom\u00eda y vino de Castilla y Le\u00f3n","potentialAction":[{"@type":"SearchAction","target":{"@type":"EntryPoint","urlTemplate":"https:\/\/destinocastillayleon.es\/index\/?s={search_term_string}"},"query-input":{"@type":"PropertyValueSpecification","valueRequired":true,"valueName":"search_term_string"}}],"inLanguage":"es"},{"@type":"Person","@id":"https:\/\/destinocastillayleon.es\/index\/#\/schema\/person\/820bc853671969462e3e479c4ef6f253","name":"Destino CyL","image":{"@type":"ImageObject","inLanguage":"es","@id":"https:\/\/secure.gravatar.com\/avatar\/3ab58882c96a1f667e4b7004a344de8a7e22e7396dda91bd580baf77b48c2711?s=96&d=mm&r=g","url":"https:\/\/secure.gravatar.com\/avatar\/3ab58882c96a1f667e4b7004a344de8a7e22e7396dda91bd580baf77b48c2711?s=96&d=mm&r=g","contentUrl":"https:\/\/secure.gravatar.com\/avatar\/3ab58882c96a1f667e4b7004a344de8a7e22e7396dda91bd580baf77b48c2711?s=96&d=mm&r=g","caption":"Destino CyL"},"description":"Equipo de redacci\u00f3n de Destino Castilla y Le\u00f3n","sameAs":["http:\/\/www.destinocastillayleon.es"],"url":"https:\/\/destinocastillayleon.es\/index\/author\/administrador\/"}]}},"_links":{"self":[{"href":"https:\/\/destinocastillayleon.es\/index\/wp-json\/wp\/v2\/posts\/11059","targetHints":{"allow":["GET"]}}],"collection":[{"href":"https:\/\/destinocastillayleon.es\/index\/wp-json\/wp\/v2\/posts"}],"about":[{"href":"https:\/\/destinocastillayleon.es\/index\/wp-json\/wp\/v2\/types\/post"}],"author":[{"embeddable":true,"href":"https:\/\/destinocastillayleon.es\/index\/wp-json\/wp\/v2\/users\/14"}],"replies":[{"embeddable":true,"href":"https:\/\/destinocastillayleon.es\/index\/wp-json\/wp\/v2\/comments?post=11059"}],"version-history":[{"count":8,"href":"https:\/\/destinocastillayleon.es\/index\/wp-json\/wp\/v2\/posts\/11059\/revisions"}],"predecessor-version":[{"id":16880,"href":"https:\/\/destinocastillayleon.es\/index\/wp-json\/wp\/v2\/posts\/11059\/revisions\/16880"}],"wp:featuredmedia":[{"embeddable":true,"href":"https:\/\/destinocastillayleon.es\/index\/wp-json\/wp\/v2\/media\/11222"}],"wp:attachment":[{"href":"https:\/\/destinocastillayleon.es\/index\/wp-json\/wp\/v2\/media?parent=11059"}],"wp:term":[{"taxonomy":"category","embeddable":true,"href":"https:\/\/destinocastillayleon.es\/index\/wp-json\/wp\/v2\/categories?post=11059"},{"taxonomy":"post_tag","embeddable":true,"href":"https:\/\/destinocastillayleon.es\/index\/wp-json\/wp\/v2\/tags?post=11059"}],"curies":[{"name":"wp","href":"https:\/\/api.w.org\/{rel}","templated":true}]}}