{"id":10842,"date":"2014-02-05T10:45:36","date_gmt":"2014-02-05T10:45:36","guid":{"rendered":"http:\/\/destinocastillayleon.es\/index\/?p=10842"},"modified":"2014-11-13T11:47:24","modified_gmt":"2014-11-13T10:47:24","slug":"la-ruta-la-cucharita-magica-llega-valladolid","status":"publish","type":"post","link":"https:\/\/destinocastillayleon.es\/index\/la-ruta-la-cucharita-magica-llega-valladolid\/","title":{"rendered":"La ruta de la Cuchara M\u00e1gica llega a Valladolid"},"content":{"rendered":"<p style=\"text-align: justify;\">Valladolid siempre ha tenido ambiente de tapeo. Si era poco con el \u00ab<a title=\"Jueves de Tapas Valladolid\" href=\"https:\/\/www.facebook.com\/pages\/Los-Jueves-de-Tapas\/166053316831745\" target=\"_blank\">Jueves de Tapas<\/a>\u00ab, la ciudad se apunta una nueva actividad m\u00e1s para tapear de lunes a viernes durante todo el invierno: <strong>La Ruta de la Cuchara M\u00e1gica.\u00a0<\/strong><\/p>\n<p>&nbsp;<br \/>\n<a href=\"http:\/\/destinocastillayleon.es\/index\/wp-content\/uploads\/2014\/02\/Ruta-de-la-Cuchara-Magica-Valladolid-20141.jpg\"><img decoding=\"async\" class=\"size-full wp-image-10845 aligncenter\" alt=\"Ruta de la Cuchara Magica Valladolid 2014\" src=\"http:\/\/destinocastillayleon.es\/index\/wp-content\/uploads\/2014\/02\/Ruta-de-la-Cuchara-Magica-Valladolid-20141.jpg\" width=\"640\" height=\"445\" srcset=\"https:\/\/destinocastillayleon.es\/index\/wp-content\/uploads\/2014\/02\/Ruta-de-la-Cuchara-Magica-Valladolid-20141.jpg 640w, https:\/\/destinocastillayleon.es\/index\/wp-content\/uploads\/2014\/02\/Ruta-de-la-Cuchara-Magica-Valladolid-20141-300x208.jpg 300w\" sizes=\"(max-width: 640px) 100vw, 640px\" \/><\/a><br \/>\n&nbsp; <\/p>\n<p style=\"text-align: justify;\">Nos imaginamos que<strong> la cuchara es \u00abM\u00e1gica\u00bb<\/strong> por lo r\u00e1pido que entras en calor, y es que en Valladolid, cuando la niebla y el fr\u00edo acechan, no hay nada mejor para entonar el cuerpo que un buen plato de cuchara. Por<strong> 2 y 3 euros<\/strong> podr\u00e1s disfrutar de una <strong>cazuelita calentita y una copita de vino<\/strong> a elegir entre\u00a0el roble\u00a0<i>Carramimbre<\/i>, el Verdejo\u00a0<i>PradoRey<\/i>\u00a0o el Clarete de\u00a0<i>Cigales<\/i>\u00a0<em>Luna<\/em>, de Bodegas C\u00e9sar Pr\u00edncipe.<\/p>\n<p>&nbsp; <\/p>\n<h3 style=\"text-align: justify;\">Presentaci\u00f3n de la nueva Ruta \u00abLa Cuchara M\u00e1gica\u00bb<\/h3>\n<p style=\"text-align: justify;\">La ruta ha sido organizada el grupo distribuidor Gregorio D\u00edez, de la mano de las bodegas Carramimbre,\u00a0PradoRey\u00a0y\u00a0C\u00e9sar Pr\u00edncipe, con la colaboraci\u00f3n del Ayuntamiento de Valladolid. Al evento, que tuvo lugar el pasado martes 4 de febrero, asisti\u00f3 la <strong>modelo\u00a0Estefan\u00eda Luyk, <\/strong>siendo la primera madrina de esta nueva ruta de tapeo. Seguro que se march\u00f3 encantada despu\u00e9s de tomarse un par de cazuelitas \ud83d\ude42<\/p>\n<p>&nbsp; <\/p>\n<h3>Sorteo de un viaje a Canarias<\/h3>\n<p style=\"text-align: justify;\">Si por lo que te hemos contado ya te has animado a probar estas cazuelitas, queremos que sepas que con cada una te entregar\u00e1n una papeleta para que formes parte<strong>\u00a0del sorteo de un viaje a Canarias para dos personas<\/strong>. El ganador ser\u00e1 el portador de la papeleta que coincida con las cuatro \u00faltimas cifras del primer premio de la loter\u00eda nacional del d\u00eda 3 de abril de 2014.<\/p>\n<p style=\"text-align: justify;\">El distribuidor Gregorio D\u00edez se ha comprometido adem\u00e1s a organizar<strong> actividades populares<\/strong> que atraigan el consumo de lunes a viernes.<\/p>\n<p>&nbsp; <\/p>\n<h3>Establecimientos Participantes:<\/h3>\n<p>&nbsp; <strong>Zona Centro. Plaza Mayor-San Miguel:<\/strong><br \/>\n&nbsp; &nbsp; <strong>Corinto<\/strong> &#8211; C\/ Mar\u00eda de Molina, 16<br \/>\n&nbsp; &nbsp; <strong>El Angelillo<\/strong> &#8211; C Mar\u00eda de Molina, 22<br \/>\n&nbsp; &nbsp; <strong>Molinero<\/strong> &#8211; C\/ Mar\u00eda de Molina 22<br \/>\n&nbsp; &nbsp; <strong>La Parrilla de San Lorenzo<\/strong> &#8211; C\/ Pedro Ni\u00f1o, 1 (Esquina don C\/ San Lorenzo)<br \/>\n&nbsp; &nbsp; <strong>Restaurante \u00c1gora<\/strong> &#8211; C\/ Pedro Ni\u00f1o, 1<br \/>\n&nbsp; &nbsp; <strong>Doblete<\/strong> &#8211; C\/ San Lorenzo, 5<br \/>\n&nbsp; &nbsp; <strong>Caroba<\/strong> &#8211; C\/ Dulzainero \u00c1ngel Velasco, 1<br \/>\n&nbsp; &nbsp; <strong>Monso Uno<\/strong> &#8211; Plaza Mart\u00ed y Monso, 1<br \/>\n&nbsp; &nbsp; <strong>Cascajares<\/strong> &#8211; Plaza Mart\u00ed y Monso, 1<br \/>\n&nbsp; &nbsp; <strong>La Criolla<\/strong> &#8211; C\/ Calixto Fern\u00e1ndez de la Torre, 2<br \/>\n&nbsp; &nbsp; <strong>El Pozo<\/strong> &#8211; C\/ Campanas, 2<br \/>\n&nbsp; &nbsp; <strong>El Buen Tapeo de Bini<\/strong> &#8211; C\/ Correos, 4<br \/>\n&nbsp; &nbsp; <strong>Herbe<\/strong> &#8211; C\/ Correos, 6<br \/>\n&nbsp; &nbsp; <strong>La Mina<\/strong> &#8211; C\/ Correos, 7<br \/>\n&nbsp; &nbsp; <strong>Ceyjo<\/strong> &#8211; C\/ Primo de Rivera, 3<br \/>\n&nbsp; &nbsp; <strong>Tito&#8217;s<\/strong> &#8211; C\/ Primo de Rivera, 5<br \/>\n&nbsp; &nbsp; <strong>La Cantina<\/strong> &#8211; PLaza Mayor, 21<br \/>\n&nbsp; &nbsp; <strong>Alarc\u00f3n<\/strong> &#8211; C\/ Alarc\u00f3n, 2<br \/>\n&nbsp; &nbsp; <strong>Ole con Ole<\/strong> &#8211; Plaza Mayor, 3<br \/>\n&nbsp; &nbsp; <strong>El Hueco<\/strong> &#8211; C\/ Ferrari, 5<br \/>\n&nbsp; &nbsp; <strong>Taberna Pradera<\/strong> &#8211; C\/ San Blas, 2<br \/>\n&nbsp; &nbsp; <strong>Cervantes Tapas y Copas<\/strong> &#8211; C\/ Doctor Cazalla, 1<br \/>\n&nbsp; &nbsp; <strong>Restaurante \u00c1ngela<\/strong> &#8211; C\/ Doctor Cazalla, 1<br \/>\n&nbsp; &nbsp; <strong>Casa Marcela<\/strong> &#8211; C\/ Jorge Guill\u00e9n, 2<\/p>\n<p>&nbsp; <strong>Zona Centro. Plaza Espa\u00f1a:<\/strong><br \/>\n&nbsp; &nbsp; <strong>Restaurante Mar\u00eda<\/strong> &#8211; C\/ Rastro, 1<br \/>\n&nbsp; &nbsp; <strong>S<\/strong><strong>emilla Negra<\/strong> &#8211; Plaza Espa\u00f1a, 3<br \/>\n&nbsp; &nbsp; <strong>Enara<\/strong> &#8211; Plaza Espa\u00f1a, 5<br \/>\n&nbsp; &nbsp; <strong>Momento Afterwork<\/strong> &#8211; C\/ Miguel \u00cdscar, 17<br \/>\n&nbsp; &nbsp; <strong>Hoy Cocina la Abuela<\/strong> &#8211; C\/ Miguel \u00cdscar, 9<br \/>\n&nbsp;<br \/>\n&nbsp; <\/p>\n<h4>Gastronom\u00eda y Otras rutas de tapeo por Valladolid:<\/h4>\n<p>&nbsp; &nbsp; <strong>\u2022 <\/strong><a title=\"Ruta de tapas por Valladolid \u2013 Zona San Martin y de la Catedral\" href=\"http:\/\/destinocastillayleon.es\/index\/ruta-de-tapas-por-valladolid-zona-san-martin-zona-de-la-catedral\/\" target=\"_blank\"><span style=\"color: #000000;\">Ruta de tapas por Valladolid \u2013 Zona San Martin y Catedral<\/a><br \/>\n&nbsp; &nbsp; <strong>\u2022 <\/strong><a title=\"Ruta de tapas por Valladolid Zona de vinos y zona centro\" href=\"http:\/\/destinocastillayleon.es\/index\/de-tapas-por-valladolid\/\" target=\"_blank\"><span style=\"color: #000000;\">Ruta de tapas por Valladolid Zona de vinos y zona centro<\/a><br \/>\n&nbsp; &nbsp; <strong>\u2022 <\/strong><a href=\"http:\/\/destinocastillayleon.es\/index\/hoy-cocina-la-abuela\/\" title=\"Enlace a nuestra entrada sobre el restaurante 'La Cocina de la Abuela'\"><span style=\"color: #000000;\">No te preocupes, hoy Cocina la Abuela, un nuevo restaurante en Valladolid<\/a>.<br \/>\n&nbsp; &nbsp; <strong>\u2022 <\/strong><a href=\"http:\/\/destinocastillayleon.es\/index\/hamburguesas-de-calidad-en-donde-menos-te-lo-esperas\/\" title=\"Enlace a nuestra entrada sobre las Hamburguesas de calidad donde menos te lo esperas en Valladolid\"><span style=\"color: #000000;\">Hamburguesas de calidad donde menos te lo esperas en Valladolid<\/a>.<br \/>\n&nbsp; <\/p>\n<h4>Art\u00edculos relacionados:<\/h4>\n<p>&nbsp; &nbsp; <strong>\u2022 <\/strong><a href=\"http:\/\/destinocastillayleon.es\/index\/vallatrip-un-blogtrip-por-valladolid\/\" title=\"Enlace a nuestra entrada sobre el blogtrip VallaTrip\" target=\"_blank\"><span style=\"color: #000000;\">Vallatrip, un viaje gastron\u00f3mico por Valladolid<\/a>.<br \/>\n&nbsp; &nbsp; <strong>\u2022 <\/strong><a href=\"http:\/\/destinocastillayleon.es\/index\/valladolid-actual\/\" title=\"Enlace a nuestra entrada sobre una ruta de Safari Urbano por Valladolid\" target=\"_blank\"><span style=\"color: #000000;\">Ruta de Safari Urbano por Valladolid<\/a>.<br \/>\n&nbsp; &nbsp; <strong>\u2022 <\/strong><a href=\"http:\/\/destinocastillayleon.es\/index\/enoturismo-urbano-en-senorita-malauva\/\" title=\"Enlace a nuestra entrada sobre Enoturismo urbano en Se\u00f1orita Malauva\" target=\"_blank\"><span style=\"color: #000000;\">Enoturismo urbano en Se\u00f1orita Malauva<\/a>.<br \/>\n&nbsp; &nbsp; <strong>\u2022 <\/strong><a href=\"http:\/\/destinocastillayleon.es\/index\/revitalizando-la-plaza-cantarranas\/\" title=\"Enlace a nuestra entrada sobre el resurgir de la Plaza de Cantarranas\" target=\"_blank\"><span style=\"color: #000000;\">El resurgir de la Plaza de Cantarranas<\/a>.<br \/>\n&nbsp; &nbsp; <strong>\u2022 <\/strong><a href=\"http:\/\/destinocastillayleon.es\/index\/bar-enoteca-microbodega-urbana\/\" title=\"Enlace a nuestra entrada sobre el enoturismo urbano en La Microbodega Urbana\"><span style=\"color: #000000;\">Enoturismo urbano en La Microbodega Urbana<\/a>.<br \/>\n&nbsp;<\/p>\n","protected":false},"excerpt":{"rendered":"<p>Por 2 y 3 euros podr\u00e1s tapear una cazuelita de cuchara y un buen vino en 30 establecimientos de Valladolid de lunes a viernes, al mediod\u00eda, durante todo el invierno. Es la nueva ruta de la cuchara m\u00e1gica de la abuela, \u00a1No te lo pierdas! \u00a1A tapear! <\/p>\n","protected":false},"author":6,"featured_media":10850,"comment_status":"open","ping_status":"closed","sticky":false,"template":"","format":"standard","meta":{"rop_custom_images_group":[],"rop_custom_messages_group":[],"rop_publish_now":"initial","rop_publish_now_accounts":{"twitter_1150954226_1150954226":""},"rop_publish_now_history":[],"rop_publish_now_status":"pending","footnotes":""},"categories":[1343,68],"tags":[2686,3887,3886,1360,1359,1361,565,1652],"class_list":["post-10842","post","type-post","status-publish","format-standard","has-post-thumbnail","hentry","category-agenda","category-post_inicial","tag-feria-de-la-cuchara-en-valladolid","tag-gastronomia-de-valladolid","tag-la-ruta-de-la-cuchara-magica-llega-a-valladolid","tag-ruta-de-la-cuchara-magica-2014","tag-ruta-de-tapeo-valladolid","tag-tapear-al-mediodia-en-valladolid","tag-tapear-en-valladolid","tag-tapeo-por-valladolid"],"yoast_head":"<!-- This site is optimized with the Yoast SEO Premium plugin v20.4 (Yoast SEO v27.4) - https:\/\/yoast.com\/product\/yoast-seo-premium-wordpress\/ -->\n<title>La ruta de la Cuchara M\u00e1gica llega a Valladolid<\/title>\n<meta name=\"description\" content=\"Por 2 y 3 euros podr\u00e1s tapear una cazuelita dentro de la ruta de la cuchara junto a un buen vino en 30 establecimientos de Valladolid de lunes a viernes, al mediod\u00eda, durante el invierno\" \/>\n<meta name=\"robots\" content=\"index, follow, max-snippet:-1, max-image-preview:large, max-video-preview:-1\" \/>\n<link rel=\"canonical\" href=\"https:\/\/destinocastillayleon.es\/index\/la-ruta-la-cucharita-magica-llega-valladolid\/\" \/>\n<meta property=\"og:locale\" content=\"es_ES\" \/>\n<meta property=\"og:type\" content=\"article\" \/>\n<meta property=\"og:title\" content=\"La ruta de la Cuchara M\u00e1gica llega a Valladolid\" \/>\n<meta property=\"og:description\" content=\"Por 2 y 3 euros podr\u00e1s tapear una cazuelita de cuchara y un buen vino en 30 establecimientos de Valladolid de lunes a viernes, al mediod\u00eda, durante todo el invierno\" \/>\n<meta property=\"og:url\" content=\"https:\/\/destinocastillayleon.es\/index\/la-ruta-la-cucharita-magica-llega-valladolid\/\" \/>\n<meta property=\"og:site_name\" content=\"Destino Castilla y Le\u00f3n\" \/>\n<meta property=\"article:publisher\" content=\"https:\/\/www.facebook.com\/DestinoCastillaYLeon\/\" \/>\n<meta property=\"article:published_time\" content=\"2014-02-05T10:45:36+00:00\" \/>\n<meta property=\"article:modified_time\" content=\"2014-11-13T10:47:24+00:00\" \/>\n<meta property=\"og:image\" content=\"https:\/\/destinocastillayleon.es\/index\/wp-content\/uploads\/2014\/02\/la-cuchara-magica-_foto-plaza-mayor1-e1391596490268.jpg\" \/>\n\t<meta property=\"og:image:width\" content=\"640\" \/>\n\t<meta property=\"og:image:height\" content=\"478\" \/>\n\t<meta property=\"og:image:type\" content=\"image\/jpeg\" \/>\n<meta name=\"author\" content=\"Lola Hernandez\" \/>\n<meta name=\"twitter:card\" content=\"summary_large_image\" \/>\n<meta name=\"twitter:creator\" content=\"@destinocyl\" \/>\n<meta name=\"twitter:site\" content=\"@destinocyl\" \/>\n<meta name=\"twitter:label1\" content=\"Escrito por\" \/>\n\t<meta name=\"twitter:data1\" content=\"Lola Hernandez\" \/>\n\t<meta name=\"twitter:label2\" content=\"Tiempo de lectura\" \/>\n\t<meta name=\"twitter:data2\" content=\"3 minutos\" \/>\n<script type=\"application\/ld+json\" class=\"yoast-schema-graph\">{\"@context\":\"https:\\\/\\\/schema.org\",\"@graph\":[{\"@type\":\"Article\",\"@id\":\"https:\\\/\\\/destinocastillayleon.es\\\/index\\\/la-ruta-la-cucharita-magica-llega-valladolid\\\/#article\",\"isPartOf\":{\"@id\":\"https:\\\/\\\/destinocastillayleon.es\\\/index\\\/la-ruta-la-cucharita-magica-llega-valladolid\\\/\"},\"author\":{\"name\":\"Lola Hernandez\",\"@id\":\"https:\\\/\\\/destinocastillayleon.es\\\/index\\\/#\\\/schema\\\/person\\\/49ffcb7eb307589ba529009335ed7767\"},\"headline\":\"La ruta de la Cuchara M\u00e1gica llega a Valladolid\",\"datePublished\":\"2014-02-05T10:45:36+00:00\",\"dateModified\":\"2014-11-13T10:47:24+00:00\",\"mainEntityOfPage\":{\"@id\":\"https:\\\/\\\/destinocastillayleon.es\\\/index\\\/la-ruta-la-cucharita-magica-llega-valladolid\\\/\"},\"wordCount\":689,\"commentCount\":0,\"image\":{\"@id\":\"https:\\\/\\\/destinocastillayleon.es\\\/index\\\/la-ruta-la-cucharita-magica-llega-valladolid\\\/#primaryimage\"},\"thumbnailUrl\":\"https:\\\/\\\/destinocastillayleon.es\\\/index\\\/wp-content\\\/uploads\\\/2014\\\/02\\\/la-cuchara-magica-_foto-plaza-mayor1-e1391596490268.jpg\",\"keywords\":[\"feria de la cuchara en Valladolid\",\"gastronom\u00eda de valladolid\",\"La ruta de la Cuchara M\u00e1gica llega a Valladolid\",\"Ruta de la Cuchara M\u00e1gica 2014\",\"Ruta de tapeo Valladolid\",\"Tapear al mediod\u00eda en Valladolid\",\"Tapear en Valladolid\",\"tapeo por Valladolid\"],\"articleSection\":[\"Agenda\",\"Post_inicial\"],\"inLanguage\":\"es\",\"potentialAction\":[{\"@type\":\"CommentAction\",\"name\":\"Comment\",\"target\":[\"https:\\\/\\\/destinocastillayleon.es\\\/index\\\/la-ruta-la-cucharita-magica-llega-valladolid\\\/#respond\"]}]},{\"@type\":\"WebPage\",\"@id\":\"https:\\\/\\\/destinocastillayleon.es\\\/index\\\/la-ruta-la-cucharita-magica-llega-valladolid\\\/\",\"url\":\"https:\\\/\\\/destinocastillayleon.es\\\/index\\\/la-ruta-la-cucharita-magica-llega-valladolid\\\/\",\"name\":\"La ruta de la Cuchara M\u00e1gica llega a Valladolid\",\"isPartOf\":{\"@id\":\"https:\\\/\\\/destinocastillayleon.es\\\/index\\\/#website\"},\"primaryImageOfPage\":{\"@id\":\"https:\\\/\\\/destinocastillayleon.es\\\/index\\\/la-ruta-la-cucharita-magica-llega-valladolid\\\/#primaryimage\"},\"image\":{\"@id\":\"https:\\\/\\\/destinocastillayleon.es\\\/index\\\/la-ruta-la-cucharita-magica-llega-valladolid\\\/#primaryimage\"},\"thumbnailUrl\":\"https:\\\/\\\/destinocastillayleon.es\\\/index\\\/wp-content\\\/uploads\\\/2014\\\/02\\\/la-cuchara-magica-_foto-plaza-mayor1-e1391596490268.jpg\",\"datePublished\":\"2014-02-05T10:45:36+00:00\",\"dateModified\":\"2014-11-13T10:47:24+00:00\",\"author\":{\"@id\":\"https:\\\/\\\/destinocastillayleon.es\\\/index\\\/#\\\/schema\\\/person\\\/49ffcb7eb307589ba529009335ed7767\"},\"description\":\"Por 2 y 3 euros podr\u00e1s tapear una cazuelita dentro de la ruta de la cuchara junto a un buen vino en 30 establecimientos de Valladolid de lunes a viernes, al mediod\u00eda, durante el invierno\",\"breadcrumb\":{\"@id\":\"https:\\\/\\\/destinocastillayleon.es\\\/index\\\/la-ruta-la-cucharita-magica-llega-valladolid\\\/#breadcrumb\"},\"inLanguage\":\"es\",\"potentialAction\":[{\"@type\":\"ReadAction\",\"target\":[\"https:\\\/\\\/destinocastillayleon.es\\\/index\\\/la-ruta-la-cucharita-magica-llega-valladolid\\\/\"]}]},{\"@type\":\"ImageObject\",\"inLanguage\":\"es\",\"@id\":\"https:\\\/\\\/destinocastillayleon.es\\\/index\\\/la-ruta-la-cucharita-magica-llega-valladolid\\\/#primaryimage\",\"url\":\"https:\\\/\\\/destinocastillayleon.es\\\/index\\\/wp-content\\\/uploads\\\/2014\\\/02\\\/la-cuchara-magica-_foto-plaza-mayor1-e1391596490268.jpg\",\"contentUrl\":\"https:\\\/\\\/destinocastillayleon.es\\\/index\\\/wp-content\\\/uploads\\\/2014\\\/02\\\/la-cuchara-magica-_foto-plaza-mayor1-e1391596490268.jpg\",\"width\":640,\"height\":478,\"caption\":\"ruta de la cuchara m\u00e1gica de la abuela en Valladolid 2014\"},{\"@type\":\"BreadcrumbList\",\"@id\":\"https:\\\/\\\/destinocastillayleon.es\\\/index\\\/la-ruta-la-cucharita-magica-llega-valladolid\\\/#breadcrumb\",\"itemListElement\":[{\"@type\":\"ListItem\",\"position\":1,\"name\":\"Portada\",\"item\":\"https:\\\/\\\/destinocastillayleon.es\\\/index\\\/\"},{\"@type\":\"ListItem\",\"position\":2,\"name\":\"La ruta de la Cuchara M\u00e1gica llega a Valladolid\"}]},{\"@type\":\"WebSite\",\"@id\":\"https:\\\/\\\/destinocastillayleon.es\\\/index\\\/#website\",\"url\":\"https:\\\/\\\/destinocastillayleon.es\\\/index\\\/\",\"name\":\"Destino Castilla y Le\u00f3n\",\"description\":\"Medio digital independiente y revista de Castilla y Le\u00f3n dedicado al turismo, gastronom\u00eda y vino de Castilla y Le\u00f3n\",\"potentialAction\":[{\"@type\":\"SearchAction\",\"target\":{\"@type\":\"EntryPoint\",\"urlTemplate\":\"https:\\\/\\\/destinocastillayleon.es\\\/index\\\/?s={search_term_string}\"},\"query-input\":{\"@type\":\"PropertyValueSpecification\",\"valueRequired\":true,\"valueName\":\"search_term_string\"}}],\"inLanguage\":\"es\"},{\"@type\":\"Person\",\"@id\":\"https:\\\/\\\/destinocastillayleon.es\\\/index\\\/#\\\/schema\\\/person\\\/49ffcb7eb307589ba529009335ed7767\",\"name\":\"Lola Hernandez\",\"image\":{\"@type\":\"ImageObject\",\"inLanguage\":\"es\",\"@id\":\"https:\\\/\\\/secure.gravatar.com\\\/avatar\\\/72ead65e55ad0522fba484acfe2842bf78b2f7c727df41d76fed78a85519da34?s=96&d=mm&r=g\",\"url\":\"https:\\\/\\\/secure.gravatar.com\\\/avatar\\\/72ead65e55ad0522fba484acfe2842bf78b2f7c727df41d76fed78a85519da34?s=96&d=mm&r=g\",\"contentUrl\":\"https:\\\/\\\/secure.gravatar.com\\\/avatar\\\/72ead65e55ad0522fba484acfe2842bf78b2f7c727df41d76fed78a85519da34?s=96&d=mm&r=g\",\"caption\":\"Lola Hernandez\"},\"description\":\"Lola Hern\u00e1ndez fue fundadora y directora de www.destinocastillayleon.es Escribiendo sobre turismo, gastronom\u00eda y vino de su tierra de origen, Castilla y Le\u00f3n.\",\"sameAs\":[\"http:\\\/\\\/www.destinoysabor.com\\\/blog\"],\"url\":\"https:\\\/\\\/destinocastillayleon.es\\\/index\\\/author\\\/lola-hernandez\\\/\"}]}<\/script>\n<!-- \/ Yoast SEO Premium plugin. -->","yoast_head_json":{"title":"La ruta de la Cuchara M\u00e1gica llega a Valladolid","description":"Por 2 y 3 euros podr\u00e1s tapear una cazuelita dentro de la ruta de la cuchara junto a un buen vino en 30 establecimientos de Valladolid de lunes a viernes, al mediod\u00eda, durante el invierno","robots":{"index":"index","follow":"follow","max-snippet":"max-snippet:-1","max-image-preview":"max-image-preview:large","max-video-preview":"max-video-preview:-1"},"canonical":"https:\/\/destinocastillayleon.es\/index\/la-ruta-la-cucharita-magica-llega-valladolid\/","og_locale":"es_ES","og_type":"article","og_title":"La ruta de la Cuchara M\u00e1gica llega a Valladolid","og_description":"Por 2 y 3 euros podr\u00e1s tapear una cazuelita de cuchara y un buen vino en 30 establecimientos de Valladolid de lunes a viernes, al mediod\u00eda, durante todo el invierno","og_url":"https:\/\/destinocastillayleon.es\/index\/la-ruta-la-cucharita-magica-llega-valladolid\/","og_site_name":"Destino Castilla y Le\u00f3n","article_publisher":"https:\/\/www.facebook.com\/DestinoCastillaYLeon\/","article_published_time":"2014-02-05T10:45:36+00:00","article_modified_time":"2014-11-13T10:47:24+00:00","og_image":[{"width":640,"height":478,"url":"https:\/\/destinocastillayleon.es\/index\/wp-content\/uploads\/2014\/02\/la-cuchara-magica-_foto-plaza-mayor1-e1391596490268.jpg","type":"image\/jpeg"}],"author":"Lola Hernandez","twitter_card":"summary_large_image","twitter_creator":"@destinocyl","twitter_site":"@destinocyl","twitter_misc":{"Escrito por":"Lola Hernandez","Tiempo de lectura":"3 minutos"},"schema":{"@context":"https:\/\/schema.org","@graph":[{"@type":"Article","@id":"https:\/\/destinocastillayleon.es\/index\/la-ruta-la-cucharita-magica-llega-valladolid\/#article","isPartOf":{"@id":"https:\/\/destinocastillayleon.es\/index\/la-ruta-la-cucharita-magica-llega-valladolid\/"},"author":{"name":"Lola Hernandez","@id":"https:\/\/destinocastillayleon.es\/index\/#\/schema\/person\/49ffcb7eb307589ba529009335ed7767"},"headline":"La ruta de la Cuchara M\u00e1gica llega a Valladolid","datePublished":"2014-02-05T10:45:36+00:00","dateModified":"2014-11-13T10:47:24+00:00","mainEntityOfPage":{"@id":"https:\/\/destinocastillayleon.es\/index\/la-ruta-la-cucharita-magica-llega-valladolid\/"},"wordCount":689,"commentCount":0,"image":{"@id":"https:\/\/destinocastillayleon.es\/index\/la-ruta-la-cucharita-magica-llega-valladolid\/#primaryimage"},"thumbnailUrl":"https:\/\/destinocastillayleon.es\/index\/wp-content\/uploads\/2014\/02\/la-cuchara-magica-_foto-plaza-mayor1-e1391596490268.jpg","keywords":["feria de la cuchara en Valladolid","gastronom\u00eda de valladolid","La ruta de la Cuchara M\u00e1gica llega a Valladolid","Ruta de la Cuchara M\u00e1gica 2014","Ruta de tapeo Valladolid","Tapear al mediod\u00eda en Valladolid","Tapear en Valladolid","tapeo por Valladolid"],"articleSection":["Agenda","Post_inicial"],"inLanguage":"es","potentialAction":[{"@type":"CommentAction","name":"Comment","target":["https:\/\/destinocastillayleon.es\/index\/la-ruta-la-cucharita-magica-llega-valladolid\/#respond"]}]},{"@type":"WebPage","@id":"https:\/\/destinocastillayleon.es\/index\/la-ruta-la-cucharita-magica-llega-valladolid\/","url":"https:\/\/destinocastillayleon.es\/index\/la-ruta-la-cucharita-magica-llega-valladolid\/","name":"La ruta de la Cuchara M\u00e1gica llega a Valladolid","isPartOf":{"@id":"https:\/\/destinocastillayleon.es\/index\/#website"},"primaryImageOfPage":{"@id":"https:\/\/destinocastillayleon.es\/index\/la-ruta-la-cucharita-magica-llega-valladolid\/#primaryimage"},"image":{"@id":"https:\/\/destinocastillayleon.es\/index\/la-ruta-la-cucharita-magica-llega-valladolid\/#primaryimage"},"thumbnailUrl":"https:\/\/destinocastillayleon.es\/index\/wp-content\/uploads\/2014\/02\/la-cuchara-magica-_foto-plaza-mayor1-e1391596490268.jpg","datePublished":"2014-02-05T10:45:36+00:00","dateModified":"2014-11-13T10:47:24+00:00","author":{"@id":"https:\/\/destinocastillayleon.es\/index\/#\/schema\/person\/49ffcb7eb307589ba529009335ed7767"},"description":"Por 2 y 3 euros podr\u00e1s tapear una cazuelita dentro de la ruta de la cuchara junto a un buen vino en 30 establecimientos de Valladolid de lunes a viernes, al mediod\u00eda, durante el invierno","breadcrumb":{"@id":"https:\/\/destinocastillayleon.es\/index\/la-ruta-la-cucharita-magica-llega-valladolid\/#breadcrumb"},"inLanguage":"es","potentialAction":[{"@type":"ReadAction","target":["https:\/\/destinocastillayleon.es\/index\/la-ruta-la-cucharita-magica-llega-valladolid\/"]}]},{"@type":"ImageObject","inLanguage":"es","@id":"https:\/\/destinocastillayleon.es\/index\/la-ruta-la-cucharita-magica-llega-valladolid\/#primaryimage","url":"https:\/\/destinocastillayleon.es\/index\/wp-content\/uploads\/2014\/02\/la-cuchara-magica-_foto-plaza-mayor1-e1391596490268.jpg","contentUrl":"https:\/\/destinocastillayleon.es\/index\/wp-content\/uploads\/2014\/02\/la-cuchara-magica-_foto-plaza-mayor1-e1391596490268.jpg","width":640,"height":478,"caption":"ruta de la cuchara m\u00e1gica de la abuela en Valladolid 2014"},{"@type":"BreadcrumbList","@id":"https:\/\/destinocastillayleon.es\/index\/la-ruta-la-cucharita-magica-llega-valladolid\/#breadcrumb","itemListElement":[{"@type":"ListItem","position":1,"name":"Portada","item":"https:\/\/destinocastillayleon.es\/index\/"},{"@type":"ListItem","position":2,"name":"La ruta de la Cuchara M\u00e1gica llega a Valladolid"}]},{"@type":"WebSite","@id":"https:\/\/destinocastillayleon.es\/index\/#website","url":"https:\/\/destinocastillayleon.es\/index\/","name":"Destino Castilla y Le\u00f3n","description":"Medio digital independiente y revista de Castilla y Le\u00f3n dedicado al turismo, gastronom\u00eda y vino de Castilla y Le\u00f3n","potentialAction":[{"@type":"SearchAction","target":{"@type":"EntryPoint","urlTemplate":"https:\/\/destinocastillayleon.es\/index\/?s={search_term_string}"},"query-input":{"@type":"PropertyValueSpecification","valueRequired":true,"valueName":"search_term_string"}}],"inLanguage":"es"},{"@type":"Person","@id":"https:\/\/destinocastillayleon.es\/index\/#\/schema\/person\/49ffcb7eb307589ba529009335ed7767","name":"Lola Hernandez","image":{"@type":"ImageObject","inLanguage":"es","@id":"https:\/\/secure.gravatar.com\/avatar\/72ead65e55ad0522fba484acfe2842bf78b2f7c727df41d76fed78a85519da34?s=96&d=mm&r=g","url":"https:\/\/secure.gravatar.com\/avatar\/72ead65e55ad0522fba484acfe2842bf78b2f7c727df41d76fed78a85519da34?s=96&d=mm&r=g","contentUrl":"https:\/\/secure.gravatar.com\/avatar\/72ead65e55ad0522fba484acfe2842bf78b2f7c727df41d76fed78a85519da34?s=96&d=mm&r=g","caption":"Lola Hernandez"},"description":"Lola Hern\u00e1ndez fue fundadora y directora de www.destinocastillayleon.es Escribiendo sobre turismo, gastronom\u00eda y vino de su tierra de origen, Castilla y Le\u00f3n.","sameAs":["http:\/\/www.destinoysabor.com\/blog"],"url":"https:\/\/destinocastillayleon.es\/index\/author\/lola-hernandez\/"}]}},"_links":{"self":[{"href":"https:\/\/destinocastillayleon.es\/index\/wp-json\/wp\/v2\/posts\/10842","targetHints":{"allow":["GET"]}}],"collection":[{"href":"https:\/\/destinocastillayleon.es\/index\/wp-json\/wp\/v2\/posts"}],"about":[{"href":"https:\/\/destinocastillayleon.es\/index\/wp-json\/wp\/v2\/types\/post"}],"author":[{"embeddable":true,"href":"https:\/\/destinocastillayleon.es\/index\/wp-json\/wp\/v2\/users\/6"}],"replies":[{"embeddable":true,"href":"https:\/\/destinocastillayleon.es\/index\/wp-json\/wp\/v2\/comments?post=10842"}],"version-history":[{"count":11,"href":"https:\/\/destinocastillayleon.es\/index\/wp-json\/wp\/v2\/posts\/10842\/revisions"}],"predecessor-version":[{"id":16877,"href":"https:\/\/destinocastillayleon.es\/index\/wp-json\/wp\/v2\/posts\/10842\/revisions\/16877"}],"wp:featuredmedia":[{"embeddable":true,"href":"https:\/\/destinocastillayleon.es\/index\/wp-json\/wp\/v2\/media\/10850"}],"wp:attachment":[{"href":"https:\/\/destinocastillayleon.es\/index\/wp-json\/wp\/v2\/media?parent=10842"}],"wp:term":[{"taxonomy":"category","embeddable":true,"href":"https:\/\/destinocastillayleon.es\/index\/wp-json\/wp\/v2\/categories?post=10842"},{"taxonomy":"post_tag","embeddable":true,"href":"https:\/\/destinocastillayleon.es\/index\/wp-json\/wp\/v2\/tags?post=10842"}],"curies":[{"name":"wp","href":"https:\/\/api.w.org\/{rel}","templated":true}]}}