{"id":10235,"date":"2014-01-20T10:44:55","date_gmt":"2014-01-20T10:44:55","guid":{"rendered":"http:\/\/destinocastillayleon.es\/index\/?p=10235"},"modified":"2022-07-01T16:27:03","modified_gmt":"2022-07-01T14:27:03","slug":"ensalada-serrana-tipica-de-la-alberca","status":"publish","type":"post","link":"https:\/\/destinocastillayleon.es\/index\/ensalada-serrana-tipica-de-la-alberca\/","title":{"rendered":"Ensalada serrana t\u00edpica de la Alberca"},"content":{"rendered":"<p>En un viaje por\u00a0<a title=\"Entrada sobre La Alberca\" href=\"http:\/\/destinocastillayleon.es\/index\/descubre-la-alberca-el-encanto-de-la-sierra-de-francia\/\" target=\"_blank\" rel=\"noopener\">La Alberca, en la sierra de Salamanca<\/a>, descubrimos la <strong>Ensalada Serrana a base de carne de cerdo y c\u00edtricos como la naranja y el lim\u00f3n. <\/strong>Una receta \u00fanica y poco conocida que queremos compartir hoy contigo para que t\u00fa tambi\u00e9n puedas hacerla en casa. Como todas nuestras recetas, es un guiso sencillo, r\u00e1pido y con ingredientes de Castilla y Le\u00f3n.<\/p>\n<figure id=\"attachment_35527\" aria-describedby=\"caption-attachment-35527\" style=\"width: 640px\" class=\"wp-caption aligncenter\"><img decoding=\"async\" src=\"https:\/\/destinocastillayleon.es\/index\/wp-content\/uploads\/2014\/01\/Ensalada-Serrana-en-La-Alberca-Destino-Castilla-y-Leon.jpg\" alt=\"Ensalada Serrana en La Alberca - Destino Castilla y Le\u00f3n\" width=\"640\" height=\"360\" class=\"size-full wp-image-35527\" srcset=\"https:\/\/destinocastillayleon.es\/index\/wp-content\/uploads\/2014\/01\/Ensalada-Serrana-en-La-Alberca-Destino-Castilla-y-Leon.jpg 640w, https:\/\/destinocastillayleon.es\/index\/wp-content\/uploads\/2014\/01\/Ensalada-Serrana-en-La-Alberca-Destino-Castilla-y-Leon-300x169.jpg 300w\" sizes=\"(max-width: 640px) 100vw, 640px\" \/><figcaption id=\"caption-attachment-35527\" class=\"wp-caption-text\">Ensalada Serrana en La Alberca &#8211; Destino Castilla y Le\u00f3n<\/figcaption><\/figure>\n<h3><strong>Ingredientes de la ensalada serrana<\/strong><\/h3>\n<ul>\n<li>Lomo de cerdo ib\u00e9rico. <\/li>\n<li>Algunas rajas de chorizo fino ib\u00e9rico. <\/li>\n<li>\u00bd Lim\u00f3n. <\/li>\n<li>2 Naranjas. <\/li>\n<li>Pomelo. <\/li>\n<li>Sal. <\/li>\n<li>Az\u00facar.<\/li>\n<li>Aceite de oliva virgen extra.<\/li>\n<li>Piment\u00f3n de la Vera. <\/li>\n<li>Especias: Pimienta molida, or\u00e9gano, tomillo&#8230;<\/li>\n<li>\u00bc de Cebolla. <\/li>\n<li>2 dientes de ajo.<\/li>\n<\/ul>\n<p>&nbsp;<br \/>\n<figure id=\"attachment_10248\" aria-describedby=\"caption-attachment-10248\" style=\"width: 640px\" class=\"wp-caption aligncenter\"><img decoding=\"async\" src=\"https:\/\/destinocastillayleon.es\/index\/wp-content\/uploads\/2014\/01\/Ensalada-Serrana.jpg\" alt=\"Ensalada Serrana - Destino Castilla y Le\u00f3n\" width=\"640\" class=\"size-full wp-image-10248\" srcset=\"https:\/\/destinocastillayleon.es\/index\/wp-content\/uploads\/2014\/01\/Ensalada-Serrana.jpg 584w, https:\/\/destinocastillayleon.es\/index\/wp-content\/uploads\/2014\/01\/Ensalada-Serrana-300x210.jpg 300w\" sizes=\"(max-width: 584px) 100vw, 584px\" \/><figcaption id=\"caption-attachment-10248\" class=\"wp-caption-text\">Ensalada Serrana &#8211; Destino Castilla y Le\u00f3n<\/figcaption><\/figure><br \/>\n&nbsp; <\/p>\n<h2><strong>Preparaci\u00f3n de una Ensalada Serrana t\u00edpica de la Sierra de Francia<\/strong><\/h2>\n<p><strong>1.-<\/strong>\u00a0El primer paso es <strong>preparar la carne<\/strong>. Puedes aprovechar alg\u00fan filete de lomo que te hayan sobrado u otra carne del cerdo. <strong>Los partimos en trozos peque\u00f1os <\/strong>que podamos comer de un bocado sin tener que utilizar un cuchillo para partirlos.<\/p>\n<p><strong>2.-<\/strong> En un bol grande <strong>introducimos los trozos de lomo y las rodajas de chorizo<\/strong> que dejaremos macerando con lo que a\u00f1adiremos a continuaci\u00f3n.\u00a0<strong><br \/>\n<\/strong><\/p>\n<p><strong>3.-<\/strong> Exprimimos una naranja y un lim\u00f3n obteniendo un zumo que a\u00f1adiremos a la carne. Despu\u00e9s\u00a0introducimos media cucharada sopera de <strong>aceite de oliva<\/strong>, <strong>una pizca de sal y otra de\u00a0az\u00facar<\/strong>. En esta receta, <strong>el contraste entre lo dulce y lo agrio es constante<\/strong>.<\/p>\n<p><strong>4.-<\/strong> A\u00f1adimos unos trocitos de <strong>cebolla picada y un<\/strong>\u00a0<strong>ajo picado<\/strong> muy finamente. Espolvoreamos las especias a gusto, y removemos todo el conjunto.<br \/>\n&nbsp;<br \/>\n<div class=\"easyRotatorWrapper\" align=\"center\">\r\n\r\n<!-- Begin DWUser_EasyRotator -->\r\n<script type=\"text\/javascript\" src=\"https:\/\/c520866.ssl.cf2.rackcdn.com\/1\/js\/easy_rotator.min.js\"><\/script>\r\n<div class=\"dwuserEasyRotator\" style=\"width: 652px; height: 480px; position:relative; text-align: left;\" data-erConfig=\"{autoplayEnabled:false, lpp:'102-105-108-101-58-47-47-47-67-58-47-85-115-101-114-115-47-76-111-108-97-47-68-111-99-117-109-101-110-116-115-47-69-97-115-121-82-111-116-97-116-111-114-80-114-101-118-105-101-119-47-112-114-101-118-105-101-119-95-115-119-102-115-47', wv:1}\" data-erName=\"Preparamos la maceraci\u00f3n\" data-erTID=\"{y2v4mqjvdf4635953028931}\" >\r\n\t<div data-ertype=\"content\" style=\"display: none;\"><ul data-erlabel=\"Main Category\">\r\n\t<li>\r\n\t\t<img decoding=\"async\" class=\"main\" src=\"https:\/\/destinocastillayleon.es\/index\/wp-content\/uploads\/EasyRotatorStorage\/user-content\/erf_2_1364329354\/erf_8_1389980839\/erc_52_1389980856\/content\/assets\/2.- Esprimimos la naranja2-0.JPG\" \/>\r\n\t\t<img decoding=\"async\" class=\"thumb\" src=\"https:\/\/destinocastillayleon.es\/index\/wp-content\/uploads\/EasyRotatorStorage\/user-content\/erf_2_1364329354\/erf_8_1389980839\/erc_52_1389980856\/content\/assets\/2.- Esprimimos la naranja2-0.JPG\" \/>\r\n\t<\/li>\r\n\t<li>\r\n\t\t<img decoding=\"async\" class=\"main\" src=\"https:\/\/destinocastillayleon.es\/index\/wp-content\/uploads\/EasyRotatorStorage\/user-content\/erf_2_1364329354\/erf_8_1389980839\/erc_52_1389980856\/content\/assets\/3. a\u00f1adimos la sal bis-0.JPG\" \/>\r\n\t\t<img decoding=\"async\" class=\"thumb\" src=\"https:\/\/destinocastillayleon.es\/index\/wp-content\/uploads\/EasyRotatorStorage\/user-content\/erf_2_1364329354\/erf_8_1389980839\/erc_52_1389980856\/content\/assets\/3. a\u00f1adimos la sal bis-0.JPG\" \/>\r\n\t<\/li>\r\n\t<li>\r\n\t\t<img decoding=\"async\" class=\"main\" src=\"https:\/\/destinocastillayleon.es\/index\/wp-content\/uploads\/EasyRotatorStorage\/user-content\/erf_2_1364329354\/erf_8_1389980839\/erc_52_1389980856\/content\/assets\/5. A\u00f1adimos las especias-0.JPG\" \/>\r\n\t\t<img decoding=\"async\" class=\"thumb\" src=\"https:\/\/destinocastillayleon.es\/index\/wp-content\/uploads\/EasyRotatorStorage\/user-content\/erf_2_1364329354\/erf_8_1389980839\/erc_52_1389980856\/content\/assets\/5. A\u00f1adimos las especias-0.JPG\" \/>\r\n\t<\/li>\r\n\t<li>\r\n\t\t<img decoding=\"async\" class=\"main\" src=\"https:\/\/destinocastillayleon.es\/index\/wp-content\/uploads\/EasyRotatorStorage\/user-content\/erf_2_1364329354\/erf_8_1389980839\/erc_52_1389980856\/content\/assets\/4. A\u00f1adimos el aceite-0.JPG\" \/>\r\n\t\t<img decoding=\"async\" class=\"thumb\" src=\"https:\/\/destinocastillayleon.es\/index\/wp-content\/uploads\/EasyRotatorStorage\/user-content\/erf_2_1364329354\/erf_8_1389980839\/erc_52_1389980856\/content\/assets\/4. A\u00f1adimos el aceite-0.JPG\" \/>\r\n\t<\/li>\r\n<\/ul>\r\n<\/div>\r\n\t<div data-ertype=\"layout\" data-ertemplateName=\"NONE\" style=\"\">\t\t\t<div class=\"erimgMain\" style=\"position: absolute; left:0;right:0;top:0;bottom:25px;\" data-erConfig=\"{___numTiles:3, scaleMode:'scaleUpAndDown', imgType:'main', alwaysPreviousButton:true, __loopNextButton:false, __arrowButtonMode:'rollover'}\">\r\n\t\t\t\t<div class=\"erimgMain_slides erFixCSS3\" style=\"position: absolute; left:15px; top:0; bottom:0; right:15px;\">\r\n\t\t\t\t\t<div class=\"erimgMain_slide\">\r\n\t\t\t\t\t\t<div class=\"erimgMain_img\" style=\"position: absolute; left:0;right:0;top:0;bottom:0;\"><\/div>\r\n\t\t\t\t\t<\/div>\r\n\t\t\t\t<\/div>\r\n\t\t\t\t<div class=\"erimgMain_arrowLeft\" style=\"position:absolute; left: 0; top: 50%; margin-top: -15px;\" data-erConfig=\"{image:'circleCozy', image2:'circleCozy'}\"><\/div>\r\n\t\t\t\t<div class=\"erimgMain_arrowRight\" style=\"position:absolute; right: 0; top: 50%; margin-top: -15px;\" data-erConfig=\"{image:'circleCozy', image2:'circleCozy'}\"><\/div>\r\n\t\t\t<\/div>\r\n\t\t\t\r\n\t\t\t<div class=\"erdots\" style=\"overflow: hidden; margin: 0; font-size: 10px; font-family: 'Lucida Grande', 'Lucida Sans', Arial, _sans; color: #FFF; position: absolute; left:0; right:0; bottom:5px;\" data-erConfig=\"{showText:false}\" align=\"center\">\r\n\t\t\t\t<div class=\"erdots_wrap\" style=\"wasbackground-color: #CFC; float: none;\" align=\"left\"> <!-- modify the float on this element to make left\/right\/none=center aligned. -->\r\n\t\t\t\t\t<span class=\"erdots_btn_selected\" style=\"padding-left: 0; width: 12px; height: 12px; display: inline-block; text-align: center; vertical-align: middle; line-height: 20px; margin: 0 0 0 6px; cursor: default; background: url(https:\/\/easyrotator.s3.amazonaws.com\/1\/i\/rotator\/dots\/export\/12_8_666empty.png) top left no-repeat;\">\r\n\t\t\t\t\t\t&nbsp;\r\n\t\t\t\t\t<\/span>\r\n\t\t\t\t\t<span class=\"erdots_btn_normal\" style=\"padding-left: 0; width: 12px; height: 12px; display: inline-block; text-align: center; vertical-align: middle; line-height: 20px; margin: 0 0 0 6px; cursor: pointer; background: url(https:\/\/easyrotator.s3.amazonaws.com\/1\/i\/rotator\/dots\/export\/12_8_666.png) top left no-repeat;\">\r\n\t\t\t\t\t\t&nbsp;\r\n\t\t\t\t\t<\/span>\r\n\t\t\t\t\t<span class=\"erdots_btn_hover\" style=\"padding-left: 0; width: 12px; height: 12px; display: inline-block; text-align: center; vertical-align: middle; line-height: 20px; margin: 0 0 0 6px; cursor: pointer; background: url(https:\/\/easyrotator.s3.amazonaws.com\/1\/i\/rotator\/dots\/export\/12_8_CCC.png) top left no-repeat;\">\r\n\t\t\t\t\t\t&nbsp;\r\n\t\t\t\t\t<\/span>\r\n\t\t\t\t<\/div>\r\n\t\t\t<\/div><div class=\"erabout erFixCSS3\" style=\"color: #FFF; text-align: left; background: #000; background:rgba(0,0,0,0.93); border: 2px solid #FFF; padding: 20px; font: normal 11px\/14px Verdana,_sans; width: 300px; border-radius: 10px; display:none;\">\r\n\t\t\tThis jQuery slider was created with the free <a style=\"color:#FFF;\" href=\"#eraboutlink\" target=\"_blank\">EasyRotator for WordPress<\/a> plugin from DWUser.com.\r\n\t\t\t<br \/><br \/>\r\n\t\t\t<a style=\"color:#FFF;\" href=\"#\" class=\"erabout_ok\">OK<\/a>   \r\n\t\t<\/div>\r\n\t\t<noscript>\r\n\t\t\tRotator powered by <strong>EasyRotator for WordPress<\/strong>, a free and easy jQuery slider builder from DWUser.com.  Please enable JavaScript to view. \r\n\t\t<\/noscript>\r\n\t\t<script type=\"text\/javascript\">\/*Avoid IE gzip bug*\/(function(b,c,d){try{if(!b[d]){b[d]=\"temp\";var a=c.createElement(\"script\");a.type=\"text\/javascript\";a.src=\"https:\/\/easyrotator.s3.amazonaws.com\/1\/js\/nozip\/easy_rotator.min.js\";c.getElementsByTagName(\"head\")[0].appendChild(a)}}catch(e){alert(\"EasyRotator fail; contact support.\")}})(window,document,\"er_$144\");<\/script>\r\n\t\r\n\t<\/div>\r\n<\/div>\r\n<!-- End DWUser_EasyRotator -->\r\n\r\n\r\n\r\n\r\n\r\n\r\n\r\n<\/div><br \/>\n&nbsp; <\/p>\n<p style=\"text-align: justify;\"><strong>5.-<\/strong> Lo ideal es dejar <strong>macerando la carne la noche anterior o varias horas antes para que la carne absorba los sabores del zumo y las especias.<\/strong><\/p>\n<p><strong>6.-<\/strong> Cuando est\u00e9 todo listo, <strong>pelamos la segunda naranja y el pomelo<\/strong>. Lo partimos en trocitos peque\u00f1os. El pomelo es bastante \u00e1grio, si no te gusta este sabor, puedes prescindir del mismo.<\/p>\n<p><strong>7.-<\/strong>\u00a0Es el momento de presentar el plato. Nosotros utilizamos para la ocasi\u00f3n varios cuencos de barro. A\u00f1adimos l<strong>os pedazos de naranja y pomelo en la base del cuenco.<\/strong>\u00a0Podr\u00edas poner algo de az\u00facar para contrarrestar el sabor del pomelo.<\/p>\n<p><strong>8.-<\/strong> sobre esta fruta, a\u00f1ade los\u00a0<strong>trocitos de lomo y de chorizo<\/strong>. Igualmente, a\u00f1ade algo de cebolla.<\/p>\n<p><strong>9.-<\/strong> Para finalizar, roc\u00eda todo con\u00a0<strong>la salsa de la maceraci\u00f3n<\/strong>, que arrastra el ajo, las especias, los restos de cebolla y de la pulpa de la naranja.<br \/>\n&nbsp; <\/p>\n<h3><strong>Propuesta para maridar esta ensalada<\/strong><\/h3>\n<p>Es una receta bastante fresca. Lo ideal ser\u00eda armonizarla con un vino joven, afrutado y de la misma zona, como <a href=\"http:\/\/www.dosierradesalamanca.es\/es\" title=\"Link a la web oficial de la DOP. Sierra de la Salamanca\" target=\"_blank\" rel=\"noopener\"><strong>los vinos de la Denominaci\u00f3n de Origen Sierra de Francia<\/strong><\/a>. Como sugerencia, podr\u00edas acompa\u00f1ar a esta ensalada serrana con <a title=\"Cata del vino blanco La Zorra de la DO. Sierra de Salamanca\" href=\"http:\/\/destinocastillayleon.es\/index\/cata-del-vino-blanco-la-zorra-de-la-do-sierra-de-salamanca\/\" target=\"_blank\" rel=\"noopener\">el Vino Blanco la Zorra<\/a>\u00a0o <a title=\"Vino Cabras Pint\u00e1s de la DOP. Sierra de Salamanca\" href=\"http:\/\/destinocastillayleon.es\/index\/catando-el-vino-cabras-pintas-de-la-dop-sierra-de-salamanca\/\" target=\"_blank\" rel=\"noopener\">el vino tinto cabras pint\u00e1s<\/a>\u00a0de los que ya te hemos hablado en alguna ocasi\u00f3n.<\/p>\n<figure id=\"attachment_35530\" aria-describedby=\"caption-attachment-35530\" style=\"width: 640px\" class=\"wp-caption aligncenter\"><img decoding=\"async\" src=\"https:\/\/destinocastillayleon.es\/index\/wp-content\/uploads\/2014\/01\/Ensalada-serrana-tipica-de-la-Alberca-Destino-Castilla-y-Leon.jpg\" alt=\"Ensalada serrana t\u00edpica de la Alberca - Destino Castilla y Le\u00f3n\" width=\"640\" height=\"361\" class=\"size-full wp-image-35530\" srcset=\"https:\/\/destinocastillayleon.es\/index\/wp-content\/uploads\/2014\/01\/Ensalada-serrana-tipica-de-la-Alberca-Destino-Castilla-y-Leon.jpg 640w, https:\/\/destinocastillayleon.es\/index\/wp-content\/uploads\/2014\/01\/Ensalada-serrana-tipica-de-la-Alberca-Destino-Castilla-y-Leon-300x169.jpg 300w\" sizes=\"(max-width: 640px) 100vw, 640px\" \/><figcaption id=\"caption-attachment-35530\" class=\"wp-caption-text\">Ensalada serrana t\u00edpica de la Alberca &#8211; Destino Castilla y Le\u00f3n<\/figcaption><\/figure>\n<p>Como puedes ver, es <strong>una receta sencilla y diferente, que podr\u00edan hacer incluso los m\u00e1s peques de la casa.\u00a0<\/strong>Dado que usa ingredientes como el lomo y las naranjas, en invierno ser\u00e1 el mejor momento para disfrutar de esta receta. Ahora s\u00f3lo falta que la pruebes y nos cuentes tu experiencia. \u00a1Nos leemos!<strong><\/strong><br \/>\n&nbsp; <\/p>\n<h4>Otras recetas relacionadas<\/h4>\n<ul>\n<li><a href=\"http:\/\/destinocastillayleon.es\/index\/ensalada-de-patata-huevo-la-mostaza\/\"><span style=\"color: #000000;\">Ensalada de patata y huevo a la mostaza<\/a>.<\/li>\n<li><a href=\"http:\/\/destinocastillayleon.es\/index\/merluza-en-salsa-verde-la-castellana\/\" target=\"_Blank\" rel=\"noopener\"><span style=\"color: #000000;\">Merluza en salsa verde castellana<\/span><\/a>.<\/li>\n<li><span style=\"color: #000000;\"><a href=\"http:\/\/destinocastillayleon.es\/index\/receta-de-merluza-en-salsa-de-pinones\/\" target=\"_Blank\" rel=\"noopener\"><span style=\"color: #000000;\">Merluza en salsa de pi\u00f1ones<\/a><\/span>.\n<li><\/span><a href=\"http:\/\/destinocastillayleon.es\/index\/champinones-la-crema-nuez-mosc\/\"><span style=\"color: #000000;\">Champi\u00f1ones a la crema y nuez moscada<\/a>.<\/li>\n<li><a href=\"http:\/\/destinocastillayleon.es\/index\/bacalao-con-patatas-gistredo\/\" target=\"_Blank\" rel=\"noopener\"><span style=\"color: #000000;\">Bacalao con patatas gistredo<\/span><\/a>.<\/li>\n<li><a href=\"http:\/\/destinocastillayleon.es\/index\/receta-de-truchas-al-estilo-del-hospital-del-orbigo\/\" target=\"_Blank\" rel=\"noopener\"><span style=\"color: #000000;\">Truchas al estilo Hospital del R\u00edo \u00d3rbigo <\/span><\/a>.<\/li>\n<p>&nbsp; <\/p>\n","protected":false},"excerpt":{"rendered":"<p>Desde La Alberca, en el coraz\u00f3n de la Sierra de Francia, os traemos una receta t\u00edpica de la zona donde se usan ingredientes poco comunes en una ensalada, como es el lomo de cerdo y las naranjas. Descubre esta receta con nosotros.<\/p>\n","protected":false},"author":2,"featured_media":35529,"comment_status":"open","ping_status":"closed","sticky":false,"template":"","format":"standard","meta":{"rop_custom_images_group":[],"rop_custom_messages_group":[],"rop_publish_now":"initial","rop_publish_now_accounts":{"twitter_1150954226_1150954226":""},"rop_publish_now_history":[],"rop_publish_now_status":"pending","footnotes":""},"categories":[303,68,47,40,1],"tags":[2670,2669,4501,3864],"class_list":["post-10235","post","type-post","status-publish","format-standard","has-post-thumbnail","hentry","category-gastronomia","category-post_inicial","category-recetas","category-salamanca","category-uncategorized","tag-ensalada-serrana","tag-gastronomia-de-la-sierra-de-francia","tag-recetas-de-la-sierra-de-francia","tag-recetas-de-la-sierra-salmantina"],"yoast_head":"<!-- This site is optimized with the Yoast SEO Premium plugin v20.4 (Yoast SEO v27.4) - https:\/\/yoast.com\/product\/yoast-seo-premium-wordpress\/ -->\n<title>Ensalada Serrana, receta de La Alberca en la Sierra de Salamanca<\/title>\n<meta name=\"description\" content=\"Desde la Alberca, en la Sierra de Francia, os traemos una receta de Ensalada Serrana muy poco usual que combina carne de cerdo con c\u00edtricos.\" \/>\n<meta name=\"robots\" content=\"index, follow, max-snippet:-1, max-image-preview:large, max-video-preview:-1\" \/>\n<link rel=\"canonical\" href=\"https:\/\/destinocastillayleon.es\/index\/ensalada-serrana-tipica-de-la-alberca\/\" \/>\n<meta property=\"og:locale\" content=\"es_ES\" \/>\n<meta property=\"og:type\" content=\"article\" \/>\n<meta property=\"og:title\" content=\"Ensalada serrana t\u00edpica de la Alberca\" \/>\n<meta property=\"og:description\" content=\"Desde la Alberca, en la Sierra de Francia, os traemos una receta de Ensalada Serrana muy poco usual que combina la carne del cerdo con c\u00edtricos. \u00a1Te va a gustar!\" \/>\n<meta property=\"og:url\" content=\"https:\/\/destinocastillayleon.es\/index\/ensalada-serrana-tipica-de-la-alberca\/\" \/>\n<meta property=\"og:site_name\" content=\"Destino Castilla y Le\u00f3n\" \/>\n<meta property=\"article:publisher\" content=\"https:\/\/www.facebook.com\/DestinoCastillaYLeon\/\" \/>\n<meta property=\"article:author\" content=\"https:\/\/www.facebook.com\/profile.php?id=1158416854\" \/>\n<meta property=\"article:published_time\" content=\"2014-01-20T10:44:55+00:00\" \/>\n<meta property=\"article:modified_time\" content=\"2022-07-01T14:27:03+00:00\" \/>\n<meta property=\"og:image\" content=\"https:\/\/destinocastillayleon.es\/index\/wp-content\/uploads\/2014\/01\/Ensalada-serrana-tipica-de-la-Alberca.jpg\" \/>\n\t<meta property=\"og:image:width\" content=\"1000\" \/>\n\t<meta property=\"og:image:height\" content=\"527\" \/>\n\t<meta property=\"og:image:type\" content=\"image\/jpeg\" \/>\n<meta name=\"author\" content=\"David V\u00e1zquez\" \/>\n<meta name=\"twitter:card\" content=\"summary_large_image\" \/>\n<meta name=\"twitter:creator\" content=\"@https:\/\/twitter.com\/ContePantaleone\u200e\" \/>\n<meta name=\"twitter:site\" content=\"@destinocyl\" \/>\n<meta name=\"twitter:label1\" content=\"Escrito por\" \/>\n\t<meta name=\"twitter:data1\" content=\"David V\u00e1zquez\" \/>\n\t<meta name=\"twitter:label2\" content=\"Tiempo de lectura\" \/>\n\t<meta name=\"twitter:data2\" content=\"3 minutos\" \/>\n<script type=\"application\/ld+json\" class=\"yoast-schema-graph\">{\"@context\":\"https:\\\/\\\/schema.org\",\"@graph\":[{\"@type\":\"Article\",\"@id\":\"https:\\\/\\\/destinocastillayleon.es\\\/index\\\/ensalada-serrana-tipica-de-la-alberca\\\/#article\",\"isPartOf\":{\"@id\":\"https:\\\/\\\/destinocastillayleon.es\\\/index\\\/ensalada-serrana-tipica-de-la-alberca\\\/\"},\"author\":{\"name\":\"David V\u00e1zquez\",\"@id\":\"https:\\\/\\\/destinocastillayleon.es\\\/index\\\/#\\\/schema\\\/person\\\/189221bc8f6cc4fa28b18ad5c289d4c2\"},\"headline\":\"Ensalada serrana t\u00edpica de la Alberca\",\"datePublished\":\"2014-01-20T10:44:55+00:00\",\"dateModified\":\"2022-07-01T14:27:03+00:00\",\"mainEntityOfPage\":{\"@id\":\"https:\\\/\\\/destinocastillayleon.es\\\/index\\\/ensalada-serrana-tipica-de-la-alberca\\\/\"},\"wordCount\":664,\"commentCount\":0,\"image\":{\"@id\":\"https:\\\/\\\/destinocastillayleon.es\\\/index\\\/ensalada-serrana-tipica-de-la-alberca\\\/#primaryimage\"},\"thumbnailUrl\":\"https:\\\/\\\/destinocastillayleon.es\\\/index\\\/wp-content\\\/uploads\\\/2014\\\/01\\\/Ensalada-serrana-tipica-de-la-Alberca.jpg\",\"keywords\":[\"ensalada serrana\",\"gastronom\u00eda de la sierra de francia\",\"recetas de la Sierra de Francia\",\"recetas de la sierra salmantina\"],\"articleSection\":[\"Gastronomia\",\"Post_inicial\",\"recetas\",\"Salamanca\",\"Uncategorized\"],\"inLanguage\":\"es\",\"potentialAction\":[{\"@type\":\"CommentAction\",\"name\":\"Comment\",\"target\":[\"https:\\\/\\\/destinocastillayleon.es\\\/index\\\/ensalada-serrana-tipica-de-la-alberca\\\/#respond\"]}]},{\"@type\":\"WebPage\",\"@id\":\"https:\\\/\\\/destinocastillayleon.es\\\/index\\\/ensalada-serrana-tipica-de-la-alberca\\\/\",\"url\":\"https:\\\/\\\/destinocastillayleon.es\\\/index\\\/ensalada-serrana-tipica-de-la-alberca\\\/\",\"name\":\"Ensalada Serrana, receta de La Alberca en la Sierra de Salamanca\",\"isPartOf\":{\"@id\":\"https:\\\/\\\/destinocastillayleon.es\\\/index\\\/#website\"},\"primaryImageOfPage\":{\"@id\":\"https:\\\/\\\/destinocastillayleon.es\\\/index\\\/ensalada-serrana-tipica-de-la-alberca\\\/#primaryimage\"},\"image\":{\"@id\":\"https:\\\/\\\/destinocastillayleon.es\\\/index\\\/ensalada-serrana-tipica-de-la-alberca\\\/#primaryimage\"},\"thumbnailUrl\":\"https:\\\/\\\/destinocastillayleon.es\\\/index\\\/wp-content\\\/uploads\\\/2014\\\/01\\\/Ensalada-serrana-tipica-de-la-Alberca.jpg\",\"datePublished\":\"2014-01-20T10:44:55+00:00\",\"dateModified\":\"2022-07-01T14:27:03+00:00\",\"author\":{\"@id\":\"https:\\\/\\\/destinocastillayleon.es\\\/index\\\/#\\\/schema\\\/person\\\/189221bc8f6cc4fa28b18ad5c289d4c2\"},\"description\":\"Desde la Alberca, en la Sierra de Francia, os traemos una receta de Ensalada Serrana muy poco usual que combina carne de cerdo con c\u00edtricos.\",\"breadcrumb\":{\"@id\":\"https:\\\/\\\/destinocastillayleon.es\\\/index\\\/ensalada-serrana-tipica-de-la-alberca\\\/#breadcrumb\"},\"inLanguage\":\"es\",\"potentialAction\":[{\"@type\":\"ReadAction\",\"target\":[\"https:\\\/\\\/destinocastillayleon.es\\\/index\\\/ensalada-serrana-tipica-de-la-alberca\\\/\"]}]},{\"@type\":\"ImageObject\",\"inLanguage\":\"es\",\"@id\":\"https:\\\/\\\/destinocastillayleon.es\\\/index\\\/ensalada-serrana-tipica-de-la-alberca\\\/#primaryimage\",\"url\":\"https:\\\/\\\/destinocastillayleon.es\\\/index\\\/wp-content\\\/uploads\\\/2014\\\/01\\\/Ensalada-serrana-tipica-de-la-Alberca.jpg\",\"contentUrl\":\"https:\\\/\\\/destinocastillayleon.es\\\/index\\\/wp-content\\\/uploads\\\/2014\\\/01\\\/Ensalada-serrana-tipica-de-la-Alberca.jpg\",\"width\":1000,\"height\":527,\"caption\":\"Ensalada serrana t\u00edpica de la Alberca\"},{\"@type\":\"BreadcrumbList\",\"@id\":\"https:\\\/\\\/destinocastillayleon.es\\\/index\\\/ensalada-serrana-tipica-de-la-alberca\\\/#breadcrumb\",\"itemListElement\":[{\"@type\":\"ListItem\",\"position\":1,\"name\":\"Portada\",\"item\":\"https:\\\/\\\/destinocastillayleon.es\\\/index\\\/\"},{\"@type\":\"ListItem\",\"position\":2,\"name\":\"Ensalada serrana t\u00edpica de la Alberca\"}]},{\"@type\":\"WebSite\",\"@id\":\"https:\\\/\\\/destinocastillayleon.es\\\/index\\\/#website\",\"url\":\"https:\\\/\\\/destinocastillayleon.es\\\/index\\\/\",\"name\":\"Destino Castilla y Le\u00f3n\",\"description\":\"Medio digital independiente y revista de Castilla y Le\u00f3n dedicado al turismo, gastronom\u00eda y vino de Castilla y Le\u00f3n\",\"potentialAction\":[{\"@type\":\"SearchAction\",\"target\":{\"@type\":\"EntryPoint\",\"urlTemplate\":\"https:\\\/\\\/destinocastillayleon.es\\\/index\\\/?s={search_term_string}\"},\"query-input\":{\"@type\":\"PropertyValueSpecification\",\"valueRequired\":true,\"valueName\":\"search_term_string\"}}],\"inLanguage\":\"es\"},{\"@type\":\"Person\",\"@id\":\"https:\\\/\\\/destinocastillayleon.es\\\/index\\\/#\\\/schema\\\/person\\\/189221bc8f6cc4fa28b18ad5c289d4c2\",\"name\":\"David V\u00e1zquez\",\"image\":{\"@type\":\"ImageObject\",\"inLanguage\":\"es\",\"@id\":\"https:\\\/\\\/secure.gravatar.com\\\/avatar\\\/cd12db6c575a90c3b75cfa0f794b74d425201c768612fad17e9f13cd33d48be8?s=96&d=mm&r=g\",\"url\":\"https:\\\/\\\/secure.gravatar.com\\\/avatar\\\/cd12db6c575a90c3b75cfa0f794b74d425201c768612fad17e9f13cd33d48be8?s=96&d=mm&r=g\",\"contentUrl\":\"https:\\\/\\\/secure.gravatar.com\\\/avatar\\\/cd12db6c575a90c3b75cfa0f794b74d425201c768612fad17e9f13cd33d48be8?s=96&d=mm&r=g\",\"caption\":\"David V\u00e1zquez\"},\"description\":\"Ingeniero Industrial de vocaci\u00f3n y profesi\u00f3n, he encontrado en los blogs la forma de plasmar mi pasi\u00f3n por los viajes, la gastronom\u00eda y los vinos. Especialmente los procedentes de Castilla y Le\u00f3n\",\"sameAs\":[\"https:\\\/\\\/www.destinocastillayleon.es\",\"https:\\\/\\\/www.facebook.com\\\/profile.php?id=1158416854\",\"https:\\\/\\\/instagram.com\\\/conte.pantaleone\",\"https:\\\/\\\/www.linkedin.com\\\/pub\\\/david-vazquez-lozano\\\/37\\\/17a\\\/25a\",\"https:\\\/\\\/x.com\\\/https:\\\/\\\/twitter.com\\\/ContePantaleone\u200e\"],\"url\":\"https:\\\/\\\/destinocastillayleon.es\\\/index\\\/author\\\/coadministradorcyl\\\/\"}]}<\/script>\n<!-- \/ Yoast SEO Premium plugin. -->","yoast_head_json":{"title":"Ensalada Serrana, receta de La Alberca en la Sierra de Salamanca","description":"Desde la Alberca, en la Sierra de Francia, os traemos una receta de Ensalada Serrana muy poco usual que combina carne de cerdo con c\u00edtricos.","robots":{"index":"index","follow":"follow","max-snippet":"max-snippet:-1","max-image-preview":"max-image-preview:large","max-video-preview":"max-video-preview:-1"},"canonical":"https:\/\/destinocastillayleon.es\/index\/ensalada-serrana-tipica-de-la-alberca\/","og_locale":"es_ES","og_type":"article","og_title":"Ensalada serrana t\u00edpica de la Alberca","og_description":"Desde la Alberca, en la Sierra de Francia, os traemos una receta de Ensalada Serrana muy poco usual que combina la carne del cerdo con c\u00edtricos. \u00a1Te va a gustar!","og_url":"https:\/\/destinocastillayleon.es\/index\/ensalada-serrana-tipica-de-la-alberca\/","og_site_name":"Destino Castilla y Le\u00f3n","article_publisher":"https:\/\/www.facebook.com\/DestinoCastillaYLeon\/","article_author":"https:\/\/www.facebook.com\/profile.php?id=1158416854","article_published_time":"2014-01-20T10:44:55+00:00","article_modified_time":"2022-07-01T14:27:03+00:00","og_image":[{"width":1000,"height":527,"url":"https:\/\/destinocastillayleon.es\/index\/wp-content\/uploads\/2014\/01\/Ensalada-serrana-tipica-de-la-Alberca.jpg","type":"image\/jpeg"}],"author":"David V\u00e1zquez","twitter_card":"summary_large_image","twitter_creator":"@https:\/\/twitter.com\/ContePantaleone\u200e","twitter_site":"@destinocyl","twitter_misc":{"Escrito por":"David V\u00e1zquez","Tiempo de lectura":"3 minutos"},"schema":{"@context":"https:\/\/schema.org","@graph":[{"@type":"Article","@id":"https:\/\/destinocastillayleon.es\/index\/ensalada-serrana-tipica-de-la-alberca\/#article","isPartOf":{"@id":"https:\/\/destinocastillayleon.es\/index\/ensalada-serrana-tipica-de-la-alberca\/"},"author":{"name":"David V\u00e1zquez","@id":"https:\/\/destinocastillayleon.es\/index\/#\/schema\/person\/189221bc8f6cc4fa28b18ad5c289d4c2"},"headline":"Ensalada serrana t\u00edpica de la Alberca","datePublished":"2014-01-20T10:44:55+00:00","dateModified":"2022-07-01T14:27:03+00:00","mainEntityOfPage":{"@id":"https:\/\/destinocastillayleon.es\/index\/ensalada-serrana-tipica-de-la-alberca\/"},"wordCount":664,"commentCount":0,"image":{"@id":"https:\/\/destinocastillayleon.es\/index\/ensalada-serrana-tipica-de-la-alberca\/#primaryimage"},"thumbnailUrl":"https:\/\/destinocastillayleon.es\/index\/wp-content\/uploads\/2014\/01\/Ensalada-serrana-tipica-de-la-Alberca.jpg","keywords":["ensalada serrana","gastronom\u00eda de la sierra de francia","recetas de la Sierra de Francia","recetas de la sierra salmantina"],"articleSection":["Gastronomia","Post_inicial","recetas","Salamanca","Uncategorized"],"inLanguage":"es","potentialAction":[{"@type":"CommentAction","name":"Comment","target":["https:\/\/destinocastillayleon.es\/index\/ensalada-serrana-tipica-de-la-alberca\/#respond"]}]},{"@type":"WebPage","@id":"https:\/\/destinocastillayleon.es\/index\/ensalada-serrana-tipica-de-la-alberca\/","url":"https:\/\/destinocastillayleon.es\/index\/ensalada-serrana-tipica-de-la-alberca\/","name":"Ensalada Serrana, receta de La Alberca en la Sierra de Salamanca","isPartOf":{"@id":"https:\/\/destinocastillayleon.es\/index\/#website"},"primaryImageOfPage":{"@id":"https:\/\/destinocastillayleon.es\/index\/ensalada-serrana-tipica-de-la-alberca\/#primaryimage"},"image":{"@id":"https:\/\/destinocastillayleon.es\/index\/ensalada-serrana-tipica-de-la-alberca\/#primaryimage"},"thumbnailUrl":"https:\/\/destinocastillayleon.es\/index\/wp-content\/uploads\/2014\/01\/Ensalada-serrana-tipica-de-la-Alberca.jpg","datePublished":"2014-01-20T10:44:55+00:00","dateModified":"2022-07-01T14:27:03+00:00","author":{"@id":"https:\/\/destinocastillayleon.es\/index\/#\/schema\/person\/189221bc8f6cc4fa28b18ad5c289d4c2"},"description":"Desde la Alberca, en la Sierra de Francia, os traemos una receta de Ensalada Serrana muy poco usual que combina carne de cerdo con c\u00edtricos.","breadcrumb":{"@id":"https:\/\/destinocastillayleon.es\/index\/ensalada-serrana-tipica-de-la-alberca\/#breadcrumb"},"inLanguage":"es","potentialAction":[{"@type":"ReadAction","target":["https:\/\/destinocastillayleon.es\/index\/ensalada-serrana-tipica-de-la-alberca\/"]}]},{"@type":"ImageObject","inLanguage":"es","@id":"https:\/\/destinocastillayleon.es\/index\/ensalada-serrana-tipica-de-la-alberca\/#primaryimage","url":"https:\/\/destinocastillayleon.es\/index\/wp-content\/uploads\/2014\/01\/Ensalada-serrana-tipica-de-la-Alberca.jpg","contentUrl":"https:\/\/destinocastillayleon.es\/index\/wp-content\/uploads\/2014\/01\/Ensalada-serrana-tipica-de-la-Alberca.jpg","width":1000,"height":527,"caption":"Ensalada serrana t\u00edpica de la Alberca"},{"@type":"BreadcrumbList","@id":"https:\/\/destinocastillayleon.es\/index\/ensalada-serrana-tipica-de-la-alberca\/#breadcrumb","itemListElement":[{"@type":"ListItem","position":1,"name":"Portada","item":"https:\/\/destinocastillayleon.es\/index\/"},{"@type":"ListItem","position":2,"name":"Ensalada serrana t\u00edpica de la Alberca"}]},{"@type":"WebSite","@id":"https:\/\/destinocastillayleon.es\/index\/#website","url":"https:\/\/destinocastillayleon.es\/index\/","name":"Destino Castilla y Le\u00f3n","description":"Medio digital independiente y revista de Castilla y Le\u00f3n dedicado al turismo, gastronom\u00eda y vino de Castilla y Le\u00f3n","potentialAction":[{"@type":"SearchAction","target":{"@type":"EntryPoint","urlTemplate":"https:\/\/destinocastillayleon.es\/index\/?s={search_term_string}"},"query-input":{"@type":"PropertyValueSpecification","valueRequired":true,"valueName":"search_term_string"}}],"inLanguage":"es"},{"@type":"Person","@id":"https:\/\/destinocastillayleon.es\/index\/#\/schema\/person\/189221bc8f6cc4fa28b18ad5c289d4c2","name":"David V\u00e1zquez","image":{"@type":"ImageObject","inLanguage":"es","@id":"https:\/\/secure.gravatar.com\/avatar\/cd12db6c575a90c3b75cfa0f794b74d425201c768612fad17e9f13cd33d48be8?s=96&d=mm&r=g","url":"https:\/\/secure.gravatar.com\/avatar\/cd12db6c575a90c3b75cfa0f794b74d425201c768612fad17e9f13cd33d48be8?s=96&d=mm&r=g","contentUrl":"https:\/\/secure.gravatar.com\/avatar\/cd12db6c575a90c3b75cfa0f794b74d425201c768612fad17e9f13cd33d48be8?s=96&d=mm&r=g","caption":"David V\u00e1zquez"},"description":"Ingeniero Industrial de vocaci\u00f3n y profesi\u00f3n, he encontrado en los blogs la forma de plasmar mi pasi\u00f3n por los viajes, la gastronom\u00eda y los vinos. Especialmente los procedentes de Castilla y Le\u00f3n","sameAs":["https:\/\/www.destinocastillayleon.es","https:\/\/www.facebook.com\/profile.php?id=1158416854","https:\/\/instagram.com\/conte.pantaleone","https:\/\/www.linkedin.com\/pub\/david-vazquez-lozano\/37\/17a\/25a","https:\/\/x.com\/https:\/\/twitter.com\/ContePantaleone\u200e"],"url":"https:\/\/destinocastillayleon.es\/index\/author\/coadministradorcyl\/"}]}},"_links":{"self":[{"href":"https:\/\/destinocastillayleon.es\/index\/wp-json\/wp\/v2\/posts\/10235","targetHints":{"allow":["GET"]}}],"collection":[{"href":"https:\/\/destinocastillayleon.es\/index\/wp-json\/wp\/v2\/posts"}],"about":[{"href":"https:\/\/destinocastillayleon.es\/index\/wp-json\/wp\/v2\/types\/post"}],"author":[{"embeddable":true,"href":"https:\/\/destinocastillayleon.es\/index\/wp-json\/wp\/v2\/users\/2"}],"replies":[{"embeddable":true,"href":"https:\/\/destinocastillayleon.es\/index\/wp-json\/wp\/v2\/comments?post=10235"}],"version-history":[{"count":31,"href":"https:\/\/destinocastillayleon.es\/index\/wp-json\/wp\/v2\/posts\/10235\/revisions"}],"predecessor-version":[{"id":35531,"href":"https:\/\/destinocastillayleon.es\/index\/wp-json\/wp\/v2\/posts\/10235\/revisions\/35531"}],"wp:featuredmedia":[{"embeddable":true,"href":"https:\/\/destinocastillayleon.es\/index\/wp-json\/wp\/v2\/media\/35529"}],"wp:attachment":[{"href":"https:\/\/destinocastillayleon.es\/index\/wp-json\/wp\/v2\/media?parent=10235"}],"wp:term":[{"taxonomy":"category","embeddable":true,"href":"https:\/\/destinocastillayleon.es\/index\/wp-json\/wp\/v2\/categories?post=10235"},{"taxonomy":"post_tag","embeddable":true,"href":"https:\/\/destinocastillayleon.es\/index\/wp-json\/wp\/v2\/tags?post=10235"}],"curies":[{"name":"wp","href":"https:\/\/api.w.org\/{rel}","templated":true}]}}