{"id":10201,"date":"2014-01-16T10:24:01","date_gmt":"2014-01-16T10:24:01","guid":{"rendered":"http:\/\/destinocastillayleon.es\/index\/?p=10201"},"modified":"2014-11-12T09:30:37","modified_gmt":"2014-11-12T08:30:37","slug":"castilla-leon-presenta-en-madrid-su-oferta-enogastronomica","status":"publish","type":"post","link":"https:\/\/destinocastillayleon.es\/index\/castilla-leon-presenta-en-madrid-su-oferta-enogastronomica\/","title":{"rendered":"Castilla y Le\u00f3n presenta en Madrid su oferta enogastron\u00f3mica"},"content":{"rendered":"<p style=\"text-align: justify;\">Ayer vivimos un evento emocionante. Organizado por la Consejer\u00eda de Cultura y Turismo de Castilla y Le\u00f3n, se presentaba <strong>\u00abCastilla y Le\u00f3n, un evento cultural en 2014\u00bb<\/strong>\u00a0en la planta 42 del edificio Torre Espacio como pistoletazo de salida a la promoci\u00f3n gastron\u00f3mica y tur\u00edstica de nuestra regi\u00f3n a lo largo de todo el a\u00f1o.<\/p>\n<p>&nbsp; <\/p>\n<h3>Oferta enogastron\u00f3mica<\/h3>\n<p style=\"text-align: justify;\">Una presentaci\u00f3n a lo grande de la mano de grandes chefs como\u00a0<strong>Miguel Cobo y Antonio Arrabal, <\/strong>participantes del televisivo programa TopChef y la intervenci\u00f3n de los tres cocineros con estrellas Michel\u00edn de Castilla y Le\u00f3n, responsables de los restaurantes \u00abCocinandos\u00bb en Le\u00f3n, \u00abV\u00edctor Guti\u00e9rrez\u00bb en Salamanca y \u00abLa Botica\u00bb en Matapozuelos, Valladolid.<\/p>\n<p>&nbsp;<br \/>\n<center><a href=\"http:\/\/destinocastillayleon.es\/index\/wp-content\/uploads\/2014\/01\/Juanjo-y-Yoli-de.jpg\"><img decoding=\"async\" class=\" wp-image-10203 \" title=\"Juanjo y Yoli de @Cocinandos, V\u00edctor Guti\u00e9rrez, @MACruzLaBotica\" alt=\"Juanjo y Yoli de @Cocinandos, V\u00edctor Guti\u00e9rrez, @MACruzLaBotica\" src=\"http:\/\/destinocastillayleon.es\/index\/wp-content\/uploads\/2014\/01\/Juanjo-y-Yoli-de.jpg\" width=\"640\" srcset=\"https:\/\/destinocastillayleon.es\/index\/wp-content\/uploads\/2014\/01\/Juanjo-y-Yoli-de.jpg 712w, https:\/\/destinocastillayleon.es\/index\/wp-content\/uploads\/2014\/01\/Juanjo-y-Yoli-de-300x223.jpg 300w\" sizes=\"(max-width: 712px) 100vw, 712px\" \/><\/a><br \/>\n<font size=\"1\">Juanjo y Yoli de @Cocinandos, V\u00edctor Guti\u00e9rrez y @MACruzLaBotica en el escenario. Fuente: @GuiaRepsol<\/font><\/center><br \/>\n&nbsp; <\/p>\n<p style=\"text-align: justify;\">A ellos se sum\u00f3 la participaci\u00f3n\u00a0del presidente de la Real Academia Espa\u00f1ola de Gastronom\u00eda, <strong>Rafael Ans\u00f3n<\/strong>, del presidente de la Academia Castellana y Leonesa de Gastronom\u00eda y Alimentaci\u00f3n, <strong>Julio Valles,<\/strong> y del presidente de la Federaci\u00f3n Regional de Empresarios de Hosteler\u00eda, <strong>Juli\u00e1n Duque<\/strong>.<\/p>\n<p style=\"text-align: justify;\">Gracias a este eventazo confirmamos lo que en realidad ya sab\u00edamos, el gran potencial enogastron\u00f3mico de Castilla y Le\u00f3n. Se mencionaron algunos datos importantes a destacar, como la<strong> gran oferta hostelera de la comunidad compuesta por 5.285<\/strong> restaurantes que suponen<strong> 468.609 plazas,<\/strong> que durante el 2013 vivi\u00f3 un aumento del 3 % en el n\u00famero de restaurantes y del 2,6 % en el n\u00famero de plazas respecto al a\u00f1o 2012.<\/p>\n<p style=\"text-align: justify;\">As\u00ed mismo se recalc\u00f3 e<strong>l liderazgo de Castilla y Le\u00f3n en la producci\u00f3n de vino<\/strong> de calidad y la revoluci\u00f3n vivida en el sector agroalimentario de la comunidad.<\/p>\n<p>&nbsp;<br \/>\n<center><a href=\"http:\/\/destinocastillayleon.es\/index\/wp-content\/uploads\/2014\/01\/c6c0799fcd80a309a8b24a8ab8a89340.jpg\"><img decoding=\"async\" class=\"wp-image-10204 \" title=\"degustaci\u00f3n de vino y jam\u00f3n en la presentaci\u00f3n Castilla y Le\u00f3n Gatronom\u00eda\" alt=\"degustaci\u00f3n de vino y jam\u00f3n en la presentaci\u00f3n Castilla y Le\u00f3n Gatronom\u00eda\" src=\"http:\/\/destinocastillayleon.es\/index\/wp-content\/uploads\/2014\/01\/c6c0799fcd80a309a8b24a8ab8a89340.jpg\" width=\"640\" srcset=\"https:\/\/destinocastillayleon.es\/index\/wp-content\/uploads\/2014\/01\/c6c0799fcd80a309a8b24a8ab8a89340.jpg 712w, https:\/\/destinocastillayleon.es\/index\/wp-content\/uploads\/2014\/01\/c6c0799fcd80a309a8b24a8ab8a89340-300x223.jpg 300w\" sizes=\"(max-width: 712px) 100vw, 712px\" \/><\/a><br \/>\n<font size=\"1\">Los asistentes disfrutaron de un exquisito cocktail preparado por los chefs de Castilla y Le\u00f3n as\u00ed como varios cortadores de jam\u00f3n.<\/font><\/center><br \/>\n&nbsp; <\/p>\n<h3>El evento gastron\u00f3mico de Castilla y Le\u00f3n en Madrid<\/h3>\n<p style=\"text-align: justify;\">Pero m\u00e1s all\u00e1 de cifras, lo m\u00e1s interesante de la jornada fue conocer\u00a0<strong>los eventos gastron\u00f3micos que se llevar\u00e1n a cabo en Castilla y Le\u00f3n a lo largo del 2014 <\/strong>como los<strong>\u00a0<\/strong>D\u00edas de Tapas en Castilla y Le\u00f3n, el Congreso Internacional de Micolog\u00eda \u2018Soria Gastron\u00f3mica\u2019 o las ya emblem\u00e1ticas \u00abJornadas Buscasetas\u00bb.<\/p>\n<p style=\"text-align: justify;\">Otros eventos importantes como <strong>la Semana Santa, la Red de Festivales de las Ciudades Patrimonio, o la Exposici\u00f3n de Las Edades del Hombre<\/strong>\u00a0integran en si mismos la gastronom\u00eda, ya que todo aquel viaja a Castilla y Le\u00f3n, acaba sentado a la mesa. \u00a1Y no es para menos!<\/p>\n<p style=\"text-align: justify;\"><strong>\u00bfSab\u00edas que hay una aplicaci\u00f3n para conocer los eventos gastron\u00f3micos de Castilla y Le\u00f3n?<\/strong>\u00a0Disponible para dispositivos iOS (<a title=\"cyl gastronomia para iOS\" href=\"https:\/\/itunes.apple.com\/es\/app\/cyl-gastronomia\/id790273540?mt=8\" target=\"_blank\">descargar aqu\u00ed<\/a>) y Android (<a title=\"Aplicaci\u00f3n cyl gastronomia para Android\" href=\"https:\/\/play.google.com\/store\/apps\/details?id=com.capitanquimera.cylgastro&amp;hl=es\" target=\"_blank\">descargar aqu\u00ed<\/a>). Cuenta con m\u00e1s de 200 eventos gastron\u00f3micos, recetas y mucho m\u00e1s, todo ello en tu m\u00f3vil o tablet de forma gratuita.\u00a0<a title=\"Aplicaci\u00f3n CyL Gastronom\u00eda\" href=\"https:\/\/itunes.apple.com\/es\/app\/cyl-gastronomia\/id790273540?mt=8\" target=\"_blank\"><br \/>\n<\/a><\/p>\n<p>&nbsp; <\/p>\n<p style=\"text-align: center;\"><a href=\"http:\/\/destinocastillayleon.es\/index\/wp-content\/uploads\/2014\/01\/90fd1d164833afe22c4d0c1c25ede929.jpg\"><img decoding=\"async\" class=\" wp-image-10205 aligncenter\" title=\"aplicaci\u00f3n cyl gastronomia\" alt=\"aplicaci\u00f3n cyl gastronomia\" src=\"http:\/\/destinocastillayleon.es\/index\/wp-content\/uploads\/2014\/01\/90fd1d164833afe22c4d0c1c25ede929.jpg\" width=\"690\" height=\"537\" srcset=\"https:\/\/destinocastillayleon.es\/index\/wp-content\/uploads\/2014\/01\/90fd1d164833afe22c4d0c1c25ede929.jpg 682w, https:\/\/destinocastillayleon.es\/index\/wp-content\/uploads\/2014\/01\/90fd1d164833afe22c4d0c1c25ede929-300x233.jpg 300w\" sizes=\"(max-width: 690px) 100vw, 690px\" \/><\/a><\/p>\n<p>&nbsp; <\/p>\n<p style=\"text-align: justify;\"><strong>Nosotros ya nos la hemos descargado, \u00bfy t\u00fa?\u00a0<\/strong><\/p>\n<p>&nbsp; <\/p>\n<h4> Art\u00edculos Relacionados: <\/h4>\n<p>&nbsp; &nbsp; <strong>\u2022 <\/strong><a href=\"http:\/\/destinocastillayleon.es\/index\/5-novedades-en-castilla-leon-para-el-2014\/\"><span style=\"color: #000000;\">Novedades 2014 en Castilla y Le\u00f3n<\/a>.<br \/>\n&nbsp; &nbsp; <strong>\u2022 <\/strong><a href=\"http:\/\/destinocastillayleon.es\/index\/5-tendencias-marcaran-el-mundo-del-vino-en-el-2014\/\"><span style=\"color: #000000;\">Tendencias 2014 para el mundo del vino<\/a>.<br \/>\n&nbsp; &nbsp; <strong>\u2022 <\/strong><a href=\"http:\/\/destinocastillayleon.es\/index\/disfruta-de-la-primera-edicion-de-la-revista-destino-castilla-leon\/\"><span style=\"color: #000000;\">Sale la revista digital Destino Castilla y Le\u00f3n<\/a>.<br \/>\n&nbsp; &nbsp; <strong>\u2022 <\/strong><a href=\"http:\/\/destinocastillayleon.es\/index\/tapones-para-las-botellas-de-vino-corcho-silicona\/\"><span style=\"color: #000000;\">Tapones para las botellas de vino, \u00bfcorcho o silicona?<\/a>.<br \/>\n&nbsp; <\/p>\n","protected":false},"excerpt":{"rendered":"<p>Ayer asistimos a la presentaci\u00f3n de la oferta enogastron\u00f3mica y tur\u00edstica de Castilla y Le\u00f3n en la planta 42 del edificio Torre Espacio. Numerosos chefs y personalidades de prestigio en el sector gastron\u00f3mico presentaron el evento que vino acompa\u00f1ado por un exquisito cocktail. Aqu\u00ed te lo contamos! <\/p>\n","protected":false},"author":6,"featured_media":10202,"comment_status":"open","ping_status":"closed","sticky":false,"template":"","format":"standard","meta":{"rop_custom_images_group":[],"rop_custom_messages_group":[],"rop_publish_now":"initial","rop_publish_now_accounts":{"twitter_1150954226_1150954226":""},"rop_publish_now_history":[],"rop_publish_now_status":"pending","footnotes":""},"categories":[77,68,1],"tags":[1296,1295,3866,3865,2665,1293,1294],"class_list":["post-10201","post","type-post","status-publish","format-standard","has-post-thumbnail","hentry","category-actualidad-y-agenda-de-castilla-y-leon","category-post_inicial","category-uncategorized","tag-castilla-y-leon-es-un-evento-cultural-en-2014","tag-eventos-gastronomicos-en-castilla-y-leon","tag-eventos-gastronomicos-en-madrid","tag-gastronomia-de-castilla-y-leon-en-madrid","tag-oferta-enogastronomica","tag-oferta-gastronomica-de-castilla-y-leon","tag-promocion-turistica-de-castilla-y-leon"],"yoast_head":"<!-- This site is optimized with the Yoast SEO Premium plugin v20.4 (Yoast SEO v27.4) - https:\/\/yoast.com\/product\/yoast-seo-premium-wordpress\/ -->\n<title>Castilla y Le\u00f3n presenta en Madrid su oferta enogastron\u00f3mica<\/title>\n<meta name=\"description\" content=\"Asistimos a la presentaci\u00f3n de la oferta enogastron\u00f3mica y tur\u00edstica de Castilla y Le\u00f3n. Chefs y personalidades de prestigio presentaron el evento con la mejor oferta enogastron\u00f3mica de Castilla y Le\u00f3n\" \/>\n<meta name=\"robots\" content=\"index, follow, max-snippet:-1, max-image-preview:large, max-video-preview:-1\" \/>\n<link rel=\"canonical\" href=\"https:\/\/destinocastillayleon.es\/index\/castilla-leon-presenta-en-madrid-su-oferta-enogastronomica\/\" \/>\n<meta property=\"og:locale\" content=\"es_ES\" \/>\n<meta property=\"og:type\" content=\"article\" \/>\n<meta property=\"og:title\" content=\"Castilla y Le\u00f3n presenta en Madrid su oferta enogastron\u00f3mica\" \/>\n<meta property=\"og:description\" content=\"Asistimos a la presentaci\u00f3n de la oferta enogastron\u00f3mica y tur\u00edstica de Castilla y Le\u00f3n. Chefs y personalidades de prestigio presentaron el evento con la mejor oferta enogastron\u00f3mica de Castilla y Le\u00f3n\" \/>\n<meta property=\"og:url\" content=\"https:\/\/destinocastillayleon.es\/index\/castilla-leon-presenta-en-madrid-su-oferta-enogastronomica\/\" \/>\n<meta property=\"og:site_name\" content=\"Destino Castilla y Le\u00f3n\" \/>\n<meta property=\"article:publisher\" content=\"https:\/\/www.facebook.com\/DestinoCastillaYLeon\/\" \/>\n<meta property=\"article:published_time\" content=\"2014-01-16T10:24:01+00:00\" \/>\n<meta property=\"article:modified_time\" content=\"2014-11-12T08:30:37+00:00\" \/>\n<meta property=\"og:image\" content=\"https:\/\/destinocastillayleon.es\/index\/wp-content\/uploads\/2014\/01\/9c6910d5c105f56168ffdce2b27b2803.jpg\" \/>\n\t<meta property=\"og:image:width\" content=\"712\" \/>\n\t<meta property=\"og:image:height\" content=\"531\" \/>\n\t<meta property=\"og:image:type\" content=\"image\/jpeg\" \/>\n<meta name=\"author\" content=\"Lola Hernandez\" \/>\n<meta name=\"twitter:card\" content=\"summary_large_image\" \/>\n<meta name=\"twitter:creator\" content=\"@destinocyl\" \/>\n<meta name=\"twitter:site\" content=\"@destinocyl\" \/>\n<meta name=\"twitter:label1\" content=\"Escrito por\" \/>\n\t<meta name=\"twitter:data1\" content=\"Lola Hernandez\" \/>\n\t<meta name=\"twitter:label2\" content=\"Tiempo de lectura\" \/>\n\t<meta name=\"twitter:data2\" content=\"3 minutos\" \/>\n<script type=\"application\/ld+json\" class=\"yoast-schema-graph\">{\"@context\":\"https:\\\/\\\/schema.org\",\"@graph\":[{\"@type\":\"Article\",\"@id\":\"https:\\\/\\\/destinocastillayleon.es\\\/index\\\/castilla-leon-presenta-en-madrid-su-oferta-enogastronomica\\\/#article\",\"isPartOf\":{\"@id\":\"https:\\\/\\\/destinocastillayleon.es\\\/index\\\/castilla-leon-presenta-en-madrid-su-oferta-enogastronomica\\\/\"},\"author\":{\"name\":\"Lola Hernandez\",\"@id\":\"https:\\\/\\\/destinocastillayleon.es\\\/index\\\/#\\\/schema\\\/person\\\/49ffcb7eb307589ba529009335ed7767\"},\"headline\":\"Castilla y Le\u00f3n presenta en Madrid su oferta enogastron\u00f3mica\",\"datePublished\":\"2014-01-16T10:24:01+00:00\",\"dateModified\":\"2014-11-12T08:30:37+00:00\",\"mainEntityOfPage\":{\"@id\":\"https:\\\/\\\/destinocastillayleon.es\\\/index\\\/castilla-leon-presenta-en-madrid-su-oferta-enogastronomica\\\/\"},\"wordCount\":559,\"commentCount\":0,\"image\":{\"@id\":\"https:\\\/\\\/destinocastillayleon.es\\\/index\\\/castilla-leon-presenta-en-madrid-su-oferta-enogastronomica\\\/#primaryimage\"},\"thumbnailUrl\":\"https:\\\/\\\/destinocastillayleon.es\\\/index\\\/wp-content\\\/uploads\\\/2014\\\/01\\\/9c6910d5c105f56168ffdce2b27b2803.jpg\",\"keywords\":[\"Castilla y Le\u00f3n es un evento cultural en 2014\",\"eventos gastron\u00f3micos en Castilla y Le\u00f3n\",\"eventos gastron\u00f3micos en Madrid\",\"gastronomia de Castilla y Le\u00f3n en Madrid\",\"oferta enogastron\u00f3mica\",\"Oferta gastron\u00f3mica de Castilla y Le\u00f3n\",\"Promoci\u00f3n tur\u00edstica de Castilla y Le\u00f3n\"],\"articleSection\":[\"Actualidad\",\"Post_inicial\",\"Uncategorized\"],\"inLanguage\":\"es\",\"potentialAction\":[{\"@type\":\"CommentAction\",\"name\":\"Comment\",\"target\":[\"https:\\\/\\\/destinocastillayleon.es\\\/index\\\/castilla-leon-presenta-en-madrid-su-oferta-enogastronomica\\\/#respond\"]}]},{\"@type\":\"WebPage\",\"@id\":\"https:\\\/\\\/destinocastillayleon.es\\\/index\\\/castilla-leon-presenta-en-madrid-su-oferta-enogastronomica\\\/\",\"url\":\"https:\\\/\\\/destinocastillayleon.es\\\/index\\\/castilla-leon-presenta-en-madrid-su-oferta-enogastronomica\\\/\",\"name\":\"Castilla y Le\u00f3n presenta en Madrid su oferta enogastron\u00f3mica\",\"isPartOf\":{\"@id\":\"https:\\\/\\\/destinocastillayleon.es\\\/index\\\/#website\"},\"primaryImageOfPage\":{\"@id\":\"https:\\\/\\\/destinocastillayleon.es\\\/index\\\/castilla-leon-presenta-en-madrid-su-oferta-enogastronomica\\\/#primaryimage\"},\"image\":{\"@id\":\"https:\\\/\\\/destinocastillayleon.es\\\/index\\\/castilla-leon-presenta-en-madrid-su-oferta-enogastronomica\\\/#primaryimage\"},\"thumbnailUrl\":\"https:\\\/\\\/destinocastillayleon.es\\\/index\\\/wp-content\\\/uploads\\\/2014\\\/01\\\/9c6910d5c105f56168ffdce2b27b2803.jpg\",\"datePublished\":\"2014-01-16T10:24:01+00:00\",\"dateModified\":\"2014-11-12T08:30:37+00:00\",\"author\":{\"@id\":\"https:\\\/\\\/destinocastillayleon.es\\\/index\\\/#\\\/schema\\\/person\\\/49ffcb7eb307589ba529009335ed7767\"},\"description\":\"Asistimos a la presentaci\u00f3n de la oferta enogastron\u00f3mica y tur\u00edstica de Castilla y Le\u00f3n. Chefs y personalidades de prestigio presentaron el evento con la mejor oferta enogastron\u00f3mica de Castilla y Le\u00f3n\",\"breadcrumb\":{\"@id\":\"https:\\\/\\\/destinocastillayleon.es\\\/index\\\/castilla-leon-presenta-en-madrid-su-oferta-enogastronomica\\\/#breadcrumb\"},\"inLanguage\":\"es\",\"potentialAction\":[{\"@type\":\"ReadAction\",\"target\":[\"https:\\\/\\\/destinocastillayleon.es\\\/index\\\/castilla-leon-presenta-en-madrid-su-oferta-enogastronomica\\\/\"]}]},{\"@type\":\"ImageObject\",\"inLanguage\":\"es\",\"@id\":\"https:\\\/\\\/destinocastillayleon.es\\\/index\\\/castilla-leon-presenta-en-madrid-su-oferta-enogastronomica\\\/#primaryimage\",\"url\":\"https:\\\/\\\/destinocastillayleon.es\\\/index\\\/wp-content\\\/uploads\\\/2014\\\/01\\\/9c6910d5c105f56168ffdce2b27b2803.jpg\",\"contentUrl\":\"https:\\\/\\\/destinocastillayleon.es\\\/index\\\/wp-content\\\/uploads\\\/2014\\\/01\\\/9c6910d5c105f56168ffdce2b27b2803.jpg\",\"width\":712,\"height\":531},{\"@type\":\"BreadcrumbList\",\"@id\":\"https:\\\/\\\/destinocastillayleon.es\\\/index\\\/castilla-leon-presenta-en-madrid-su-oferta-enogastronomica\\\/#breadcrumb\",\"itemListElement\":[{\"@type\":\"ListItem\",\"position\":1,\"name\":\"Portada\",\"item\":\"https:\\\/\\\/destinocastillayleon.es\\\/index\\\/\"},{\"@type\":\"ListItem\",\"position\":2,\"name\":\"Castilla y Le\u00f3n presenta en Madrid su oferta enogastron\u00f3mica\"}]},{\"@type\":\"WebSite\",\"@id\":\"https:\\\/\\\/destinocastillayleon.es\\\/index\\\/#website\",\"url\":\"https:\\\/\\\/destinocastillayleon.es\\\/index\\\/\",\"name\":\"Destino Castilla y Le\u00f3n\",\"description\":\"Medio digital independiente y revista de Castilla y Le\u00f3n dedicado al turismo, gastronom\u00eda y vino de Castilla y Le\u00f3n\",\"potentialAction\":[{\"@type\":\"SearchAction\",\"target\":{\"@type\":\"EntryPoint\",\"urlTemplate\":\"https:\\\/\\\/destinocastillayleon.es\\\/index\\\/?s={search_term_string}\"},\"query-input\":{\"@type\":\"PropertyValueSpecification\",\"valueRequired\":true,\"valueName\":\"search_term_string\"}}],\"inLanguage\":\"es\"},{\"@type\":\"Person\",\"@id\":\"https:\\\/\\\/destinocastillayleon.es\\\/index\\\/#\\\/schema\\\/person\\\/49ffcb7eb307589ba529009335ed7767\",\"name\":\"Lola Hernandez\",\"image\":{\"@type\":\"ImageObject\",\"inLanguage\":\"es\",\"@id\":\"https:\\\/\\\/secure.gravatar.com\\\/avatar\\\/72ead65e55ad0522fba484acfe2842bf78b2f7c727df41d76fed78a85519da34?s=96&d=mm&r=g\",\"url\":\"https:\\\/\\\/secure.gravatar.com\\\/avatar\\\/72ead65e55ad0522fba484acfe2842bf78b2f7c727df41d76fed78a85519da34?s=96&d=mm&r=g\",\"contentUrl\":\"https:\\\/\\\/secure.gravatar.com\\\/avatar\\\/72ead65e55ad0522fba484acfe2842bf78b2f7c727df41d76fed78a85519da34?s=96&d=mm&r=g\",\"caption\":\"Lola Hernandez\"},\"description\":\"Lola Hern\u00e1ndez fue fundadora y directora de www.destinocastillayleon.es Escribiendo sobre turismo, gastronom\u00eda y vino de su tierra de origen, Castilla y Le\u00f3n.\",\"sameAs\":[\"http:\\\/\\\/www.destinoysabor.com\\\/blog\"],\"url\":\"https:\\\/\\\/destinocastillayleon.es\\\/index\\\/author\\\/lola-hernandez\\\/\"}]}<\/script>\n<!-- \/ Yoast SEO Premium plugin. -->","yoast_head_json":{"title":"Castilla y Le\u00f3n presenta en Madrid su oferta enogastron\u00f3mica","description":"Asistimos a la presentaci\u00f3n de la oferta enogastron\u00f3mica y tur\u00edstica de Castilla y Le\u00f3n. Chefs y personalidades de prestigio presentaron el evento con la mejor oferta enogastron\u00f3mica de Castilla y Le\u00f3n","robots":{"index":"index","follow":"follow","max-snippet":"max-snippet:-1","max-image-preview":"max-image-preview:large","max-video-preview":"max-video-preview:-1"},"canonical":"https:\/\/destinocastillayleon.es\/index\/castilla-leon-presenta-en-madrid-su-oferta-enogastronomica\/","og_locale":"es_ES","og_type":"article","og_title":"Castilla y Le\u00f3n presenta en Madrid su oferta enogastron\u00f3mica","og_description":"Asistimos a la presentaci\u00f3n de la oferta enogastron\u00f3mica y tur\u00edstica de Castilla y Le\u00f3n. Chefs y personalidades de prestigio presentaron el evento con la mejor oferta enogastron\u00f3mica de Castilla y Le\u00f3n","og_url":"https:\/\/destinocastillayleon.es\/index\/castilla-leon-presenta-en-madrid-su-oferta-enogastronomica\/","og_site_name":"Destino Castilla y Le\u00f3n","article_publisher":"https:\/\/www.facebook.com\/DestinoCastillaYLeon\/","article_published_time":"2014-01-16T10:24:01+00:00","article_modified_time":"2014-11-12T08:30:37+00:00","og_image":[{"width":712,"height":531,"url":"https:\/\/destinocastillayleon.es\/index\/wp-content\/uploads\/2014\/01\/9c6910d5c105f56168ffdce2b27b2803.jpg","type":"image\/jpeg"}],"author":"Lola Hernandez","twitter_card":"summary_large_image","twitter_creator":"@destinocyl","twitter_site":"@destinocyl","twitter_misc":{"Escrito por":"Lola Hernandez","Tiempo de lectura":"3 minutos"},"schema":{"@context":"https:\/\/schema.org","@graph":[{"@type":"Article","@id":"https:\/\/destinocastillayleon.es\/index\/castilla-leon-presenta-en-madrid-su-oferta-enogastronomica\/#article","isPartOf":{"@id":"https:\/\/destinocastillayleon.es\/index\/castilla-leon-presenta-en-madrid-su-oferta-enogastronomica\/"},"author":{"name":"Lola Hernandez","@id":"https:\/\/destinocastillayleon.es\/index\/#\/schema\/person\/49ffcb7eb307589ba529009335ed7767"},"headline":"Castilla y Le\u00f3n presenta en Madrid su oferta enogastron\u00f3mica","datePublished":"2014-01-16T10:24:01+00:00","dateModified":"2014-11-12T08:30:37+00:00","mainEntityOfPage":{"@id":"https:\/\/destinocastillayleon.es\/index\/castilla-leon-presenta-en-madrid-su-oferta-enogastronomica\/"},"wordCount":559,"commentCount":0,"image":{"@id":"https:\/\/destinocastillayleon.es\/index\/castilla-leon-presenta-en-madrid-su-oferta-enogastronomica\/#primaryimage"},"thumbnailUrl":"https:\/\/destinocastillayleon.es\/index\/wp-content\/uploads\/2014\/01\/9c6910d5c105f56168ffdce2b27b2803.jpg","keywords":["Castilla y Le\u00f3n es un evento cultural en 2014","eventos gastron\u00f3micos en Castilla y Le\u00f3n","eventos gastron\u00f3micos en Madrid","gastronomia de Castilla y Le\u00f3n en Madrid","oferta enogastron\u00f3mica","Oferta gastron\u00f3mica de Castilla y Le\u00f3n","Promoci\u00f3n tur\u00edstica de Castilla y Le\u00f3n"],"articleSection":["Actualidad","Post_inicial","Uncategorized"],"inLanguage":"es","potentialAction":[{"@type":"CommentAction","name":"Comment","target":["https:\/\/destinocastillayleon.es\/index\/castilla-leon-presenta-en-madrid-su-oferta-enogastronomica\/#respond"]}]},{"@type":"WebPage","@id":"https:\/\/destinocastillayleon.es\/index\/castilla-leon-presenta-en-madrid-su-oferta-enogastronomica\/","url":"https:\/\/destinocastillayleon.es\/index\/castilla-leon-presenta-en-madrid-su-oferta-enogastronomica\/","name":"Castilla y Le\u00f3n presenta en Madrid su oferta enogastron\u00f3mica","isPartOf":{"@id":"https:\/\/destinocastillayleon.es\/index\/#website"},"primaryImageOfPage":{"@id":"https:\/\/destinocastillayleon.es\/index\/castilla-leon-presenta-en-madrid-su-oferta-enogastronomica\/#primaryimage"},"image":{"@id":"https:\/\/destinocastillayleon.es\/index\/castilla-leon-presenta-en-madrid-su-oferta-enogastronomica\/#primaryimage"},"thumbnailUrl":"https:\/\/destinocastillayleon.es\/index\/wp-content\/uploads\/2014\/01\/9c6910d5c105f56168ffdce2b27b2803.jpg","datePublished":"2014-01-16T10:24:01+00:00","dateModified":"2014-11-12T08:30:37+00:00","author":{"@id":"https:\/\/destinocastillayleon.es\/index\/#\/schema\/person\/49ffcb7eb307589ba529009335ed7767"},"description":"Asistimos a la presentaci\u00f3n de la oferta enogastron\u00f3mica y tur\u00edstica de Castilla y Le\u00f3n. Chefs y personalidades de prestigio presentaron el evento con la mejor oferta enogastron\u00f3mica de Castilla y Le\u00f3n","breadcrumb":{"@id":"https:\/\/destinocastillayleon.es\/index\/castilla-leon-presenta-en-madrid-su-oferta-enogastronomica\/#breadcrumb"},"inLanguage":"es","potentialAction":[{"@type":"ReadAction","target":["https:\/\/destinocastillayleon.es\/index\/castilla-leon-presenta-en-madrid-su-oferta-enogastronomica\/"]}]},{"@type":"ImageObject","inLanguage":"es","@id":"https:\/\/destinocastillayleon.es\/index\/castilla-leon-presenta-en-madrid-su-oferta-enogastronomica\/#primaryimage","url":"https:\/\/destinocastillayleon.es\/index\/wp-content\/uploads\/2014\/01\/9c6910d5c105f56168ffdce2b27b2803.jpg","contentUrl":"https:\/\/destinocastillayleon.es\/index\/wp-content\/uploads\/2014\/01\/9c6910d5c105f56168ffdce2b27b2803.jpg","width":712,"height":531},{"@type":"BreadcrumbList","@id":"https:\/\/destinocastillayleon.es\/index\/castilla-leon-presenta-en-madrid-su-oferta-enogastronomica\/#breadcrumb","itemListElement":[{"@type":"ListItem","position":1,"name":"Portada","item":"https:\/\/destinocastillayleon.es\/index\/"},{"@type":"ListItem","position":2,"name":"Castilla y Le\u00f3n presenta en Madrid su oferta enogastron\u00f3mica"}]},{"@type":"WebSite","@id":"https:\/\/destinocastillayleon.es\/index\/#website","url":"https:\/\/destinocastillayleon.es\/index\/","name":"Destino Castilla y Le\u00f3n","description":"Medio digital independiente y revista de Castilla y Le\u00f3n dedicado al turismo, gastronom\u00eda y vino de Castilla y Le\u00f3n","potentialAction":[{"@type":"SearchAction","target":{"@type":"EntryPoint","urlTemplate":"https:\/\/destinocastillayleon.es\/index\/?s={search_term_string}"},"query-input":{"@type":"PropertyValueSpecification","valueRequired":true,"valueName":"search_term_string"}}],"inLanguage":"es"},{"@type":"Person","@id":"https:\/\/destinocastillayleon.es\/index\/#\/schema\/person\/49ffcb7eb307589ba529009335ed7767","name":"Lola Hernandez","image":{"@type":"ImageObject","inLanguage":"es","@id":"https:\/\/secure.gravatar.com\/avatar\/72ead65e55ad0522fba484acfe2842bf78b2f7c727df41d76fed78a85519da34?s=96&d=mm&r=g","url":"https:\/\/secure.gravatar.com\/avatar\/72ead65e55ad0522fba484acfe2842bf78b2f7c727df41d76fed78a85519da34?s=96&d=mm&r=g","contentUrl":"https:\/\/secure.gravatar.com\/avatar\/72ead65e55ad0522fba484acfe2842bf78b2f7c727df41d76fed78a85519da34?s=96&d=mm&r=g","caption":"Lola Hernandez"},"description":"Lola Hern\u00e1ndez fue fundadora y directora de www.destinocastillayleon.es Escribiendo sobre turismo, gastronom\u00eda y vino de su tierra de origen, Castilla y Le\u00f3n.","sameAs":["http:\/\/www.destinoysabor.com\/blog"],"url":"https:\/\/destinocastillayleon.es\/index\/author\/lola-hernandez\/"}]}},"_links":{"self":[{"href":"https:\/\/destinocastillayleon.es\/index\/wp-json\/wp\/v2\/posts\/10201","targetHints":{"allow":["GET"]}}],"collection":[{"href":"https:\/\/destinocastillayleon.es\/index\/wp-json\/wp\/v2\/posts"}],"about":[{"href":"https:\/\/destinocastillayleon.es\/index\/wp-json\/wp\/v2\/types\/post"}],"author":[{"embeddable":true,"href":"https:\/\/destinocastillayleon.es\/index\/wp-json\/wp\/v2\/users\/6"}],"replies":[{"embeddable":true,"href":"https:\/\/destinocastillayleon.es\/index\/wp-json\/wp\/v2\/comments?post=10201"}],"version-history":[{"count":9,"href":"https:\/\/destinocastillayleon.es\/index\/wp-json\/wp\/v2\/posts\/10201\/revisions"}],"predecessor-version":[{"id":16861,"href":"https:\/\/destinocastillayleon.es\/index\/wp-json\/wp\/v2\/posts\/10201\/revisions\/16861"}],"wp:featuredmedia":[{"embeddable":true,"href":"https:\/\/destinocastillayleon.es\/index\/wp-json\/wp\/v2\/media\/10202"}],"wp:attachment":[{"href":"https:\/\/destinocastillayleon.es\/index\/wp-json\/wp\/v2\/media?parent=10201"}],"wp:term":[{"taxonomy":"category","embeddable":true,"href":"https:\/\/destinocastillayleon.es\/index\/wp-json\/wp\/v2\/categories?post=10201"},{"taxonomy":"post_tag","embeddable":true,"href":"https:\/\/destinocastillayleon.es\/index\/wp-json\/wp\/v2\/tags?post=10201"}],"curies":[{"name":"wp","href":"https:\/\/api.w.org\/{rel}","templated":true}]}}